{"id":1218,"date":"2021-08-18T23:35:24","date_gmt":"2021-08-18T23:35:24","guid":{"rendered":"https:\/\/www.africa-press.net\/congo-brazzaville\/?p=1218"},"modified":"2021-08-18T23:24:44","modified_gmt":"2021-08-18T23:24:44","slug":"voitures-electriques-que-faire-des-batteries","status":"publish","type":"post","link":"https:\/\/www.africa-press.net\/congo-brazzaville\/toutes-les-actualites\/voitures-electriques-que-faire-des-batteries","title":{"rendered":"Voitures \u00e9lectriques : que faire des batteries ?"},"content":{"rendered":"<p><span style=\"color: #ff6600\"><strong><a href=\"https:\/\/www.africa-press.net\/\">Africa-Press<\/a> &#8211; <a href=\"https:\/\/www.africa-press.net\/congo-brazzaville\">Congo Brazzaville<\/a>. <\/strong><\/span><b>Dans les d\u00e9cennies \u00e0 venir, les voitures \u00e9lectriques prendront la rel\u00e8ve, promesse d&rsquo;un transport plus \u00e9cologique. Leurs batteries ne sont pourtant pas \u00e9ternelles&#8230; Que faire lorsqu&rsquo;elles arrivent en bout de course ?<\/b><\/p>\n<p>En moins de dix ans, le nombre de voitures, cars et camions \u00e9lectriques est pass\u00e9 de 100 000 \u00e0 plus de 10 millions. D&rsquo;ici 2030, ce chiffre devrait s&rsquo;envoler, avec plus de 145 millions de voitures \u00e9lectriques en circulation.<\/p>\n<p><b>Le recyclage des batteries, point noir de l&#8217;empreinte environnementale<\/b><\/p>\n<p>Compar\u00e9es \u00e0 leurs cousines thermiques, les voitures \u00e9lectriques ont un bilan carbone plus favorable, \u00e0 condition d&rsquo;assurer la fin de vie de leurs batteries.<\/p>\n<p>Celles-ci contiennent de pr\u00e9cieux min\u00e9raux : lithium, cobalt et nickel, entres autres. Pourtant, seules 5 % d&rsquo;entre elles trouvent aujourd&rsquo;hui une seconde vie.<\/p>\n<p>Afin de prolonger leur dur\u00e9e de vie, un data center en Normandie s&rsquo;est \u00e9quip\u00e9 d&rsquo;anciennes batteries du constructeur automobile Nissan. Celles-ci servent d\u00e9sormais \u00e0 stocker de l&rsquo;\u00e9nergie solaire et alimenter le site en \u00e9lectricit\u00e9. \u00c0 Amsterdam, plus de 148 batteries sont utilis\u00e9es pour r\u00e9pondre \u00e0 une partie des besoins du stade de football.<\/p>\n<p>\u00ab\u00a0Il y a de la valeur dans ces batteries\u00a0\u00bb, souligne Gr\u00e9gory N\u00e8ve, directeur V\u00e9hicules \u00e9lectriques chez Nissan France. \u00ab\u00a0Elles ont un int\u00e9r\u00eat \u00e9cologique, elles ont un int\u00e9r\u00eat \u00e9conomique, et c\u2019est la raison pour laquelle on fait du xStorage.\u00a0\u00bb<\/p>\n<p><b>Exploiter la \u00ab\u00a0mine urbaine\u00a0\u00bb des vieilles batteries<\/b><\/p>\n<p>D\u2019ici 2035, l&rsquo;Europe devra \u00eatre capable de recycler plus de 700 000 tonnes de batteries, contre 15 000 aujourd&rsquo;hui. Le groupe minier fran\u00e7ais Eramet mise sur un proc\u00e9d\u00e9 de recyclage en boucle ferm\u00e9e qui permettrait de refaire des batteries gr\u00e2ce aux min\u00e9raux extraits. Avec les millions de v\u00e9hicules \u00e9lectriques qui circuleront bient\u00f4t sur les routes europ\u00e9ennes, l&rsquo;entreprise souhaite exploiter cette \u00ab\u00a0mine urbaine\u00a0\u00bb.<\/p>\n<p>\u00ab\u00a0L\u2019approvisionnement en m\u00e9taux pour les batteries des v\u00e9hicules \u00e9lectriques est un enjeu majeur pour les ann\u00e9es \u00e0 venir\u00a0\u00bb, estime Nicolas Verdier, responsable Partenariats et strat\u00e9gie chez Eramet. \u00ab\u00a0Soit on exploite des mines primaires qui sont principalement hors d\u2019Europe, soit on arrive \u00e9galement \u00e0 capter ces volumes et \u00e0 exploiter cette mine urbaine.\u00a0\u00bb<\/p>\n","protected":false},"excerpt":{"rendered":"<p>Africa-Press &#8211; Congo Brazzaville. Dans les d\u00e9cennies \u00e0 venir, les voitures \u00e9lectriques prendront la rel\u00e8ve, promesse d&rsquo;un transport plus \u00e9cologique. Leurs batteries ne sont pourtant pas \u00e9ternelles&#8230; Que faire lorsqu&rsquo;elles arrivent en bout de course ? En moins de dix ans, le nombre de voitures, cars et camions \u00e9lectriques est pass\u00e9 de 100 000 \u00e0 [&hellip;]<\/p>\n","protected":false},"author":82,"featured_media":1217,"comment_status":"open","ping_status":"closed","sticky":false,"template":"","format":"standard","meta":{"footnotes":""},"categories":[22,11,20,10],"tags":[36,47,46,85,93,94],"class_list":["post-1218","post","type-post","status-publish","format-standard","has-post-thumbnail","hentry","category-divers","category-homepage-french","category-top-nouvelles","category-toutes-les-actualites","tag-africa-press","tag-africa-press-congo-brazzaville","tag-congo-brazzaville","tag-environnement","tag-recyclage","tag-voiture-electrique"],"yoast_head":"<!-- This site is optimized with the Yoast SEO Premium plugin v26.1 (Yoast SEO v27.0) - https:\/\/yoast.com\/product\/yoast-seo-premium-wordpress\/ -->\n<title>Voitures \u00e9lectriques : que faire des batteries ? - Congo Brazzaville<\/title>\n<meta name=\"description\" content=\"Dans les d\u00e9cennies \u00e0 venir, les voitures \u00e9lectriques prendront la rel\u00e8ve, promesse d&#039;un transport plus \u00e9cologique. Le ...\" \/>\n<meta name=\"robots\" content=\"index, follow, max-snippet:-1, max-image-preview:large, max-video-preview:-1\" \/>\n<link rel=\"canonical\" href=\"https:\/\/www.africa-press.net\/congo-brazzaville\/toutes-les-actualites\/voitures-electriques-que-faire-des-batteries\" \/>\n<meta property=\"og:locale\" content=\"fr_FR\" \/>\n<meta property=\"og:type\" content=\"article\" \/>\n<meta property=\"og:title\" content=\"Voitures \u00e9lectriques : que faire des batteries ?\" \/>\n<meta property=\"og:description\" content=\"Dans les d\u00e9cennies \u00e0 venir, les voitures \u00e9lectriques prendront la rel\u00e8ve, promesse d&#039;un transport plus \u00e9cologique. Le ...\" \/>\n<meta property=\"og:url\" content=\"https:\/\/www.africa-press.net\/congo-brazzaville\/toutes-les-actualites\/voitures-electriques-que-faire-des-batteries\" \/>\n<meta property=\"og:site_name\" content=\"Congo Brazzaville\" \/>\n<meta property=\"article:published_time\" content=\"2021-08-18T23:35:24+00:00\" \/>\n<meta property=\"og:image\" content=\"https:\/\/static.africa-press.net\/centrafricaine\/sites\/51\/2021\/08\/img-611d9699e4130.jpg\" \/>\n\t<meta property=\"og:image:width\" content=\"1920\" \/>\n\t<meta property=\"og:image:height\" content=\"1080\" \/>\n\t<meta property=\"og:image:type\" content=\"image\/jpeg\" \/>\n<meta name=\"author\" content=\"cfeditorfr\" \/>\n<meta name=\"twitter:card\" content=\"summary_large_image\" \/>\n<meta name=\"twitter:label1\" content=\"\u00c9crit par\" \/>\n\t<meta name=\"twitter:data1\" content=\"cfeditorfr\" \/>\n\t<meta name=\"twitter:label2\" content=\"Dur\u00e9e de lecture estim\u00e9e\" \/>\n\t<meta name=\"twitter:data2\" content=\"2 minutes\" \/>\n<script type=\"application\/ld+json\" class=\"yoast-schema-graph\">{\"@context\":\"https:\/\/schema.org\",\"@graph\":[{\"@type\":\"Article\",\"@id\":\"https:\/\/www.africa-press.net\/congo-brazzaville\/toutes-les-actualites\/voitures-electriques-que-faire-des-batteries#article\",\"isPartOf\":{\"@id\":\"https:\/\/www.africa-press.net\/congo-brazzaville\/toutes-les-actualites\/voitures-electriques-que-faire-des-batteries\"},\"author\":{\"name\":\"cfeditorfr\",\"@id\":\"https:\/\/www.africa-press.net\/congo-brazzaville\/#\/schema\/person\/2b1cf3cd81a31e3cd26889ca66d677f1\"},\"headline\":\"Voitures \u00e9lectriques : que faire des batteries ?\",\"datePublished\":\"2021-08-18T23:35:24+00:00\",\"mainEntityOfPage\":{\"@id\":\"https:\/\/www.africa-press.net\/congo-brazzaville\/toutes-les-actualites\/voitures-electriques-que-faire-des-batteries\"},\"wordCount\":370,\"commentCount\":0,\"image\":{\"@id\":\"https:\/\/www.africa-press.net\/congo-brazzaville\/toutes-les-actualites\/voitures-electriques-que-faire-des-batteries#primaryimage\"},\"thumbnailUrl\":\"https:\/\/static.africa-press.net\/centrafricaine\/sites\/51\/2021\/08\/img-611d9699e4130.jpg\",\"keywords\":[\"Africa Press\",\"Africa Press-Congo Brazzaville\",\"Congo Brazzaville\",\"Environnement\",\"Recyclage\",\"Voiture \u00e9lectrique\"],\"articleSection\":[\"Divers\",\"homepage-french\",\"Top Nouvelles\",\"Toutes les actualit\u00e9s\"],\"inLanguage\":\"fr-FR\",\"potentialAction\":[{\"@type\":\"CommentAction\",\"name\":\"Comment\",\"target\":[\"https:\/\/www.africa-press.net\/congo-brazzaville\/toutes-les-actualites\/voitures-electriques-que-faire-des-batteries#respond\"]}]},{\"@type\":\"WebPage\",\"@id\":\"https:\/\/www.africa-press.net\/congo-brazzaville\/toutes-les-actualites\/voitures-electriques-que-faire-des-batteries\",\"url\":\"https:\/\/www.africa-press.net\/congo-brazzaville\/toutes-les-actualites\/voitures-electriques-que-faire-des-batteries\",\"name\":\"Voitures \u00e9lectriques : que faire des batteries ? - Congo Brazzaville\",\"isPartOf\":{\"@id\":\"https:\/\/www.africa-press.net\/congo-brazzaville\/#website\"},\"primaryImageOfPage\":{\"@id\":\"https:\/\/www.africa-press.net\/congo-brazzaville\/toutes-les-actualites\/voitures-electriques-que-faire-des-batteries#primaryimage\"},\"image\":{\"@id\":\"https:\/\/www.africa-press.net\/congo-brazzaville\/toutes-les-actualites\/voitures-electriques-que-faire-des-batteries#primaryimage\"},\"thumbnailUrl\":\"https:\/\/static.africa-press.net\/centrafricaine\/sites\/51\/2021\/08\/img-611d9699e4130.jpg\",\"datePublished\":\"2021-08-18T23:35:24+00:00\",\"author\":{\"@id\":\"https:\/\/www.africa-press.net\/congo-brazzaville\/#\/schema\/person\/2b1cf3cd81a31e3cd26889ca66d677f1\"},\"description\":\"Dans les d\u00e9cennies \u00e0 venir, les voitures \u00e9lectriques prendront la rel\u00e8ve, promesse d'un transport plus \u00e9cologique. Le ...\",\"breadcrumb\":{\"@id\":\"https:\/\/www.africa-press.net\/congo-brazzaville\/toutes-les-actualites\/voitures-electriques-que-faire-des-batteries#breadcrumb\"},\"inLanguage\":\"fr-FR\",\"potentialAction\":[{\"@type\":\"ReadAction\",\"target\":[\"https:\/\/www.africa-press.net\/congo-brazzaville\/toutes-les-actualites\/voitures-electriques-que-faire-des-batteries\"]}]},{\"@type\":\"ImageObject\",\"inLanguage\":\"fr-FR\",\"@id\":\"https:\/\/www.africa-press.net\/congo-brazzaville\/toutes-les-actualites\/voitures-electriques-que-faire-des-batteries#primaryimage\",\"url\":\"https:\/\/static.africa-press.net\/centrafricaine\/sites\/51\/2021\/08\/img-611d9699e4130.jpg\",\"contentUrl\":\"https:\/\/static.africa-press.net\/centrafricaine\/sites\/51\/2021\/08\/img-611d9699e4130.jpg\",\"width\":1920,\"height\":1080,\"caption\":\"Voitures \u00e9lectriques : que faire des batteries ?\"},{\"@type\":\"BreadcrumbList\",\"@id\":\"https:\/\/www.africa-press.net\/congo-brazzaville\/toutes-les-actualites\/voitures-electriques-que-faire-des-batteries#breadcrumb\",\"itemListElement\":[{\"@type\":\"ListItem\",\"position\":1,\"name\":\"Accueil\",\"item\":\"https:\/\/www.africa-press.net\/congo-brazzaville\/\"},{\"@type\":\"ListItem\",\"position\":2,\"name\":\"Voitures \u00e9lectriques : que faire des batteries ?\"}]},{\"@type\":\"WebSite\",\"@id\":\"https:\/\/www.africa-press.net\/congo-brazzaville\/#website\",\"url\":\"https:\/\/www.africa-press.net\/congo-brazzaville\/\",\"name\":\"Congo Brazzaville\",\"description\":\"Just another Africa News Agency Sites site\",\"potentialAction\":[{\"@type\":\"SearchAction\",\"target\":{\"@type\":\"EntryPoint\",\"urlTemplate\":\"https:\/\/www.africa-press.net\/congo-brazzaville\/?s={search_term_string}\"},\"query-input\":{\"@type\":\"PropertyValueSpecification\",\"valueRequired\":true,\"valueName\":\"search_term_string\"}}],\"inLanguage\":\"fr-FR\"},{\"@type\":\"Person\",\"@id\":\"https:\/\/www.africa-press.net\/congo-brazzaville\/#\/schema\/person\/2b1cf3cd81a31e3cd26889ca66d677f1\",\"name\":\"cfeditorfr\"}]}<\/script>\n<!-- \/ Yoast SEO Premium plugin. -->","yoast_head_json":{"title":"Voitures \u00e9lectriques : que faire des batteries ? - Congo Brazzaville","description":"Dans les d\u00e9cennies \u00e0 venir, les voitures \u00e9lectriques prendront la rel\u00e8ve, promesse d'un transport plus \u00e9cologique. Le ...","robots":{"index":"index","follow":"follow","max-snippet":"max-snippet:-1","max-image-preview":"max-image-preview:large","max-video-preview":"max-video-preview:-1"},"canonical":"https:\/\/www.africa-press.net\/congo-brazzaville\/toutes-les-actualites\/voitures-electriques-que-faire-des-batteries","og_locale":"fr_FR","og_type":"article","og_title":"Voitures \u00e9lectriques : que faire des batteries ?","og_description":"Dans les d\u00e9cennies \u00e0 venir, les voitures \u00e9lectriques prendront la rel\u00e8ve, promesse d'un transport plus \u00e9cologique. Le ...","og_url":"https:\/\/www.africa-press.net\/congo-brazzaville\/toutes-les-actualites\/voitures-electriques-que-faire-des-batteries","og_site_name":"Congo Brazzaville","article_published_time":"2021-08-18T23:35:24+00:00","og_image":[{"width":1920,"height":1080,"url":"https:\/\/static.africa-press.net\/centrafricaine\/sites\/51\/2021\/08\/img-611d9699e4130.jpg","type":"image\/jpeg"}],"author":"cfeditorfr","twitter_card":"summary_large_image","twitter_misc":{"\u00c9crit par":"cfeditorfr","Dur\u00e9e de lecture estim\u00e9e":"2 minutes"},"schema":{"@context":"https:\/\/schema.org","@graph":[{"@type":"Article","@id":"https:\/\/www.africa-press.net\/congo-brazzaville\/toutes-les-actualites\/voitures-electriques-que-faire-des-batteries#article","isPartOf":{"@id":"https:\/\/www.africa-press.net\/congo-brazzaville\/toutes-les-actualites\/voitures-electriques-que-faire-des-batteries"},"author":{"name":"cfeditorfr","@id":"https:\/\/www.africa-press.net\/congo-brazzaville\/#\/schema\/person\/2b1cf3cd81a31e3cd26889ca66d677f1"},"headline":"Voitures \u00e9lectriques : que faire des batteries ?","datePublished":"2021-08-18T23:35:24+00:00","mainEntityOfPage":{"@id":"https:\/\/www.africa-press.net\/congo-brazzaville\/toutes-les-actualites\/voitures-electriques-que-faire-des-batteries"},"wordCount":370,"commentCount":0,"image":{"@id":"https:\/\/www.africa-press.net\/congo-brazzaville\/toutes-les-actualites\/voitures-electriques-que-faire-des-batteries#primaryimage"},"thumbnailUrl":"https:\/\/static.africa-press.net\/centrafricaine\/sites\/51\/2021\/08\/img-611d9699e4130.jpg","keywords":["Africa Press","Africa Press-Congo Brazzaville","Congo Brazzaville","Environnement","Recyclage","Voiture \u00e9lectrique"],"articleSection":["Divers","homepage-french","Top Nouvelles","Toutes les actualit\u00e9s"],"inLanguage":"fr-FR","potentialAction":[{"@type":"CommentAction","name":"Comment","target":["https:\/\/www.africa-press.net\/congo-brazzaville\/toutes-les-actualites\/voitures-electriques-que-faire-des-batteries#respond"]}]},{"@type":"WebPage","@id":"https:\/\/www.africa-press.net\/congo-brazzaville\/toutes-les-actualites\/voitures-electriques-que-faire-des-batteries","url":"https:\/\/www.africa-press.net\/congo-brazzaville\/toutes-les-actualites\/voitures-electriques-que-faire-des-batteries","name":"Voitures \u00e9lectriques : que faire des batteries ? - Congo Brazzaville","isPartOf":{"@id":"https:\/\/www.africa-press.net\/congo-brazzaville\/#website"},"primaryImageOfPage":{"@id":"https:\/\/www.africa-press.net\/congo-brazzaville\/toutes-les-actualites\/voitures-electriques-que-faire-des-batteries#primaryimage"},"image":{"@id":"https:\/\/www.africa-press.net\/congo-brazzaville\/toutes-les-actualites\/voitures-electriques-que-faire-des-batteries#primaryimage"},"thumbnailUrl":"https:\/\/static.africa-press.net\/centrafricaine\/sites\/51\/2021\/08\/img-611d9699e4130.jpg","datePublished":"2021-08-18T23:35:24+00:00","author":{"@id":"https:\/\/www.africa-press.net\/congo-brazzaville\/#\/schema\/person\/2b1cf3cd81a31e3cd26889ca66d677f1"},"description":"Dans les d\u00e9cennies \u00e0 venir, les voitures \u00e9lectriques prendront la rel\u00e8ve, promesse d'un transport plus \u00e9cologique. Le ...","breadcrumb":{"@id":"https:\/\/www.africa-press.net\/congo-brazzaville\/toutes-les-actualites\/voitures-electriques-que-faire-des-batteries#breadcrumb"},"inLanguage":"fr-FR","potentialAction":[{"@type":"ReadAction","target":["https:\/\/www.africa-press.net\/congo-brazzaville\/toutes-les-actualites\/voitures-electriques-que-faire-des-batteries"]}]},{"@type":"ImageObject","inLanguage":"fr-FR","@id":"https:\/\/www.africa-press.net\/congo-brazzaville\/toutes-les-actualites\/voitures-electriques-que-faire-des-batteries#primaryimage","url":"https:\/\/static.africa-press.net\/centrafricaine\/sites\/51\/2021\/08\/img-611d9699e4130.jpg","contentUrl":"https:\/\/static.africa-press.net\/centrafricaine\/sites\/51\/2021\/08\/img-611d9699e4130.jpg","width":1920,"height":1080,"caption":"Voitures \u00e9lectriques : que faire des batteries ?"},{"@type":"BreadcrumbList","@id":"https:\/\/www.africa-press.net\/congo-brazzaville\/toutes-les-actualites\/voitures-electriques-que-faire-des-batteries#breadcrumb","itemListElement":[{"@type":"ListItem","position":1,"name":"Accueil","item":"https:\/\/www.africa-press.net\/congo-brazzaville\/"},{"@type":"ListItem","position":2,"name":"Voitures \u00e9lectriques : que faire des batteries ?"}]},{"@type":"WebSite","@id":"https:\/\/www.africa-press.net\/congo-brazzaville\/#website","url":"https:\/\/www.africa-press.net\/congo-brazzaville\/","name":"Congo Brazzaville","description":"Just another Africa News Agency Sites site","potentialAction":[{"@type":"SearchAction","target":{"@type":"EntryPoint","urlTemplate":"https:\/\/www.africa-press.net\/congo-brazzaville\/?s={search_term_string}"},"query-input":{"@type":"PropertyValueSpecification","valueRequired":true,"valueName":"search_term_string"}}],"inLanguage":"fr-FR"},{"@type":"Person","@id":"https:\/\/www.africa-press.net\/congo-brazzaville\/#\/schema\/person\/2b1cf3cd81a31e3cd26889ca66d677f1","name":"cfeditorfr"}]}},"_links":{"self":[{"href":"https:\/\/www.africa-press.net\/congo-brazzaville\/wp-json\/wp\/v2\/posts\/1218","targetHints":{"allow":["GET"]}}],"collection":[{"href":"https:\/\/www.africa-press.net\/congo-brazzaville\/wp-json\/wp\/v2\/posts"}],"about":[{"href":"https:\/\/www.africa-press.net\/congo-brazzaville\/wp-json\/wp\/v2\/types\/post"}],"author":[{"embeddable":true,"href":"https:\/\/www.africa-press.net\/congo-brazzaville\/wp-json\/wp\/v2\/users\/82"}],"replies":[{"embeddable":true,"href":"https:\/\/www.africa-press.net\/congo-brazzaville\/wp-json\/wp\/v2\/comments?post=1218"}],"version-history":[{"count":0,"href":"https:\/\/www.africa-press.net\/congo-brazzaville\/wp-json\/wp\/v2\/posts\/1218\/revisions"}],"wp:featuredmedia":[{"embeddable":true,"href":"https:\/\/www.africa-press.net\/congo-brazzaville\/wp-json\/wp\/v2\/media\/1217"}],"wp:attachment":[{"href":"https:\/\/www.africa-press.net\/congo-brazzaville\/wp-json\/wp\/v2\/media?parent=1218"}],"wp:term":[{"taxonomy":"category","embeddable":true,"href":"https:\/\/www.africa-press.net\/congo-brazzaville\/wp-json\/wp\/v2\/categories?post=1218"},{"taxonomy":"post_tag","embeddable":true,"href":"https:\/\/www.africa-press.net\/congo-brazzaville\/wp-json\/wp\/v2\/tags?post=1218"}],"curies":[{"name":"wp","href":"https:\/\/api.w.org\/{rel}","templated":true}]}}