{"id":1286,"date":"2021-08-20T23:24:18","date_gmt":"2021-08-20T23:24:18","guid":{"rendered":"https:\/\/www.africa-press.net\/congo-brazzaville\/?p=1286"},"modified":"2021-08-20T22:33:30","modified_gmt":"2021-08-20T22:33:30","slug":"chasseurs-ennemis-ou-allies-de-la-biodiversite","status":"publish","type":"post","link":"https:\/\/www.africa-press.net\/congo-brazzaville\/toutes-les-actualites\/chasseurs-ennemis-ou-allies-de-la-biodiversite","title":{"rendered":"Chasseurs : ennemis ou alli\u00e9s de la biodiversit\u00e9 ?"},"content":{"rendered":"<p><span style=\"color: #ff6600\"><strong><a href=\"https:\/\/www.africa-press.net\/\">Africa-Press<\/a> &#8211; <a href=\"https:\/\/www.africa-press.net\/congo-brazzaville\">Congo Brazzaville<\/a>. <\/strong><\/span><b>Les chasseurs disent \u00eatre les premiers \u00e9cologistes de France. Un point de vue tr\u00e8s contest\u00e9, notamment par les associations de protection de la nature. Au-del\u00e0 de ces crispations, la chasse met-elle \u00e0 mal la biodiversit\u00e9 ou peut-elle au contraire servir l\u2019environnement ? Pour en savoir plus, l\u2019\u00e9quipe d\u2019El\u00e9ment Terre a suivi des chasseurs, un p\u00e8re et son fils, sur leurs terres, en Camargue, dans le sud de la France.<\/b><\/p>\n<p>Gestion de l\u2019eau, des esp\u00e8ces, de la v\u00e9g\u00e9tation : le domaine est entretenu. \u201cOn essaie de faire en sorte que la nature soit reine\u201d, explique Jean-Yves, m\u00e9decin. \u00ab\u00a0On est des alli\u00e9s de l\u2019\u00e9cologie, et surtout pas des ennemis.\u201d<\/p>\n<p>Son fils Vincent \u00e9l\u00e8ve du gibier, rel\u00e2ch\u00e9 ensuite pour \u00eatre chass\u00e9. \u201cEn l\u00e2chant du gibier, on peut pr\u00e9server le naturel. Pendant qu&rsquo;on chasse un oiseau qui a \u00e9t\u00e9 l\u00e2ch\u00e9, on va foutre la paix grosso modo au reste\u201d, avance-t-il.<\/p>\n<p>Un point de vue loin d\u2019\u00eatre partag\u00e9 par les \u00e9cologistes, pour qui les oiseaux \u00e9lev\u00e9s pour la chasse sont totalement inadapt\u00e9s au milieu naturel : d\u00e9sorient\u00e9s, incapables de se nourrir de fa\u00e7on autonome, ils sont vou\u00e9s \u00e0 mourir pr\u00e9matur\u00e9ment.<\/p>\n<p>Pour Marc Giraud, de l\u2019Association pour la protection des animaux sauvages (ASPAS), 10% seulement de ces oiseaux survivent. Il rappelle par ailleurs que sur les 64 esp\u00e8ces d\u2019oiseaux chassables en France, 20 sont en mauvais \u00e9tat de conservation. \u00ab\u00a0La France est le pays o\u00f9 l&rsquo;on chasse, le plus longtemps, le plus grand nombre d\u2019esp\u00e8ces, d\u00e9plore-t-il. Plus que la nature, c\u2019est la chasse qu\u2019on prot\u00e8ge aujourd\u2019hui.\u00a0\u00bb<\/p>\n<p>Mais chasseurs et \u00e9cologistes peuvent-ils \u00eatre r\u00e9concili\u00e9s ? Oui, r\u00e9pond Jocelyn Champagnon, charg\u00e9 de recherche en \u00e9cologie \u00e0 la Tour du Valat, en Camargue. Ce scientifique travaille sur l\u2019impact du l\u00e2cher de canards colvert d&rsquo;\u00e9levage sur les canards sauvages. Il craint un appauvrissement g\u00e9n\u00e9tique de l\u2019esp\u00e8ce sauvage \u00e0 terme si l\u2019on continue \u00e0 ce rythme. Cependant, la chasse est loin d\u2019\u00eatre le premier ennemi de la biodiversit\u00e9, selon lui. Il faudrait plut\u00f4t regarder du c\u00f4t\u00e9 de l\u2019agriculture intensive et ses pesticides, estime-t-il, avant d\u2019appeler chasseurs et \u00e9cologistes \u00e0 coop\u00e9rer : \u201cOn a quelque chose en commun, c\u2019est la connaissance de l\u2019environnement qui nous entoure. Ensemble, on peut agir contre le d\u00e9clin des esp\u00e8ces.\u00a0\u00bb<\/p>\n","protected":false},"excerpt":{"rendered":"<p>Africa-Press &#8211; Congo Brazzaville. Les chasseurs disent \u00eatre les premiers \u00e9cologistes de France. Un point de vue tr\u00e8s contest\u00e9, notamment par les associations de protection de la nature. Au-del\u00e0 de ces crispations, la chasse met-elle \u00e0 mal la biodiversit\u00e9 ou peut-elle au contraire servir l\u2019environnement ? Pour en savoir plus, l\u2019\u00e9quipe d\u2019El\u00e9ment Terre a suivi [&hellip;]<\/p>\n","protected":false},"author":82,"featured_media":1285,"comment_status":"open","ping_status":"closed","sticky":false,"template":"","format":"standard","meta":{"footnotes":""},"categories":[21,11,10],"tags":[36,47,147,89,146,46,86,85,145],"class_list":["post-1286","post","type-post","status-publish","format-standard","has-post-thumbnail","hentry","category-communaute","category-homepage-french","category-toutes-les-actualites","tag-africa-press","tag-africa-press-congo-brazzaville","tag-animaux","tag-biodiversite","tag-chasse","tag-congo-brazzaville","tag-ecologie","tag-environnement","tag-nature"],"yoast_head":"<!-- This site is optimized with the Yoast SEO Premium plugin v26.1 (Yoast SEO v27.0) - https:\/\/yoast.com\/product\/yoast-seo-premium-wordpress\/ -->\n<title>Chasseurs : ennemis ou alli\u00e9s de la biodiversit\u00e9 ? - Congo Brazzaville<\/title>\n<meta name=\"description\" content=\"Les chasseurs disent \u00eatre les premiers \u00e9cologistes de France. Un point de vue tr\u00e8s contest\u00e9, notamment par les associ ...\" \/>\n<meta name=\"robots\" content=\"index, follow, max-snippet:-1, max-image-preview:large, max-video-preview:-1\" \/>\n<link rel=\"canonical\" href=\"https:\/\/www.africa-press.net\/congo-brazzaville\/toutes-les-actualites\/chasseurs-ennemis-ou-allies-de-la-biodiversite\" \/>\n<meta property=\"og:locale\" content=\"fr_FR\" \/>\n<meta property=\"og:type\" content=\"article\" \/>\n<meta property=\"og:title\" content=\"Chasseurs : ennemis ou alli\u00e9s de la biodiversit\u00e9 ?\" \/>\n<meta property=\"og:description\" content=\"Les chasseurs disent \u00eatre les premiers \u00e9cologistes de France. Un point de vue tr\u00e8s contest\u00e9, notamment par les associ ...\" \/>\n<meta property=\"og:url\" content=\"https:\/\/www.africa-press.net\/congo-brazzaville\/toutes-les-actualites\/chasseurs-ennemis-ou-allies-de-la-biodiversite\" \/>\n<meta property=\"og:site_name\" content=\"Congo Brazzaville\" \/>\n<meta property=\"article:published_time\" content=\"2021-08-20T23:24:18+00:00\" \/>\n<meta property=\"og:image\" content=\"https:\/\/static.africa-press.net\/centrafricaine\/sites\/51\/2021\/08\/img-61202d9a272a5.jpg\" \/>\n\t<meta property=\"og:image:width\" content=\"1920\" \/>\n\t<meta property=\"og:image:height\" content=\"1080\" \/>\n\t<meta property=\"og:image:type\" content=\"image\/jpeg\" \/>\n<meta name=\"author\" content=\"cfeditorfr\" \/>\n<meta name=\"twitter:card\" content=\"summary_large_image\" \/>\n<meta name=\"twitter:label1\" content=\"\u00c9crit par\" \/>\n\t<meta name=\"twitter:data1\" content=\"cfeditorfr\" \/>\n\t<meta name=\"twitter:label2\" content=\"Dur\u00e9e de lecture estim\u00e9e\" \/>\n\t<meta name=\"twitter:data2\" content=\"2 minutes\" \/>\n<script type=\"application\/ld+json\" class=\"yoast-schema-graph\">{\"@context\":\"https:\/\/schema.org\",\"@graph\":[{\"@type\":\"Article\",\"@id\":\"https:\/\/www.africa-press.net\/congo-brazzaville\/toutes-les-actualites\/chasseurs-ennemis-ou-allies-de-la-biodiversite#article\",\"isPartOf\":{\"@id\":\"https:\/\/www.africa-press.net\/congo-brazzaville\/toutes-les-actualites\/chasseurs-ennemis-ou-allies-de-la-biodiversite\"},\"author\":{\"name\":\"cfeditorfr\",\"@id\":\"https:\/\/www.africa-press.net\/congo-brazzaville\/#\/schema\/person\/2b1cf3cd81a31e3cd26889ca66d677f1\"},\"headline\":\"Chasseurs : ennemis ou alli\u00e9s de la biodiversit\u00e9 ?\",\"datePublished\":\"2021-08-20T23:24:18+00:00\",\"mainEntityOfPage\":{\"@id\":\"https:\/\/www.africa-press.net\/congo-brazzaville\/toutes-les-actualites\/chasseurs-ennemis-ou-allies-de-la-biodiversite\"},\"wordCount\":421,\"commentCount\":0,\"image\":{\"@id\":\"https:\/\/www.africa-press.net\/congo-brazzaville\/toutes-les-actualites\/chasseurs-ennemis-ou-allies-de-la-biodiversite#primaryimage\"},\"thumbnailUrl\":\"https:\/\/static.africa-press.net\/centrafricaine\/sites\/51\/2021\/08\/img-61202d9a272a5.jpg\",\"keywords\":[\"Africa Press\",\"Africa Press-Congo Brazzaville\",\"Animaux\",\"Biodiversit\u00e9\",\"Chasse\",\"Congo Brazzaville\",\"\u00c9cologie\",\"Environnement\",\"Nature\"],\"articleSection\":[\"Communaut\u00e9\",\"homepage-french\",\"Toutes les actualit\u00e9s\"],\"inLanguage\":\"fr-FR\",\"potentialAction\":[{\"@type\":\"CommentAction\",\"name\":\"Comment\",\"target\":[\"https:\/\/www.africa-press.net\/congo-brazzaville\/toutes-les-actualites\/chasseurs-ennemis-ou-allies-de-la-biodiversite#respond\"]}]},{\"@type\":\"WebPage\",\"@id\":\"https:\/\/www.africa-press.net\/congo-brazzaville\/toutes-les-actualites\/chasseurs-ennemis-ou-allies-de-la-biodiversite\",\"url\":\"https:\/\/www.africa-press.net\/congo-brazzaville\/toutes-les-actualites\/chasseurs-ennemis-ou-allies-de-la-biodiversite\",\"name\":\"Chasseurs : ennemis ou alli\u00e9s de la biodiversit\u00e9 ? - Congo Brazzaville\",\"isPartOf\":{\"@id\":\"https:\/\/www.africa-press.net\/congo-brazzaville\/#website\"},\"primaryImageOfPage\":{\"@id\":\"https:\/\/www.africa-press.net\/congo-brazzaville\/toutes-les-actualites\/chasseurs-ennemis-ou-allies-de-la-biodiversite#primaryimage\"},\"image\":{\"@id\":\"https:\/\/www.africa-press.net\/congo-brazzaville\/toutes-les-actualites\/chasseurs-ennemis-ou-allies-de-la-biodiversite#primaryimage\"},\"thumbnailUrl\":\"https:\/\/static.africa-press.net\/centrafricaine\/sites\/51\/2021\/08\/img-61202d9a272a5.jpg\",\"datePublished\":\"2021-08-20T23:24:18+00:00\",\"author\":{\"@id\":\"https:\/\/www.africa-press.net\/congo-brazzaville\/#\/schema\/person\/2b1cf3cd81a31e3cd26889ca66d677f1\"},\"description\":\"Les chasseurs disent \u00eatre les premiers \u00e9cologistes de France. Un point de vue tr\u00e8s contest\u00e9, notamment par les associ ...\",\"breadcrumb\":{\"@id\":\"https:\/\/www.africa-press.net\/congo-brazzaville\/toutes-les-actualites\/chasseurs-ennemis-ou-allies-de-la-biodiversite#breadcrumb\"},\"inLanguage\":\"fr-FR\",\"potentialAction\":[{\"@type\":\"ReadAction\",\"target\":[\"https:\/\/www.africa-press.net\/congo-brazzaville\/toutes-les-actualites\/chasseurs-ennemis-ou-allies-de-la-biodiversite\"]}]},{\"@type\":\"ImageObject\",\"inLanguage\":\"fr-FR\",\"@id\":\"https:\/\/www.africa-press.net\/congo-brazzaville\/toutes-les-actualites\/chasseurs-ennemis-ou-allies-de-la-biodiversite#primaryimage\",\"url\":\"https:\/\/static.africa-press.net\/centrafricaine\/sites\/51\/2021\/08\/img-61202d9a272a5.jpg\",\"contentUrl\":\"https:\/\/static.africa-press.net\/centrafricaine\/sites\/51\/2021\/08\/img-61202d9a272a5.jpg\",\"width\":1920,\"height\":1080,\"caption\":\"Chasseurs : ennemis ou alli\u00e9s de la biodiversit\u00e9 ?\"},{\"@type\":\"BreadcrumbList\",\"@id\":\"https:\/\/www.africa-press.net\/congo-brazzaville\/toutes-les-actualites\/chasseurs-ennemis-ou-allies-de-la-biodiversite#breadcrumb\",\"itemListElement\":[{\"@type\":\"ListItem\",\"position\":1,\"name\":\"Accueil\",\"item\":\"https:\/\/www.africa-press.net\/congo-brazzaville\/\"},{\"@type\":\"ListItem\",\"position\":2,\"name\":\"Chasseurs : ennemis ou alli\u00e9s de la biodiversit\u00e9 ?\"}]},{\"@type\":\"WebSite\",\"@id\":\"https:\/\/www.africa-press.net\/congo-brazzaville\/#website\",\"url\":\"https:\/\/www.africa-press.net\/congo-brazzaville\/\",\"name\":\"Congo Brazzaville\",\"description\":\"Just another Africa News Agency Sites site\",\"potentialAction\":[{\"@type\":\"SearchAction\",\"target\":{\"@type\":\"EntryPoint\",\"urlTemplate\":\"https:\/\/www.africa-press.net\/congo-brazzaville\/?s={search_term_string}\"},\"query-input\":{\"@type\":\"PropertyValueSpecification\",\"valueRequired\":true,\"valueName\":\"search_term_string\"}}],\"inLanguage\":\"fr-FR\"},{\"@type\":\"Person\",\"@id\":\"https:\/\/www.africa-press.net\/congo-brazzaville\/#\/schema\/person\/2b1cf3cd81a31e3cd26889ca66d677f1\",\"name\":\"cfeditorfr\"}]}<\/script>\n<!-- \/ Yoast SEO Premium plugin. -->","yoast_head_json":{"title":"Chasseurs : ennemis ou alli\u00e9s de la biodiversit\u00e9 ? - Congo Brazzaville","description":"Les chasseurs disent \u00eatre les premiers \u00e9cologistes de France. Un point de vue tr\u00e8s contest\u00e9, notamment par les associ ...","robots":{"index":"index","follow":"follow","max-snippet":"max-snippet:-1","max-image-preview":"max-image-preview:large","max-video-preview":"max-video-preview:-1"},"canonical":"https:\/\/www.africa-press.net\/congo-brazzaville\/toutes-les-actualites\/chasseurs-ennemis-ou-allies-de-la-biodiversite","og_locale":"fr_FR","og_type":"article","og_title":"Chasseurs : ennemis ou alli\u00e9s de la biodiversit\u00e9 ?","og_description":"Les chasseurs disent \u00eatre les premiers \u00e9cologistes de France. Un point de vue tr\u00e8s contest\u00e9, notamment par les associ ...","og_url":"https:\/\/www.africa-press.net\/congo-brazzaville\/toutes-les-actualites\/chasseurs-ennemis-ou-allies-de-la-biodiversite","og_site_name":"Congo Brazzaville","article_published_time":"2021-08-20T23:24:18+00:00","og_image":[{"width":1920,"height":1080,"url":"https:\/\/static.africa-press.net\/centrafricaine\/sites\/51\/2021\/08\/img-61202d9a272a5.jpg","type":"image\/jpeg"}],"author":"cfeditorfr","twitter_card":"summary_large_image","twitter_misc":{"\u00c9crit par":"cfeditorfr","Dur\u00e9e de lecture estim\u00e9e":"2 minutes"},"schema":{"@context":"https:\/\/schema.org","@graph":[{"@type":"Article","@id":"https:\/\/www.africa-press.net\/congo-brazzaville\/toutes-les-actualites\/chasseurs-ennemis-ou-allies-de-la-biodiversite#article","isPartOf":{"@id":"https:\/\/www.africa-press.net\/congo-brazzaville\/toutes-les-actualites\/chasseurs-ennemis-ou-allies-de-la-biodiversite"},"author":{"name":"cfeditorfr","@id":"https:\/\/www.africa-press.net\/congo-brazzaville\/#\/schema\/person\/2b1cf3cd81a31e3cd26889ca66d677f1"},"headline":"Chasseurs : ennemis ou alli\u00e9s de la biodiversit\u00e9 ?","datePublished":"2021-08-20T23:24:18+00:00","mainEntityOfPage":{"@id":"https:\/\/www.africa-press.net\/congo-brazzaville\/toutes-les-actualites\/chasseurs-ennemis-ou-allies-de-la-biodiversite"},"wordCount":421,"commentCount":0,"image":{"@id":"https:\/\/www.africa-press.net\/congo-brazzaville\/toutes-les-actualites\/chasseurs-ennemis-ou-allies-de-la-biodiversite#primaryimage"},"thumbnailUrl":"https:\/\/static.africa-press.net\/centrafricaine\/sites\/51\/2021\/08\/img-61202d9a272a5.jpg","keywords":["Africa Press","Africa Press-Congo Brazzaville","Animaux","Biodiversit\u00e9","Chasse","Congo Brazzaville","\u00c9cologie","Environnement","Nature"],"articleSection":["Communaut\u00e9","homepage-french","Toutes les actualit\u00e9s"],"inLanguage":"fr-FR","potentialAction":[{"@type":"CommentAction","name":"Comment","target":["https:\/\/www.africa-press.net\/congo-brazzaville\/toutes-les-actualites\/chasseurs-ennemis-ou-allies-de-la-biodiversite#respond"]}]},{"@type":"WebPage","@id":"https:\/\/www.africa-press.net\/congo-brazzaville\/toutes-les-actualites\/chasseurs-ennemis-ou-allies-de-la-biodiversite","url":"https:\/\/www.africa-press.net\/congo-brazzaville\/toutes-les-actualites\/chasseurs-ennemis-ou-allies-de-la-biodiversite","name":"Chasseurs : ennemis ou alli\u00e9s de la biodiversit\u00e9 ? - Congo Brazzaville","isPartOf":{"@id":"https:\/\/www.africa-press.net\/congo-brazzaville\/#website"},"primaryImageOfPage":{"@id":"https:\/\/www.africa-press.net\/congo-brazzaville\/toutes-les-actualites\/chasseurs-ennemis-ou-allies-de-la-biodiversite#primaryimage"},"image":{"@id":"https:\/\/www.africa-press.net\/congo-brazzaville\/toutes-les-actualites\/chasseurs-ennemis-ou-allies-de-la-biodiversite#primaryimage"},"thumbnailUrl":"https:\/\/static.africa-press.net\/centrafricaine\/sites\/51\/2021\/08\/img-61202d9a272a5.jpg","datePublished":"2021-08-20T23:24:18+00:00","author":{"@id":"https:\/\/www.africa-press.net\/congo-brazzaville\/#\/schema\/person\/2b1cf3cd81a31e3cd26889ca66d677f1"},"description":"Les chasseurs disent \u00eatre les premiers \u00e9cologistes de France. Un point de vue tr\u00e8s contest\u00e9, notamment par les associ ...","breadcrumb":{"@id":"https:\/\/www.africa-press.net\/congo-brazzaville\/toutes-les-actualites\/chasseurs-ennemis-ou-allies-de-la-biodiversite#breadcrumb"},"inLanguage":"fr-FR","potentialAction":[{"@type":"ReadAction","target":["https:\/\/www.africa-press.net\/congo-brazzaville\/toutes-les-actualites\/chasseurs-ennemis-ou-allies-de-la-biodiversite"]}]},{"@type":"ImageObject","inLanguage":"fr-FR","@id":"https:\/\/www.africa-press.net\/congo-brazzaville\/toutes-les-actualites\/chasseurs-ennemis-ou-allies-de-la-biodiversite#primaryimage","url":"https:\/\/static.africa-press.net\/centrafricaine\/sites\/51\/2021\/08\/img-61202d9a272a5.jpg","contentUrl":"https:\/\/static.africa-press.net\/centrafricaine\/sites\/51\/2021\/08\/img-61202d9a272a5.jpg","width":1920,"height":1080,"caption":"Chasseurs : ennemis ou alli\u00e9s de la biodiversit\u00e9 ?"},{"@type":"BreadcrumbList","@id":"https:\/\/www.africa-press.net\/congo-brazzaville\/toutes-les-actualites\/chasseurs-ennemis-ou-allies-de-la-biodiversite#breadcrumb","itemListElement":[{"@type":"ListItem","position":1,"name":"Accueil","item":"https:\/\/www.africa-press.net\/congo-brazzaville\/"},{"@type":"ListItem","position":2,"name":"Chasseurs : ennemis ou alli\u00e9s de la biodiversit\u00e9 ?"}]},{"@type":"WebSite","@id":"https:\/\/www.africa-press.net\/congo-brazzaville\/#website","url":"https:\/\/www.africa-press.net\/congo-brazzaville\/","name":"Congo Brazzaville","description":"Just another Africa News Agency Sites site","potentialAction":[{"@type":"SearchAction","target":{"@type":"EntryPoint","urlTemplate":"https:\/\/www.africa-press.net\/congo-brazzaville\/?s={search_term_string}"},"query-input":{"@type":"PropertyValueSpecification","valueRequired":true,"valueName":"search_term_string"}}],"inLanguage":"fr-FR"},{"@type":"Person","@id":"https:\/\/www.africa-press.net\/congo-brazzaville\/#\/schema\/person\/2b1cf3cd81a31e3cd26889ca66d677f1","name":"cfeditorfr"}]}},"_links":{"self":[{"href":"https:\/\/www.africa-press.net\/congo-brazzaville\/wp-json\/wp\/v2\/posts\/1286","targetHints":{"allow":["GET"]}}],"collection":[{"href":"https:\/\/www.africa-press.net\/congo-brazzaville\/wp-json\/wp\/v2\/posts"}],"about":[{"href":"https:\/\/www.africa-press.net\/congo-brazzaville\/wp-json\/wp\/v2\/types\/post"}],"author":[{"embeddable":true,"href":"https:\/\/www.africa-press.net\/congo-brazzaville\/wp-json\/wp\/v2\/users\/82"}],"replies":[{"embeddable":true,"href":"https:\/\/www.africa-press.net\/congo-brazzaville\/wp-json\/wp\/v2\/comments?post=1286"}],"version-history":[{"count":0,"href":"https:\/\/www.africa-press.net\/congo-brazzaville\/wp-json\/wp\/v2\/posts\/1286\/revisions"}],"wp:featuredmedia":[{"embeddable":true,"href":"https:\/\/www.africa-press.net\/congo-brazzaville\/wp-json\/wp\/v2\/media\/1285"}],"wp:attachment":[{"href":"https:\/\/www.africa-press.net\/congo-brazzaville\/wp-json\/wp\/v2\/media?parent=1286"}],"wp:term":[{"taxonomy":"category","embeddable":true,"href":"https:\/\/www.africa-press.net\/congo-brazzaville\/wp-json\/wp\/v2\/categories?post=1286"},{"taxonomy":"post_tag","embeddable":true,"href":"https:\/\/www.africa-press.net\/congo-brazzaville\/wp-json\/wp\/v2\/tags?post=1286"}],"curies":[{"name":"wp","href":"https:\/\/api.w.org\/{rel}","templated":true}]}}