{"id":13124,"date":"2023-01-06T17:18:39","date_gmt":"2023-01-06T17:18:39","guid":{"rendered":"https:\/\/www.africa-press.net\/congo-brazzaville\/politique\/tournoi-de-l-uniffac-les-u-17-congolais-invites-a-imiter-les-juniors"},"modified":"2023-01-06T17:18:39","modified_gmt":"2023-01-06T17:18:39","slug":"tournoi-de-l-uniffac-les-u-17-congolais-invites-a-imiter-les-juniors","status":"publish","type":"post","link":"https:\/\/www.africa-press.net\/congo-brazzaville\/sports\/tournoi-de-l-uniffac-les-u-17-congolais-invites-a-imiter-les-juniors","title":{"rendered":"Tournoi de l&rsquo; Uniffac: les U-17 congolais invit\u00e9s \u00e0 imiter les juniors"},"content":{"rendered":"<p><span style=\"color: #ff6600\"><strong>Africa-Press &#8211; Congo Brazzaville. <\/strong><\/span><b>Les Diables rouges des moins de 17 ans vont participer, du 12 au 24 janvier au Cameroun, au tournoi de l&rsquo;Union des fe\u0301de\u0301rations de football d&rsquo;Afrique centrale (Unifac), dont les deux premiers seront qualifie\u0301s pour la Coupe d&rsquo;Afrique des nations (CAN) de la cate\u0301gorie qui se disputera cette anne\u0301e en Alge\u0301rie.<\/b><\/p>\n<p>Le ministre des Sports a rencontre\u0301 l&rsquo;e\u0301quipe le 5 janvier au Centre national de formation de football pour lui passer les dernie\u0300res consignes. Hugues Ngoue\u0301londe\u0301le\u0301 a exhorte\u0301 les jeunes a\u0300 donner le meilleur d&rsquo;eux me\u0302mes pour imiter la performance des juniors qui se sont qualifie\u0301s pour la phase finale de la CAN.<\/p>\n<p>\u00ab Vous e\u0302tes l&rsquo;avenir parce que les Diables rouges de demain ce sera vous. La\u0300 ou\u0300 vous allez, vous devez briller par l&rsquo;exemple et la discipline. Vous devez avoir dans vos te\u0302tes cette envie de ramener la victoire. Nous comptons sur vous \u00bb, a indique\u0301 le ministre.<\/p>\n<p>Il les a assure\u0301s de la volonte\u0301 du gouvernement et de la Fe\u0301de\u0301ration congolaise de football (Fe\u0301cofoot) de cre\u0301er les conditions qui leur permettraient de relever le de\u0301fi.\u00a0\u00bb La Fe\u0301cofoot et nous me\u0302mes avons mis quelques moyens a\u0300 votre disposition bien que difficilement. Nous avons remis, gra\u0302ce a\u0300 la vision du chef de l&rsquo;Etat , ce centre en forme. Nous le faisons pour vous\u00a0\u00bb ,a t-il conclu.<\/p>\n<p><strong>Pour plus d&rsquo;informations et d&rsquo;analyses sur la <a href=\"https:\/\/www.africa-press.net\/congo-brazzaville\">Congo Brazzaville<\/a>, suivez <a href=\"https:\/\/www.africa-press.net\/\">Africa-Press<\/a><\/strong><\/p>\n","protected":false},"excerpt":{"rendered":"<p>Africa-Press &#8211; Congo Brazzaville. Les Diables rouges des moins de 17 ans vont participer, du 12 au 24 janvier au Cameroun, au tournoi de l&rsquo;Union des fe\u0301de\u0301rations de football d&rsquo;Afrique centrale (Unifac), dont les deux premiers seront qualifie\u0301s pour la Coupe d&rsquo;Afrique des nations (CAN) de la cate\u0301gorie qui se disputera cette anne\u0301e en Alge\u0301rie. [&hellip;]<\/p>\n","protected":false},"author":82,"featured_media":13123,"comment_status":"open","ping_status":"closed","sticky":false,"template":"","format":"standard","meta":{"footnotes":""},"categories":[6,10],"tags":[36,47,46],"class_list":["post-13124","post","type-post","status-publish","format-standard","has-post-thumbnail","hentry","category-sports","category-toutes-les-actualites","tag-africa-press","tag-africa-press-congo-brazzaville","tag-congo-brazzaville"],"yoast_head":"<!-- This site is optimized with the Yoast SEO Premium plugin v26.1 (Yoast SEO v27.0) - https:\/\/yoast.com\/product\/yoast-seo-premium-wordpress\/ -->\n<title>Tournoi de l&#039; Uniffac: les U-17 congolais invit\u00e9s \u00e0 imiter les juniors - Congo Brazzaville<\/title>\n<meta name=\"robots\" content=\"index, follow, max-snippet:-1, max-image-preview:large, max-video-preview:-1\" \/>\n<link rel=\"canonical\" href=\"https:\/\/www.africa-press.net\/congo-brazzaville\/politique\/tournoi-de-l-uniffac-les-u-17-congolais-invites-a-imiter-les-juniors\" \/>\n<meta property=\"og:locale\" content=\"fr_FR\" \/>\n<meta property=\"og:type\" content=\"article\" \/>\n<meta property=\"og:title\" content=\"Tournoi de l&#039; Uniffac: les U-17 congolais invit\u00e9s \u00e0 imiter les juniors\" \/>\n<meta property=\"og:description\" content=\"Africa-Press &#8211; Congo Brazzaville. Les Diables rouges des moins de 17 ans vont participer, du 12 au 24 janvier au Cameroun, au tournoi de l&rsquo;Union des fe\u0301de\u0301rations de football d&rsquo;Afrique centrale (Unifac), dont les deux premiers seront qualifie\u0301s pour la Coupe d&rsquo;Afrique des nations (CAN) de la cate\u0301gorie qui se disputera cette anne\u0301e en Alge\u0301rie. [&hellip;]\" \/>\n<meta property=\"og:url\" content=\"https:\/\/www.africa-press.net\/congo-brazzaville\/politique\/tournoi-de-l-uniffac-les-u-17-congolais-invites-a-imiter-les-juniors\" \/>\n<meta property=\"og:site_name\" content=\"Congo Brazzaville\" \/>\n<meta property=\"article:published_time\" content=\"2023-01-06T17:18:39+00:00\" \/>\n<meta name=\"author\" content=\"cfeditorfr\" \/>\n<meta name=\"twitter:card\" content=\"summary_large_image\" \/>\n<meta name=\"twitter:label1\" content=\"\u00c9crit par\" \/>\n\t<meta name=\"twitter:data1\" content=\"cfeditorfr\" \/>\n\t<meta name=\"twitter:label2\" content=\"Dur\u00e9e de lecture estim\u00e9e\" \/>\n\t<meta name=\"twitter:data2\" content=\"1 minute\" \/>\n<script type=\"application\/ld+json\" class=\"yoast-schema-graph\">{\"@context\":\"https:\/\/schema.org\",\"@graph\":[{\"@type\":\"Article\",\"@id\":\"https:\/\/www.africa-press.net\/congo-brazzaville\/politique\/tournoi-de-l-uniffac-les-u-17-congolais-invites-a-imiter-les-juniors#article\",\"isPartOf\":{\"@id\":\"https:\/\/www.africa-press.net\/congo-brazzaville\/politique\/tournoi-de-l-uniffac-les-u-17-congolais-invites-a-imiter-les-juniors\"},\"author\":{\"name\":\"cfeditorfr\",\"@id\":\"https:\/\/www.africa-press.net\/congo-brazzaville\/#\/schema\/person\/2b1cf3cd81a31e3cd26889ca66d677f1\"},\"headline\":\"Tournoi de l&rsquo; Uniffac: les U-17 congolais invit\u00e9s \u00e0 imiter les juniors\",\"datePublished\":\"2023-01-06T17:18:39+00:00\",\"mainEntityOfPage\":{\"@id\":\"https:\/\/www.africa-press.net\/congo-brazzaville\/politique\/tournoi-de-l-uniffac-les-u-17-congolais-invites-a-imiter-les-juniors\"},\"wordCount\":270,\"commentCount\":0,\"image\":{\"@id\":\"https:\/\/www.africa-press.net\/congo-brazzaville\/politique\/tournoi-de-l-uniffac-les-u-17-congolais-invites-a-imiter-les-juniors#primaryimage\"},\"thumbnailUrl\":\"https:\/\/static.africa-press.net\/congo-brazzaville\/sites\/51\/2023\/01\/postQueueImg_1673012923.17.jpg\",\"keywords\":[\"Africa Press\",\"Africa Press-Congo Brazzaville\",\"Congo Brazzaville\"],\"articleSection\":[\"Sports\",\"Toutes les actualit\u00e9s\"],\"inLanguage\":\"fr-FR\",\"potentialAction\":[{\"@type\":\"CommentAction\",\"name\":\"Comment\",\"target\":[\"https:\/\/www.africa-press.net\/congo-brazzaville\/politique\/tournoi-de-l-uniffac-les-u-17-congolais-invites-a-imiter-les-juniors#respond\"]}]},{\"@type\":\"WebPage\",\"@id\":\"https:\/\/www.africa-press.net\/congo-brazzaville\/politique\/tournoi-de-l-uniffac-les-u-17-congolais-invites-a-imiter-les-juniors\",\"url\":\"https:\/\/www.africa-press.net\/congo-brazzaville\/politique\/tournoi-de-l-uniffac-les-u-17-congolais-invites-a-imiter-les-juniors\",\"name\":\"Tournoi de l' Uniffac: les U-17 congolais invit\u00e9s \u00e0 imiter les juniors - Congo Brazzaville\",\"isPartOf\":{\"@id\":\"https:\/\/www.africa-press.net\/congo-brazzaville\/#website\"},\"primaryImageOfPage\":{\"@id\":\"https:\/\/www.africa-press.net\/congo-brazzaville\/politique\/tournoi-de-l-uniffac-les-u-17-congolais-invites-a-imiter-les-juniors#primaryimage\"},\"image\":{\"@id\":\"https:\/\/www.africa-press.net\/congo-brazzaville\/politique\/tournoi-de-l-uniffac-les-u-17-congolais-invites-a-imiter-les-juniors#primaryimage\"},\"thumbnailUrl\":\"https:\/\/static.africa-press.net\/congo-brazzaville\/sites\/51\/2023\/01\/postQueueImg_1673012923.17.jpg\",\"datePublished\":\"2023-01-06T17:18:39+00:00\",\"author\":{\"@id\":\"https:\/\/www.africa-press.net\/congo-brazzaville\/#\/schema\/person\/2b1cf3cd81a31e3cd26889ca66d677f1\"},\"breadcrumb\":{\"@id\":\"https:\/\/www.africa-press.net\/congo-brazzaville\/politique\/tournoi-de-l-uniffac-les-u-17-congolais-invites-a-imiter-les-juniors#breadcrumb\"},\"inLanguage\":\"fr-FR\",\"potentialAction\":[{\"@type\":\"ReadAction\",\"target\":[\"https:\/\/www.africa-press.net\/congo-brazzaville\/politique\/tournoi-de-l-uniffac-les-u-17-congolais-invites-a-imiter-les-juniors\"]}]},{\"@type\":\"ImageObject\",\"inLanguage\":\"fr-FR\",\"@id\":\"https:\/\/www.africa-press.net\/congo-brazzaville\/politique\/tournoi-de-l-uniffac-les-u-17-congolais-invites-a-imiter-les-juniors#primaryimage\",\"url\":\"https:\/\/static.africa-press.net\/congo-brazzaville\/sites\/51\/2023\/01\/postQueueImg_1673012923.17.jpg\",\"contentUrl\":\"https:\/\/static.africa-press.net\/congo-brazzaville\/sites\/51\/2023\/01\/postQueueImg_1673012923.17.jpg\",\"width\":960,\"height\":540,\"caption\":\"Tournoi de l' Uniffac: les U-17 congolais invit\u00e9s \u00e0 imiter les juniors\"},{\"@type\":\"BreadcrumbList\",\"@id\":\"https:\/\/www.africa-press.net\/congo-brazzaville\/politique\/tournoi-de-l-uniffac-les-u-17-congolais-invites-a-imiter-les-juniors#breadcrumb\",\"itemListElement\":[{\"@type\":\"ListItem\",\"position\":1,\"name\":\"Accueil\",\"item\":\"https:\/\/www.africa-press.net\/congo-brazzaville\/\"},{\"@type\":\"ListItem\",\"position\":2,\"name\":\"Tournoi de l&rsquo; Uniffac: les U-17 congolais invit\u00e9s \u00e0 imiter les juniors\"}]},{\"@type\":\"WebSite\",\"@id\":\"https:\/\/www.africa-press.net\/congo-brazzaville\/#website\",\"url\":\"https:\/\/www.africa-press.net\/congo-brazzaville\/\",\"name\":\"Congo Brazzaville\",\"description\":\"Just another Africa News Agency Sites site\",\"potentialAction\":[{\"@type\":\"SearchAction\",\"target\":{\"@type\":\"EntryPoint\",\"urlTemplate\":\"https:\/\/www.africa-press.net\/congo-brazzaville\/?s={search_term_string}\"},\"query-input\":{\"@type\":\"PropertyValueSpecification\",\"valueRequired\":true,\"valueName\":\"search_term_string\"}}],\"inLanguage\":\"fr-FR\"},{\"@type\":\"Person\",\"@id\":\"https:\/\/www.africa-press.net\/congo-brazzaville\/#\/schema\/person\/2b1cf3cd81a31e3cd26889ca66d677f1\",\"name\":\"cfeditorfr\"}]}<\/script>\n<!-- \/ Yoast SEO Premium plugin. -->","yoast_head_json":{"title":"Tournoi de l' Uniffac: les U-17 congolais invit\u00e9s \u00e0 imiter les juniors - Congo Brazzaville","robots":{"index":"index","follow":"follow","max-snippet":"max-snippet:-1","max-image-preview":"max-image-preview:large","max-video-preview":"max-video-preview:-1"},"canonical":"https:\/\/www.africa-press.net\/congo-brazzaville\/politique\/tournoi-de-l-uniffac-les-u-17-congolais-invites-a-imiter-les-juniors","og_locale":"fr_FR","og_type":"article","og_title":"Tournoi de l' Uniffac: les U-17 congolais invit\u00e9s \u00e0 imiter les juniors","og_description":"Africa-Press &#8211; Congo Brazzaville. Les Diables rouges des moins de 17 ans vont participer, du 12 au 24 janvier au Cameroun, au tournoi de l&rsquo;Union des fe\u0301de\u0301rations de football d&rsquo;Afrique centrale (Unifac), dont les deux premiers seront qualifie\u0301s pour la Coupe d&rsquo;Afrique des nations (CAN) de la cate\u0301gorie qui se disputera cette anne\u0301e en Alge\u0301rie. [&hellip;]","og_url":"https:\/\/www.africa-press.net\/congo-brazzaville\/politique\/tournoi-de-l-uniffac-les-u-17-congolais-invites-a-imiter-les-juniors","og_site_name":"Congo Brazzaville","article_published_time":"2023-01-06T17:18:39+00:00","author":"cfeditorfr","twitter_card":"summary_large_image","twitter_misc":{"\u00c9crit par":"cfeditorfr","Dur\u00e9e de lecture estim\u00e9e":"1 minute"},"schema":{"@context":"https:\/\/schema.org","@graph":[{"@type":"Article","@id":"https:\/\/www.africa-press.net\/congo-brazzaville\/politique\/tournoi-de-l-uniffac-les-u-17-congolais-invites-a-imiter-les-juniors#article","isPartOf":{"@id":"https:\/\/www.africa-press.net\/congo-brazzaville\/politique\/tournoi-de-l-uniffac-les-u-17-congolais-invites-a-imiter-les-juniors"},"author":{"name":"cfeditorfr","@id":"https:\/\/www.africa-press.net\/congo-brazzaville\/#\/schema\/person\/2b1cf3cd81a31e3cd26889ca66d677f1"},"headline":"Tournoi de l&rsquo; Uniffac: les U-17 congolais invit\u00e9s \u00e0 imiter les juniors","datePublished":"2023-01-06T17:18:39+00:00","mainEntityOfPage":{"@id":"https:\/\/www.africa-press.net\/congo-brazzaville\/politique\/tournoi-de-l-uniffac-les-u-17-congolais-invites-a-imiter-les-juniors"},"wordCount":270,"commentCount":0,"image":{"@id":"https:\/\/www.africa-press.net\/congo-brazzaville\/politique\/tournoi-de-l-uniffac-les-u-17-congolais-invites-a-imiter-les-juniors#primaryimage"},"thumbnailUrl":"https:\/\/static.africa-press.net\/congo-brazzaville\/sites\/51\/2023\/01\/postQueueImg_1673012923.17.jpg","keywords":["Africa Press","Africa Press-Congo Brazzaville","Congo Brazzaville"],"articleSection":["Sports","Toutes les actualit\u00e9s"],"inLanguage":"fr-FR","potentialAction":[{"@type":"CommentAction","name":"Comment","target":["https:\/\/www.africa-press.net\/congo-brazzaville\/politique\/tournoi-de-l-uniffac-les-u-17-congolais-invites-a-imiter-les-juniors#respond"]}]},{"@type":"WebPage","@id":"https:\/\/www.africa-press.net\/congo-brazzaville\/politique\/tournoi-de-l-uniffac-les-u-17-congolais-invites-a-imiter-les-juniors","url":"https:\/\/www.africa-press.net\/congo-brazzaville\/politique\/tournoi-de-l-uniffac-les-u-17-congolais-invites-a-imiter-les-juniors","name":"Tournoi de l' Uniffac: les U-17 congolais invit\u00e9s \u00e0 imiter les juniors - Congo Brazzaville","isPartOf":{"@id":"https:\/\/www.africa-press.net\/congo-brazzaville\/#website"},"primaryImageOfPage":{"@id":"https:\/\/www.africa-press.net\/congo-brazzaville\/politique\/tournoi-de-l-uniffac-les-u-17-congolais-invites-a-imiter-les-juniors#primaryimage"},"image":{"@id":"https:\/\/www.africa-press.net\/congo-brazzaville\/politique\/tournoi-de-l-uniffac-les-u-17-congolais-invites-a-imiter-les-juniors#primaryimage"},"thumbnailUrl":"https:\/\/static.africa-press.net\/congo-brazzaville\/sites\/51\/2023\/01\/postQueueImg_1673012923.17.jpg","datePublished":"2023-01-06T17:18:39+00:00","author":{"@id":"https:\/\/www.africa-press.net\/congo-brazzaville\/#\/schema\/person\/2b1cf3cd81a31e3cd26889ca66d677f1"},"breadcrumb":{"@id":"https:\/\/www.africa-press.net\/congo-brazzaville\/politique\/tournoi-de-l-uniffac-les-u-17-congolais-invites-a-imiter-les-juniors#breadcrumb"},"inLanguage":"fr-FR","potentialAction":[{"@type":"ReadAction","target":["https:\/\/www.africa-press.net\/congo-brazzaville\/politique\/tournoi-de-l-uniffac-les-u-17-congolais-invites-a-imiter-les-juniors"]}]},{"@type":"ImageObject","inLanguage":"fr-FR","@id":"https:\/\/www.africa-press.net\/congo-brazzaville\/politique\/tournoi-de-l-uniffac-les-u-17-congolais-invites-a-imiter-les-juniors#primaryimage","url":"https:\/\/static.africa-press.net\/congo-brazzaville\/sites\/51\/2023\/01\/postQueueImg_1673012923.17.jpg","contentUrl":"https:\/\/static.africa-press.net\/congo-brazzaville\/sites\/51\/2023\/01\/postQueueImg_1673012923.17.jpg","width":960,"height":540,"caption":"Tournoi de l' Uniffac: les U-17 congolais invit\u00e9s \u00e0 imiter les juniors"},{"@type":"BreadcrumbList","@id":"https:\/\/www.africa-press.net\/congo-brazzaville\/politique\/tournoi-de-l-uniffac-les-u-17-congolais-invites-a-imiter-les-juniors#breadcrumb","itemListElement":[{"@type":"ListItem","position":1,"name":"Accueil","item":"https:\/\/www.africa-press.net\/congo-brazzaville\/"},{"@type":"ListItem","position":2,"name":"Tournoi de l&rsquo; Uniffac: les U-17 congolais invit\u00e9s \u00e0 imiter les juniors"}]},{"@type":"WebSite","@id":"https:\/\/www.africa-press.net\/congo-brazzaville\/#website","url":"https:\/\/www.africa-press.net\/congo-brazzaville\/","name":"Congo Brazzaville","description":"Just another Africa News Agency Sites site","potentialAction":[{"@type":"SearchAction","target":{"@type":"EntryPoint","urlTemplate":"https:\/\/www.africa-press.net\/congo-brazzaville\/?s={search_term_string}"},"query-input":{"@type":"PropertyValueSpecification","valueRequired":true,"valueName":"search_term_string"}}],"inLanguage":"fr-FR"},{"@type":"Person","@id":"https:\/\/www.africa-press.net\/congo-brazzaville\/#\/schema\/person\/2b1cf3cd81a31e3cd26889ca66d677f1","name":"cfeditorfr"}]}},"_links":{"self":[{"href":"https:\/\/www.africa-press.net\/congo-brazzaville\/wp-json\/wp\/v2\/posts\/13124","targetHints":{"allow":["GET"]}}],"collection":[{"href":"https:\/\/www.africa-press.net\/congo-brazzaville\/wp-json\/wp\/v2\/posts"}],"about":[{"href":"https:\/\/www.africa-press.net\/congo-brazzaville\/wp-json\/wp\/v2\/types\/post"}],"author":[{"embeddable":true,"href":"https:\/\/www.africa-press.net\/congo-brazzaville\/wp-json\/wp\/v2\/users\/82"}],"replies":[{"embeddable":true,"href":"https:\/\/www.africa-press.net\/congo-brazzaville\/wp-json\/wp\/v2\/comments?post=13124"}],"version-history":[{"count":0,"href":"https:\/\/www.africa-press.net\/congo-brazzaville\/wp-json\/wp\/v2\/posts\/13124\/revisions"}],"wp:featuredmedia":[{"embeddable":true,"href":"https:\/\/www.africa-press.net\/congo-brazzaville\/wp-json\/wp\/v2\/media\/13123"}],"wp:attachment":[{"href":"https:\/\/www.africa-press.net\/congo-brazzaville\/wp-json\/wp\/v2\/media?parent=13124"}],"wp:term":[{"taxonomy":"category","embeddable":true,"href":"https:\/\/www.africa-press.net\/congo-brazzaville\/wp-json\/wp\/v2\/categories?post=13124"},{"taxonomy":"post_tag","embeddable":true,"href":"https:\/\/www.africa-press.net\/congo-brazzaville\/wp-json\/wp\/v2\/tags?post=13124"}],"curies":[{"name":"wp","href":"https:\/\/api.w.org\/{rel}","templated":true}]}}