{"id":1314,"date":"2021-08-23T21:45:44","date_gmt":"2021-08-23T21:45:44","guid":{"rendered":"https:\/\/www.africa-press.net\/congo-brazzaville\/?p=1314"},"modified":"2021-08-23T21:36:57","modified_gmt":"2021-08-23T21:36:57","slug":"cite-umoja-innossb-a-tenu-parole","status":"publish","type":"post","link":"https:\/\/www.africa-press.net\/congo-brazzaville\/culture-et-art\/cite-umoja-innossb-a-tenu-parole","title":{"rendered":"Cit\u00e9 Umoja  : Innoss\u2019B a tenu parole"},"content":{"rendered":"<p><span style=\"color: #ff6600\"><strong><a href=\"https:\/\/www.africa-press.net\/\">Africa-Press<\/a> &#8211; <a href=\"https:\/\/www.africa-press.net\/congo-brazzaville\">Congo Brazzaville<\/a>. <\/strong><\/span><b>Chose promise, chose due, la fondation du jeune chanteur natif de Goma a construit dix maisons sur la rue Kalesha, quartier Lac Vert, pour loger des familles sinistr\u00e9es \u00e0 la suite de l\u2019\u00e9ruption du Nyiragongo survenue la nuit du 22 mai comme annonc\u00e9 le 3 juillet, \u00e0 l\u2019occasion de sa sortie \u00e0 Kinshasa.<\/b><\/p>\n<p>Sans tambours ni trompettes, Innoss\u2019B s\u2019est content\u00e9 de poster une courte vid\u00e9o de presque quarante minutes o\u00f9 on le voit accoud\u00e9 sur une des cl\u00f4tures en bois peintes en blanc. Un aper\u00e7u g\u00e9n\u00e9ral des nouvelles constructions align\u00e9es face \u00e0 face est offert par les images qui balaient l\u2019ensemble de la propri\u00e9t\u00e9. La petite cit\u00e9 construite sur un terrain de 20\/44 sur la rue Kalesha, au quartier Lac Vert, donne envie. \u00ab La Cit\u00e9 Umoja est pr\u00eate \u00e0 accueillir les sinistr\u00e9s d\u00e8s demain \u00bb, a post\u00e9, le 20 ao\u00fbt, Innoss\u2019B sur son compte Facebook officiel en fin d\u2019apr\u00e8s-midi comme l\u00e9gende de la vid\u00e9o de pr\u00e9sentation. Les heures qui ont suivi, pratiquement tout le week-end, les images ont fait le tour des r\u00e9seaux sociaux. Un buzz qui ram\u00e8ne les regards vers l\u2019interpr\u00e8te en s\u00e9jour dans sa contr\u00e9e natale.<\/p>\n<p>Philanthrope est le nouveau qualificatif que l\u2019on accole d\u00e9sormais au chanteur, rappeur, qui a fait aussi ses preuves comme danseur et auteur-compositeur-interpr\u00e8te. Le jeune artiste de 24 ans, d\u00e9j\u00e0 adul\u00e9 par des milliers de fans, qui le suivent sur les r\u00e9seaux sociaux et se montrent admiratifs face \u00e0 son talent, a d\u00e9sormais de nouveaux sympathisants. \u00ab Jeune leader \u00bb, comme aiment l\u2019appeler plusieurs, eu \u00e9gard \u00e0 son talent pr\u00e9coce, est f\u00e9licit\u00e9 de toute part. \u00ab Vous m\u00e9ritez un grand respect. Mod\u00e8le \u00e0 suivre pour la jeunesse congolaise en particulier et africaine en g\u00e9n\u00e9ral \u00bb, a d\u2019ailleurs dit un fan \u00e0 propos. Notons que les Gomatraciens, s\u2019ils sont nombreux \u00e0 l\u2019encenser, ne sont pas les seuls. \u00ab F\u00e9licitations \u00bb est le mot qui revient souvent dans la plupart des 2 200 commentaires post\u00e9s en dessous de la vid\u00e9o.<\/p>\n<p><b>Trois mois et le tour est jou\u00e9<\/b><\/p>\n<p>Plusieurs internautes n\u2019ont pu s\u2019emp\u00eacher \u00e0 l\u2019occasion de comparer le geste caritatif d\u2019Innoss B, ses maisons pr\u00e9fabriqu\u00e9es, avec les abris de fortune, en toile, r\u00e9alis\u00e9s pour les sinistr\u00e9s par le gouvernement. Nombreux, en effet, se sont montr\u00e9s tr\u00e8s critiques \u00e0 l\u2019\u00e9gard des politiques. Tandis que d\u2019autres estiment que m\u00eame ses homologues musiciens n\u2019ont jamais \u0153uvr\u00e9 de la sorte. L\u2019on peut lire notamment : \u00ab F\u00e9licitations \u00e0 toi jeune leader, tu as fait ce que le gouvernement m\u00eame est incapable de faire, il faut avoir un c\u0153ur et un vrai sens d\u2019humanisme pour faire pareil geste. Tu m\u00e9rites m\u00eame d\u2019\u00eatre d\u00e9cor\u00e9 par la chancellerie des ordres nationaux, personne dans l\u2019histoire et de la musique et de la politique n\u2019a pu faire ce que tu viens de faire \u00bb. D\u2019autres fans et m\u00e9lomanes sont convaincus que ses a\u00een\u00e9s doivent prendre exemple sur lui.<\/p>\n<p>Les fans qui ont toujours soutenu la jeune star se r\u00e9jouissent vraiment du fait qu\u2019il fasse exception, mais surtout qu\u2019Innoss\u2019B ait tenu parole. Le 3 juillet, la directrice de sa fondation, Bibiche Ndakala, avait parl\u00e9 d\u2019une collecte de fonds lanc\u00e9e en faveur des sinistr\u00e9s \u00e0 travers la campagne \u00ab #SOSpourGoma \u00bb. La somme mobilis\u00e9e \u00e0 l\u2019\u00e9poque s\u2019\u00e9levait \u00e0 6600 $. Elle avait alors signifi\u00e9 : \u00ab L\u2019objectif est d\u2019atteindre 100 000$ \u00bb. Que le terrain d\u00e9j\u00e0 acquis \u00ab de 20\/44 sur la rue Kalesha, quartier Lac Vert \u00e0 Goma dans la commune de Goma \u00bb allait \u00eatre mis en valeur avec la construction de \u00ab dix maisons pour les sans-abris \u00bb identifi\u00e9s. La promesse a \u00e9t\u00e9 tenue, c\u2019est chose faite et, selon la d\u00e9claration d\u2019Innoss\u2019B vendredi, elles devraient \u00eatre habit\u00e9es depuis le 21 ao\u00fbt.<\/p>\n<p>Finalement, c\u2019est en presque trois mois qu\u2019Innoss\u2019B est parvenu \u00e0 r\u00e9aliser son v\u0153u, quitte \u00e0 \u00ab rendre certaines familles heureuses et redonner le sourire \u00e0 plusieurs personnes \u00bb. En effet, ant\u00e9rieure \u00e0 la fondation IF, la campagne #SOSpourGoma avait \u00e9t\u00e9 lanc\u00e9e le 24 mai, deux jours apr\u00e8s l\u2019\u00e9ruption du Nyiragongo. Le volcan situ\u00e9 dans les montagnes des Virunga est \u00e0 une vingtaine de kilom\u00e8tres au nord de la ville de Goma et du lac Kivu, dans la province du Nord-Kivu.<\/p>\n\r\n                <style type=\"text\/css\">\r\n                    \r\n                    #td_uid_1_69f7015f45abc  .td-doubleSlider-2 .td-item1 {\r\n                        background: url(https:\/\/static.africa-press.net\/centrafricaine\/sites\/51\/2021\/08\/img-612414d0c65e0-80x60.jpg) 0 0 no-repeat;\r\n                    }\r\n                    #td_uid_1_69f7015f45abc  .td-doubleSlider-2 .td-item2 {\r\n                        background: url(https:\/\/static.africa-press.net\/centrafricaine\/sites\/51\/2021\/08\/img-612414dabd52b-80x60.jpg) 0 0 no-repeat;\r\n                    }\r\n                <\/style>\r\n\r\n                <div id=\"td_uid_1_69f7015f45abc\" class=\"td-gallery td-slide-on-2-columns\">\r\n                    <div class=\"post_td_gallery\">\r\n                        <div class=\"td-gallery-slide-top\">\r\n                           <div class=\"td-gallery-title\"><\/div>\r\n\r\n                            <div class=\"td-gallery-controls-wrapper\">\r\n                                <div class=\"td-gallery-slide-count\"><span class=\"td-gallery-slide-item-focus\">1<\/span> de 3<\/div>\r\n                                <div class=\"td-gallery-slide-prev-next-but\">\r\n                                    <i class = \"td-icon-left doubleSliderPrevButton\"><\/i>\r\n                                    <i class = \"td-icon-right doubleSliderNextButton\"><\/i>\r\n                                <\/div>\r\n                            <\/div>\r\n                        <\/div>\r\n\r\n                        <div class = \"td-doubleSlider-1 \">\r\n                            <div class = \"td-slider\">\r\n                                \r\n                    <div class = \"td-slide-item td-item1\">\r\n                        <figure class=\"td-slide-galery-figure td-slide-popup-gallery\">\r\n                            <a class=\"slide-gallery-image-link\" href=\"https:\/\/static.africa-press.net\/centrafricaine\/sites\/51\/2021\/08\/img-612414d0c65e0.jpg\" title=\"img-612414d0c65e0\"  data-caption=\"\"  data-description=\"\">\r\n                                <img decoding=\"async\" src=\"https:\/\/static.africa-press.net\/centrafricaine\/sites\/51\/2021\/08\/img-612414d0c65e0.jpg\" srcset=\"https:\/\/static.africa-press.net\/congo-brazzaville\/sites\/51\/2021\/08\/img-612414d0c65e0.jpg 720w, https:\/\/static.africa-press.net\/congo-brazzaville\/sites\/51\/2021\/08\/img-612414d0c65e0-225x300.jpg 225w\" sizes=\"(max-width: 720px) 100vw, 720px\" alt=\"\">\r\n                            <\/a>\r\n                            \r\n                        <\/figure>\r\n                    <\/div>\r\n                    <div class = \"td-slide-item td-item2\">\r\n                        <figure class=\"td-slide-galery-figure td-slide-popup-gallery\">\r\n                            <a class=\"slide-gallery-image-link\" href=\"https:\/\/static.africa-press.net\/centrafricaine\/sites\/51\/2021\/08\/img-612414dabd52b.jpg\" title=\"img-612414dabd52b\"  data-caption=\"\"  data-description=\"\">\r\n                                <img decoding=\"async\" src=\"https:\/\/static.africa-press.net\/centrafricaine\/sites\/51\/2021\/08\/img-612414dabd52b.jpg\" srcset=\"https:\/\/static.africa-press.net\/congo-brazzaville\/sites\/51\/2021\/08\/img-612414dabd52b.jpg 720w, https:\/\/static.africa-press.net\/congo-brazzaville\/sites\/51\/2021\/08\/img-612414dabd52b-300x225.jpg 300w, https:\/\/static.africa-press.net\/congo-brazzaville\/sites\/51\/2021\/08\/img-612414dabd52b-80x60.jpg 80w\" sizes=\"(max-width: 720px) 100vw, 720px\" alt=\"\">\r\n                            <\/a>\r\n                            \r\n                        <\/figure>\r\n                    <\/div>\r\n                            <\/div>\r\n                        <\/div>\r\n\r\n                        <div class = \"td-doubleSlider-2\">\r\n                            <div class = \"td-slider\">\r\n                                \r\n                    <div class = \"td-button td-item1\">\r\n                        <div class = \"td-border\"><\/div>\r\n                    <\/div>\r\n                    <div class = \"td-button td-item2\">\r\n                        <div class = \"td-border\"><\/div>\r\n                    <\/div>\r\n                            <\/div>\r\n                        <\/div>\r\n\r\n                    <\/div>\r\n\r\n                <\/div>\r\n                \n","protected":false},"excerpt":{"rendered":"<p>Africa-Press &#8211; Congo Brazzaville. Chose promise, chose due, la fondation du jeune chanteur natif de Goma a construit dix maisons sur la rue Kalesha, quartier Lac Vert, pour loger des familles sinistr\u00e9es \u00e0 la suite de l\u2019\u00e9ruption du Nyiragongo survenue la nuit du 22 mai comme annonc\u00e9 le 3 juillet, \u00e0 l\u2019occasion de sa sortie [&hellip;]<\/p>\n","protected":false},"author":82,"featured_media":1313,"comment_status":"open","ping_status":"closed","sticky":false,"template":"","format":"standard","meta":{"footnotes":""},"categories":[5,11,8,10],"tags":[36,47,46],"class_list":["post-1314","post","type-post","status-publish","format-standard","has-post-thumbnail","hentry","category-culture-et-art","category-homepage-french","category-photo","category-toutes-les-actualites","tag-africa-press","tag-africa-press-congo-brazzaville","tag-congo-brazzaville"],"yoast_head":"<!-- This site is optimized with the Yoast SEO Premium plugin v26.1 (Yoast SEO v27.0) - https:\/\/yoast.com\/product\/yoast-seo-premium-wordpress\/ -->\n<title>Cit\u00e9 Umoja : Innoss\u2019B a tenu parole - Congo Brazzaville<\/title>\n<meta name=\"description\" content=\"Chose promise, chose due, la fondation du jeune chanteur natif de Goma a construit dix maisons sur la rue Kalesha, qu ...\" \/>\n<meta name=\"robots\" content=\"index, follow, max-snippet:-1, max-image-preview:large, max-video-preview:-1\" \/>\n<link rel=\"canonical\" href=\"https:\/\/www.africa-press.net\/congo-brazzaville\/culture-et-art\/cite-umoja-innossb-a-tenu-parole\" \/>\n<meta property=\"og:locale\" content=\"fr_FR\" \/>\n<meta property=\"og:type\" content=\"article\" \/>\n<meta property=\"og:title\" content=\"Cit\u00e9 Umoja : Innoss\u2019B a tenu parole\" \/>\n<meta property=\"og:description\" content=\"Chose promise, chose due, la fondation du jeune chanteur natif de Goma a construit dix maisons sur la rue Kalesha, qu ...\" \/>\n<meta property=\"og:url\" content=\"https:\/\/www.africa-press.net\/congo-brazzaville\/culture-et-art\/cite-umoja-innossb-a-tenu-parole\" \/>\n<meta property=\"og:site_name\" content=\"Congo Brazzaville\" \/>\n<meta property=\"article:published_time\" content=\"2021-08-23T21:45:44+00:00\" \/>\n<meta property=\"og:image\" content=\"https:\/\/static.africa-press.net\/centrafricaine\/sites\/51\/2021\/08\/img-612414e1ed6ac.jpg\" \/>\n\t<meta property=\"og:image:width\" content=\"720\" \/>\n\t<meta property=\"og:image:height\" content=\"540\" \/>\n\t<meta property=\"og:image:type\" content=\"image\/jpeg\" \/>\n<meta name=\"author\" content=\"cfeditorfr\" \/>\n<meta name=\"twitter:card\" content=\"summary_large_image\" \/>\n<meta name=\"twitter:label1\" content=\"\u00c9crit par\" \/>\n\t<meta name=\"twitter:data1\" content=\"cfeditorfr\" \/>\n\t<meta name=\"twitter:label2\" content=\"Dur\u00e9e de lecture estim\u00e9e\" \/>\n\t<meta name=\"twitter:data2\" content=\"4 minutes\" \/>\n<script type=\"application\/ld+json\" class=\"yoast-schema-graph\">{\"@context\":\"https:\/\/schema.org\",\"@graph\":[{\"@type\":\"Article\",\"@id\":\"https:\/\/www.africa-press.net\/congo-brazzaville\/culture-et-art\/cite-umoja-innossb-a-tenu-parole#article\",\"isPartOf\":{\"@id\":\"https:\/\/www.africa-press.net\/congo-brazzaville\/culture-et-art\/cite-umoja-innossb-a-tenu-parole\"},\"author\":{\"name\":\"cfeditorfr\",\"@id\":\"https:\/\/www.africa-press.net\/congo-brazzaville\/#\/schema\/person\/2b1cf3cd81a31e3cd26889ca66d677f1\"},\"headline\":\"Cit\u00e9 Umoja : Innoss\u2019B a tenu parole\",\"datePublished\":\"2021-08-23T21:45:44+00:00\",\"mainEntityOfPage\":{\"@id\":\"https:\/\/www.africa-press.net\/congo-brazzaville\/culture-et-art\/cite-umoja-innossb-a-tenu-parole\"},\"wordCount\":759,\"commentCount\":0,\"image\":{\"@id\":\"https:\/\/www.africa-press.net\/congo-brazzaville\/culture-et-art\/cite-umoja-innossb-a-tenu-parole#primaryimage\"},\"thumbnailUrl\":\"https:\/\/static.africa-press.net\/centrafricaine\/sites\/51\/2021\/08\/img-612414e1ed6ac.jpg\",\"keywords\":[\"Africa Press\",\"Africa Press-Congo Brazzaville\",\"Congo Brazzaville\"],\"articleSection\":[\"Culture et Art\",\"homepage-french\",\"Photo\",\"Toutes les actualit\u00e9s\"],\"inLanguage\":\"fr-FR\",\"potentialAction\":[{\"@type\":\"CommentAction\",\"name\":\"Comment\",\"target\":[\"https:\/\/www.africa-press.net\/congo-brazzaville\/culture-et-art\/cite-umoja-innossb-a-tenu-parole#respond\"]}]},{\"@type\":\"WebPage\",\"@id\":\"https:\/\/www.africa-press.net\/congo-brazzaville\/culture-et-art\/cite-umoja-innossb-a-tenu-parole\",\"url\":\"https:\/\/www.africa-press.net\/congo-brazzaville\/culture-et-art\/cite-umoja-innossb-a-tenu-parole\",\"name\":\"Cit\u00e9 Umoja : Innoss\u2019B a tenu parole - Congo Brazzaville\",\"isPartOf\":{\"@id\":\"https:\/\/www.africa-press.net\/congo-brazzaville\/#website\"},\"primaryImageOfPage\":{\"@id\":\"https:\/\/www.africa-press.net\/congo-brazzaville\/culture-et-art\/cite-umoja-innossb-a-tenu-parole#primaryimage\"},\"image\":{\"@id\":\"https:\/\/www.africa-press.net\/congo-brazzaville\/culture-et-art\/cite-umoja-innossb-a-tenu-parole#primaryimage\"},\"thumbnailUrl\":\"https:\/\/static.africa-press.net\/centrafricaine\/sites\/51\/2021\/08\/img-612414e1ed6ac.jpg\",\"datePublished\":\"2021-08-23T21:45:44+00:00\",\"author\":{\"@id\":\"https:\/\/www.africa-press.net\/congo-brazzaville\/#\/schema\/person\/2b1cf3cd81a31e3cd26889ca66d677f1\"},\"description\":\"Chose promise, chose due, la fondation du jeune chanteur natif de Goma a construit dix maisons sur la rue Kalesha, qu ...\",\"breadcrumb\":{\"@id\":\"https:\/\/www.africa-press.net\/congo-brazzaville\/culture-et-art\/cite-umoja-innossb-a-tenu-parole#breadcrumb\"},\"inLanguage\":\"fr-FR\",\"potentialAction\":[{\"@type\":\"ReadAction\",\"target\":[\"https:\/\/www.africa-press.net\/congo-brazzaville\/culture-et-art\/cite-umoja-innossb-a-tenu-parole\"]}]},{\"@type\":\"ImageObject\",\"inLanguage\":\"fr-FR\",\"@id\":\"https:\/\/www.africa-press.net\/congo-brazzaville\/culture-et-art\/cite-umoja-innossb-a-tenu-parole#primaryimage\",\"url\":\"https:\/\/static.africa-press.net\/centrafricaine\/sites\/51\/2021\/08\/img-612414e1ed6ac.jpg\",\"contentUrl\":\"https:\/\/static.africa-press.net\/centrafricaine\/sites\/51\/2021\/08\/img-612414e1ed6ac.jpg\",\"width\":720,\"height\":540,\"caption\":\"Cit\u00e9 Umoja : Innoss\u2019B a tenu parole\"},{\"@type\":\"BreadcrumbList\",\"@id\":\"https:\/\/www.africa-press.net\/congo-brazzaville\/culture-et-art\/cite-umoja-innossb-a-tenu-parole#breadcrumb\",\"itemListElement\":[{\"@type\":\"ListItem\",\"position\":1,\"name\":\"Accueil\",\"item\":\"https:\/\/www.africa-press.net\/congo-brazzaville\/\"},{\"@type\":\"ListItem\",\"position\":2,\"name\":\"Cit\u00e9 Umoja : Innoss\u2019B a tenu parole\"}]},{\"@type\":\"WebSite\",\"@id\":\"https:\/\/www.africa-press.net\/congo-brazzaville\/#website\",\"url\":\"https:\/\/www.africa-press.net\/congo-brazzaville\/\",\"name\":\"Congo Brazzaville\",\"description\":\"Just another Africa News Agency Sites site\",\"potentialAction\":[{\"@type\":\"SearchAction\",\"target\":{\"@type\":\"EntryPoint\",\"urlTemplate\":\"https:\/\/www.africa-press.net\/congo-brazzaville\/?s={search_term_string}\"},\"query-input\":{\"@type\":\"PropertyValueSpecification\",\"valueRequired\":true,\"valueName\":\"search_term_string\"}}],\"inLanguage\":\"fr-FR\"},{\"@type\":\"Person\",\"@id\":\"https:\/\/www.africa-press.net\/congo-brazzaville\/#\/schema\/person\/2b1cf3cd81a31e3cd26889ca66d677f1\",\"name\":\"cfeditorfr\"}]}<\/script>\n<!-- \/ Yoast SEO Premium plugin. -->","yoast_head_json":{"title":"Cit\u00e9 Umoja : Innoss\u2019B a tenu parole - Congo Brazzaville","description":"Chose promise, chose due, la fondation du jeune chanteur natif de Goma a construit dix maisons sur la rue Kalesha, qu ...","robots":{"index":"index","follow":"follow","max-snippet":"max-snippet:-1","max-image-preview":"max-image-preview:large","max-video-preview":"max-video-preview:-1"},"canonical":"https:\/\/www.africa-press.net\/congo-brazzaville\/culture-et-art\/cite-umoja-innossb-a-tenu-parole","og_locale":"fr_FR","og_type":"article","og_title":"Cit\u00e9 Umoja : Innoss\u2019B a tenu parole","og_description":"Chose promise, chose due, la fondation du jeune chanteur natif de Goma a construit dix maisons sur la rue Kalesha, qu ...","og_url":"https:\/\/www.africa-press.net\/congo-brazzaville\/culture-et-art\/cite-umoja-innossb-a-tenu-parole","og_site_name":"Congo Brazzaville","article_published_time":"2021-08-23T21:45:44+00:00","og_image":[{"width":720,"height":540,"url":"https:\/\/static.africa-press.net\/centrafricaine\/sites\/51\/2021\/08\/img-612414e1ed6ac.jpg","type":"image\/jpeg"}],"author":"cfeditorfr","twitter_card":"summary_large_image","twitter_misc":{"\u00c9crit par":"cfeditorfr","Dur\u00e9e de lecture estim\u00e9e":"4 minutes"},"schema":{"@context":"https:\/\/schema.org","@graph":[{"@type":"Article","@id":"https:\/\/www.africa-press.net\/congo-brazzaville\/culture-et-art\/cite-umoja-innossb-a-tenu-parole#article","isPartOf":{"@id":"https:\/\/www.africa-press.net\/congo-brazzaville\/culture-et-art\/cite-umoja-innossb-a-tenu-parole"},"author":{"name":"cfeditorfr","@id":"https:\/\/www.africa-press.net\/congo-brazzaville\/#\/schema\/person\/2b1cf3cd81a31e3cd26889ca66d677f1"},"headline":"Cit\u00e9 Umoja : Innoss\u2019B a tenu parole","datePublished":"2021-08-23T21:45:44+00:00","mainEntityOfPage":{"@id":"https:\/\/www.africa-press.net\/congo-brazzaville\/culture-et-art\/cite-umoja-innossb-a-tenu-parole"},"wordCount":759,"commentCount":0,"image":{"@id":"https:\/\/www.africa-press.net\/congo-brazzaville\/culture-et-art\/cite-umoja-innossb-a-tenu-parole#primaryimage"},"thumbnailUrl":"https:\/\/static.africa-press.net\/centrafricaine\/sites\/51\/2021\/08\/img-612414e1ed6ac.jpg","keywords":["Africa Press","Africa Press-Congo Brazzaville","Congo Brazzaville"],"articleSection":["Culture et Art","homepage-french","Photo","Toutes les actualit\u00e9s"],"inLanguage":"fr-FR","potentialAction":[{"@type":"CommentAction","name":"Comment","target":["https:\/\/www.africa-press.net\/congo-brazzaville\/culture-et-art\/cite-umoja-innossb-a-tenu-parole#respond"]}]},{"@type":"WebPage","@id":"https:\/\/www.africa-press.net\/congo-brazzaville\/culture-et-art\/cite-umoja-innossb-a-tenu-parole","url":"https:\/\/www.africa-press.net\/congo-brazzaville\/culture-et-art\/cite-umoja-innossb-a-tenu-parole","name":"Cit\u00e9 Umoja : Innoss\u2019B a tenu parole - Congo Brazzaville","isPartOf":{"@id":"https:\/\/www.africa-press.net\/congo-brazzaville\/#website"},"primaryImageOfPage":{"@id":"https:\/\/www.africa-press.net\/congo-brazzaville\/culture-et-art\/cite-umoja-innossb-a-tenu-parole#primaryimage"},"image":{"@id":"https:\/\/www.africa-press.net\/congo-brazzaville\/culture-et-art\/cite-umoja-innossb-a-tenu-parole#primaryimage"},"thumbnailUrl":"https:\/\/static.africa-press.net\/centrafricaine\/sites\/51\/2021\/08\/img-612414e1ed6ac.jpg","datePublished":"2021-08-23T21:45:44+00:00","author":{"@id":"https:\/\/www.africa-press.net\/congo-brazzaville\/#\/schema\/person\/2b1cf3cd81a31e3cd26889ca66d677f1"},"description":"Chose promise, chose due, la fondation du jeune chanteur natif de Goma a construit dix maisons sur la rue Kalesha, qu ...","breadcrumb":{"@id":"https:\/\/www.africa-press.net\/congo-brazzaville\/culture-et-art\/cite-umoja-innossb-a-tenu-parole#breadcrumb"},"inLanguage":"fr-FR","potentialAction":[{"@type":"ReadAction","target":["https:\/\/www.africa-press.net\/congo-brazzaville\/culture-et-art\/cite-umoja-innossb-a-tenu-parole"]}]},{"@type":"ImageObject","inLanguage":"fr-FR","@id":"https:\/\/www.africa-press.net\/congo-brazzaville\/culture-et-art\/cite-umoja-innossb-a-tenu-parole#primaryimage","url":"https:\/\/static.africa-press.net\/centrafricaine\/sites\/51\/2021\/08\/img-612414e1ed6ac.jpg","contentUrl":"https:\/\/static.africa-press.net\/centrafricaine\/sites\/51\/2021\/08\/img-612414e1ed6ac.jpg","width":720,"height":540,"caption":"Cit\u00e9 Umoja : Innoss\u2019B a tenu parole"},{"@type":"BreadcrumbList","@id":"https:\/\/www.africa-press.net\/congo-brazzaville\/culture-et-art\/cite-umoja-innossb-a-tenu-parole#breadcrumb","itemListElement":[{"@type":"ListItem","position":1,"name":"Accueil","item":"https:\/\/www.africa-press.net\/congo-brazzaville\/"},{"@type":"ListItem","position":2,"name":"Cit\u00e9 Umoja : Innoss\u2019B a tenu parole"}]},{"@type":"WebSite","@id":"https:\/\/www.africa-press.net\/congo-brazzaville\/#website","url":"https:\/\/www.africa-press.net\/congo-brazzaville\/","name":"Congo Brazzaville","description":"Just another Africa News Agency Sites site","potentialAction":[{"@type":"SearchAction","target":{"@type":"EntryPoint","urlTemplate":"https:\/\/www.africa-press.net\/congo-brazzaville\/?s={search_term_string}"},"query-input":{"@type":"PropertyValueSpecification","valueRequired":true,"valueName":"search_term_string"}}],"inLanguage":"fr-FR"},{"@type":"Person","@id":"https:\/\/www.africa-press.net\/congo-brazzaville\/#\/schema\/person\/2b1cf3cd81a31e3cd26889ca66d677f1","name":"cfeditorfr"}]}},"_links":{"self":[{"href":"https:\/\/www.africa-press.net\/congo-brazzaville\/wp-json\/wp\/v2\/posts\/1314","targetHints":{"allow":["GET"]}}],"collection":[{"href":"https:\/\/www.africa-press.net\/congo-brazzaville\/wp-json\/wp\/v2\/posts"}],"about":[{"href":"https:\/\/www.africa-press.net\/congo-brazzaville\/wp-json\/wp\/v2\/types\/post"}],"author":[{"embeddable":true,"href":"https:\/\/www.africa-press.net\/congo-brazzaville\/wp-json\/wp\/v2\/users\/82"}],"replies":[{"embeddable":true,"href":"https:\/\/www.africa-press.net\/congo-brazzaville\/wp-json\/wp\/v2\/comments?post=1314"}],"version-history":[{"count":0,"href":"https:\/\/www.africa-press.net\/congo-brazzaville\/wp-json\/wp\/v2\/posts\/1314\/revisions"}],"wp:featuredmedia":[{"embeddable":true,"href":"https:\/\/www.africa-press.net\/congo-brazzaville\/wp-json\/wp\/v2\/media\/1313"}],"wp:attachment":[{"href":"https:\/\/www.africa-press.net\/congo-brazzaville\/wp-json\/wp\/v2\/media?parent=1314"}],"wp:term":[{"taxonomy":"category","embeddable":true,"href":"https:\/\/www.africa-press.net\/congo-brazzaville\/wp-json\/wp\/v2\/categories?post=1314"},{"taxonomy":"post_tag","embeddable":true,"href":"https:\/\/www.africa-press.net\/congo-brazzaville\/wp-json\/wp\/v2\/tags?post=1314"}],"curies":[{"name":"wp","href":"https:\/\/api.w.org\/{rel}","templated":true}]}}