{"id":13146,"date":"2023-01-07T18:56:29","date_gmt":"2023-01-07T18:56:29","guid":{"rendered":"https:\/\/www.africa-press.net\/congo-brazzaville\/politique\/pnd-2022-2026-lannee-2023-sera-decisive-dans-la-mise-en-oeuvre-des-projets-retenus"},"modified":"2023-01-07T18:56:29","modified_gmt":"2023-01-07T18:56:29","slug":"pnd-2022-2026-lannee-2023-sera-decisive-dans-la-mise-en-oeuvre-des-projets-retenus","status":"publish","type":"post","link":"https:\/\/www.africa-press.net\/congo-brazzaville\/politique\/pnd-2022-2026-lannee-2023-sera-decisive-dans-la-mise-en-oeuvre-des-projets-retenus","title":{"rendered":"PND 2022-2026 : l&rsquo;ann\u00e9e 2023 sera d\u00e9cisive dans la mise en \u0153uvre des projets retenus"},"content":{"rendered":"<p><span style=\"color: #ff6600\"><strong>Africa-Press &#8211; Congo Brazzaville. <\/strong><\/span><b>Le pre\u0301sident de la Re\u0301publique, Denis Sassou N\u2019Guesso, a rappele\u0301 le 6 janvier que ses engagements pris devant le peuple sont traduits dans le Plan national de de\u0301veloppement (PND) 2022-2026 dont 2023 sera l\u2019anne\u0301e de\u0301cisive dans la mise en \u0153uvre des projets retenus. <\/b><\/p>\n<p>Le chef de l\u2019Etat, s\u2019exprimant lors de la traditionnelle ce\u0301re\u0301monie d\u2019e\u0301change de v\u0153ux de Nouvel An avec les corps constitue\u0301s et les forces vives de la Nation, a indique\u0301 que pour amorcer l\u2019exe\u0301cution des projets prioritaires, il faut des ressources ne\u0301cessaires tant a\u0300 l\u2019inte\u0301rieur qu\u2019a\u0300 l\u2019exte\u0301rieur du pays.<\/p>\n<p>Selon lui, une telle mobilisation des moyens ne\u0301cessite, entre autres, de convaincre les partenaires techniques et financiers par l\u2019ardeur au travail. Il s\u2019agira aussi de les convaincre par le plaidoyer sur les atouts incontestables que pre\u0301sente le Congo; attirer les appuis recherche\u0301s en ame\u0301liorant l\u2019attractivite\u0301 du climat des affaires.<\/p>\n<p>\u00ab Ces pre\u0301alables, qui conditionnent l\u2019accompagnement de nos partenaires, demeurent a\u0300 notre porte\u0301e au regard des dispositions envisage\u0301es ou en cours d\u2019application \u00bb, a de\u0301clare\u0301 Denis Sassou N\u2019Guesso.<\/p>\n<p><b>Le partenariat public-prive\u0301, un atout de mobilisation des ressources<\/b><\/p>\n<p>Le pre\u0301sident de la Re\u0301publique qui re\u0301pondait aux v\u0153ux des corps constitue\u0301s pre\u0301sente\u0301s par le pre\u0301sident de l\u2019Assemble\u0301e nationale, Isidore Mvouba, a partage\u0301 leur optimisme sur l\u2019avenir du pays. Il a notamment mis un accent sur les progre\u0300s accomplis sur la voie du de\u0301veloppement, notamment la construction des infrastructures e\u0301voque\u0301e par le pre\u0301sident de la chambre basse du Parlement. \u00ab A l\u2019e\u0301vidence, transformer et moderniser le Congo ne sauraient e\u0302tre possibles sans e\u0301quipements ade\u0301quats. Cette option strate\u0301gique porte de\u0301ja\u0300 ses fruits depuis quelques anne\u0301es. Certes, beaucoup reste a\u0300 faire. Nous nous y attelons me\u0302me si, de nos jours, le cou\u0302t des infrastructures atteint des seuils particulie\u0300rement one\u0301reux. A ce sujet, les expe\u0301riences novatrices, a\u0300 l\u2019instar du partenariat public-prive\u0301, doivent inspirer le processus de mobilisation des ressources ne\u0301cessaires a\u0300 la mise en \u0153uvre de nos projets de construction d\u2019infrastructures \u00bb, a rappele\u0301 le pre\u0301sident de la Re\u0301publique.<\/p>\n<p>A titre d\u2019illustration, il a cite\u0301 la gestion de la nationale n\u00b01, qui enregistre d\u2019apre\u0300s lui des re\u0301sultats remarquables, en termes de maintenance, d\u2019entretien et de viabilite\u0301 de cette route lourde. \u00ab Un tel me\u0301canisme pourrait e\u0302tre e\u0301tendu a\u0300 d\u2019autres secteurs, en l\u2019occurrence aux infrastructures sportives, portuaires et ae\u0301roportuaires\u00bb, a-t-il dit.<\/p>\n<p>\u00abDe ce fait, il nous faut quitter, de manie\u0300re pe\u0301renne, le cycle ruineux de construction-destruction-reconstruction pour consolider les acquis. C\u2019est ici le lieu de fustiger fermement les actes de vandalisme perpe\u0301tre\u0301s contre le patrimoine public et les constructions anarchiques qui exposent a\u0300 la destruction des ouvrages importants \u00bb, a de\u0301plore\u0301 Denis Sassou N\u2019Guesso.<\/p>\n<p>Le chef de l\u2019Etat a, par ailleurs, rappele\u0301 que la re\u0301cession observe\u0301e de 2014 a\u0300 2016, conse\u0301cutive a\u0300 la baisse drastique des cours du pe\u0301trole, et l\u2019impact de la pande\u0301mie de covid-19 survenue en 2020, ce\u0300dent progressivement le pas a\u0300 la relance de l\u2019e\u0301conomie nationale. Ainsi, le taux de croissance de 2,6% observe\u0301 en 2022 devrait se raffermir en 2023.\r\n                <style type=\"text\/css\">\r\n                    \r\n                    #td_uid_1_69ec6025c5d9c  .td-doubleSlider-2 .td-item1 {\r\n                        background: url(https:\/\/static.africa-press.net\/congo-brazzaville\/sites\/51\/2023\/01\/postMediaimg_63_1-80x60.jpg) 0 0 no-repeat;\r\n                    }\r\n                    #td_uid_1_69ec6025c5d9c  .td-doubleSlider-2 .td-item2 {\r\n                        background: url(https:\/\/static.africa-press.net\/congo-brazzaville\/sites\/51\/2023\/01\/postMediaimg_63_2-80x60.jpg) 0 0 no-repeat;\r\n                    }\r\n                <\/style>\r\n\r\n                <div id=\"td_uid_1_69ec6025c5d9c\" class=\"td-gallery td-slide-on-2-columns\">\r\n                    <div class=\"post_td_gallery\">\r\n                        <div class=\"td-gallery-slide-top\">\r\n                           <div class=\"td-gallery-title\"><\/div>\r\n\r\n                            <div class=\"td-gallery-controls-wrapper\">\r\n                                <div class=\"td-gallery-slide-count\"><span class=\"td-gallery-slide-item-focus\">1<\/span> de 2<\/div>\r\n                                <div class=\"td-gallery-slide-prev-next-but\">\r\n                                    <i class = \"td-icon-left doubleSliderPrevButton\"><\/i>\r\n                                    <i class = \"td-icon-right doubleSliderNextButton\"><\/i>\r\n                                <\/div>\r\n                            <\/div>\r\n                        <\/div>\r\n\r\n                        <div class = \"td-doubleSlider-1 \">\r\n                            <div class = \"td-slider\">\r\n                                \r\n                    <div class = \"td-slide-item td-item1\">\r\n                        <figure class=\"td-slide-galery-figure td-slide-popup-gallery\">\r\n                            <a class=\"slide-gallery-image-link\" href=\"https:\/\/static.africa-press.net\/congo-brazzaville\/sites\/51\/2023\/01\/postMediaimg_63_1.jpg\" title=\"postMediaimg_63_1\"  data-caption=\"\"  data-description=\"\">\r\n                                <img decoding=\"async\" src=\"https:\/\/static.africa-press.net\/congo-brazzaville\/sites\/51\/2023\/01\/postMediaimg_63_1.jpg\" srcset=\"https:\/\/static.africa-press.net\/congo-brazzaville\/sites\/51\/2023\/01\/postMediaimg_63_1.jpg 1024w, https:\/\/static.africa-press.net\/congo-brazzaville\/sites\/51\/2023\/01\/postMediaimg_63_1-300x200.jpg 300w, https:\/\/static.africa-press.net\/congo-brazzaville\/sites\/51\/2023\/01\/postMediaimg_63_1-768x512.jpg 768w\" sizes=\"(max-width: 1024px) 100vw, 1024px\" alt=\"\">\r\n                            <\/a>\r\n                            \r\n                        <\/figure>\r\n                    <\/div>\r\n                    <div class = \"td-slide-item td-item2\">\r\n                        <figure class=\"td-slide-galery-figure td-slide-popup-gallery\">\r\n                            <a class=\"slide-gallery-image-link\" href=\"https:\/\/static.africa-press.net\/congo-brazzaville\/sites\/51\/2023\/01\/postMediaimg_63_2.jpg\" title=\"postMediaimg_63_2\"  data-caption=\"\"  data-description=\"\">\r\n                                <img decoding=\"async\" src=\"https:\/\/static.africa-press.net\/congo-brazzaville\/sites\/51\/2023\/01\/postMediaimg_63_2.jpg\" srcset=\"https:\/\/static.africa-press.net\/congo-brazzaville\/sites\/51\/2023\/01\/postMediaimg_63_2.jpg 924w, https:\/\/static.africa-press.net\/congo-brazzaville\/sites\/51\/2023\/01\/postMediaimg_63_2-300x199.jpg 300w, https:\/\/static.africa-press.net\/congo-brazzaville\/sites\/51\/2023\/01\/postMediaimg_63_2-768x509.jpg 768w\" sizes=\"(max-width: 924px) 100vw, 924px\" alt=\"\">\r\n                            <\/a>\r\n                            \r\n                        <\/figure>\r\n                    <\/div>\r\n                            <\/div>\r\n                        <\/div>\r\n\r\n                        <div class = \"td-doubleSlider-2\">\r\n                            <div class = \"td-slider\">\r\n                                \r\n                    <div class = \"td-button td-item1\">\r\n                        <div class = \"td-border\"><\/div>\r\n                    <\/div>\r\n                    <div class = \"td-button td-item2\">\r\n                        <div class = \"td-border\"><\/div>\r\n                    <\/div>\r\n                            <\/div>\r\n                        <\/div>\r\n\r\n                    <\/div>\r\n\r\n                <\/div>\r\n                <\/p>\n<p><strong>Pour plus d&rsquo;informations et d&rsquo;analyses sur la <a href=\"https:\/\/www.africa-press.net\/congo-brazzaville\">Congo Brazzaville<\/a>, suivez <a href=\"https:\/\/www.africa-press.net\/\">Africa-Press<\/a><\/strong><\/p>\n","protected":false},"excerpt":{"rendered":"<p>Africa-Press &#8211; Congo Brazzaville. Le pre\u0301sident de la Re\u0301publique, Denis Sassou N\u2019Guesso, a rappele\u0301 le 6 janvier que ses engagements pris devant le peuple sont traduits dans le Plan national de de\u0301veloppement (PND) 2022-2026 dont 2023 sera l\u2019anne\u0301e de\u0301cisive dans la mise en \u0153uvre des projets retenus. Le chef de l\u2019Etat, s\u2019exprimant lors de la [&hellip;]<\/p>\n","protected":false},"author":82,"featured_media":13145,"comment_status":"open","ping_status":"closed","sticky":false,"template":"","format":"standard","meta":{"footnotes":""},"categories":[8,2,10],"tags":[36,47,46],"class_list":["post-13146","post","type-post","status-publish","format-standard","has-post-thumbnail","hentry","category-photo","category-politique","category-toutes-les-actualites","tag-africa-press","tag-africa-press-congo-brazzaville","tag-congo-brazzaville"],"yoast_head":"<!-- This site is optimized with the Yoast SEO Premium plugin v26.1 (Yoast SEO v27.0) - https:\/\/yoast.com\/product\/yoast-seo-premium-wordpress\/ -->\n<title>PND 2022-2026 : l&#039;ann\u00e9e 2023 sera d\u00e9cisive dans la mise en \u0153uvre des projets retenus - Congo Brazzaville<\/title>\n<meta name=\"robots\" content=\"index, follow, max-snippet:-1, max-image-preview:large, max-video-preview:-1\" \/>\n<link rel=\"canonical\" href=\"https:\/\/www.africa-press.net\/congo-brazzaville\/politique\/pnd-2022-2026-lannee-2023-sera-decisive-dans-la-mise-en-oeuvre-des-projets-retenus\" \/>\n<meta property=\"og:locale\" content=\"fr_FR\" \/>\n<meta property=\"og:type\" content=\"article\" \/>\n<meta property=\"og:title\" content=\"PND 2022-2026 : l&#039;ann\u00e9e 2023 sera d\u00e9cisive dans la mise en \u0153uvre des projets retenus\" \/>\n<meta property=\"og:description\" content=\"Africa-Press &#8211; Congo Brazzaville. Le pre\u0301sident de la Re\u0301publique, Denis Sassou N\u2019Guesso, a rappele\u0301 le 6 janvier que ses engagements pris devant le peuple sont traduits dans le Plan national de de\u0301veloppement (PND) 2022-2026 dont 2023 sera l\u2019anne\u0301e de\u0301cisive dans la mise en \u0153uvre des projets retenus. Le chef de l\u2019Etat, s\u2019exprimant lors de la [&hellip;]\" \/>\n<meta property=\"og:url\" content=\"https:\/\/www.africa-press.net\/congo-brazzaville\/politique\/pnd-2022-2026-lannee-2023-sera-decisive-dans-la-mise-en-oeuvre-des-projets-retenus\" \/>\n<meta property=\"og:site_name\" content=\"Congo Brazzaville\" \/>\n<meta property=\"article:published_time\" content=\"2023-01-07T18:56:29+00:00\" \/>\n<meta property=\"og:image\" content=\"https:\/\/static.africa-press.net\/congo-brazzaville\/sites\/51\/2023\/01\/postMediaimg_63_1.jpg\" \/>\n<meta name=\"author\" content=\"cfeditorfr\" \/>\n<meta name=\"twitter:card\" content=\"summary_large_image\" \/>\n<meta name=\"twitter:label1\" content=\"\u00c9crit par\" \/>\n\t<meta name=\"twitter:data1\" content=\"cfeditorfr\" \/>\n\t<meta name=\"twitter:label2\" content=\"Dur\u00e9e de lecture estim\u00e9e\" \/>\n\t<meta name=\"twitter:data2\" content=\"3 minutes\" \/>\n<script type=\"application\/ld+json\" class=\"yoast-schema-graph\">{\"@context\":\"https:\/\/schema.org\",\"@graph\":[{\"@type\":\"Article\",\"@id\":\"https:\/\/www.africa-press.net\/congo-brazzaville\/politique\/pnd-2022-2026-lannee-2023-sera-decisive-dans-la-mise-en-oeuvre-des-projets-retenus#article\",\"isPartOf\":{\"@id\":\"https:\/\/www.africa-press.net\/congo-brazzaville\/politique\/pnd-2022-2026-lannee-2023-sera-decisive-dans-la-mise-en-oeuvre-des-projets-retenus\"},\"author\":{\"name\":\"cfeditorfr\",\"@id\":\"https:\/\/www.africa-press.net\/congo-brazzaville\/#\/schema\/person\/2b1cf3cd81a31e3cd26889ca66d677f1\"},\"headline\":\"PND 2022-2026 : l&rsquo;ann\u00e9e 2023 sera d\u00e9cisive dans la mise en \u0153uvre des projets retenus\",\"datePublished\":\"2023-01-07T18:56:29+00:00\",\"mainEntityOfPage\":{\"@id\":\"https:\/\/www.africa-press.net\/congo-brazzaville\/politique\/pnd-2022-2026-lannee-2023-sera-decisive-dans-la-mise-en-oeuvre-des-projets-retenus\"},\"wordCount\":615,\"commentCount\":0,\"image\":{\"@id\":\"https:\/\/www.africa-press.net\/congo-brazzaville\/politique\/pnd-2022-2026-lannee-2023-sera-decisive-dans-la-mise-en-oeuvre-des-projets-retenus#primaryimage\"},\"thumbnailUrl\":\"https:\/\/static.africa-press.net\/congo-brazzaville\/sites\/51\/2023\/01\/postQueueImg_1673105196.23.jpg\",\"keywords\":[\"Africa Press\",\"Africa Press-Congo Brazzaville\",\"Congo Brazzaville\"],\"articleSection\":[\"Photo\",\"Politique\",\"Toutes les actualit\u00e9s\"],\"inLanguage\":\"fr-FR\",\"potentialAction\":[{\"@type\":\"CommentAction\",\"name\":\"Comment\",\"target\":[\"https:\/\/www.africa-press.net\/congo-brazzaville\/politique\/pnd-2022-2026-lannee-2023-sera-decisive-dans-la-mise-en-oeuvre-des-projets-retenus#respond\"]}]},{\"@type\":\"WebPage\",\"@id\":\"https:\/\/www.africa-press.net\/congo-brazzaville\/politique\/pnd-2022-2026-lannee-2023-sera-decisive-dans-la-mise-en-oeuvre-des-projets-retenus\",\"url\":\"https:\/\/www.africa-press.net\/congo-brazzaville\/politique\/pnd-2022-2026-lannee-2023-sera-decisive-dans-la-mise-en-oeuvre-des-projets-retenus\",\"name\":\"PND 2022-2026 : l'ann\u00e9e 2023 sera d\u00e9cisive dans la mise en \u0153uvre des projets retenus - Congo Brazzaville\",\"isPartOf\":{\"@id\":\"https:\/\/www.africa-press.net\/congo-brazzaville\/#website\"},\"primaryImageOfPage\":{\"@id\":\"https:\/\/www.africa-press.net\/congo-brazzaville\/politique\/pnd-2022-2026-lannee-2023-sera-decisive-dans-la-mise-en-oeuvre-des-projets-retenus#primaryimage\"},\"image\":{\"@id\":\"https:\/\/www.africa-press.net\/congo-brazzaville\/politique\/pnd-2022-2026-lannee-2023-sera-decisive-dans-la-mise-en-oeuvre-des-projets-retenus#primaryimage\"},\"thumbnailUrl\":\"https:\/\/static.africa-press.net\/congo-brazzaville\/sites\/51\/2023\/01\/postQueueImg_1673105196.23.jpg\",\"datePublished\":\"2023-01-07T18:56:29+00:00\",\"author\":{\"@id\":\"https:\/\/www.africa-press.net\/congo-brazzaville\/#\/schema\/person\/2b1cf3cd81a31e3cd26889ca66d677f1\"},\"breadcrumb\":{\"@id\":\"https:\/\/www.africa-press.net\/congo-brazzaville\/politique\/pnd-2022-2026-lannee-2023-sera-decisive-dans-la-mise-en-oeuvre-des-projets-retenus#breadcrumb\"},\"inLanguage\":\"fr-FR\",\"potentialAction\":[{\"@type\":\"ReadAction\",\"target\":[\"https:\/\/www.africa-press.net\/congo-brazzaville\/politique\/pnd-2022-2026-lannee-2023-sera-decisive-dans-la-mise-en-oeuvre-des-projets-retenus\"]}]},{\"@type\":\"ImageObject\",\"inLanguage\":\"fr-FR\",\"@id\":\"https:\/\/www.africa-press.net\/congo-brazzaville\/politique\/pnd-2022-2026-lannee-2023-sera-decisive-dans-la-mise-en-oeuvre-des-projets-retenus#primaryimage\",\"url\":\"https:\/\/static.africa-press.net\/congo-brazzaville\/sites\/51\/2023\/01\/postQueueImg_1673105196.23.jpg\",\"contentUrl\":\"https:\/\/static.africa-press.net\/congo-brazzaville\/sites\/51\/2023\/01\/postQueueImg_1673105196.23.jpg\",\"width\":1024,\"height\":683,\"caption\":\"PND 2022-2026 : l'ann\u00e9e 2023 sera d\u00e9cisive dans la mise en \u0153uvre des projets retenus\"},{\"@type\":\"BreadcrumbList\",\"@id\":\"https:\/\/www.africa-press.net\/congo-brazzaville\/politique\/pnd-2022-2026-lannee-2023-sera-decisive-dans-la-mise-en-oeuvre-des-projets-retenus#breadcrumb\",\"itemListElement\":[{\"@type\":\"ListItem\",\"position\":1,\"name\":\"Accueil\",\"item\":\"https:\/\/www.africa-press.net\/congo-brazzaville\/\"},{\"@type\":\"ListItem\",\"position\":2,\"name\":\"PND 2022-2026 : l&rsquo;ann\u00e9e 2023 sera d\u00e9cisive dans la mise en \u0153uvre des projets retenus\"}]},{\"@type\":\"WebSite\",\"@id\":\"https:\/\/www.africa-press.net\/congo-brazzaville\/#website\",\"url\":\"https:\/\/www.africa-press.net\/congo-brazzaville\/\",\"name\":\"Congo Brazzaville\",\"description\":\"Just another Africa News Agency Sites site\",\"potentialAction\":[{\"@type\":\"SearchAction\",\"target\":{\"@type\":\"EntryPoint\",\"urlTemplate\":\"https:\/\/www.africa-press.net\/congo-brazzaville\/?s={search_term_string}\"},\"query-input\":{\"@type\":\"PropertyValueSpecification\",\"valueRequired\":true,\"valueName\":\"search_term_string\"}}],\"inLanguage\":\"fr-FR\"},{\"@type\":\"Person\",\"@id\":\"https:\/\/www.africa-press.net\/congo-brazzaville\/#\/schema\/person\/2b1cf3cd81a31e3cd26889ca66d677f1\",\"name\":\"cfeditorfr\"}]}<\/script>\n<!-- \/ Yoast SEO Premium plugin. -->","yoast_head_json":{"title":"PND 2022-2026 : l'ann\u00e9e 2023 sera d\u00e9cisive dans la mise en \u0153uvre des projets retenus - Congo Brazzaville","robots":{"index":"index","follow":"follow","max-snippet":"max-snippet:-1","max-image-preview":"max-image-preview:large","max-video-preview":"max-video-preview:-1"},"canonical":"https:\/\/www.africa-press.net\/congo-brazzaville\/politique\/pnd-2022-2026-lannee-2023-sera-decisive-dans-la-mise-en-oeuvre-des-projets-retenus","og_locale":"fr_FR","og_type":"article","og_title":"PND 2022-2026 : l'ann\u00e9e 2023 sera d\u00e9cisive dans la mise en \u0153uvre des projets retenus","og_description":"Africa-Press &#8211; Congo Brazzaville. Le pre\u0301sident de la Re\u0301publique, Denis Sassou N\u2019Guesso, a rappele\u0301 le 6 janvier que ses engagements pris devant le peuple sont traduits dans le Plan national de de\u0301veloppement (PND) 2022-2026 dont 2023 sera l\u2019anne\u0301e de\u0301cisive dans la mise en \u0153uvre des projets retenus. Le chef de l\u2019Etat, s\u2019exprimant lors de la [&hellip;]","og_url":"https:\/\/www.africa-press.net\/congo-brazzaville\/politique\/pnd-2022-2026-lannee-2023-sera-decisive-dans-la-mise-en-oeuvre-des-projets-retenus","og_site_name":"Congo Brazzaville","article_published_time":"2023-01-07T18:56:29+00:00","og_image":[{"url":"https:\/\/static.africa-press.net\/congo-brazzaville\/sites\/51\/2023\/01\/postMediaimg_63_1.jpg","type":"","width":"","height":""}],"author":"cfeditorfr","twitter_card":"summary_large_image","twitter_misc":{"\u00c9crit par":"cfeditorfr","Dur\u00e9e de lecture estim\u00e9e":"3 minutes"},"schema":{"@context":"https:\/\/schema.org","@graph":[{"@type":"Article","@id":"https:\/\/www.africa-press.net\/congo-brazzaville\/politique\/pnd-2022-2026-lannee-2023-sera-decisive-dans-la-mise-en-oeuvre-des-projets-retenus#article","isPartOf":{"@id":"https:\/\/www.africa-press.net\/congo-brazzaville\/politique\/pnd-2022-2026-lannee-2023-sera-decisive-dans-la-mise-en-oeuvre-des-projets-retenus"},"author":{"name":"cfeditorfr","@id":"https:\/\/www.africa-press.net\/congo-brazzaville\/#\/schema\/person\/2b1cf3cd81a31e3cd26889ca66d677f1"},"headline":"PND 2022-2026 : l&rsquo;ann\u00e9e 2023 sera d\u00e9cisive dans la mise en \u0153uvre des projets retenus","datePublished":"2023-01-07T18:56:29+00:00","mainEntityOfPage":{"@id":"https:\/\/www.africa-press.net\/congo-brazzaville\/politique\/pnd-2022-2026-lannee-2023-sera-decisive-dans-la-mise-en-oeuvre-des-projets-retenus"},"wordCount":615,"commentCount":0,"image":{"@id":"https:\/\/www.africa-press.net\/congo-brazzaville\/politique\/pnd-2022-2026-lannee-2023-sera-decisive-dans-la-mise-en-oeuvre-des-projets-retenus#primaryimage"},"thumbnailUrl":"https:\/\/static.africa-press.net\/congo-brazzaville\/sites\/51\/2023\/01\/postQueueImg_1673105196.23.jpg","keywords":["Africa Press","Africa Press-Congo Brazzaville","Congo Brazzaville"],"articleSection":["Photo","Politique","Toutes les actualit\u00e9s"],"inLanguage":"fr-FR","potentialAction":[{"@type":"CommentAction","name":"Comment","target":["https:\/\/www.africa-press.net\/congo-brazzaville\/politique\/pnd-2022-2026-lannee-2023-sera-decisive-dans-la-mise-en-oeuvre-des-projets-retenus#respond"]}]},{"@type":"WebPage","@id":"https:\/\/www.africa-press.net\/congo-brazzaville\/politique\/pnd-2022-2026-lannee-2023-sera-decisive-dans-la-mise-en-oeuvre-des-projets-retenus","url":"https:\/\/www.africa-press.net\/congo-brazzaville\/politique\/pnd-2022-2026-lannee-2023-sera-decisive-dans-la-mise-en-oeuvre-des-projets-retenus","name":"PND 2022-2026 : l'ann\u00e9e 2023 sera d\u00e9cisive dans la mise en \u0153uvre des projets retenus - Congo Brazzaville","isPartOf":{"@id":"https:\/\/www.africa-press.net\/congo-brazzaville\/#website"},"primaryImageOfPage":{"@id":"https:\/\/www.africa-press.net\/congo-brazzaville\/politique\/pnd-2022-2026-lannee-2023-sera-decisive-dans-la-mise-en-oeuvre-des-projets-retenus#primaryimage"},"image":{"@id":"https:\/\/www.africa-press.net\/congo-brazzaville\/politique\/pnd-2022-2026-lannee-2023-sera-decisive-dans-la-mise-en-oeuvre-des-projets-retenus#primaryimage"},"thumbnailUrl":"https:\/\/static.africa-press.net\/congo-brazzaville\/sites\/51\/2023\/01\/postQueueImg_1673105196.23.jpg","datePublished":"2023-01-07T18:56:29+00:00","author":{"@id":"https:\/\/www.africa-press.net\/congo-brazzaville\/#\/schema\/person\/2b1cf3cd81a31e3cd26889ca66d677f1"},"breadcrumb":{"@id":"https:\/\/www.africa-press.net\/congo-brazzaville\/politique\/pnd-2022-2026-lannee-2023-sera-decisive-dans-la-mise-en-oeuvre-des-projets-retenus#breadcrumb"},"inLanguage":"fr-FR","potentialAction":[{"@type":"ReadAction","target":["https:\/\/www.africa-press.net\/congo-brazzaville\/politique\/pnd-2022-2026-lannee-2023-sera-decisive-dans-la-mise-en-oeuvre-des-projets-retenus"]}]},{"@type":"ImageObject","inLanguage":"fr-FR","@id":"https:\/\/www.africa-press.net\/congo-brazzaville\/politique\/pnd-2022-2026-lannee-2023-sera-decisive-dans-la-mise-en-oeuvre-des-projets-retenus#primaryimage","url":"https:\/\/static.africa-press.net\/congo-brazzaville\/sites\/51\/2023\/01\/postQueueImg_1673105196.23.jpg","contentUrl":"https:\/\/static.africa-press.net\/congo-brazzaville\/sites\/51\/2023\/01\/postQueueImg_1673105196.23.jpg","width":1024,"height":683,"caption":"PND 2022-2026 : l'ann\u00e9e 2023 sera d\u00e9cisive dans la mise en \u0153uvre des projets retenus"},{"@type":"BreadcrumbList","@id":"https:\/\/www.africa-press.net\/congo-brazzaville\/politique\/pnd-2022-2026-lannee-2023-sera-decisive-dans-la-mise-en-oeuvre-des-projets-retenus#breadcrumb","itemListElement":[{"@type":"ListItem","position":1,"name":"Accueil","item":"https:\/\/www.africa-press.net\/congo-brazzaville\/"},{"@type":"ListItem","position":2,"name":"PND 2022-2026 : l&rsquo;ann\u00e9e 2023 sera d\u00e9cisive dans la mise en \u0153uvre des projets retenus"}]},{"@type":"WebSite","@id":"https:\/\/www.africa-press.net\/congo-brazzaville\/#website","url":"https:\/\/www.africa-press.net\/congo-brazzaville\/","name":"Congo Brazzaville","description":"Just another Africa News Agency Sites site","potentialAction":[{"@type":"SearchAction","target":{"@type":"EntryPoint","urlTemplate":"https:\/\/www.africa-press.net\/congo-brazzaville\/?s={search_term_string}"},"query-input":{"@type":"PropertyValueSpecification","valueRequired":true,"valueName":"search_term_string"}}],"inLanguage":"fr-FR"},{"@type":"Person","@id":"https:\/\/www.africa-press.net\/congo-brazzaville\/#\/schema\/person\/2b1cf3cd81a31e3cd26889ca66d677f1","name":"cfeditorfr"}]}},"_links":{"self":[{"href":"https:\/\/www.africa-press.net\/congo-brazzaville\/wp-json\/wp\/v2\/posts\/13146","targetHints":{"allow":["GET"]}}],"collection":[{"href":"https:\/\/www.africa-press.net\/congo-brazzaville\/wp-json\/wp\/v2\/posts"}],"about":[{"href":"https:\/\/www.africa-press.net\/congo-brazzaville\/wp-json\/wp\/v2\/types\/post"}],"author":[{"embeddable":true,"href":"https:\/\/www.africa-press.net\/congo-brazzaville\/wp-json\/wp\/v2\/users\/82"}],"replies":[{"embeddable":true,"href":"https:\/\/www.africa-press.net\/congo-brazzaville\/wp-json\/wp\/v2\/comments?post=13146"}],"version-history":[{"count":0,"href":"https:\/\/www.africa-press.net\/congo-brazzaville\/wp-json\/wp\/v2\/posts\/13146\/revisions"}],"wp:featuredmedia":[{"embeddable":true,"href":"https:\/\/www.africa-press.net\/congo-brazzaville\/wp-json\/wp\/v2\/media\/13145"}],"wp:attachment":[{"href":"https:\/\/www.africa-press.net\/congo-brazzaville\/wp-json\/wp\/v2\/media?parent=13146"}],"wp:term":[{"taxonomy":"category","embeddable":true,"href":"https:\/\/www.africa-press.net\/congo-brazzaville\/wp-json\/wp\/v2\/categories?post=13146"},{"taxonomy":"post_tag","embeddable":true,"href":"https:\/\/www.africa-press.net\/congo-brazzaville\/wp-json\/wp\/v2\/tags?post=13146"}],"curies":[{"name":"wp","href":"https:\/\/api.w.org\/{rel}","templated":true}]}}