{"id":13150,"date":"2023-01-07T18:56:46","date_gmt":"2023-01-07T18:56:46","guid":{"rendered":"https:\/\/www.africa-press.net\/congo-brazzaville\/politique\/voeux-du-nouvel-an-les-corps-constitues-nationaux-saluent-les-progres-realises-en-2022"},"modified":"2023-01-07T18:56:46","modified_gmt":"2023-01-07T18:56:46","slug":"voeux-du-nouvel-an-les-corps-constitues-nationaux-saluent-les-progres-realises-en-2022","status":"publish","type":"post","link":"https:\/\/www.africa-press.net\/congo-brazzaville\/politique\/voeux-du-nouvel-an-les-corps-constitues-nationaux-saluent-les-progres-realises-en-2022","title":{"rendered":"V\u0153ux du Nouvel An : les corps constitu\u00e9s nationaux saluent les progr\u00e8s r\u00e9alis\u00e9s en 2022"},"content":{"rendered":"<p><span style=\"color: #ff6600\"><strong>Africa-Press &#8211; Congo Brazzaville. <\/strong><\/span><b>Les corps constitue\u0301s nationaux et les forces vives de la Nation se sont, par la voix du pre\u0301sident de l\u2019Assemble\u0301e nationale, Isidore Mvouba, fe\u0301licite\u0301s des de\u0301fis releve\u0301s en 2022 sous l\u2019impulsion du chef de l\u2019Etat, Denis Sassou N\u2019Guesso.<\/b><\/p>\n<p>De la politique au social, en passant par la sante\u0301, l\u2019e\u0301conomie, la culture, l\u2019e\u0301ducation, le maillage du territoire national en infrastructures de base, d\u2019importants de\u0301fis ont e\u0301te\u0301 releve\u0301s par le pre\u0301sident de la Re\u0301publique, a\u0300 en croire Isidore Mvouba. \u00ab En effet, comment peut-on e\u0302tre insensible a\u0300 votre volonte\u0301 cheville\u0301e au corps de conduire le Congo vers le de\u0301veloppement et l\u2019e\u0301mergence ? Comment peut-on e\u0302tre insensible a\u0300 la croisade que vous menez contre les antivaleurs qui obscurcissent la conscience de certains Congolais ? Comment peut-on e\u0302tre insensible a\u0300 la gouvernance e\u0301lectorale qui a permis de mesurer la vitalite\u0301 de notre jeune de\u0301mocratie ? Comment peut-on e\u0302tre insensible au fonctionnement re\u0301gulier et cohe\u0301rent de nos institutions issues de la Constitution de 2015, elle-me\u0302me, fruit de la nouvelle Re\u0301publique qui pro\u0302ne l\u2019esprit de partage ? \u00bb, s\u2019est interroge\u0301 le pre\u0301sident de la chambre basse du Parlement, pre\u0301cisant que Denis Sassou N\u2019Guesso a releve\u0301 tous ces de\u0301fis avec brio et maestria.<\/p>\n<p>Selon lui, l\u2019anne\u0301e 2022 a e\u0301te\u0301 marque\u0301e par la crise e\u0301conomique mondiale aggrave\u0301e par la crise sanitaire a\u0300 nouveau coronavirus, ainsi que le conflit russo-ukrainien qui ont montre\u0301 la vulne\u0301rabilite\u0301 du monde et re\u0301ve\u0301le\u0301 la solidite\u0301 du peuple congolais, gra\u0302ce a\u0300 sa re\u0301silience et sa combativite\u0301. La politique sociale connai\u0302t, a-t-il rappele\u0301, quelques avance\u0301es avec la volonte\u0301 affiche\u0301e du gouvernement d\u2019accorder une attention soutenue aux pensions de retraite, aux bourses des e\u0301tudiants, aux victimes des inondations et autres catastrophes naturelles, et a\u0300 l\u2019indemnisation des exproprie\u0301s.<\/p>\n<p>Parlant de l\u2019agriculture, Isidore Mvouba a cite\u0301 l\u2019implantation des Zones agricoles prote\u0301ge\u0301es dont le but est de booster, a\u0300 coup su\u0302r, ce secteur dans le pays. Pour lui, le de\u0301ploiement de la fibre optique avec a\u0300 la cle\u0301 la nume\u0301risation des services publics, mais aussi l\u2019e\u0301mergence dans ce secteur de start-up, sont de nature a\u0300 ame\u0301liorer la vie des Congolaises et Congolais. Le syste\u0300me e\u0301ducatif se remet, d\u2019apre\u0300s lui, sur de bons rails, tel qu\u2019en te\u0301moigne le fonctionnement re\u0301gulier de l\u2019Universite\u0301 Denis-Sassou-N\u2019Guesso, le projet de rele\u0300vement de l\u2019Universite\u0301 Marien-Ngouabi, ainsi que le projet de l\u2019Universite\u0301 de Loango. L\u2019objectif e\u0301tant de redonner a\u0300 l\u2019enseignement supe\u0301rieur congolais ses lettres de noblesse et de refaire du Congo le quartier latin d\u2019antan.<\/p>\n<p>\u00ab L\u2019employabilite\u0301 des jeunes va se consolider sur le lit d\u2019une diplomatie e\u0301conomique offensive axe\u0301e sur un partenariat public-prive\u0301, diversifie\u0301 et de\u0301sormais codifie\u0301, et dont l\u2019objectif premier est la cre\u0301ation des richesses et des emplois de masse. L\u2019inte\u0301gration dans la Fonction publique de milliers de jeunes en 2020 et en 2022 indique bien votre volonte\u0301 de trouver une solution pe\u0301renne a\u0300 la sempiternelle question de l\u2019emploi des jeunes. En outre, le rele\u0300vement de l\u2019a\u0302ge limite de de\u0301part a\u0300 la retraite participe a\u0300 l\u2019ame\u0301lioration des conditions d\u2019exercice du travail \u00bb, a-t-il commente\u0301.<\/p>\n<p>Il a, par ailleurs, salue\u0301 l\u2019intervention du chef de l\u2019Etat dans le maintien de la paix, la stabilite\u0301 et la se\u0301curite\u0301 en Afrique, ainsi que son leadership dans la lutte contre le de\u0301re\u0300glement climatique. \u00ab Plus que tout, Denis Sassou N\u2019Guesso est un homme d\u2019engagement. L\u2019engagement, pour maintenir, sur l\u2019ensemble du territoire national, la paix et la tranquillite\u0301, la stabilite\u0301 et la se\u0301curite\u0301 acquises au prix de moult sacrifices. C\u2019est le cre\u0301do d\u2019un homme d\u2019exception&#8230; Pour tout dire, le Congo d\u2019aujourd\u2019hui n\u2019est pas le Congo d\u2019hier, loin s\u2019en faut. La chose en exemples abonde \u00bb, a conclu Isidore Mvouba.\r\n                <style type=\"text\/css\">\r\n                    \r\n                    #td_uid_1_69ec60269d438  .td-doubleSlider-2 .td-item1 {\r\n                        background: url(https:\/\/static.africa-press.net\/congo-brazzaville\/sites\/51\/2023\/01\/postMediaimg_64_1-80x60.jpg) 0 0 no-repeat;\r\n                    }\r\n                    #td_uid_1_69ec60269d438  .td-doubleSlider-2 .td-item2 {\r\n                        background: url(https:\/\/static.africa-press.net\/congo-brazzaville\/sites\/51\/2023\/01\/postMediaimg_64_2-80x60.jpg) 0 0 no-repeat;\r\n                    }\r\n                <\/style>\r\n\r\n                <div id=\"td_uid_1_69ec60269d438\" class=\"td-gallery td-slide-on-2-columns\">\r\n                    <div class=\"post_td_gallery\">\r\n                        <div class=\"td-gallery-slide-top\">\r\n                           <div class=\"td-gallery-title\"><\/div>\r\n\r\n                            <div class=\"td-gallery-controls-wrapper\">\r\n                                <div class=\"td-gallery-slide-count\"><span class=\"td-gallery-slide-item-focus\">1<\/span> de 2<\/div>\r\n                                <div class=\"td-gallery-slide-prev-next-but\">\r\n                                    <i class = \"td-icon-left doubleSliderPrevButton\"><\/i>\r\n                                    <i class = \"td-icon-right doubleSliderNextButton\"><\/i>\r\n                                <\/div>\r\n                            <\/div>\r\n                        <\/div>\r\n\r\n                        <div class = \"td-doubleSlider-1 \">\r\n                            <div class = \"td-slider\">\r\n                                \r\n                    <div class = \"td-slide-item td-item1\">\r\n                        <figure class=\"td-slide-galery-figure td-slide-popup-gallery\">\r\n                            <a class=\"slide-gallery-image-link\" href=\"https:\/\/static.africa-press.net\/congo-brazzaville\/sites\/51\/2023\/01\/postMediaimg_64_1.jpg\" title=\"postMediaimg_64_1\"  data-caption=\"\"  data-description=\"\">\r\n                                <img decoding=\"async\" src=\"https:\/\/static.africa-press.net\/congo-brazzaville\/sites\/51\/2023\/01\/postMediaimg_64_1.jpg\" srcset=\"https:\/\/static.africa-press.net\/congo-brazzaville\/sites\/51\/2023\/01\/postMediaimg_64_1.jpg 1024w, https:\/\/static.africa-press.net\/congo-brazzaville\/sites\/51\/2023\/01\/postMediaimg_64_1-300x200.jpg 300w, https:\/\/static.africa-press.net\/congo-brazzaville\/sites\/51\/2023\/01\/postMediaimg_64_1-768x512.jpg 768w\" sizes=\"(max-width: 1024px) 100vw, 1024px\" alt=\"\">\r\n                            <\/a>\r\n                            \r\n                        <\/figure>\r\n                    <\/div>\r\n                    <div class = \"td-slide-item td-item2\">\r\n                        <figure class=\"td-slide-galery-figure td-slide-popup-gallery\">\r\n                            <a class=\"slide-gallery-image-link\" href=\"https:\/\/static.africa-press.net\/congo-brazzaville\/sites\/51\/2023\/01\/postMediaimg_64_2.jpg\" title=\"postMediaimg_64_2\"  data-caption=\"\"  data-description=\"\">\r\n                                <img decoding=\"async\" src=\"https:\/\/static.africa-press.net\/congo-brazzaville\/sites\/51\/2023\/01\/postMediaimg_64_2.jpg\" srcset=\"https:\/\/static.africa-press.net\/congo-brazzaville\/sites\/51\/2023\/01\/postMediaimg_64_2.jpg 924w, https:\/\/static.africa-press.net\/congo-brazzaville\/sites\/51\/2023\/01\/postMediaimg_64_2-300x199.jpg 300w, https:\/\/static.africa-press.net\/congo-brazzaville\/sites\/51\/2023\/01\/postMediaimg_64_2-768x509.jpg 768w\" sizes=\"(max-width: 924px) 100vw, 924px\" alt=\"\">\r\n                            <\/a>\r\n                            \r\n                        <\/figure>\r\n                    <\/div>\r\n                            <\/div>\r\n                        <\/div>\r\n\r\n                        <div class = \"td-doubleSlider-2\">\r\n                            <div class = \"td-slider\">\r\n                                \r\n                    <div class = \"td-button td-item1\">\r\n                        <div class = \"td-border\"><\/div>\r\n                    <\/div>\r\n                    <div class = \"td-button td-item2\">\r\n                        <div class = \"td-border\"><\/div>\r\n                    <\/div>\r\n                            <\/div>\r\n                        <\/div>\r\n\r\n                    <\/div>\r\n\r\n                <\/div>\r\n                <\/p>\n<p><strong>Pour plus d&rsquo;informations et d&rsquo;analyses sur la <a href=\"https:\/\/www.africa-press.net\/congo-brazzaville\">Congo Brazzaville<\/a>, suivez <a href=\"https:\/\/www.africa-press.net\/\">Africa-Press<\/a><\/strong><\/p>\n","protected":false},"excerpt":{"rendered":"<p>Africa-Press &#8211; Congo Brazzaville. Les corps constitue\u0301s nationaux et les forces vives de la Nation se sont, par la voix du pre\u0301sident de l\u2019Assemble\u0301e nationale, Isidore Mvouba, fe\u0301licite\u0301s des de\u0301fis releve\u0301s en 2022 sous l\u2019impulsion du chef de l\u2019Etat, Denis Sassou N\u2019Guesso. De la politique au social, en passant par la sante\u0301, l\u2019e\u0301conomie, la culture, [&hellip;]<\/p>\n","protected":false},"author":82,"featured_media":13149,"comment_status":"open","ping_status":"closed","sticky":false,"template":"","format":"standard","meta":{"footnotes":""},"categories":[8,2,10],"tags":[36,47,46],"class_list":["post-13150","post","type-post","status-publish","format-standard","has-post-thumbnail","hentry","category-photo","category-politique","category-toutes-les-actualites","tag-africa-press","tag-africa-press-congo-brazzaville","tag-congo-brazzaville"],"yoast_head":"<!-- This site is optimized with the Yoast SEO Premium plugin v26.1 (Yoast SEO v27.0) - https:\/\/yoast.com\/product\/yoast-seo-premium-wordpress\/ -->\n<title>V\u0153ux du Nouvel An : les corps constitu\u00e9s nationaux saluent les progr\u00e8s r\u00e9alis\u00e9s en 2022 - Congo Brazzaville<\/title>\n<meta name=\"robots\" content=\"index, follow, max-snippet:-1, max-image-preview:large, max-video-preview:-1\" \/>\n<link rel=\"canonical\" href=\"https:\/\/www.africa-press.net\/congo-brazzaville\/politique\/voeux-du-nouvel-an-les-corps-constitues-nationaux-saluent-les-progres-realises-en-2022\" \/>\n<meta property=\"og:locale\" content=\"fr_FR\" \/>\n<meta property=\"og:type\" content=\"article\" \/>\n<meta property=\"og:title\" content=\"V\u0153ux du Nouvel An : les corps constitu\u00e9s nationaux saluent les progr\u00e8s r\u00e9alis\u00e9s en 2022\" \/>\n<meta property=\"og:description\" content=\"Africa-Press &#8211; Congo Brazzaville. Les corps constitue\u0301s nationaux et les forces vives de la Nation se sont, par la voix du pre\u0301sident de l\u2019Assemble\u0301e nationale, Isidore Mvouba, fe\u0301licite\u0301s des de\u0301fis releve\u0301s en 2022 sous l\u2019impulsion du chef de l\u2019Etat, Denis Sassou N\u2019Guesso. De la politique au social, en passant par la sante\u0301, l\u2019e\u0301conomie, la culture, [&hellip;]\" \/>\n<meta property=\"og:url\" content=\"https:\/\/www.africa-press.net\/congo-brazzaville\/politique\/voeux-du-nouvel-an-les-corps-constitues-nationaux-saluent-les-progres-realises-en-2022\" \/>\n<meta property=\"og:site_name\" content=\"Congo Brazzaville\" \/>\n<meta property=\"article:published_time\" content=\"2023-01-07T18:56:46+00:00\" \/>\n<meta property=\"og:image\" content=\"https:\/\/static.africa-press.net\/congo-brazzaville\/sites\/51\/2023\/01\/postMediaimg_64_1.jpg\" \/>\n<meta name=\"author\" content=\"cfeditorfr\" \/>\n<meta name=\"twitter:card\" content=\"summary_large_image\" \/>\n<meta name=\"twitter:label1\" content=\"\u00c9crit par\" \/>\n\t<meta name=\"twitter:data1\" content=\"cfeditorfr\" \/>\n\t<meta name=\"twitter:label2\" content=\"Dur\u00e9e de lecture estim\u00e9e\" \/>\n\t<meta name=\"twitter:data2\" content=\"4 minutes\" \/>\n<script type=\"application\/ld+json\" class=\"yoast-schema-graph\">{\"@context\":\"https:\/\/schema.org\",\"@graph\":[{\"@type\":\"Article\",\"@id\":\"https:\/\/www.africa-press.net\/congo-brazzaville\/politique\/voeux-du-nouvel-an-les-corps-constitues-nationaux-saluent-les-progres-realises-en-2022#article\",\"isPartOf\":{\"@id\":\"https:\/\/www.africa-press.net\/congo-brazzaville\/politique\/voeux-du-nouvel-an-les-corps-constitues-nationaux-saluent-les-progres-realises-en-2022\"},\"author\":{\"name\":\"cfeditorfr\",\"@id\":\"https:\/\/www.africa-press.net\/congo-brazzaville\/#\/schema\/person\/2b1cf3cd81a31e3cd26889ca66d677f1\"},\"headline\":\"V\u0153ux du Nouvel An : les corps constitu\u00e9s nationaux saluent les progr\u00e8s r\u00e9alis\u00e9s en 2022\",\"datePublished\":\"2023-01-07T18:56:46+00:00\",\"mainEntityOfPage\":{\"@id\":\"https:\/\/www.africa-press.net\/congo-brazzaville\/politique\/voeux-du-nouvel-an-les-corps-constitues-nationaux-saluent-les-progres-realises-en-2022\"},\"wordCount\":743,\"commentCount\":0,\"image\":{\"@id\":\"https:\/\/www.africa-press.net\/congo-brazzaville\/politique\/voeux-du-nouvel-an-les-corps-constitues-nationaux-saluent-les-progres-realises-en-2022#primaryimage\"},\"thumbnailUrl\":\"https:\/\/static.africa-press.net\/congo-brazzaville\/sites\/51\/2023\/01\/postQueueImg_1673105210.66.jpg\",\"keywords\":[\"Africa Press\",\"Africa Press-Congo Brazzaville\",\"Congo Brazzaville\"],\"articleSection\":[\"Photo\",\"Politique\",\"Toutes les actualit\u00e9s\"],\"inLanguage\":\"fr-FR\",\"potentialAction\":[{\"@type\":\"CommentAction\",\"name\":\"Comment\",\"target\":[\"https:\/\/www.africa-press.net\/congo-brazzaville\/politique\/voeux-du-nouvel-an-les-corps-constitues-nationaux-saluent-les-progres-realises-en-2022#respond\"]}]},{\"@type\":\"WebPage\",\"@id\":\"https:\/\/www.africa-press.net\/congo-brazzaville\/politique\/voeux-du-nouvel-an-les-corps-constitues-nationaux-saluent-les-progres-realises-en-2022\",\"url\":\"https:\/\/www.africa-press.net\/congo-brazzaville\/politique\/voeux-du-nouvel-an-les-corps-constitues-nationaux-saluent-les-progres-realises-en-2022\",\"name\":\"V\u0153ux du Nouvel An : les corps constitu\u00e9s nationaux saluent les progr\u00e8s r\u00e9alis\u00e9s en 2022 - Congo Brazzaville\",\"isPartOf\":{\"@id\":\"https:\/\/www.africa-press.net\/congo-brazzaville\/#website\"},\"primaryImageOfPage\":{\"@id\":\"https:\/\/www.africa-press.net\/congo-brazzaville\/politique\/voeux-du-nouvel-an-les-corps-constitues-nationaux-saluent-les-progres-realises-en-2022#primaryimage\"},\"image\":{\"@id\":\"https:\/\/www.africa-press.net\/congo-brazzaville\/politique\/voeux-du-nouvel-an-les-corps-constitues-nationaux-saluent-les-progres-realises-en-2022#primaryimage\"},\"thumbnailUrl\":\"https:\/\/static.africa-press.net\/congo-brazzaville\/sites\/51\/2023\/01\/postQueueImg_1673105210.66.jpg\",\"datePublished\":\"2023-01-07T18:56:46+00:00\",\"author\":{\"@id\":\"https:\/\/www.africa-press.net\/congo-brazzaville\/#\/schema\/person\/2b1cf3cd81a31e3cd26889ca66d677f1\"},\"breadcrumb\":{\"@id\":\"https:\/\/www.africa-press.net\/congo-brazzaville\/politique\/voeux-du-nouvel-an-les-corps-constitues-nationaux-saluent-les-progres-realises-en-2022#breadcrumb\"},\"inLanguage\":\"fr-FR\",\"potentialAction\":[{\"@type\":\"ReadAction\",\"target\":[\"https:\/\/www.africa-press.net\/congo-brazzaville\/politique\/voeux-du-nouvel-an-les-corps-constitues-nationaux-saluent-les-progres-realises-en-2022\"]}]},{\"@type\":\"ImageObject\",\"inLanguage\":\"fr-FR\",\"@id\":\"https:\/\/www.africa-press.net\/congo-brazzaville\/politique\/voeux-du-nouvel-an-les-corps-constitues-nationaux-saluent-les-progres-realises-en-2022#primaryimage\",\"url\":\"https:\/\/static.africa-press.net\/congo-brazzaville\/sites\/51\/2023\/01\/postQueueImg_1673105210.66.jpg\",\"contentUrl\":\"https:\/\/static.africa-press.net\/congo-brazzaville\/sites\/51\/2023\/01\/postQueueImg_1673105210.66.jpg\",\"width\":1024,\"height\":683,\"caption\":\"V\u0153ux du Nouvel An : les corps constitu\u00e9s nationaux saluent les progr\u00e8s r\u00e9alis\u00e9s en 2022\"},{\"@type\":\"BreadcrumbList\",\"@id\":\"https:\/\/www.africa-press.net\/congo-brazzaville\/politique\/voeux-du-nouvel-an-les-corps-constitues-nationaux-saluent-les-progres-realises-en-2022#breadcrumb\",\"itemListElement\":[{\"@type\":\"ListItem\",\"position\":1,\"name\":\"Accueil\",\"item\":\"https:\/\/www.africa-press.net\/congo-brazzaville\/\"},{\"@type\":\"ListItem\",\"position\":2,\"name\":\"V\u0153ux du Nouvel An : les corps constitu\u00e9s nationaux saluent les progr\u00e8s r\u00e9alis\u00e9s en 2022\"}]},{\"@type\":\"WebSite\",\"@id\":\"https:\/\/www.africa-press.net\/congo-brazzaville\/#website\",\"url\":\"https:\/\/www.africa-press.net\/congo-brazzaville\/\",\"name\":\"Congo Brazzaville\",\"description\":\"Just another Africa News Agency Sites site\",\"potentialAction\":[{\"@type\":\"SearchAction\",\"target\":{\"@type\":\"EntryPoint\",\"urlTemplate\":\"https:\/\/www.africa-press.net\/congo-brazzaville\/?s={search_term_string}\"},\"query-input\":{\"@type\":\"PropertyValueSpecification\",\"valueRequired\":true,\"valueName\":\"search_term_string\"}}],\"inLanguage\":\"fr-FR\"},{\"@type\":\"Person\",\"@id\":\"https:\/\/www.africa-press.net\/congo-brazzaville\/#\/schema\/person\/2b1cf3cd81a31e3cd26889ca66d677f1\",\"name\":\"cfeditorfr\"}]}<\/script>\n<!-- \/ Yoast SEO Premium plugin. -->","yoast_head_json":{"title":"V\u0153ux du Nouvel An : les corps constitu\u00e9s nationaux saluent les progr\u00e8s r\u00e9alis\u00e9s en 2022 - Congo Brazzaville","robots":{"index":"index","follow":"follow","max-snippet":"max-snippet:-1","max-image-preview":"max-image-preview:large","max-video-preview":"max-video-preview:-1"},"canonical":"https:\/\/www.africa-press.net\/congo-brazzaville\/politique\/voeux-du-nouvel-an-les-corps-constitues-nationaux-saluent-les-progres-realises-en-2022","og_locale":"fr_FR","og_type":"article","og_title":"V\u0153ux du Nouvel An : les corps constitu\u00e9s nationaux saluent les progr\u00e8s r\u00e9alis\u00e9s en 2022","og_description":"Africa-Press &#8211; Congo Brazzaville. Les corps constitue\u0301s nationaux et les forces vives de la Nation se sont, par la voix du pre\u0301sident de l\u2019Assemble\u0301e nationale, Isidore Mvouba, fe\u0301licite\u0301s des de\u0301fis releve\u0301s en 2022 sous l\u2019impulsion du chef de l\u2019Etat, Denis Sassou N\u2019Guesso. De la politique au social, en passant par la sante\u0301, l\u2019e\u0301conomie, la culture, [&hellip;]","og_url":"https:\/\/www.africa-press.net\/congo-brazzaville\/politique\/voeux-du-nouvel-an-les-corps-constitues-nationaux-saluent-les-progres-realises-en-2022","og_site_name":"Congo Brazzaville","article_published_time":"2023-01-07T18:56:46+00:00","og_image":[{"url":"https:\/\/static.africa-press.net\/congo-brazzaville\/sites\/51\/2023\/01\/postMediaimg_64_1.jpg","type":"","width":"","height":""}],"author":"cfeditorfr","twitter_card":"summary_large_image","twitter_misc":{"\u00c9crit par":"cfeditorfr","Dur\u00e9e de lecture estim\u00e9e":"4 minutes"},"schema":{"@context":"https:\/\/schema.org","@graph":[{"@type":"Article","@id":"https:\/\/www.africa-press.net\/congo-brazzaville\/politique\/voeux-du-nouvel-an-les-corps-constitues-nationaux-saluent-les-progres-realises-en-2022#article","isPartOf":{"@id":"https:\/\/www.africa-press.net\/congo-brazzaville\/politique\/voeux-du-nouvel-an-les-corps-constitues-nationaux-saluent-les-progres-realises-en-2022"},"author":{"name":"cfeditorfr","@id":"https:\/\/www.africa-press.net\/congo-brazzaville\/#\/schema\/person\/2b1cf3cd81a31e3cd26889ca66d677f1"},"headline":"V\u0153ux du Nouvel An : les corps constitu\u00e9s nationaux saluent les progr\u00e8s r\u00e9alis\u00e9s en 2022","datePublished":"2023-01-07T18:56:46+00:00","mainEntityOfPage":{"@id":"https:\/\/www.africa-press.net\/congo-brazzaville\/politique\/voeux-du-nouvel-an-les-corps-constitues-nationaux-saluent-les-progres-realises-en-2022"},"wordCount":743,"commentCount":0,"image":{"@id":"https:\/\/www.africa-press.net\/congo-brazzaville\/politique\/voeux-du-nouvel-an-les-corps-constitues-nationaux-saluent-les-progres-realises-en-2022#primaryimage"},"thumbnailUrl":"https:\/\/static.africa-press.net\/congo-brazzaville\/sites\/51\/2023\/01\/postQueueImg_1673105210.66.jpg","keywords":["Africa Press","Africa Press-Congo Brazzaville","Congo Brazzaville"],"articleSection":["Photo","Politique","Toutes les actualit\u00e9s"],"inLanguage":"fr-FR","potentialAction":[{"@type":"CommentAction","name":"Comment","target":["https:\/\/www.africa-press.net\/congo-brazzaville\/politique\/voeux-du-nouvel-an-les-corps-constitues-nationaux-saluent-les-progres-realises-en-2022#respond"]}]},{"@type":"WebPage","@id":"https:\/\/www.africa-press.net\/congo-brazzaville\/politique\/voeux-du-nouvel-an-les-corps-constitues-nationaux-saluent-les-progres-realises-en-2022","url":"https:\/\/www.africa-press.net\/congo-brazzaville\/politique\/voeux-du-nouvel-an-les-corps-constitues-nationaux-saluent-les-progres-realises-en-2022","name":"V\u0153ux du Nouvel An : les corps constitu\u00e9s nationaux saluent les progr\u00e8s r\u00e9alis\u00e9s en 2022 - Congo Brazzaville","isPartOf":{"@id":"https:\/\/www.africa-press.net\/congo-brazzaville\/#website"},"primaryImageOfPage":{"@id":"https:\/\/www.africa-press.net\/congo-brazzaville\/politique\/voeux-du-nouvel-an-les-corps-constitues-nationaux-saluent-les-progres-realises-en-2022#primaryimage"},"image":{"@id":"https:\/\/www.africa-press.net\/congo-brazzaville\/politique\/voeux-du-nouvel-an-les-corps-constitues-nationaux-saluent-les-progres-realises-en-2022#primaryimage"},"thumbnailUrl":"https:\/\/static.africa-press.net\/congo-brazzaville\/sites\/51\/2023\/01\/postQueueImg_1673105210.66.jpg","datePublished":"2023-01-07T18:56:46+00:00","author":{"@id":"https:\/\/www.africa-press.net\/congo-brazzaville\/#\/schema\/person\/2b1cf3cd81a31e3cd26889ca66d677f1"},"breadcrumb":{"@id":"https:\/\/www.africa-press.net\/congo-brazzaville\/politique\/voeux-du-nouvel-an-les-corps-constitues-nationaux-saluent-les-progres-realises-en-2022#breadcrumb"},"inLanguage":"fr-FR","potentialAction":[{"@type":"ReadAction","target":["https:\/\/www.africa-press.net\/congo-brazzaville\/politique\/voeux-du-nouvel-an-les-corps-constitues-nationaux-saluent-les-progres-realises-en-2022"]}]},{"@type":"ImageObject","inLanguage":"fr-FR","@id":"https:\/\/www.africa-press.net\/congo-brazzaville\/politique\/voeux-du-nouvel-an-les-corps-constitues-nationaux-saluent-les-progres-realises-en-2022#primaryimage","url":"https:\/\/static.africa-press.net\/congo-brazzaville\/sites\/51\/2023\/01\/postQueueImg_1673105210.66.jpg","contentUrl":"https:\/\/static.africa-press.net\/congo-brazzaville\/sites\/51\/2023\/01\/postQueueImg_1673105210.66.jpg","width":1024,"height":683,"caption":"V\u0153ux du Nouvel An : les corps constitu\u00e9s nationaux saluent les progr\u00e8s r\u00e9alis\u00e9s en 2022"},{"@type":"BreadcrumbList","@id":"https:\/\/www.africa-press.net\/congo-brazzaville\/politique\/voeux-du-nouvel-an-les-corps-constitues-nationaux-saluent-les-progres-realises-en-2022#breadcrumb","itemListElement":[{"@type":"ListItem","position":1,"name":"Accueil","item":"https:\/\/www.africa-press.net\/congo-brazzaville\/"},{"@type":"ListItem","position":2,"name":"V\u0153ux du Nouvel An : les corps constitu\u00e9s nationaux saluent les progr\u00e8s r\u00e9alis\u00e9s en 2022"}]},{"@type":"WebSite","@id":"https:\/\/www.africa-press.net\/congo-brazzaville\/#website","url":"https:\/\/www.africa-press.net\/congo-brazzaville\/","name":"Congo Brazzaville","description":"Just another Africa News Agency Sites site","potentialAction":[{"@type":"SearchAction","target":{"@type":"EntryPoint","urlTemplate":"https:\/\/www.africa-press.net\/congo-brazzaville\/?s={search_term_string}"},"query-input":{"@type":"PropertyValueSpecification","valueRequired":true,"valueName":"search_term_string"}}],"inLanguage":"fr-FR"},{"@type":"Person","@id":"https:\/\/www.africa-press.net\/congo-brazzaville\/#\/schema\/person\/2b1cf3cd81a31e3cd26889ca66d677f1","name":"cfeditorfr"}]}},"_links":{"self":[{"href":"https:\/\/www.africa-press.net\/congo-brazzaville\/wp-json\/wp\/v2\/posts\/13150","targetHints":{"allow":["GET"]}}],"collection":[{"href":"https:\/\/www.africa-press.net\/congo-brazzaville\/wp-json\/wp\/v2\/posts"}],"about":[{"href":"https:\/\/www.africa-press.net\/congo-brazzaville\/wp-json\/wp\/v2\/types\/post"}],"author":[{"embeddable":true,"href":"https:\/\/www.africa-press.net\/congo-brazzaville\/wp-json\/wp\/v2\/users\/82"}],"replies":[{"embeddable":true,"href":"https:\/\/www.africa-press.net\/congo-brazzaville\/wp-json\/wp\/v2\/comments?post=13150"}],"version-history":[{"count":0,"href":"https:\/\/www.africa-press.net\/congo-brazzaville\/wp-json\/wp\/v2\/posts\/13150\/revisions"}],"wp:featuredmedia":[{"embeddable":true,"href":"https:\/\/www.africa-press.net\/congo-brazzaville\/wp-json\/wp\/v2\/media\/13149"}],"wp:attachment":[{"href":"https:\/\/www.africa-press.net\/congo-brazzaville\/wp-json\/wp\/v2\/media?parent=13150"}],"wp:term":[{"taxonomy":"category","embeddable":true,"href":"https:\/\/www.africa-press.net\/congo-brazzaville\/wp-json\/wp\/v2\/categories?post=13150"},{"taxonomy":"post_tag","embeddable":true,"href":"https:\/\/www.africa-press.net\/congo-brazzaville\/wp-json\/wp\/v2\/tags?post=13150"}],"curies":[{"name":"wp","href":"https:\/\/api.w.org\/{rel}","templated":true}]}}