{"id":13152,"date":"2023-01-07T18:57:09","date_gmt":"2023-01-07T18:57:09","guid":{"rendered":"https:\/\/www.africa-press.net\/congo-brazzaville\/politique\/dialogue-social-les-revendications-sociales-sur-la-table-du-gouvernement"},"modified":"2023-01-07T18:57:09","modified_gmt":"2023-01-07T18:57:09","slug":"dialogue-social-les-revendications-sociales-sur-la-table-du-gouvernement","status":"publish","type":"post","link":"https:\/\/www.africa-press.net\/congo-brazzaville\/toutes-les-actualites\/dialogue-social-les-revendications-sociales-sur-la-table-du-gouvernement","title":{"rendered":"Dialogue social : les revendications sociales sur la table du gouvernement"},"content":{"rendered":"<p><span style=\"color: #ff6600\"><strong>Africa-Press &#8211; Congo Brazzaville. <\/strong><\/span>Les membres du Comite\u0301 national du dialogue social tiennent une session ce 7 janvier a\u0300 Brazzaville, au cours de laquelle ils examinent, entre autres, les situations des entreprises en faillite, les proble\u0300mes concernant les employe\u0301s et employeurs.<\/p>\n<p>L\u2019harmonisation de l\u2019a\u0302ge d\u2019admission a\u0300 la retraite pour les travailleurs relevant du code de travail, la re\u0301vision des montants des frais de missions a\u0300 l\u2019e\u0301tranger en fonction des zones ge\u0301ographiques, la re\u0301glementation du travail dans les secteurs non couverts par les conventions collectives font e\u0301galement partie des sujets aborde\u0301s lors de cette rencontre pre\u0301side\u0301e par le Premier ministre, Anatole Collinet Makosso, en sa qualite\u0301 de pre\u0301sident du Comite\u0301 national du dialogue social.<\/p>\n<p><strong>Pour plus d&rsquo;informations et d&rsquo;analyses sur la <a href=\"https:\/\/www.africa-press.net\/congo-brazzaville\">Congo Brazzaville<\/a>, suivez <a href=\"https:\/\/www.africa-press.net\/\">Africa-Press<\/a><\/strong><\/p>\n","protected":false},"excerpt":{"rendered":"<p>Africa-Press &#8211; Congo Brazzaville. Les membres du Comite\u0301 national du dialogue social tiennent une session ce 7 janvier a\u0300 Brazzaville, au cours de laquelle ils examinent, entre autres, les situations des entreprises en faillite, les proble\u0300mes concernant les employe\u0301s et employeurs. L\u2019harmonisation de l\u2019a\u0302ge d\u2019admission a\u0300 la retraite pour les travailleurs relevant du code de [&hellip;]<\/p>\n","protected":false},"author":82,"featured_media":13151,"comment_status":"open","ping_status":"closed","sticky":false,"template":"","format":"standard","meta":{"footnotes":""},"categories":[21,10],"tags":[36,47,46],"class_list":["post-13152","post","type-post","status-publish","format-standard","has-post-thumbnail","hentry","category-communaute","category-toutes-les-actualites","tag-africa-press","tag-africa-press-congo-brazzaville","tag-congo-brazzaville"],"yoast_head":"<!-- This site is optimized with the Yoast SEO Premium plugin v26.1 (Yoast SEO v27.0) - https:\/\/yoast.com\/product\/yoast-seo-premium-wordpress\/ -->\n<title>Dialogue social : les revendications sociales sur la table du gouvernement - Congo Brazzaville<\/title>\n<meta name=\"robots\" content=\"index, follow, max-snippet:-1, max-image-preview:large, max-video-preview:-1\" \/>\n<link rel=\"canonical\" href=\"https:\/\/www.africa-press.net\/congo-brazzaville\/politique\/dialogue-social-les-revendications-sociales-sur-la-table-du-gouvernement\" \/>\n<meta property=\"og:locale\" content=\"fr_FR\" \/>\n<meta property=\"og:type\" content=\"article\" \/>\n<meta property=\"og:title\" content=\"Dialogue social : les revendications sociales sur la table du gouvernement\" \/>\n<meta property=\"og:description\" content=\"Africa-Press &#8211; Congo Brazzaville. Les membres du Comite\u0301 national du dialogue social tiennent une session ce 7 janvier a\u0300 Brazzaville, au cours de laquelle ils examinent, entre autres, les situations des entreprises en faillite, les proble\u0300mes concernant les employe\u0301s et employeurs. L\u2019harmonisation de l\u2019a\u0302ge d\u2019admission a\u0300 la retraite pour les travailleurs relevant du code de [&hellip;]\" \/>\n<meta property=\"og:url\" content=\"https:\/\/www.africa-press.net\/congo-brazzaville\/politique\/dialogue-social-les-revendications-sociales-sur-la-table-du-gouvernement\" \/>\n<meta property=\"og:site_name\" content=\"Congo Brazzaville\" \/>\n<meta property=\"article:published_time\" content=\"2023-01-07T18:57:09+00:00\" \/>\n<meta name=\"author\" content=\"cfeditorfr\" \/>\n<meta name=\"twitter:card\" content=\"summary_large_image\" \/>\n<meta name=\"twitter:label1\" content=\"\u00c9crit par\" \/>\n\t<meta name=\"twitter:data1\" content=\"cfeditorfr\" \/>\n\t<meta name=\"twitter:label2\" content=\"Dur\u00e9e de lecture estim\u00e9e\" \/>\n\t<meta name=\"twitter:data2\" content=\"1 minute\" \/>\n<script type=\"application\/ld+json\" class=\"yoast-schema-graph\">{\"@context\":\"https:\/\/schema.org\",\"@graph\":[{\"@type\":\"Article\",\"@id\":\"https:\/\/www.africa-press.net\/congo-brazzaville\/politique\/dialogue-social-les-revendications-sociales-sur-la-table-du-gouvernement#article\",\"isPartOf\":{\"@id\":\"https:\/\/www.africa-press.net\/congo-brazzaville\/politique\/dialogue-social-les-revendications-sociales-sur-la-table-du-gouvernement\"},\"author\":{\"name\":\"cfeditorfr\",\"@id\":\"https:\/\/www.africa-press.net\/congo-brazzaville\/#\/schema\/person\/2b1cf3cd81a31e3cd26889ca66d677f1\"},\"headline\":\"Dialogue social : les revendications sociales sur la table du gouvernement\",\"datePublished\":\"2023-01-07T18:57:09+00:00\",\"mainEntityOfPage\":{\"@id\":\"https:\/\/www.africa-press.net\/congo-brazzaville\/politique\/dialogue-social-les-revendications-sociales-sur-la-table-du-gouvernement\"},\"wordCount\":151,\"commentCount\":0,\"image\":{\"@id\":\"https:\/\/www.africa-press.net\/congo-brazzaville\/politique\/dialogue-social-les-revendications-sociales-sur-la-table-du-gouvernement#primaryimage\"},\"thumbnailUrl\":\"https:\/\/static.africa-press.net\/congo-brazzaville\/sites\/51\/2023\/01\/postQueueImg_1673105238.62.jpg\",\"keywords\":[\"Africa Press\",\"Africa Press-Congo Brazzaville\",\"Congo Brazzaville\"],\"articleSection\":[\"Communaut\u00e9\",\"Toutes les actualit\u00e9s\"],\"inLanguage\":\"fr-FR\",\"potentialAction\":[{\"@type\":\"CommentAction\",\"name\":\"Comment\",\"target\":[\"https:\/\/www.africa-press.net\/congo-brazzaville\/politique\/dialogue-social-les-revendications-sociales-sur-la-table-du-gouvernement#respond\"]}]},{\"@type\":\"WebPage\",\"@id\":\"https:\/\/www.africa-press.net\/congo-brazzaville\/politique\/dialogue-social-les-revendications-sociales-sur-la-table-du-gouvernement\",\"url\":\"https:\/\/www.africa-press.net\/congo-brazzaville\/politique\/dialogue-social-les-revendications-sociales-sur-la-table-du-gouvernement\",\"name\":\"Dialogue social : les revendications sociales sur la table du gouvernement - Congo Brazzaville\",\"isPartOf\":{\"@id\":\"https:\/\/www.africa-press.net\/congo-brazzaville\/#website\"},\"primaryImageOfPage\":{\"@id\":\"https:\/\/www.africa-press.net\/congo-brazzaville\/politique\/dialogue-social-les-revendications-sociales-sur-la-table-du-gouvernement#primaryimage\"},\"image\":{\"@id\":\"https:\/\/www.africa-press.net\/congo-brazzaville\/politique\/dialogue-social-les-revendications-sociales-sur-la-table-du-gouvernement#primaryimage\"},\"thumbnailUrl\":\"https:\/\/static.africa-press.net\/congo-brazzaville\/sites\/51\/2023\/01\/postQueueImg_1673105238.62.jpg\",\"datePublished\":\"2023-01-07T18:57:09+00:00\",\"author\":{\"@id\":\"https:\/\/www.africa-press.net\/congo-brazzaville\/#\/schema\/person\/2b1cf3cd81a31e3cd26889ca66d677f1\"},\"breadcrumb\":{\"@id\":\"https:\/\/www.africa-press.net\/congo-brazzaville\/politique\/dialogue-social-les-revendications-sociales-sur-la-table-du-gouvernement#breadcrumb\"},\"inLanguage\":\"fr-FR\",\"potentialAction\":[{\"@type\":\"ReadAction\",\"target\":[\"https:\/\/www.africa-press.net\/congo-brazzaville\/politique\/dialogue-social-les-revendications-sociales-sur-la-table-du-gouvernement\"]}]},{\"@type\":\"ImageObject\",\"inLanguage\":\"fr-FR\",\"@id\":\"https:\/\/www.africa-press.net\/congo-brazzaville\/politique\/dialogue-social-les-revendications-sociales-sur-la-table-du-gouvernement#primaryimage\",\"url\":\"https:\/\/static.africa-press.net\/congo-brazzaville\/sites\/51\/2023\/01\/postQueueImg_1673105238.62.jpg\",\"contentUrl\":\"https:\/\/static.africa-press.net\/congo-brazzaville\/sites\/51\/2023\/01\/postQueueImg_1673105238.62.jpg\",\"width\":1080,\"height\":720,\"caption\":\"Dialogue social : les revendications sociales sur la table du gouvernement\"},{\"@type\":\"BreadcrumbList\",\"@id\":\"https:\/\/www.africa-press.net\/congo-brazzaville\/politique\/dialogue-social-les-revendications-sociales-sur-la-table-du-gouvernement#breadcrumb\",\"itemListElement\":[{\"@type\":\"ListItem\",\"position\":1,\"name\":\"Accueil\",\"item\":\"https:\/\/www.africa-press.net\/congo-brazzaville\/\"},{\"@type\":\"ListItem\",\"position\":2,\"name\":\"Dialogue social : les revendications sociales sur la table du gouvernement\"}]},{\"@type\":\"WebSite\",\"@id\":\"https:\/\/www.africa-press.net\/congo-brazzaville\/#website\",\"url\":\"https:\/\/www.africa-press.net\/congo-brazzaville\/\",\"name\":\"Congo Brazzaville\",\"description\":\"Just another Africa News Agency Sites site\",\"potentialAction\":[{\"@type\":\"SearchAction\",\"target\":{\"@type\":\"EntryPoint\",\"urlTemplate\":\"https:\/\/www.africa-press.net\/congo-brazzaville\/?s={search_term_string}\"},\"query-input\":{\"@type\":\"PropertyValueSpecification\",\"valueRequired\":true,\"valueName\":\"search_term_string\"}}],\"inLanguage\":\"fr-FR\"},{\"@type\":\"Person\",\"@id\":\"https:\/\/www.africa-press.net\/congo-brazzaville\/#\/schema\/person\/2b1cf3cd81a31e3cd26889ca66d677f1\",\"name\":\"cfeditorfr\"}]}<\/script>\n<!-- \/ Yoast SEO Premium plugin. -->","yoast_head_json":{"title":"Dialogue social : les revendications sociales sur la table du gouvernement - Congo Brazzaville","robots":{"index":"index","follow":"follow","max-snippet":"max-snippet:-1","max-image-preview":"max-image-preview:large","max-video-preview":"max-video-preview:-1"},"canonical":"https:\/\/www.africa-press.net\/congo-brazzaville\/politique\/dialogue-social-les-revendications-sociales-sur-la-table-du-gouvernement","og_locale":"fr_FR","og_type":"article","og_title":"Dialogue social : les revendications sociales sur la table du gouvernement","og_description":"Africa-Press &#8211; Congo Brazzaville. Les membres du Comite\u0301 national du dialogue social tiennent une session ce 7 janvier a\u0300 Brazzaville, au cours de laquelle ils examinent, entre autres, les situations des entreprises en faillite, les proble\u0300mes concernant les employe\u0301s et employeurs. L\u2019harmonisation de l\u2019a\u0302ge d\u2019admission a\u0300 la retraite pour les travailleurs relevant du code de [&hellip;]","og_url":"https:\/\/www.africa-press.net\/congo-brazzaville\/politique\/dialogue-social-les-revendications-sociales-sur-la-table-du-gouvernement","og_site_name":"Congo Brazzaville","article_published_time":"2023-01-07T18:57:09+00:00","author":"cfeditorfr","twitter_card":"summary_large_image","twitter_misc":{"\u00c9crit par":"cfeditorfr","Dur\u00e9e de lecture estim\u00e9e":"1 minute"},"schema":{"@context":"https:\/\/schema.org","@graph":[{"@type":"Article","@id":"https:\/\/www.africa-press.net\/congo-brazzaville\/politique\/dialogue-social-les-revendications-sociales-sur-la-table-du-gouvernement#article","isPartOf":{"@id":"https:\/\/www.africa-press.net\/congo-brazzaville\/politique\/dialogue-social-les-revendications-sociales-sur-la-table-du-gouvernement"},"author":{"name":"cfeditorfr","@id":"https:\/\/www.africa-press.net\/congo-brazzaville\/#\/schema\/person\/2b1cf3cd81a31e3cd26889ca66d677f1"},"headline":"Dialogue social : les revendications sociales sur la table du gouvernement","datePublished":"2023-01-07T18:57:09+00:00","mainEntityOfPage":{"@id":"https:\/\/www.africa-press.net\/congo-brazzaville\/politique\/dialogue-social-les-revendications-sociales-sur-la-table-du-gouvernement"},"wordCount":151,"commentCount":0,"image":{"@id":"https:\/\/www.africa-press.net\/congo-brazzaville\/politique\/dialogue-social-les-revendications-sociales-sur-la-table-du-gouvernement#primaryimage"},"thumbnailUrl":"https:\/\/static.africa-press.net\/congo-brazzaville\/sites\/51\/2023\/01\/postQueueImg_1673105238.62.jpg","keywords":["Africa Press","Africa Press-Congo Brazzaville","Congo Brazzaville"],"articleSection":["Communaut\u00e9","Toutes les actualit\u00e9s"],"inLanguage":"fr-FR","potentialAction":[{"@type":"CommentAction","name":"Comment","target":["https:\/\/www.africa-press.net\/congo-brazzaville\/politique\/dialogue-social-les-revendications-sociales-sur-la-table-du-gouvernement#respond"]}]},{"@type":"WebPage","@id":"https:\/\/www.africa-press.net\/congo-brazzaville\/politique\/dialogue-social-les-revendications-sociales-sur-la-table-du-gouvernement","url":"https:\/\/www.africa-press.net\/congo-brazzaville\/politique\/dialogue-social-les-revendications-sociales-sur-la-table-du-gouvernement","name":"Dialogue social : les revendications sociales sur la table du gouvernement - Congo Brazzaville","isPartOf":{"@id":"https:\/\/www.africa-press.net\/congo-brazzaville\/#website"},"primaryImageOfPage":{"@id":"https:\/\/www.africa-press.net\/congo-brazzaville\/politique\/dialogue-social-les-revendications-sociales-sur-la-table-du-gouvernement#primaryimage"},"image":{"@id":"https:\/\/www.africa-press.net\/congo-brazzaville\/politique\/dialogue-social-les-revendications-sociales-sur-la-table-du-gouvernement#primaryimage"},"thumbnailUrl":"https:\/\/static.africa-press.net\/congo-brazzaville\/sites\/51\/2023\/01\/postQueueImg_1673105238.62.jpg","datePublished":"2023-01-07T18:57:09+00:00","author":{"@id":"https:\/\/www.africa-press.net\/congo-brazzaville\/#\/schema\/person\/2b1cf3cd81a31e3cd26889ca66d677f1"},"breadcrumb":{"@id":"https:\/\/www.africa-press.net\/congo-brazzaville\/politique\/dialogue-social-les-revendications-sociales-sur-la-table-du-gouvernement#breadcrumb"},"inLanguage":"fr-FR","potentialAction":[{"@type":"ReadAction","target":["https:\/\/www.africa-press.net\/congo-brazzaville\/politique\/dialogue-social-les-revendications-sociales-sur-la-table-du-gouvernement"]}]},{"@type":"ImageObject","inLanguage":"fr-FR","@id":"https:\/\/www.africa-press.net\/congo-brazzaville\/politique\/dialogue-social-les-revendications-sociales-sur-la-table-du-gouvernement#primaryimage","url":"https:\/\/static.africa-press.net\/congo-brazzaville\/sites\/51\/2023\/01\/postQueueImg_1673105238.62.jpg","contentUrl":"https:\/\/static.africa-press.net\/congo-brazzaville\/sites\/51\/2023\/01\/postQueueImg_1673105238.62.jpg","width":1080,"height":720,"caption":"Dialogue social : les revendications sociales sur la table du gouvernement"},{"@type":"BreadcrumbList","@id":"https:\/\/www.africa-press.net\/congo-brazzaville\/politique\/dialogue-social-les-revendications-sociales-sur-la-table-du-gouvernement#breadcrumb","itemListElement":[{"@type":"ListItem","position":1,"name":"Accueil","item":"https:\/\/www.africa-press.net\/congo-brazzaville\/"},{"@type":"ListItem","position":2,"name":"Dialogue social : les revendications sociales sur la table du gouvernement"}]},{"@type":"WebSite","@id":"https:\/\/www.africa-press.net\/congo-brazzaville\/#website","url":"https:\/\/www.africa-press.net\/congo-brazzaville\/","name":"Congo Brazzaville","description":"Just another Africa News Agency Sites site","potentialAction":[{"@type":"SearchAction","target":{"@type":"EntryPoint","urlTemplate":"https:\/\/www.africa-press.net\/congo-brazzaville\/?s={search_term_string}"},"query-input":{"@type":"PropertyValueSpecification","valueRequired":true,"valueName":"search_term_string"}}],"inLanguage":"fr-FR"},{"@type":"Person","@id":"https:\/\/www.africa-press.net\/congo-brazzaville\/#\/schema\/person\/2b1cf3cd81a31e3cd26889ca66d677f1","name":"cfeditorfr"}]}},"_links":{"self":[{"href":"https:\/\/www.africa-press.net\/congo-brazzaville\/wp-json\/wp\/v2\/posts\/13152","targetHints":{"allow":["GET"]}}],"collection":[{"href":"https:\/\/www.africa-press.net\/congo-brazzaville\/wp-json\/wp\/v2\/posts"}],"about":[{"href":"https:\/\/www.africa-press.net\/congo-brazzaville\/wp-json\/wp\/v2\/types\/post"}],"author":[{"embeddable":true,"href":"https:\/\/www.africa-press.net\/congo-brazzaville\/wp-json\/wp\/v2\/users\/82"}],"replies":[{"embeddable":true,"href":"https:\/\/www.africa-press.net\/congo-brazzaville\/wp-json\/wp\/v2\/comments?post=13152"}],"version-history":[{"count":0,"href":"https:\/\/www.africa-press.net\/congo-brazzaville\/wp-json\/wp\/v2\/posts\/13152\/revisions"}],"wp:featuredmedia":[{"embeddable":true,"href":"https:\/\/www.africa-press.net\/congo-brazzaville\/wp-json\/wp\/v2\/media\/13151"}],"wp:attachment":[{"href":"https:\/\/www.africa-press.net\/congo-brazzaville\/wp-json\/wp\/v2\/media?parent=13152"}],"wp:term":[{"taxonomy":"category","embeddable":true,"href":"https:\/\/www.africa-press.net\/congo-brazzaville\/wp-json\/wp\/v2\/categories?post=13152"},{"taxonomy":"post_tag","embeddable":true,"href":"https:\/\/www.africa-press.net\/congo-brazzaville\/wp-json\/wp\/v2\/tags?post=13152"}],"curies":[{"name":"wp","href":"https:\/\/api.w.org\/{rel}","templated":true}]}}