{"id":13156,"date":"2023-01-07T18:57:44","date_gmt":"2023-01-07T18:57:44","guid":{"rendered":"https:\/\/www.africa-press.net\/congo-brazzaville\/politique\/le-comite-national-du-dialogue-social-evalue-les-recommandations-des-sessions-precedentes"},"modified":"2023-01-07T18:57:44","modified_gmt":"2023-01-07T18:57:44","slug":"le-comite-national-du-dialogue-social-evalue-les-recommandations-des-sessions-precedentes","status":"publish","type":"post","link":"https:\/\/www.africa-press.net\/congo-brazzaville\/toutes-les-actualites\/le-comite-national-du-dialogue-social-evalue-les-recommandations-des-sessions-precedentes","title":{"rendered":"le comit\u00e9 national du dialogue social \u00e9value les recommandations des sessions pr\u00e9c\u00e9dentes"},"content":{"rendered":"<p><span style=\"color: #ff6600\"><strong>Africa-Press &#8211; Congo Brazzaville. <\/strong><\/span><b>Le Premier ministre, Anatole Collinet Makosso a indique\u0301 le 7 janvier a\u0300 Brazzaville que la session du comite\u0301 national du dialogue social e\u0301valuera la mise en \u0153uvre des recommandations issues des sessions pre\u0301ce\u0301dentes et prendra des, si ne\u0301cessaire, les actions correctives.<\/b><\/p>\n<p>\u00ab Nous nous retrouvons dans cette salle, une anne\u0301e apre\u0300s avoir formule\u0301, en 2014, des recommandations pertinentes dont ce sera l\u2019occasion d\u2019e\u0301valuer la mise en \u0153uvre. Apre\u0300s les de\u0301bats que nous jugerons utiles, en examinant les nouveaux points inscrits a\u0300 l\u2019ordre du jour, il faudra prendre des recommandations pertinentes, devant consolider la paix sociale, che\u0300re a\u0300 notre pays \u00bb, a dit Collinet Makosso, a\u0300 l\u2019ouverture des travaux de la session du comite\u0301 national du dialogue social.<\/p>\n<p>Les 50 membres du comite\u0301 national du dialogue social vont entre autres examiner, l\u2019harmonisation de l\u2019a\u0302ge d\u2019admission a\u0300 la retraite pour les travailleurs relevant du code du travail ; la re\u0301vision des montants des frais de missions a\u0300 l\u2019e\u0301tranger en fonction des zones ge\u0301ographiques, la situation des travailleurs de la SOPECO, COGELO, l\u2019Agence congolaise des aires prote\u0301ge\u0301es et le CFCO.<\/p>\n<p>Les participants au comite\u0301 national du dialogue social discuteront aussi sur la relance du processus d\u2019e\u0301lections des de\u0301le\u0301gue\u0301s du personnel dans les entreprises et e\u0301tablissement relevant du code du travail, la concession des barrages hydroe\u0301lectrique d\u2019Imboulou et de Moukoukoulou et le proble\u0300me souleve\u0301 par le paiement de la taxe immobilie\u0300re par les commerc\u0327ants.<\/p>\n<p>Pour le Secre\u0301taire ge\u0301ne\u0301ral de la Confe\u0301de\u0301ration des syndicats libres et autonomes du Congo (COSYLAC), Bernard Malouka, cette session est une opportunite\u0301 de faire des propositions et d\u2019inciter le gouvernement a\u0300 prendre des dispositions pour les appliquer.<\/p>\n<p>\u00ab S\u2019il s\u2019agit de prendre des de\u0301crets, des arre\u0302te\u0301s et des textes d\u2019application, cela revient au gouvernement de le faire, afin que les travailleurs be\u0301ne\u0301ficient de la mise en \u0153uvre des recommandations prises par le comite\u0301 national du dialogue social. L\u2019e\u0301valuation des recommandations qui sera faite doit aussi nous montrer si nous avons fait des avance\u0301es vers l\u2019ame\u0301lioration du climat social \u00bb, a souligne\u0301 Bernard Malouka.<\/p>\n<p>La session du comite\u0301 du dialogue national a pour objectif, d\u2019encourager les e\u0301changes entre les membres du gouvernement, les organisations d\u2019employeurs, des syndicats et des personnes ressources, pour arriver a\u0300 un consensus, devant les proble\u0300mes d\u2019ordre social et e\u0301conomique et maintenir un climat social apaise\u0301 avec des retombe\u0301es sur les performances e\u0301conomiques, les pratiques de gouvernance et la stabilite\u0301 sociale.<\/p>\n<p><strong>Pour plus d&rsquo;informations et d&rsquo;analyses sur la <a href=\"https:\/\/www.africa-press.net\/congo-brazzaville\">Congo Brazzaville<\/a>, suivez <a href=\"https:\/\/www.africa-press.net\/\">Africa-Press<\/a><\/strong><\/p>\n","protected":false},"excerpt":{"rendered":"<p>Africa-Press &#8211; Congo Brazzaville. Le Premier ministre, Anatole Collinet Makosso a indique\u0301 le 7 janvier a\u0300 Brazzaville que la session du comite\u0301 national du dialogue social e\u0301valuera la mise en \u0153uvre des recommandations issues des sessions pre\u0301ce\u0301dentes et prendra des, si ne\u0301cessaire, les actions correctives. \u00ab Nous nous retrouvons dans cette salle, une anne\u0301e apre\u0300s [&hellip;]<\/p>\n","protected":false},"author":82,"featured_media":13155,"comment_status":"open","ping_status":"closed","sticky":false,"template":"","format":"standard","meta":{"footnotes":""},"categories":[21,10],"tags":[36,47,46],"class_list":["post-13156","post","type-post","status-publish","format-standard","has-post-thumbnail","hentry","category-communaute","category-toutes-les-actualites","tag-africa-press","tag-africa-press-congo-brazzaville","tag-congo-brazzaville"],"yoast_head":"<!-- This site is optimized with the Yoast SEO Premium plugin v26.1 (Yoast SEO v27.0) - https:\/\/yoast.com\/product\/yoast-seo-premium-wordpress\/ -->\n<title>le comit\u00e9 national du dialogue social \u00e9value les recommandations des sessions pr\u00e9c\u00e9dentes - Congo Brazzaville<\/title>\n<meta name=\"robots\" content=\"index, follow, max-snippet:-1, max-image-preview:large, max-video-preview:-1\" \/>\n<link rel=\"canonical\" href=\"https:\/\/www.africa-press.net\/congo-brazzaville\/politique\/le-comite-national-du-dialogue-social-evalue-les-recommandations-des-sessions-precedentes\" \/>\n<meta property=\"og:locale\" content=\"fr_FR\" \/>\n<meta property=\"og:type\" content=\"article\" \/>\n<meta property=\"og:title\" content=\"le comit\u00e9 national du dialogue social \u00e9value les recommandations des sessions pr\u00e9c\u00e9dentes\" \/>\n<meta property=\"og:description\" content=\"Africa-Press &#8211; Congo Brazzaville. Le Premier ministre, Anatole Collinet Makosso a indique\u0301 le 7 janvier a\u0300 Brazzaville que la session du comite\u0301 national du dialogue social e\u0301valuera la mise en \u0153uvre des recommandations issues des sessions pre\u0301ce\u0301dentes et prendra des, si ne\u0301cessaire, les actions correctives. \u00ab Nous nous retrouvons dans cette salle, une anne\u0301e apre\u0300s [&hellip;]\" \/>\n<meta property=\"og:url\" content=\"https:\/\/www.africa-press.net\/congo-brazzaville\/politique\/le-comite-national-du-dialogue-social-evalue-les-recommandations-des-sessions-precedentes\" \/>\n<meta property=\"og:site_name\" content=\"Congo Brazzaville\" \/>\n<meta property=\"article:published_time\" content=\"2023-01-07T18:57:44+00:00\" \/>\n<meta name=\"author\" content=\"cfeditorfr\" \/>\n<meta name=\"twitter:card\" content=\"summary_large_image\" \/>\n<meta name=\"twitter:label1\" content=\"\u00c9crit par\" \/>\n\t<meta name=\"twitter:data1\" content=\"cfeditorfr\" \/>\n\t<meta name=\"twitter:label2\" content=\"Dur\u00e9e de lecture estim\u00e9e\" \/>\n\t<meta name=\"twitter:data2\" content=\"2 minutes\" \/>\n<script type=\"application\/ld+json\" class=\"yoast-schema-graph\">{\"@context\":\"https:\/\/schema.org\",\"@graph\":[{\"@type\":\"Article\",\"@id\":\"https:\/\/www.africa-press.net\/congo-brazzaville\/politique\/le-comite-national-du-dialogue-social-evalue-les-recommandations-des-sessions-precedentes#article\",\"isPartOf\":{\"@id\":\"https:\/\/www.africa-press.net\/congo-brazzaville\/politique\/le-comite-national-du-dialogue-social-evalue-les-recommandations-des-sessions-precedentes\"},\"author\":{\"name\":\"cfeditorfr\",\"@id\":\"https:\/\/www.africa-press.net\/congo-brazzaville\/#\/schema\/person\/2b1cf3cd81a31e3cd26889ca66d677f1\"},\"headline\":\"le comit\u00e9 national du dialogue social \u00e9value les recommandations des sessions pr\u00e9c\u00e9dentes\",\"datePublished\":\"2023-01-07T18:57:44+00:00\",\"mainEntityOfPage\":{\"@id\":\"https:\/\/www.africa-press.net\/congo-brazzaville\/politique\/le-comite-national-du-dialogue-social-evalue-les-recommandations-des-sessions-precedentes\"},\"wordCount\":479,\"commentCount\":0,\"image\":{\"@id\":\"https:\/\/www.africa-press.net\/congo-brazzaville\/politique\/le-comite-national-du-dialogue-social-evalue-les-recommandations-des-sessions-precedentes#primaryimage\"},\"thumbnailUrl\":\"https:\/\/static.africa-press.net\/congo-brazzaville\/sites\/51\/2023\/01\/postQueueImg_1673105281.95.jpg\",\"keywords\":[\"Africa Press\",\"Africa Press-Congo Brazzaville\",\"Congo Brazzaville\"],\"articleSection\":[\"Communaut\u00e9\",\"Toutes les actualit\u00e9s\"],\"inLanguage\":\"fr-FR\",\"potentialAction\":[{\"@type\":\"CommentAction\",\"name\":\"Comment\",\"target\":[\"https:\/\/www.africa-press.net\/congo-brazzaville\/politique\/le-comite-national-du-dialogue-social-evalue-les-recommandations-des-sessions-precedentes#respond\"]}]},{\"@type\":\"WebPage\",\"@id\":\"https:\/\/www.africa-press.net\/congo-brazzaville\/politique\/le-comite-national-du-dialogue-social-evalue-les-recommandations-des-sessions-precedentes\",\"url\":\"https:\/\/www.africa-press.net\/congo-brazzaville\/politique\/le-comite-national-du-dialogue-social-evalue-les-recommandations-des-sessions-precedentes\",\"name\":\"le comit\u00e9 national du dialogue social \u00e9value les recommandations des sessions pr\u00e9c\u00e9dentes - Congo Brazzaville\",\"isPartOf\":{\"@id\":\"https:\/\/www.africa-press.net\/congo-brazzaville\/#website\"},\"primaryImageOfPage\":{\"@id\":\"https:\/\/www.africa-press.net\/congo-brazzaville\/politique\/le-comite-national-du-dialogue-social-evalue-les-recommandations-des-sessions-precedentes#primaryimage\"},\"image\":{\"@id\":\"https:\/\/www.africa-press.net\/congo-brazzaville\/politique\/le-comite-national-du-dialogue-social-evalue-les-recommandations-des-sessions-precedentes#primaryimage\"},\"thumbnailUrl\":\"https:\/\/static.africa-press.net\/congo-brazzaville\/sites\/51\/2023\/01\/postQueueImg_1673105281.95.jpg\",\"datePublished\":\"2023-01-07T18:57:44+00:00\",\"author\":{\"@id\":\"https:\/\/www.africa-press.net\/congo-brazzaville\/#\/schema\/person\/2b1cf3cd81a31e3cd26889ca66d677f1\"},\"breadcrumb\":{\"@id\":\"https:\/\/www.africa-press.net\/congo-brazzaville\/politique\/le-comite-national-du-dialogue-social-evalue-les-recommandations-des-sessions-precedentes#breadcrumb\"},\"inLanguage\":\"fr-FR\",\"potentialAction\":[{\"@type\":\"ReadAction\",\"target\":[\"https:\/\/www.africa-press.net\/congo-brazzaville\/politique\/le-comite-national-du-dialogue-social-evalue-les-recommandations-des-sessions-precedentes\"]}]},{\"@type\":\"ImageObject\",\"inLanguage\":\"fr-FR\",\"@id\":\"https:\/\/www.africa-press.net\/congo-brazzaville\/politique\/le-comite-national-du-dialogue-social-evalue-les-recommandations-des-sessions-precedentes#primaryimage\",\"url\":\"https:\/\/static.africa-press.net\/congo-brazzaville\/sites\/51\/2023\/01\/postQueueImg_1673105281.95.jpg\",\"contentUrl\":\"https:\/\/static.africa-press.net\/congo-brazzaville\/sites\/51\/2023\/01\/postQueueImg_1673105281.95.jpg\",\"width\":759,\"height\":440,\"caption\":\"le comit\u00e9 national du dialogue social \u00e9value les recommandations des sessions pr\u00e9c\u00e9dentes\"},{\"@type\":\"BreadcrumbList\",\"@id\":\"https:\/\/www.africa-press.net\/congo-brazzaville\/politique\/le-comite-national-du-dialogue-social-evalue-les-recommandations-des-sessions-precedentes#breadcrumb\",\"itemListElement\":[{\"@type\":\"ListItem\",\"position\":1,\"name\":\"Accueil\",\"item\":\"https:\/\/www.africa-press.net\/congo-brazzaville\/\"},{\"@type\":\"ListItem\",\"position\":2,\"name\":\"le comit\u00e9 national du dialogue social \u00e9value les recommandations des sessions pr\u00e9c\u00e9dentes\"}]},{\"@type\":\"WebSite\",\"@id\":\"https:\/\/www.africa-press.net\/congo-brazzaville\/#website\",\"url\":\"https:\/\/www.africa-press.net\/congo-brazzaville\/\",\"name\":\"Congo Brazzaville\",\"description\":\"Just another Africa News Agency Sites site\",\"potentialAction\":[{\"@type\":\"SearchAction\",\"target\":{\"@type\":\"EntryPoint\",\"urlTemplate\":\"https:\/\/www.africa-press.net\/congo-brazzaville\/?s={search_term_string}\"},\"query-input\":{\"@type\":\"PropertyValueSpecification\",\"valueRequired\":true,\"valueName\":\"search_term_string\"}}],\"inLanguage\":\"fr-FR\"},{\"@type\":\"Person\",\"@id\":\"https:\/\/www.africa-press.net\/congo-brazzaville\/#\/schema\/person\/2b1cf3cd81a31e3cd26889ca66d677f1\",\"name\":\"cfeditorfr\"}]}<\/script>\n<!-- \/ Yoast SEO Premium plugin. -->","yoast_head_json":{"title":"le comit\u00e9 national du dialogue social \u00e9value les recommandations des sessions pr\u00e9c\u00e9dentes - Congo Brazzaville","robots":{"index":"index","follow":"follow","max-snippet":"max-snippet:-1","max-image-preview":"max-image-preview:large","max-video-preview":"max-video-preview:-1"},"canonical":"https:\/\/www.africa-press.net\/congo-brazzaville\/politique\/le-comite-national-du-dialogue-social-evalue-les-recommandations-des-sessions-precedentes","og_locale":"fr_FR","og_type":"article","og_title":"le comit\u00e9 national du dialogue social \u00e9value les recommandations des sessions pr\u00e9c\u00e9dentes","og_description":"Africa-Press &#8211; Congo Brazzaville. Le Premier ministre, Anatole Collinet Makosso a indique\u0301 le 7 janvier a\u0300 Brazzaville que la session du comite\u0301 national du dialogue social e\u0301valuera la mise en \u0153uvre des recommandations issues des sessions pre\u0301ce\u0301dentes et prendra des, si ne\u0301cessaire, les actions correctives. \u00ab Nous nous retrouvons dans cette salle, une anne\u0301e apre\u0300s [&hellip;]","og_url":"https:\/\/www.africa-press.net\/congo-brazzaville\/politique\/le-comite-national-du-dialogue-social-evalue-les-recommandations-des-sessions-precedentes","og_site_name":"Congo Brazzaville","article_published_time":"2023-01-07T18:57:44+00:00","author":"cfeditorfr","twitter_card":"summary_large_image","twitter_misc":{"\u00c9crit par":"cfeditorfr","Dur\u00e9e de lecture estim\u00e9e":"2 minutes"},"schema":{"@context":"https:\/\/schema.org","@graph":[{"@type":"Article","@id":"https:\/\/www.africa-press.net\/congo-brazzaville\/politique\/le-comite-national-du-dialogue-social-evalue-les-recommandations-des-sessions-precedentes#article","isPartOf":{"@id":"https:\/\/www.africa-press.net\/congo-brazzaville\/politique\/le-comite-national-du-dialogue-social-evalue-les-recommandations-des-sessions-precedentes"},"author":{"name":"cfeditorfr","@id":"https:\/\/www.africa-press.net\/congo-brazzaville\/#\/schema\/person\/2b1cf3cd81a31e3cd26889ca66d677f1"},"headline":"le comit\u00e9 national du dialogue social \u00e9value les recommandations des sessions pr\u00e9c\u00e9dentes","datePublished":"2023-01-07T18:57:44+00:00","mainEntityOfPage":{"@id":"https:\/\/www.africa-press.net\/congo-brazzaville\/politique\/le-comite-national-du-dialogue-social-evalue-les-recommandations-des-sessions-precedentes"},"wordCount":479,"commentCount":0,"image":{"@id":"https:\/\/www.africa-press.net\/congo-brazzaville\/politique\/le-comite-national-du-dialogue-social-evalue-les-recommandations-des-sessions-precedentes#primaryimage"},"thumbnailUrl":"https:\/\/static.africa-press.net\/congo-brazzaville\/sites\/51\/2023\/01\/postQueueImg_1673105281.95.jpg","keywords":["Africa Press","Africa Press-Congo Brazzaville","Congo Brazzaville"],"articleSection":["Communaut\u00e9","Toutes les actualit\u00e9s"],"inLanguage":"fr-FR","potentialAction":[{"@type":"CommentAction","name":"Comment","target":["https:\/\/www.africa-press.net\/congo-brazzaville\/politique\/le-comite-national-du-dialogue-social-evalue-les-recommandations-des-sessions-precedentes#respond"]}]},{"@type":"WebPage","@id":"https:\/\/www.africa-press.net\/congo-brazzaville\/politique\/le-comite-national-du-dialogue-social-evalue-les-recommandations-des-sessions-precedentes","url":"https:\/\/www.africa-press.net\/congo-brazzaville\/politique\/le-comite-national-du-dialogue-social-evalue-les-recommandations-des-sessions-precedentes","name":"le comit\u00e9 national du dialogue social \u00e9value les recommandations des sessions pr\u00e9c\u00e9dentes - Congo Brazzaville","isPartOf":{"@id":"https:\/\/www.africa-press.net\/congo-brazzaville\/#website"},"primaryImageOfPage":{"@id":"https:\/\/www.africa-press.net\/congo-brazzaville\/politique\/le-comite-national-du-dialogue-social-evalue-les-recommandations-des-sessions-precedentes#primaryimage"},"image":{"@id":"https:\/\/www.africa-press.net\/congo-brazzaville\/politique\/le-comite-national-du-dialogue-social-evalue-les-recommandations-des-sessions-precedentes#primaryimage"},"thumbnailUrl":"https:\/\/static.africa-press.net\/congo-brazzaville\/sites\/51\/2023\/01\/postQueueImg_1673105281.95.jpg","datePublished":"2023-01-07T18:57:44+00:00","author":{"@id":"https:\/\/www.africa-press.net\/congo-brazzaville\/#\/schema\/person\/2b1cf3cd81a31e3cd26889ca66d677f1"},"breadcrumb":{"@id":"https:\/\/www.africa-press.net\/congo-brazzaville\/politique\/le-comite-national-du-dialogue-social-evalue-les-recommandations-des-sessions-precedentes#breadcrumb"},"inLanguage":"fr-FR","potentialAction":[{"@type":"ReadAction","target":["https:\/\/www.africa-press.net\/congo-brazzaville\/politique\/le-comite-national-du-dialogue-social-evalue-les-recommandations-des-sessions-precedentes"]}]},{"@type":"ImageObject","inLanguage":"fr-FR","@id":"https:\/\/www.africa-press.net\/congo-brazzaville\/politique\/le-comite-national-du-dialogue-social-evalue-les-recommandations-des-sessions-precedentes#primaryimage","url":"https:\/\/static.africa-press.net\/congo-brazzaville\/sites\/51\/2023\/01\/postQueueImg_1673105281.95.jpg","contentUrl":"https:\/\/static.africa-press.net\/congo-brazzaville\/sites\/51\/2023\/01\/postQueueImg_1673105281.95.jpg","width":759,"height":440,"caption":"le comit\u00e9 national du dialogue social \u00e9value les recommandations des sessions pr\u00e9c\u00e9dentes"},{"@type":"BreadcrumbList","@id":"https:\/\/www.africa-press.net\/congo-brazzaville\/politique\/le-comite-national-du-dialogue-social-evalue-les-recommandations-des-sessions-precedentes#breadcrumb","itemListElement":[{"@type":"ListItem","position":1,"name":"Accueil","item":"https:\/\/www.africa-press.net\/congo-brazzaville\/"},{"@type":"ListItem","position":2,"name":"le comit\u00e9 national du dialogue social \u00e9value les recommandations des sessions pr\u00e9c\u00e9dentes"}]},{"@type":"WebSite","@id":"https:\/\/www.africa-press.net\/congo-brazzaville\/#website","url":"https:\/\/www.africa-press.net\/congo-brazzaville\/","name":"Congo Brazzaville","description":"Just another Africa News Agency Sites site","potentialAction":[{"@type":"SearchAction","target":{"@type":"EntryPoint","urlTemplate":"https:\/\/www.africa-press.net\/congo-brazzaville\/?s={search_term_string}"},"query-input":{"@type":"PropertyValueSpecification","valueRequired":true,"valueName":"search_term_string"}}],"inLanguage":"fr-FR"},{"@type":"Person","@id":"https:\/\/www.africa-press.net\/congo-brazzaville\/#\/schema\/person\/2b1cf3cd81a31e3cd26889ca66d677f1","name":"cfeditorfr"}]}},"_links":{"self":[{"href":"https:\/\/www.africa-press.net\/congo-brazzaville\/wp-json\/wp\/v2\/posts\/13156","targetHints":{"allow":["GET"]}}],"collection":[{"href":"https:\/\/www.africa-press.net\/congo-brazzaville\/wp-json\/wp\/v2\/posts"}],"about":[{"href":"https:\/\/www.africa-press.net\/congo-brazzaville\/wp-json\/wp\/v2\/types\/post"}],"author":[{"embeddable":true,"href":"https:\/\/www.africa-press.net\/congo-brazzaville\/wp-json\/wp\/v2\/users\/82"}],"replies":[{"embeddable":true,"href":"https:\/\/www.africa-press.net\/congo-brazzaville\/wp-json\/wp\/v2\/comments?post=13156"}],"version-history":[{"count":0,"href":"https:\/\/www.africa-press.net\/congo-brazzaville\/wp-json\/wp\/v2\/posts\/13156\/revisions"}],"wp:featuredmedia":[{"embeddable":true,"href":"https:\/\/www.africa-press.net\/congo-brazzaville\/wp-json\/wp\/v2\/media\/13155"}],"wp:attachment":[{"href":"https:\/\/www.africa-press.net\/congo-brazzaville\/wp-json\/wp\/v2\/media?parent=13156"}],"wp:term":[{"taxonomy":"category","embeddable":true,"href":"https:\/\/www.africa-press.net\/congo-brazzaville\/wp-json\/wp\/v2\/categories?post=13156"},{"taxonomy":"post_tag","embeddable":true,"href":"https:\/\/www.africa-press.net\/congo-brazzaville\/wp-json\/wp\/v2\/tags?post=13156"}],"curies":[{"name":"wp","href":"https:\/\/api.w.org\/{rel}","templated":true}]}}