{"id":13170,"date":"2023-01-09T17:32:42","date_gmt":"2023-01-09T17:32:42","guid":{"rendered":"https:\/\/www.africa-press.net\/congo-brazzaville\/politique\/environnement-bacongo-sapproprie-lapproche-assainissement-total"},"modified":"2023-01-09T17:32:42","modified_gmt":"2023-01-09T17:32:42","slug":"environnement-bacongo-sapproprie-lapproche-assainissement-total","status":"publish","type":"post","link":"https:\/\/www.africa-press.net\/congo-brazzaville\/photo\/environnement-bacongo-sapproprie-lapproche-assainissement-total","title":{"rendered":"Environnement : Bacongo s\u2019approprie l\u2019approche assainissement total"},"content":{"rendered":"<p><span style=\"color: #ff6600\"><strong>Africa-Press &#8211; Congo Brazzaville. <\/strong><\/span><b>Les chefs de quartier, de bloc et de zone du deuxie\u0300me arrondissement de Brazzaville, Bacongo, ont e\u0301te\u0301 sensibilise\u0301s le 7 janvier<\/b> a\u0300 <b>l\u2019approche assainissement total pilote\u0301e par les communaute\u0301s dont l\u2019objectif est, entre autres,<\/b> <b>d\u2019ame\u0301liorer le cadre de vie de la population, a\u0300 travers l\u2019e\u0301radication de la de\u0301fe\u0301cation a\u0300 l\u2019air libre.<\/b><\/p>\n<p>Mis en \u0153uvre par le ministe\u0300re de l\u2019Energie et de l\u2019Hydraulique en milieu rural, notamment dans le de\u0301partement de la Le\u0301koumou, en vue d&rsquo;e\u0301radiquer la de\u0301fe\u0301cation a\u0300 l\u2019air libre, le projet \u00ab Approche assainissement total pilote\u0301e par les communaute\u0301s \u00bb se de\u0301porte a\u0300 Brazzaville. Ainsi, Bacongo a e\u0301te\u0301 choisi comme arrondissement pilote en milieu urbain ou\u0300 le projet sera expe\u0301rimente\u0301 en partenariat avec les ministe\u0300res en charge de l\u2019Enseignement ge\u0301ne\u0301ral, de la Sante\u0301 et des Affaires sociales.<\/p>\n<p>\u00ab L\u2019objectif principal du projet est d\u2019ame\u0301liorer le cadre de vie de la population en orientant l\u2019action principalement vers l\u2019e\u0301radication de la de\u0301fe\u0301cation a\u0300 l\u2019air libre. On a constate\u0301 qu\u2019au niveau national, il y a cette pratique qui a pris corps depuis longtemps. L\u2019approche nous permet de cre\u0301er une nouvelle norme sociale. En milieu urbain, de\u0300s lors qu\u2019on rencontre encore les matie\u0300res fe\u0301cales dans certains coins de la ville, le gouvernement pense qu\u2019il faut travailler avec les communaute\u0301s pour qu\u2019elles prennent conscience \u00bb, a explique\u0301 le coordonnateur du Comite\u0301 local de de\u0301veloppement, Daniel Hilaire Ndounda, qui a re\u0301uni les responsables des quartiers au Centre Dupe\u0301, dans l\u2019enceinte de la paroisse Saint-Pierre Claver de Bacongo.<\/p>\n<p>Dans sa communication, il a rappele\u0301 que les latrines sans couvercle sont un point de de\u0301fe\u0301cation fixe a\u0300 l\u2019air libre. D\u2019ou\u0300 la ne\u0301cessite\u0301 de travailler avec les chefs de quartier et toutes les communaute\u0301s vivant en milieu urbain, a\u0300 l\u2019instar de Bacongo, pour qu\u2019ils puissent acce\u0301der au statut de fin de de\u0301fe\u0301cation a\u0300 l\u2019air libre. Selon le coordonnateur du Comite\u0301 local de de\u0301veloppement, cette initiative lance\u0301e officiellement dans les e\u0301coles par l\u2019administrateur-maire de Bacongo, Simone Loubienga, en partenariat avec la direction de\u0301partementale de l\u2019Enseignement pre\u0301scolaire, primaire, secondaire et de l\u2019Alphabe\u0301tisation, devrait se poursuivre avec les confessions religieuses.<\/p>\n<p><b>Ze\u0301ro matie\u0300re fe\u0301cale a\u0300 me\u0302me le sol a\u0300 l\u2019horizon 2030<\/b><\/p>\n<p>\u00ab Aujourd\u2019hui est un grand jour pour Bacongo parce qu\u2019il va marquer la de\u0301marcation de notre arrondissement par rapport aux huit autres que compte Brazzaville. Bacongo est en train d\u2019avancer pour servir d\u2019arrondissement pilote. Nous sommes ici pour une approche, une manie\u0300re de nous comporter. Cette approche va nous aider a\u0300 cre\u0301er une nouvelle norme sociale. Toutes les e\u0301coles ont e\u0301te\u0301 de\u0301ja\u0300 sensibilise\u0301es et nous sommes dans la phase de suivi \u00bb, a explique\u0301 Daniel Hilaire Ndounda.<\/p>\n<p>Outre Bacongo, l\u2019arrondissement 1 Make\u0301le\u0301ke\u0301le\u0301 vient d\u2019emboi\u0302ter le pas. Mais, les animateurs du projet n\u2019entendent pas se limiter a\u0300 ces deux arrondissements. Leur souhait est de voir les diffe\u0301rents administrateurs-maires de Brazzaville s\u2019approprier cette approche pour mettre les arrondissements en compe\u0301tition. Pour inciter les me\u0301nages a\u0300 avoir des latrines, le Comite\u0301 local de de\u0301veloppement a de\u0301roule\u0301 quelques outils de l\u2019approche. Il s\u2019agit, entre autres, de l\u2019utilisation du savon et de l\u2019eau dans le cadre de l\u2019hygie\u0300ne et de l\u2019outil de l\u2019analyse de la situation sanitaire a\u0300 travers une carte pour permettre aux diffe\u0301rents acteurs d\u2019identifier les parcelles ayant les WC et celles qui n\u2019en ont pas ; les zones de de\u0301fe\u0301cation dans un quartier, dans un bloc, dans une zone. Le but e\u0301tant de comprendre pourquoi certaines communaute\u0301s ou certains me\u0301nages vont de\u0301fe\u0301quer a\u0300 l\u2019air libre a\u0300 tel point fixe ou a\u0300 tel autre point.<\/p>\n<p>\u00ab C\u2019est une approche non subventionne\u0301e, nous demandons a\u0300 la population de prendre un engagement collectif pour que d\u2019ici a\u0300 2030, le Congo acce\u0300de au statut de fin de de\u0301fe\u0301cation a\u0300 l\u2019air libre. Nous voulons bien que le gouvernement, tel qu\u2019il a pris a\u0300 bras le corps ce proble\u0300me d\u2019ame\u0301lioration du cadre de vie, ne fle\u0301chisse pas ses efforts, qu\u2019il continue, cet apport est toujours important \u00bb, a conclu le coordonnateur, pre\u0301cisant que pour qu\u2019un arrondissement soit de\u0301clare\u0301 fin de de\u0301fe\u0301cation a\u0300 l\u2019air libre, il ne faudra pas qu\u2019on y trouve encore de la matie\u0300re fe\u0301cale jonchant a\u0300 me\u0302me le sol.\r\n                <style type=\"text\/css\">\r\n                    \r\n                    #td_uid_1_69ec73d3a1ca3  .td-doubleSlider-2 .td-item1 {\r\n                        background: url(https:\/\/static.africa-press.net\/congo-brazzaville\/sites\/51\/2023\/01\/postMediaimg_94_1-80x60.jpg) 0 0 no-repeat;\r\n                    }\r\n                    #td_uid_1_69ec73d3a1ca3  .td-doubleSlider-2 .td-item2 {\r\n                        background: url(https:\/\/static.africa-press.net\/congo-brazzaville\/sites\/51\/2023\/01\/postMediaimg_94_2-80x60.jpg) 0 0 no-repeat;\r\n                    }\r\n                <\/style>\r\n\r\n                <div id=\"td_uid_1_69ec73d3a1ca3\" class=\"td-gallery td-slide-on-2-columns\">\r\n                    <div class=\"post_td_gallery\">\r\n                        <div class=\"td-gallery-slide-top\">\r\n                           <div class=\"td-gallery-title\"><\/div>\r\n\r\n                            <div class=\"td-gallery-controls-wrapper\">\r\n                                <div class=\"td-gallery-slide-count\"><span class=\"td-gallery-slide-item-focus\">1<\/span> de 2<\/div>\r\n                                <div class=\"td-gallery-slide-prev-next-but\">\r\n                                    <i class = \"td-icon-left doubleSliderPrevButton\"><\/i>\r\n                                    <i class = \"td-icon-right doubleSliderNextButton\"><\/i>\r\n                                <\/div>\r\n                            <\/div>\r\n                        <\/div>\r\n\r\n                        <div class = \"td-doubleSlider-1 \">\r\n                            <div class = \"td-slider\">\r\n                                \r\n                    <div class = \"td-slide-item td-item1\">\r\n                        <figure class=\"td-slide-galery-figure td-slide-popup-gallery\">\r\n                            <a class=\"slide-gallery-image-link\" href=\"https:\/\/static.africa-press.net\/congo-brazzaville\/sites\/51\/2023\/01\/postMediaimg_94_1.jpg\" title=\"postMediaimg_94_1\"  data-caption=\"\"  data-description=\"\">\r\n                                <img decoding=\"async\" src=\"https:\/\/static.africa-press.net\/congo-brazzaville\/sites\/51\/2023\/01\/postMediaimg_94_1.jpg\" srcset=\"https:\/\/static.africa-press.net\/congo-brazzaville\/sites\/51\/2023\/01\/postMediaimg_94_1.jpg 1024w, https:\/\/static.africa-press.net\/congo-brazzaville\/sites\/51\/2023\/01\/postMediaimg_94_1-300x225.jpg 300w, https:\/\/static.africa-press.net\/congo-brazzaville\/sites\/51\/2023\/01\/postMediaimg_94_1-768x576.jpg 768w, https:\/\/static.africa-press.net\/congo-brazzaville\/sites\/51\/2023\/01\/postMediaimg_94_1-80x60.jpg 80w\" sizes=\"(max-width: 1024px) 100vw, 1024px\" alt=\"\">\r\n                            <\/a>\r\n                            \r\n                        <\/figure>\r\n                    <\/div>\r\n                    <div class = \"td-slide-item td-item2\">\r\n                        <figure class=\"td-slide-galery-figure td-slide-popup-gallery\">\r\n                            <a class=\"slide-gallery-image-link\" href=\"https:\/\/static.africa-press.net\/congo-brazzaville\/sites\/51\/2023\/01\/postMediaimg_94_2.jpg\" title=\"postMediaimg_94_2\"  data-caption=\"\"  data-description=\"\">\r\n                                <img decoding=\"async\" src=\"https:\/\/static.africa-press.net\/congo-brazzaville\/sites\/51\/2023\/01\/postMediaimg_94_2.jpg\" srcset=\"https:\/\/static.africa-press.net\/congo-brazzaville\/sites\/51\/2023\/01\/postMediaimg_94_2.jpg 1024w, https:\/\/static.africa-press.net\/congo-brazzaville\/sites\/51\/2023\/01\/postMediaimg_94_2-300x225.jpg 300w, https:\/\/static.africa-press.net\/congo-brazzaville\/sites\/51\/2023\/01\/postMediaimg_94_2-768x576.jpg 768w, https:\/\/static.africa-press.net\/congo-brazzaville\/sites\/51\/2023\/01\/postMediaimg_94_2-80x60.jpg 80w\" sizes=\"(max-width: 1024px) 100vw, 1024px\" alt=\"\">\r\n                            <\/a>\r\n                            \r\n                        <\/figure>\r\n                    <\/div>\r\n                            <\/div>\r\n                        <\/div>\r\n\r\n                        <div class = \"td-doubleSlider-2\">\r\n                            <div class = \"td-slider\">\r\n                                \r\n                    <div class = \"td-button td-item1\">\r\n                        <div class = \"td-border\"><\/div>\r\n                    <\/div>\r\n                    <div class = \"td-button td-item2\">\r\n                        <div class = \"td-border\"><\/div>\r\n                    <\/div>\r\n                            <\/div>\r\n                        <\/div>\r\n\r\n                    <\/div>\r\n\r\n                <\/div>\r\n                <\/p>\n<p><strong>Pour plus d&rsquo;informations et d&rsquo;analyses sur la <a href=\"https:\/\/www.africa-press.net\/congo-brazzaville\">Congo Brazzaville<\/a>, suivez <a href=\"https:\/\/www.africa-press.net\/\">Africa-Press<\/a><\/strong><\/p>\n","protected":false},"excerpt":{"rendered":"<p>Africa-Press &#8211; Congo Brazzaville. Les chefs de quartier, de bloc et de zone du deuxie\u0300me arrondissement de Brazzaville, Bacongo, ont e\u0301te\u0301 sensibilise\u0301s le 7 janvier a\u0300 l\u2019approche assainissement total pilote\u0301e par les communaute\u0301s dont l\u2019objectif est, entre autres, d\u2019ame\u0301liorer le cadre de vie de la population, a\u0300 travers l\u2019e\u0301radication de la de\u0301fe\u0301cation a\u0300 l\u2019air libre. [&hellip;]<\/p>\n","protected":false},"author":82,"featured_media":13169,"comment_status":"open","ping_status":"closed","sticky":false,"template":"","format":"standard","meta":{"footnotes":""},"categories":[21,8,10],"tags":[36,47,46],"class_list":["post-13170","post","type-post","status-publish","format-standard","has-post-thumbnail","hentry","category-communaute","category-photo","category-toutes-les-actualites","tag-africa-press","tag-africa-press-congo-brazzaville","tag-congo-brazzaville"],"yoast_head":"<!-- This site is optimized with the Yoast SEO Premium plugin v26.1 (Yoast SEO v27.0) - https:\/\/yoast.com\/product\/yoast-seo-premium-wordpress\/ -->\n<title>Environnement : Bacongo s\u2019approprie l\u2019approche assainissement total - Congo Brazzaville<\/title>\n<meta name=\"robots\" content=\"index, follow, max-snippet:-1, max-image-preview:large, max-video-preview:-1\" \/>\n<link rel=\"canonical\" href=\"https:\/\/www.africa-press.net\/congo-brazzaville\/politique\/environnement-bacongo-sapproprie-lapproche-assainissement-total\" \/>\n<meta property=\"og:locale\" content=\"fr_FR\" \/>\n<meta property=\"og:type\" content=\"article\" \/>\n<meta property=\"og:title\" content=\"Environnement : Bacongo s\u2019approprie l\u2019approche assainissement total\" \/>\n<meta property=\"og:description\" content=\"Africa-Press &#8211; Congo Brazzaville. Les chefs de quartier, de bloc et de zone du deuxie\u0300me arrondissement de Brazzaville, Bacongo, ont e\u0301te\u0301 sensibilise\u0301s le 7 janvier a\u0300 l\u2019approche assainissement total pilote\u0301e par les communaute\u0301s dont l\u2019objectif est, entre autres, d\u2019ame\u0301liorer le cadre de vie de la population, a\u0300 travers l\u2019e\u0301radication de la de\u0301fe\u0301cation a\u0300 l\u2019air libre. [&hellip;]\" \/>\n<meta property=\"og:url\" content=\"https:\/\/www.africa-press.net\/congo-brazzaville\/politique\/environnement-bacongo-sapproprie-lapproche-assainissement-total\" \/>\n<meta property=\"og:site_name\" content=\"Congo Brazzaville\" \/>\n<meta property=\"article:published_time\" content=\"2023-01-09T17:32:42+00:00\" \/>\n<meta property=\"og:image\" content=\"https:\/\/static.africa-press.net\/congo-brazzaville\/sites\/51\/2023\/01\/postMediaimg_94_1.jpg\" \/>\n<meta name=\"author\" content=\"cfeditorfr\" \/>\n<meta name=\"twitter:card\" content=\"summary_large_image\" \/>\n<meta name=\"twitter:label1\" content=\"\u00c9crit par\" \/>\n\t<meta name=\"twitter:data1\" content=\"cfeditorfr\" \/>\n\t<meta name=\"twitter:label2\" content=\"Dur\u00e9e de lecture estim\u00e9e\" \/>\n\t<meta name=\"twitter:data2\" content=\"4 minutes\" \/>\n<script type=\"application\/ld+json\" class=\"yoast-schema-graph\">{\"@context\":\"https:\/\/schema.org\",\"@graph\":[{\"@type\":\"Article\",\"@id\":\"https:\/\/www.africa-press.net\/congo-brazzaville\/politique\/environnement-bacongo-sapproprie-lapproche-assainissement-total#article\",\"isPartOf\":{\"@id\":\"https:\/\/www.africa-press.net\/congo-brazzaville\/politique\/environnement-bacongo-sapproprie-lapproche-assainissement-total\"},\"author\":{\"name\":\"cfeditorfr\",\"@id\":\"https:\/\/www.africa-press.net\/congo-brazzaville\/#\/schema\/person\/2b1cf3cd81a31e3cd26889ca66d677f1\"},\"headline\":\"Environnement : Bacongo s\u2019approprie l\u2019approche assainissement total\",\"datePublished\":\"2023-01-09T17:32:42+00:00\",\"mainEntityOfPage\":{\"@id\":\"https:\/\/www.africa-press.net\/congo-brazzaville\/politique\/environnement-bacongo-sapproprie-lapproche-assainissement-total\"},\"wordCount\":841,\"commentCount\":0,\"image\":{\"@id\":\"https:\/\/www.africa-press.net\/congo-brazzaville\/politique\/environnement-bacongo-sapproprie-lapproche-assainissement-total#primaryimage\"},\"thumbnailUrl\":\"https:\/\/static.africa-press.net\/congo-brazzaville\/sites\/51\/2023\/01\/postQueueImg_1673272969.59.jpg\",\"keywords\":[\"Africa Press\",\"Africa Press-Congo Brazzaville\",\"Congo Brazzaville\"],\"articleSection\":[\"Communaut\u00e9\",\"Photo\",\"Toutes les actualit\u00e9s\"],\"inLanguage\":\"fr-FR\",\"potentialAction\":[{\"@type\":\"CommentAction\",\"name\":\"Comment\",\"target\":[\"https:\/\/www.africa-press.net\/congo-brazzaville\/politique\/environnement-bacongo-sapproprie-lapproche-assainissement-total#respond\"]}]},{\"@type\":\"WebPage\",\"@id\":\"https:\/\/www.africa-press.net\/congo-brazzaville\/politique\/environnement-bacongo-sapproprie-lapproche-assainissement-total\",\"url\":\"https:\/\/www.africa-press.net\/congo-brazzaville\/politique\/environnement-bacongo-sapproprie-lapproche-assainissement-total\",\"name\":\"Environnement : Bacongo s\u2019approprie l\u2019approche assainissement total - Congo Brazzaville\",\"isPartOf\":{\"@id\":\"https:\/\/www.africa-press.net\/congo-brazzaville\/#website\"},\"primaryImageOfPage\":{\"@id\":\"https:\/\/www.africa-press.net\/congo-brazzaville\/politique\/environnement-bacongo-sapproprie-lapproche-assainissement-total#primaryimage\"},\"image\":{\"@id\":\"https:\/\/www.africa-press.net\/congo-brazzaville\/politique\/environnement-bacongo-sapproprie-lapproche-assainissement-total#primaryimage\"},\"thumbnailUrl\":\"https:\/\/static.africa-press.net\/congo-brazzaville\/sites\/51\/2023\/01\/postQueueImg_1673272969.59.jpg\",\"datePublished\":\"2023-01-09T17:32:42+00:00\",\"author\":{\"@id\":\"https:\/\/www.africa-press.net\/congo-brazzaville\/#\/schema\/person\/2b1cf3cd81a31e3cd26889ca66d677f1\"},\"breadcrumb\":{\"@id\":\"https:\/\/www.africa-press.net\/congo-brazzaville\/politique\/environnement-bacongo-sapproprie-lapproche-assainissement-total#breadcrumb\"},\"inLanguage\":\"fr-FR\",\"potentialAction\":[{\"@type\":\"ReadAction\",\"target\":[\"https:\/\/www.africa-press.net\/congo-brazzaville\/politique\/environnement-bacongo-sapproprie-lapproche-assainissement-total\"]}]},{\"@type\":\"ImageObject\",\"inLanguage\":\"fr-FR\",\"@id\":\"https:\/\/www.africa-press.net\/congo-brazzaville\/politique\/environnement-bacongo-sapproprie-lapproche-assainissement-total#primaryimage\",\"url\":\"https:\/\/static.africa-press.net\/congo-brazzaville\/sites\/51\/2023\/01\/postQueueImg_1673272969.59.jpg\",\"contentUrl\":\"https:\/\/static.africa-press.net\/congo-brazzaville\/sites\/51\/2023\/01\/postQueueImg_1673272969.59.jpg\",\"width\":1024,\"height\":768,\"caption\":\"Environnement : Bacongo s\u2019approprie l\u2019approche assainissement total\"},{\"@type\":\"BreadcrumbList\",\"@id\":\"https:\/\/www.africa-press.net\/congo-brazzaville\/politique\/environnement-bacongo-sapproprie-lapproche-assainissement-total#breadcrumb\",\"itemListElement\":[{\"@type\":\"ListItem\",\"position\":1,\"name\":\"Accueil\",\"item\":\"https:\/\/www.africa-press.net\/congo-brazzaville\/\"},{\"@type\":\"ListItem\",\"position\":2,\"name\":\"Environnement : Bacongo s\u2019approprie l\u2019approche assainissement total\"}]},{\"@type\":\"WebSite\",\"@id\":\"https:\/\/www.africa-press.net\/congo-brazzaville\/#website\",\"url\":\"https:\/\/www.africa-press.net\/congo-brazzaville\/\",\"name\":\"Congo Brazzaville\",\"description\":\"Just another Africa News Agency Sites site\",\"potentialAction\":[{\"@type\":\"SearchAction\",\"target\":{\"@type\":\"EntryPoint\",\"urlTemplate\":\"https:\/\/www.africa-press.net\/congo-brazzaville\/?s={search_term_string}\"},\"query-input\":{\"@type\":\"PropertyValueSpecification\",\"valueRequired\":true,\"valueName\":\"search_term_string\"}}],\"inLanguage\":\"fr-FR\"},{\"@type\":\"Person\",\"@id\":\"https:\/\/www.africa-press.net\/congo-brazzaville\/#\/schema\/person\/2b1cf3cd81a31e3cd26889ca66d677f1\",\"name\":\"cfeditorfr\"}]}<\/script>\n<!-- \/ Yoast SEO Premium plugin. -->","yoast_head_json":{"title":"Environnement : Bacongo s\u2019approprie l\u2019approche assainissement total - Congo Brazzaville","robots":{"index":"index","follow":"follow","max-snippet":"max-snippet:-1","max-image-preview":"max-image-preview:large","max-video-preview":"max-video-preview:-1"},"canonical":"https:\/\/www.africa-press.net\/congo-brazzaville\/politique\/environnement-bacongo-sapproprie-lapproche-assainissement-total","og_locale":"fr_FR","og_type":"article","og_title":"Environnement : Bacongo s\u2019approprie l\u2019approche assainissement total","og_description":"Africa-Press &#8211; Congo Brazzaville. Les chefs de quartier, de bloc et de zone du deuxie\u0300me arrondissement de Brazzaville, Bacongo, ont e\u0301te\u0301 sensibilise\u0301s le 7 janvier a\u0300 l\u2019approche assainissement total pilote\u0301e par les communaute\u0301s dont l\u2019objectif est, entre autres, d\u2019ame\u0301liorer le cadre de vie de la population, a\u0300 travers l\u2019e\u0301radication de la de\u0301fe\u0301cation a\u0300 l\u2019air libre. [&hellip;]","og_url":"https:\/\/www.africa-press.net\/congo-brazzaville\/politique\/environnement-bacongo-sapproprie-lapproche-assainissement-total","og_site_name":"Congo Brazzaville","article_published_time":"2023-01-09T17:32:42+00:00","og_image":[{"url":"https:\/\/static.africa-press.net\/congo-brazzaville\/sites\/51\/2023\/01\/postMediaimg_94_1.jpg","type":"","width":"","height":""}],"author":"cfeditorfr","twitter_card":"summary_large_image","twitter_misc":{"\u00c9crit par":"cfeditorfr","Dur\u00e9e de lecture estim\u00e9e":"4 minutes"},"schema":{"@context":"https:\/\/schema.org","@graph":[{"@type":"Article","@id":"https:\/\/www.africa-press.net\/congo-brazzaville\/politique\/environnement-bacongo-sapproprie-lapproche-assainissement-total#article","isPartOf":{"@id":"https:\/\/www.africa-press.net\/congo-brazzaville\/politique\/environnement-bacongo-sapproprie-lapproche-assainissement-total"},"author":{"name":"cfeditorfr","@id":"https:\/\/www.africa-press.net\/congo-brazzaville\/#\/schema\/person\/2b1cf3cd81a31e3cd26889ca66d677f1"},"headline":"Environnement : Bacongo s\u2019approprie l\u2019approche assainissement total","datePublished":"2023-01-09T17:32:42+00:00","mainEntityOfPage":{"@id":"https:\/\/www.africa-press.net\/congo-brazzaville\/politique\/environnement-bacongo-sapproprie-lapproche-assainissement-total"},"wordCount":841,"commentCount":0,"image":{"@id":"https:\/\/www.africa-press.net\/congo-brazzaville\/politique\/environnement-bacongo-sapproprie-lapproche-assainissement-total#primaryimage"},"thumbnailUrl":"https:\/\/static.africa-press.net\/congo-brazzaville\/sites\/51\/2023\/01\/postQueueImg_1673272969.59.jpg","keywords":["Africa Press","Africa Press-Congo Brazzaville","Congo Brazzaville"],"articleSection":["Communaut\u00e9","Photo","Toutes les actualit\u00e9s"],"inLanguage":"fr-FR","potentialAction":[{"@type":"CommentAction","name":"Comment","target":["https:\/\/www.africa-press.net\/congo-brazzaville\/politique\/environnement-bacongo-sapproprie-lapproche-assainissement-total#respond"]}]},{"@type":"WebPage","@id":"https:\/\/www.africa-press.net\/congo-brazzaville\/politique\/environnement-bacongo-sapproprie-lapproche-assainissement-total","url":"https:\/\/www.africa-press.net\/congo-brazzaville\/politique\/environnement-bacongo-sapproprie-lapproche-assainissement-total","name":"Environnement : Bacongo s\u2019approprie l\u2019approche assainissement total - Congo Brazzaville","isPartOf":{"@id":"https:\/\/www.africa-press.net\/congo-brazzaville\/#website"},"primaryImageOfPage":{"@id":"https:\/\/www.africa-press.net\/congo-brazzaville\/politique\/environnement-bacongo-sapproprie-lapproche-assainissement-total#primaryimage"},"image":{"@id":"https:\/\/www.africa-press.net\/congo-brazzaville\/politique\/environnement-bacongo-sapproprie-lapproche-assainissement-total#primaryimage"},"thumbnailUrl":"https:\/\/static.africa-press.net\/congo-brazzaville\/sites\/51\/2023\/01\/postQueueImg_1673272969.59.jpg","datePublished":"2023-01-09T17:32:42+00:00","author":{"@id":"https:\/\/www.africa-press.net\/congo-brazzaville\/#\/schema\/person\/2b1cf3cd81a31e3cd26889ca66d677f1"},"breadcrumb":{"@id":"https:\/\/www.africa-press.net\/congo-brazzaville\/politique\/environnement-bacongo-sapproprie-lapproche-assainissement-total#breadcrumb"},"inLanguage":"fr-FR","potentialAction":[{"@type":"ReadAction","target":["https:\/\/www.africa-press.net\/congo-brazzaville\/politique\/environnement-bacongo-sapproprie-lapproche-assainissement-total"]}]},{"@type":"ImageObject","inLanguage":"fr-FR","@id":"https:\/\/www.africa-press.net\/congo-brazzaville\/politique\/environnement-bacongo-sapproprie-lapproche-assainissement-total#primaryimage","url":"https:\/\/static.africa-press.net\/congo-brazzaville\/sites\/51\/2023\/01\/postQueueImg_1673272969.59.jpg","contentUrl":"https:\/\/static.africa-press.net\/congo-brazzaville\/sites\/51\/2023\/01\/postQueueImg_1673272969.59.jpg","width":1024,"height":768,"caption":"Environnement : Bacongo s\u2019approprie l\u2019approche assainissement total"},{"@type":"BreadcrumbList","@id":"https:\/\/www.africa-press.net\/congo-brazzaville\/politique\/environnement-bacongo-sapproprie-lapproche-assainissement-total#breadcrumb","itemListElement":[{"@type":"ListItem","position":1,"name":"Accueil","item":"https:\/\/www.africa-press.net\/congo-brazzaville\/"},{"@type":"ListItem","position":2,"name":"Environnement : Bacongo s\u2019approprie l\u2019approche assainissement total"}]},{"@type":"WebSite","@id":"https:\/\/www.africa-press.net\/congo-brazzaville\/#website","url":"https:\/\/www.africa-press.net\/congo-brazzaville\/","name":"Congo Brazzaville","description":"Just another Africa News Agency Sites site","potentialAction":[{"@type":"SearchAction","target":{"@type":"EntryPoint","urlTemplate":"https:\/\/www.africa-press.net\/congo-brazzaville\/?s={search_term_string}"},"query-input":{"@type":"PropertyValueSpecification","valueRequired":true,"valueName":"search_term_string"}}],"inLanguage":"fr-FR"},{"@type":"Person","@id":"https:\/\/www.africa-press.net\/congo-brazzaville\/#\/schema\/person\/2b1cf3cd81a31e3cd26889ca66d677f1","name":"cfeditorfr"}]}},"_links":{"self":[{"href":"https:\/\/www.africa-press.net\/congo-brazzaville\/wp-json\/wp\/v2\/posts\/13170","targetHints":{"allow":["GET"]}}],"collection":[{"href":"https:\/\/www.africa-press.net\/congo-brazzaville\/wp-json\/wp\/v2\/posts"}],"about":[{"href":"https:\/\/www.africa-press.net\/congo-brazzaville\/wp-json\/wp\/v2\/types\/post"}],"author":[{"embeddable":true,"href":"https:\/\/www.africa-press.net\/congo-brazzaville\/wp-json\/wp\/v2\/users\/82"}],"replies":[{"embeddable":true,"href":"https:\/\/www.africa-press.net\/congo-brazzaville\/wp-json\/wp\/v2\/comments?post=13170"}],"version-history":[{"count":0,"href":"https:\/\/www.africa-press.net\/congo-brazzaville\/wp-json\/wp\/v2\/posts\/13170\/revisions"}],"wp:featuredmedia":[{"embeddable":true,"href":"https:\/\/www.africa-press.net\/congo-brazzaville\/wp-json\/wp\/v2\/media\/13169"}],"wp:attachment":[{"href":"https:\/\/www.africa-press.net\/congo-brazzaville\/wp-json\/wp\/v2\/media?parent=13170"}],"wp:term":[{"taxonomy":"category","embeddable":true,"href":"https:\/\/www.africa-press.net\/congo-brazzaville\/wp-json\/wp\/v2\/categories?post=13170"},{"taxonomy":"post_tag","embeddable":true,"href":"https:\/\/www.africa-press.net\/congo-brazzaville\/wp-json\/wp\/v2\/tags?post=13170"}],"curies":[{"name":"wp","href":"https:\/\/api.w.org\/{rel}","templated":true}]}}