{"id":13174,"date":"2023-01-09T17:33:07","date_gmt":"2023-01-09T17:33:07","guid":{"rendered":"https:\/\/www.africa-press.net\/congo-brazzaville\/politique\/fetes-de-fin-dannee-un-repas-de-nouvel-an-avec-des-personnes-agees"},"modified":"2023-01-09T17:33:07","modified_gmt":"2023-01-09T17:33:07","slug":"fetes-de-fin-dannee-un-repas-de-nouvel-an-avec-des-personnes-agees","status":"publish","type":"post","link":"https:\/\/www.africa-press.net\/congo-brazzaville\/photo\/fetes-de-fin-dannee-un-repas-de-nouvel-an-avec-des-personnes-agees","title":{"rendered":"F\u00eates de fin d&rsquo;ann\u00e9e:  un repas de Nouvel An  avec des personnes \u00e2g\u00e9es"},"content":{"rendered":"<p><span style=\"color: #ff6600\"><strong>Africa-Press &#8211; Congo Brazzaville. <\/strong><\/span><b>Des personnes du troisie\u0300me a\u0302ge de la maison \u201cPetites s\u0153urs des pauvres\u201d de la cathe\u0301drale Sacre\u0301-C\u0153ur de Brazzaville ont passe\u0301 des moments d\u2019alle\u0301gresse autour d\u2019un repas qui leur a e\u0301te\u0301 offert par la directrice ge\u0301ne\u0301rale du me\u0301morial Pierre-Savorgnan-de-Brazza, Be\u0301linda Ayessa, le 8 janvier dans les jardins dudit me\u0301morial. <\/b><\/p>\n<p>Devant une quarantaine des personnes a\u0302ge\u0301es, Be\u0301linda Ayessa a tenu a\u0300 les remercier en ces termes: \u00ab Je voudrais since\u0300rement dire un grand merci a\u0300 vous, nos grands-me\u0300res, grands-pe\u0300res, nos mamans, nos papas, d\u2019avoir accepte\u0301 de communier avec moi et avec toute mon e\u0301quipe en ce de\u0301but d\u2019anne\u0301e 2023. C\u2019est un ve\u0301ritable bonheur \u00bb.<\/p>\n<p>Quant a\u0300 la symbolique de l\u2019e\u0301ve\u0301nement, elle est revenue sur l\u2019importance des traditions et cultures bantoues. \u00ab En tant que Bantoue et de surcroit en tant que Congolaise, nous avons un devoir de charite\u0301, mais aussi de gratitude a\u0300 l\u2019endroit de ceux qui ont fait que nous soyons ce que nous sommes aujourd\u2019hui. Vous e\u0302tes aujourd\u2019hui ce que nous serons demain. C\u2019est donc pour moi un honneur, une fierte\u0301 et peut-e\u0302tre me\u0302me une gra\u0302ce de vous avoir parmi nous et fe\u0302ter ensemble cette anne\u0301e nouvelle. On ne pouvait pas espe\u0301rer meilleures retrouvailles, meilleures rencontres en ce de\u0301but d\u2019anne\u0301e. Bon appe\u0301tit et bonne anne\u0301e a\u0300 nous tous \u00bb, a-t-elle souhaite\u0301.<\/p>\n<p>C\u2019est apre\u0300s ces mots que le repas a e\u0301te\u0301 servi et les personnes du troisie\u0300me a\u0302ge se sont e\u0301clate\u0301es au rythme des Bantous de la capitale, de Tabu Ley Rochereau et bien d\u2019autres. Parmi ces personnes a\u0302ge\u0301es, le vieux Mayela, qui a danse\u0301 et interpre\u0301te\u0301 sans lacune la chanson \u201cLa reine de Saba\u201d de Bozi Boziana. Une maman septuage\u0301naire a me\u0302me e\u0301pate\u0301 tout le monde en dansant paisiblement \u00ab\u00a0Aniati mokongo ya coba\u00a0\u00bb de Zai\u0308ko Langa-Langa.<\/p>\n<p>L\u2019ambiance a e\u0301te\u0301 bon enfant si bien que les personnes du troisie\u0300me a\u0302ge ont e\u0301te\u0301 heureuses de passer ces moments d\u2019alle\u0301gresse avec la directrice ge\u0301ne\u0301rale du me\u0301morial Pierre-Savorgnan-de-Brazza. Maman Henriette Ndjobo a exprime\u0301 sa joie. \u00ab Je remercie infiniment Mme Be\u0301linda Ayessa. Nous avons bien mange\u0301, bien danse\u0301. On a retrouve\u0301 nos vieilles chansons de l\u2019e\u0301poque. En un mot, nous avons eu un bon repas de bonne anne\u0301e en ces lieux. Cela nous a permis aussi de changer un peu d\u2019air \u00bb, a-t-elle fait savoir.<\/p>\n<p>Cerise sur le ga\u0302teau, la sobre ce\u0301re\u0301monie a pris fin avec le symbole par excellence de la fe\u0302te qui est le ga\u0302teau.\r\n                <style type=\"text\/css\">\r\n                    \r\n                    #td_uid_1_69ec73e1c6a3a  .td-doubleSlider-2 .td-item1 {\r\n                        background: url(https:\/\/static.africa-press.net\/congo-brazzaville\/sites\/51\/2023\/01\/postMediaimg_95_1-80x60.jpg) 0 0 no-repeat;\r\n                    }\r\n                    #td_uid_1_69ec73e1c6a3a  .td-doubleSlider-2 .td-item2 {\r\n                        background: url(https:\/\/static.africa-press.net\/congo-brazzaville\/sites\/51\/2023\/01\/postMediaimg_95_2-80x60.jpg) 0 0 no-repeat;\r\n                    }\r\n                <\/style>\r\n\r\n                <div id=\"td_uid_1_69ec73e1c6a3a\" class=\"td-gallery td-slide-on-2-columns\">\r\n                    <div class=\"post_td_gallery\">\r\n                        <div class=\"td-gallery-slide-top\">\r\n                           <div class=\"td-gallery-title\"><\/div>\r\n\r\n                            <div class=\"td-gallery-controls-wrapper\">\r\n                                <div class=\"td-gallery-slide-count\"><span class=\"td-gallery-slide-item-focus\">1<\/span> de 2<\/div>\r\n                                <div class=\"td-gallery-slide-prev-next-but\">\r\n                                    <i class = \"td-icon-left doubleSliderPrevButton\"><\/i>\r\n                                    <i class = \"td-icon-right doubleSliderNextButton\"><\/i>\r\n                                <\/div>\r\n                            <\/div>\r\n                        <\/div>\r\n\r\n                        <div class = \"td-doubleSlider-1 \">\r\n                            <div class = \"td-slider\">\r\n                                \r\n                    <div class = \"td-slide-item td-item1\">\r\n                        <figure class=\"td-slide-galery-figure td-slide-popup-gallery\">\r\n                            <a class=\"slide-gallery-image-link\" href=\"https:\/\/static.africa-press.net\/congo-brazzaville\/sites\/51\/2023\/01\/postMediaimg_95_1.jpg\" title=\"postMediaimg_95_1\"  data-caption=\"\"  data-description=\"\">\r\n                                <img decoding=\"async\" src=\"https:\/\/static.africa-press.net\/congo-brazzaville\/sites\/51\/2023\/01\/postMediaimg_95_1.jpg\" srcset=\"https:\/\/static.africa-press.net\/congo-brazzaville\/sites\/51\/2023\/01\/postMediaimg_95_1.jpg 960w, https:\/\/static.africa-press.net\/congo-brazzaville\/sites\/51\/2023\/01\/postMediaimg_95_1-300x169.jpg 300w, https:\/\/static.africa-press.net\/congo-brazzaville\/sites\/51\/2023\/01\/postMediaimg_95_1-768x432.jpg 768w\" sizes=\"(max-width: 960px) 100vw, 960px\" alt=\"\">\r\n                            <\/a>\r\n                            \r\n                        <\/figure>\r\n                    <\/div>\r\n                    <div class = \"td-slide-item td-item2\">\r\n                        <figure class=\"td-slide-galery-figure td-slide-popup-gallery\">\r\n                            <a class=\"slide-gallery-image-link\" href=\"https:\/\/static.africa-press.net\/congo-brazzaville\/sites\/51\/2023\/01\/postMediaimg_95_2.jpg\" title=\"postMediaimg_95_2\"  data-caption=\"\"  data-description=\"\">\r\n                                <img decoding=\"async\" src=\"https:\/\/static.africa-press.net\/congo-brazzaville\/sites\/51\/2023\/01\/postMediaimg_95_2.jpg\" srcset=\"https:\/\/static.africa-press.net\/congo-brazzaville\/sites\/51\/2023\/01\/postMediaimg_95_2.jpg 960w, https:\/\/static.africa-press.net\/congo-brazzaville\/sites\/51\/2023\/01\/postMediaimg_95_2-300x169.jpg 300w, https:\/\/static.africa-press.net\/congo-brazzaville\/sites\/51\/2023\/01\/postMediaimg_95_2-768x432.jpg 768w\" sizes=\"(max-width: 960px) 100vw, 960px\" alt=\"\">\r\n                            <\/a>\r\n                            \r\n                        <\/figure>\r\n                    <\/div>\r\n                            <\/div>\r\n                        <\/div>\r\n\r\n                        <div class = \"td-doubleSlider-2\">\r\n                            <div class = \"td-slider\">\r\n                                \r\n                    <div class = \"td-button td-item1\">\r\n                        <div class = \"td-border\"><\/div>\r\n                    <\/div>\r\n                    <div class = \"td-button td-item2\">\r\n                        <div class = \"td-border\"><\/div>\r\n                    <\/div>\r\n                            <\/div>\r\n                        <\/div>\r\n\r\n                    <\/div>\r\n\r\n                <\/div>\r\n                <\/p>\n<p><strong>Pour plus d&rsquo;informations et d&rsquo;analyses sur la <a href=\"https:\/\/www.africa-press.net\/congo-brazzaville\">Congo Brazzaville<\/a>, suivez <a href=\"https:\/\/www.africa-press.net\/\">Africa-Press<\/a><\/strong><\/p>\n","protected":false},"excerpt":{"rendered":"<p>Africa-Press &#8211; Congo Brazzaville. Des personnes du troisie\u0300me a\u0302ge de la maison \u201cPetites s\u0153urs des pauvres\u201d de la cathe\u0301drale Sacre\u0301-C\u0153ur de Brazzaville ont passe\u0301 des moments d\u2019alle\u0301gresse autour d\u2019un repas qui leur a e\u0301te\u0301 offert par la directrice ge\u0301ne\u0301rale du me\u0301morial Pierre-Savorgnan-de-Brazza, Be\u0301linda Ayessa, le 8 janvier dans les jardins dudit me\u0301morial. Devant une quarantaine [&hellip;]<\/p>\n","protected":false},"author":82,"featured_media":13173,"comment_status":"open","ping_status":"closed","sticky":false,"template":"","format":"standard","meta":{"footnotes":""},"categories":[21,8,10],"tags":[36,47,46],"class_list":["post-13174","post","type-post","status-publish","format-standard","has-post-thumbnail","hentry","category-communaute","category-photo","category-toutes-les-actualites","tag-africa-press","tag-africa-press-congo-brazzaville","tag-congo-brazzaville"],"yoast_head":"<!-- This site is optimized with the Yoast SEO Premium plugin v26.1 (Yoast SEO v27.0) - https:\/\/yoast.com\/product\/yoast-seo-premium-wordpress\/ -->\n<title>F\u00eates de fin d&#039;ann\u00e9e: un repas de Nouvel An avec des personnes \u00e2g\u00e9es - Congo Brazzaville<\/title>\n<meta name=\"robots\" content=\"index, follow, max-snippet:-1, max-image-preview:large, max-video-preview:-1\" \/>\n<link rel=\"canonical\" href=\"https:\/\/www.africa-press.net\/congo-brazzaville\/politique\/fetes-de-fin-dannee-un-repas-de-nouvel-an-avec-des-personnes-agees\" \/>\n<meta property=\"og:locale\" content=\"fr_FR\" \/>\n<meta property=\"og:type\" content=\"article\" \/>\n<meta property=\"og:title\" content=\"F\u00eates de fin d&#039;ann\u00e9e: un repas de Nouvel An avec des personnes \u00e2g\u00e9es\" \/>\n<meta property=\"og:description\" content=\"Africa-Press &#8211; Congo Brazzaville. Des personnes du troisie\u0300me a\u0302ge de la maison \u201cPetites s\u0153urs des pauvres\u201d de la cathe\u0301drale Sacre\u0301-C\u0153ur de Brazzaville ont passe\u0301 des moments d\u2019alle\u0301gresse autour d\u2019un repas qui leur a e\u0301te\u0301 offert par la directrice ge\u0301ne\u0301rale du me\u0301morial Pierre-Savorgnan-de-Brazza, Be\u0301linda Ayessa, le 8 janvier dans les jardins dudit me\u0301morial. Devant une quarantaine [&hellip;]\" \/>\n<meta property=\"og:url\" content=\"https:\/\/www.africa-press.net\/congo-brazzaville\/politique\/fetes-de-fin-dannee-un-repas-de-nouvel-an-avec-des-personnes-agees\" \/>\n<meta property=\"og:site_name\" content=\"Congo Brazzaville\" \/>\n<meta property=\"article:published_time\" content=\"2023-01-09T17:33:07+00:00\" \/>\n<meta property=\"og:image\" content=\"https:\/\/static.africa-press.net\/congo-brazzaville\/sites\/51\/2023\/01\/postMediaimg_95_1.jpg\" \/>\n<meta name=\"author\" content=\"cfeditorfr\" \/>\n<meta name=\"twitter:card\" content=\"summary_large_image\" \/>\n<meta name=\"twitter:label1\" content=\"\u00c9crit par\" \/>\n\t<meta name=\"twitter:data1\" content=\"cfeditorfr\" \/>\n\t<meta name=\"twitter:label2\" content=\"Dur\u00e9e de lecture estim\u00e9e\" \/>\n\t<meta name=\"twitter:data2\" content=\"2 minutes\" \/>\n<script type=\"application\/ld+json\" class=\"yoast-schema-graph\">{\"@context\":\"https:\/\/schema.org\",\"@graph\":[{\"@type\":\"Article\",\"@id\":\"https:\/\/www.africa-press.net\/congo-brazzaville\/politique\/fetes-de-fin-dannee-un-repas-de-nouvel-an-avec-des-personnes-agees#article\",\"isPartOf\":{\"@id\":\"https:\/\/www.africa-press.net\/congo-brazzaville\/politique\/fetes-de-fin-dannee-un-repas-de-nouvel-an-avec-des-personnes-agees\"},\"author\":{\"name\":\"cfeditorfr\",\"@id\":\"https:\/\/www.africa-press.net\/congo-brazzaville\/#\/schema\/person\/2b1cf3cd81a31e3cd26889ca66d677f1\"},\"headline\":\"F\u00eates de fin d&rsquo;ann\u00e9e: un repas de Nouvel An avec des personnes \u00e2g\u00e9es\",\"datePublished\":\"2023-01-09T17:33:07+00:00\",\"mainEntityOfPage\":{\"@id\":\"https:\/\/www.africa-press.net\/congo-brazzaville\/politique\/fetes-de-fin-dannee-un-repas-de-nouvel-an-avec-des-personnes-agees\"},\"wordCount\":512,\"commentCount\":0,\"image\":{\"@id\":\"https:\/\/www.africa-press.net\/congo-brazzaville\/politique\/fetes-de-fin-dannee-un-repas-de-nouvel-an-avec-des-personnes-agees#primaryimage\"},\"thumbnailUrl\":\"https:\/\/static.africa-press.net\/congo-brazzaville\/sites\/51\/2023\/01\/postQueueImg_1673273005.07.jpg\",\"keywords\":[\"Africa Press\",\"Africa Press-Congo Brazzaville\",\"Congo Brazzaville\"],\"articleSection\":[\"Communaut\u00e9\",\"Photo\",\"Toutes les actualit\u00e9s\"],\"inLanguage\":\"fr-FR\",\"potentialAction\":[{\"@type\":\"CommentAction\",\"name\":\"Comment\",\"target\":[\"https:\/\/www.africa-press.net\/congo-brazzaville\/politique\/fetes-de-fin-dannee-un-repas-de-nouvel-an-avec-des-personnes-agees#respond\"]}]},{\"@type\":\"WebPage\",\"@id\":\"https:\/\/www.africa-press.net\/congo-brazzaville\/politique\/fetes-de-fin-dannee-un-repas-de-nouvel-an-avec-des-personnes-agees\",\"url\":\"https:\/\/www.africa-press.net\/congo-brazzaville\/politique\/fetes-de-fin-dannee-un-repas-de-nouvel-an-avec-des-personnes-agees\",\"name\":\"F\u00eates de fin d'ann\u00e9e: un repas de Nouvel An avec des personnes \u00e2g\u00e9es - Congo Brazzaville\",\"isPartOf\":{\"@id\":\"https:\/\/www.africa-press.net\/congo-brazzaville\/#website\"},\"primaryImageOfPage\":{\"@id\":\"https:\/\/www.africa-press.net\/congo-brazzaville\/politique\/fetes-de-fin-dannee-un-repas-de-nouvel-an-avec-des-personnes-agees#primaryimage\"},\"image\":{\"@id\":\"https:\/\/www.africa-press.net\/congo-brazzaville\/politique\/fetes-de-fin-dannee-un-repas-de-nouvel-an-avec-des-personnes-agees#primaryimage\"},\"thumbnailUrl\":\"https:\/\/static.africa-press.net\/congo-brazzaville\/sites\/51\/2023\/01\/postQueueImg_1673273005.07.jpg\",\"datePublished\":\"2023-01-09T17:33:07+00:00\",\"author\":{\"@id\":\"https:\/\/www.africa-press.net\/congo-brazzaville\/#\/schema\/person\/2b1cf3cd81a31e3cd26889ca66d677f1\"},\"breadcrumb\":{\"@id\":\"https:\/\/www.africa-press.net\/congo-brazzaville\/politique\/fetes-de-fin-dannee-un-repas-de-nouvel-an-avec-des-personnes-agees#breadcrumb\"},\"inLanguage\":\"fr-FR\",\"potentialAction\":[{\"@type\":\"ReadAction\",\"target\":[\"https:\/\/www.africa-press.net\/congo-brazzaville\/politique\/fetes-de-fin-dannee-un-repas-de-nouvel-an-avec-des-personnes-agees\"]}]},{\"@type\":\"ImageObject\",\"inLanguage\":\"fr-FR\",\"@id\":\"https:\/\/www.africa-press.net\/congo-brazzaville\/politique\/fetes-de-fin-dannee-un-repas-de-nouvel-an-avec-des-personnes-agees#primaryimage\",\"url\":\"https:\/\/static.africa-press.net\/congo-brazzaville\/sites\/51\/2023\/01\/postQueueImg_1673273005.07.jpg\",\"contentUrl\":\"https:\/\/static.africa-press.net\/congo-brazzaville\/sites\/51\/2023\/01\/postQueueImg_1673273005.07.jpg\",\"width\":960,\"height\":540,\"caption\":\"F\u00eates de fin d'ann\u00e9e: un repas de Nouvel An avec des personnes \u00e2g\u00e9es\"},{\"@type\":\"BreadcrumbList\",\"@id\":\"https:\/\/www.africa-press.net\/congo-brazzaville\/politique\/fetes-de-fin-dannee-un-repas-de-nouvel-an-avec-des-personnes-agees#breadcrumb\",\"itemListElement\":[{\"@type\":\"ListItem\",\"position\":1,\"name\":\"Accueil\",\"item\":\"https:\/\/www.africa-press.net\/congo-brazzaville\/\"},{\"@type\":\"ListItem\",\"position\":2,\"name\":\"F\u00eates de fin d&rsquo;ann\u00e9e: un repas de Nouvel An avec des personnes \u00e2g\u00e9es\"}]},{\"@type\":\"WebSite\",\"@id\":\"https:\/\/www.africa-press.net\/congo-brazzaville\/#website\",\"url\":\"https:\/\/www.africa-press.net\/congo-brazzaville\/\",\"name\":\"Congo Brazzaville\",\"description\":\"Just another Africa News Agency Sites site\",\"potentialAction\":[{\"@type\":\"SearchAction\",\"target\":{\"@type\":\"EntryPoint\",\"urlTemplate\":\"https:\/\/www.africa-press.net\/congo-brazzaville\/?s={search_term_string}\"},\"query-input\":{\"@type\":\"PropertyValueSpecification\",\"valueRequired\":true,\"valueName\":\"search_term_string\"}}],\"inLanguage\":\"fr-FR\"},{\"@type\":\"Person\",\"@id\":\"https:\/\/www.africa-press.net\/congo-brazzaville\/#\/schema\/person\/2b1cf3cd81a31e3cd26889ca66d677f1\",\"name\":\"cfeditorfr\"}]}<\/script>\n<!-- \/ Yoast SEO Premium plugin. -->","yoast_head_json":{"title":"F\u00eates de fin d'ann\u00e9e: un repas de Nouvel An avec des personnes \u00e2g\u00e9es - Congo Brazzaville","robots":{"index":"index","follow":"follow","max-snippet":"max-snippet:-1","max-image-preview":"max-image-preview:large","max-video-preview":"max-video-preview:-1"},"canonical":"https:\/\/www.africa-press.net\/congo-brazzaville\/politique\/fetes-de-fin-dannee-un-repas-de-nouvel-an-avec-des-personnes-agees","og_locale":"fr_FR","og_type":"article","og_title":"F\u00eates de fin d'ann\u00e9e: un repas de Nouvel An avec des personnes \u00e2g\u00e9es","og_description":"Africa-Press &#8211; Congo Brazzaville. Des personnes du troisie\u0300me a\u0302ge de la maison \u201cPetites s\u0153urs des pauvres\u201d de la cathe\u0301drale Sacre\u0301-C\u0153ur de Brazzaville ont passe\u0301 des moments d\u2019alle\u0301gresse autour d\u2019un repas qui leur a e\u0301te\u0301 offert par la directrice ge\u0301ne\u0301rale du me\u0301morial Pierre-Savorgnan-de-Brazza, Be\u0301linda Ayessa, le 8 janvier dans les jardins dudit me\u0301morial. Devant une quarantaine [&hellip;]","og_url":"https:\/\/www.africa-press.net\/congo-brazzaville\/politique\/fetes-de-fin-dannee-un-repas-de-nouvel-an-avec-des-personnes-agees","og_site_name":"Congo Brazzaville","article_published_time":"2023-01-09T17:33:07+00:00","og_image":[{"url":"https:\/\/static.africa-press.net\/congo-brazzaville\/sites\/51\/2023\/01\/postMediaimg_95_1.jpg","type":"","width":"","height":""}],"author":"cfeditorfr","twitter_card":"summary_large_image","twitter_misc":{"\u00c9crit par":"cfeditorfr","Dur\u00e9e de lecture estim\u00e9e":"2 minutes"},"schema":{"@context":"https:\/\/schema.org","@graph":[{"@type":"Article","@id":"https:\/\/www.africa-press.net\/congo-brazzaville\/politique\/fetes-de-fin-dannee-un-repas-de-nouvel-an-avec-des-personnes-agees#article","isPartOf":{"@id":"https:\/\/www.africa-press.net\/congo-brazzaville\/politique\/fetes-de-fin-dannee-un-repas-de-nouvel-an-avec-des-personnes-agees"},"author":{"name":"cfeditorfr","@id":"https:\/\/www.africa-press.net\/congo-brazzaville\/#\/schema\/person\/2b1cf3cd81a31e3cd26889ca66d677f1"},"headline":"F\u00eates de fin d&rsquo;ann\u00e9e: un repas de Nouvel An avec des personnes \u00e2g\u00e9es","datePublished":"2023-01-09T17:33:07+00:00","mainEntityOfPage":{"@id":"https:\/\/www.africa-press.net\/congo-brazzaville\/politique\/fetes-de-fin-dannee-un-repas-de-nouvel-an-avec-des-personnes-agees"},"wordCount":512,"commentCount":0,"image":{"@id":"https:\/\/www.africa-press.net\/congo-brazzaville\/politique\/fetes-de-fin-dannee-un-repas-de-nouvel-an-avec-des-personnes-agees#primaryimage"},"thumbnailUrl":"https:\/\/static.africa-press.net\/congo-brazzaville\/sites\/51\/2023\/01\/postQueueImg_1673273005.07.jpg","keywords":["Africa Press","Africa Press-Congo Brazzaville","Congo Brazzaville"],"articleSection":["Communaut\u00e9","Photo","Toutes les actualit\u00e9s"],"inLanguage":"fr-FR","potentialAction":[{"@type":"CommentAction","name":"Comment","target":["https:\/\/www.africa-press.net\/congo-brazzaville\/politique\/fetes-de-fin-dannee-un-repas-de-nouvel-an-avec-des-personnes-agees#respond"]}]},{"@type":"WebPage","@id":"https:\/\/www.africa-press.net\/congo-brazzaville\/politique\/fetes-de-fin-dannee-un-repas-de-nouvel-an-avec-des-personnes-agees","url":"https:\/\/www.africa-press.net\/congo-brazzaville\/politique\/fetes-de-fin-dannee-un-repas-de-nouvel-an-avec-des-personnes-agees","name":"F\u00eates de fin d'ann\u00e9e: un repas de Nouvel An avec des personnes \u00e2g\u00e9es - Congo Brazzaville","isPartOf":{"@id":"https:\/\/www.africa-press.net\/congo-brazzaville\/#website"},"primaryImageOfPage":{"@id":"https:\/\/www.africa-press.net\/congo-brazzaville\/politique\/fetes-de-fin-dannee-un-repas-de-nouvel-an-avec-des-personnes-agees#primaryimage"},"image":{"@id":"https:\/\/www.africa-press.net\/congo-brazzaville\/politique\/fetes-de-fin-dannee-un-repas-de-nouvel-an-avec-des-personnes-agees#primaryimage"},"thumbnailUrl":"https:\/\/static.africa-press.net\/congo-brazzaville\/sites\/51\/2023\/01\/postQueueImg_1673273005.07.jpg","datePublished":"2023-01-09T17:33:07+00:00","author":{"@id":"https:\/\/www.africa-press.net\/congo-brazzaville\/#\/schema\/person\/2b1cf3cd81a31e3cd26889ca66d677f1"},"breadcrumb":{"@id":"https:\/\/www.africa-press.net\/congo-brazzaville\/politique\/fetes-de-fin-dannee-un-repas-de-nouvel-an-avec-des-personnes-agees#breadcrumb"},"inLanguage":"fr-FR","potentialAction":[{"@type":"ReadAction","target":["https:\/\/www.africa-press.net\/congo-brazzaville\/politique\/fetes-de-fin-dannee-un-repas-de-nouvel-an-avec-des-personnes-agees"]}]},{"@type":"ImageObject","inLanguage":"fr-FR","@id":"https:\/\/www.africa-press.net\/congo-brazzaville\/politique\/fetes-de-fin-dannee-un-repas-de-nouvel-an-avec-des-personnes-agees#primaryimage","url":"https:\/\/static.africa-press.net\/congo-brazzaville\/sites\/51\/2023\/01\/postQueueImg_1673273005.07.jpg","contentUrl":"https:\/\/static.africa-press.net\/congo-brazzaville\/sites\/51\/2023\/01\/postQueueImg_1673273005.07.jpg","width":960,"height":540,"caption":"F\u00eates de fin d'ann\u00e9e: un repas de Nouvel An avec des personnes \u00e2g\u00e9es"},{"@type":"BreadcrumbList","@id":"https:\/\/www.africa-press.net\/congo-brazzaville\/politique\/fetes-de-fin-dannee-un-repas-de-nouvel-an-avec-des-personnes-agees#breadcrumb","itemListElement":[{"@type":"ListItem","position":1,"name":"Accueil","item":"https:\/\/www.africa-press.net\/congo-brazzaville\/"},{"@type":"ListItem","position":2,"name":"F\u00eates de fin d&rsquo;ann\u00e9e: un repas de Nouvel An avec des personnes \u00e2g\u00e9es"}]},{"@type":"WebSite","@id":"https:\/\/www.africa-press.net\/congo-brazzaville\/#website","url":"https:\/\/www.africa-press.net\/congo-brazzaville\/","name":"Congo Brazzaville","description":"Just another Africa News Agency Sites site","potentialAction":[{"@type":"SearchAction","target":{"@type":"EntryPoint","urlTemplate":"https:\/\/www.africa-press.net\/congo-brazzaville\/?s={search_term_string}"},"query-input":{"@type":"PropertyValueSpecification","valueRequired":true,"valueName":"search_term_string"}}],"inLanguage":"fr-FR"},{"@type":"Person","@id":"https:\/\/www.africa-press.net\/congo-brazzaville\/#\/schema\/person\/2b1cf3cd81a31e3cd26889ca66d677f1","name":"cfeditorfr"}]}},"_links":{"self":[{"href":"https:\/\/www.africa-press.net\/congo-brazzaville\/wp-json\/wp\/v2\/posts\/13174","targetHints":{"allow":["GET"]}}],"collection":[{"href":"https:\/\/www.africa-press.net\/congo-brazzaville\/wp-json\/wp\/v2\/posts"}],"about":[{"href":"https:\/\/www.africa-press.net\/congo-brazzaville\/wp-json\/wp\/v2\/types\/post"}],"author":[{"embeddable":true,"href":"https:\/\/www.africa-press.net\/congo-brazzaville\/wp-json\/wp\/v2\/users\/82"}],"replies":[{"embeddable":true,"href":"https:\/\/www.africa-press.net\/congo-brazzaville\/wp-json\/wp\/v2\/comments?post=13174"}],"version-history":[{"count":0,"href":"https:\/\/www.africa-press.net\/congo-brazzaville\/wp-json\/wp\/v2\/posts\/13174\/revisions"}],"wp:featuredmedia":[{"embeddable":true,"href":"https:\/\/www.africa-press.net\/congo-brazzaville\/wp-json\/wp\/v2\/media\/13173"}],"wp:attachment":[{"href":"https:\/\/www.africa-press.net\/congo-brazzaville\/wp-json\/wp\/v2\/media?parent=13174"}],"wp:term":[{"taxonomy":"category","embeddable":true,"href":"https:\/\/www.africa-press.net\/congo-brazzaville\/wp-json\/wp\/v2\/categories?post=13174"},{"taxonomy":"post_tag","embeddable":true,"href":"https:\/\/www.africa-press.net\/congo-brazzaville\/wp-json\/wp\/v2\/tags?post=13174"}],"curies":[{"name":"wp","href":"https:\/\/api.w.org\/{rel}","templated":true}]}}