{"id":13179,"date":"2023-01-09T17:34:03","date_gmt":"2023-01-09T17:34:03","guid":{"rendered":"https:\/\/www.africa-press.net\/congo-brazzaville\/politique\/dialogue-social-des-recommandations-pour-la-prise-en-charge-des-revendications-des-travailleurs"},"modified":"2023-01-09T17:34:03","modified_gmt":"2023-01-09T17:34:03","slug":"dialogue-social-des-recommandations-pour-la-prise-en-charge-des-revendications-des-travailleurs","status":"publish","type":"post","link":"https:\/\/www.africa-press.net\/congo-brazzaville\/politique\/dialogue-social-des-recommandations-pour-la-prise-en-charge-des-revendications-des-travailleurs","title":{"rendered":"Dialogue social : des recommandations pour la prise en charge des revendications des travailleurs"},"content":{"rendered":"<p><span style=\"color: #ff6600\"><strong>Africa-Press &#8211; Congo Brazzaville. <\/strong><\/span><b>Re\u0301unis le 7 janvier a\u0300 Brazzaville, les membres du Comite\u0301 national du dialogue social (CNDS) ont e\u0301value\u0301 la mise en \u0153uvre des recommandations issues des sessions pre\u0301ce\u0301dentes avant d\u2019en formuler d\u2019autres visant a\u0300 apporter des solutions idoines aux proble\u0300mes des travailleurs.<\/b><\/p>\n<p>Les participants a\u0300 la session pre\u0301side\u0301e par le Premier ministre, Anatole Collinet Makosso, ont, en effet, e\u0301value\u0301 vingt-quatre recommandations et se sont rendus compte que certaines ont e\u0301te\u0301 mises en \u0153uvre comple\u0300tement, d\u2019autres sont en cours d\u2019exe\u0301cution et d\u2019autres encore n\u2019ont pas e\u0301te\u0301 exe\u0301cute\u0301es a\u0300 ce jour. C\u2019est ainsi qu\u2019ils ont formule\u0301 des actions de renforcement en vue de la mise en \u0153uvre effective des recommandations en cours d\u2019exe\u0301cution et celles encore pendantes.<\/p>\n<p>Il s\u2019agit, entre autres, de mettre en place un comite\u0301 d\u2019experts associant les partenaires sociaux, charge\u0301 de produire des re\u0301flexions sur les recommandations en lien avec le nouveau statut ge\u0301ne\u0301ral de la fonction publique (salaire plancher, grille indiciaire des salaires, recrutement des finalistes des e\u0301coles professionnelles&#8230;) et de faire des propositions pertinentes qui seront examine\u0301es lors de la prochaine session du Comite\u0301 national du dialogue social. Ce comite\u0301 d\u2019experts devra e\u0301galement, ont pre\u0301cise\u0301 les participants, prendre en charge la question de la nouvelle grille indiciaire des salaires applicable a\u0300 la fonction publique territoriale<\/p>\n<p>Ils ont aussi sugge\u0301re\u0301 la conduite, au niveau du gouvernement, d\u2019une re\u0301flexion en vue de remettre la gestion de la Socie\u0301te\u0301 des pave\u0301s du Congo et de la Socie\u0301te\u0301 de transport public urbain respectivement aux mairies de Brazzaville et de Pointe-Noire. Le CNDS a e\u0301galement recommande\u0301 d\u2019assurer, sur la base d\u2019une re\u0301flexion concerte\u0301e, le paiement re\u0301gulier des salaires et le reversement des cotisations sociales des travailleurs des collectivite\u0301s locales, des ho\u0302pitaux et des e\u0301tablissements a\u0300 budget de transfert a\u0300 partir de 2023. Ainsi, le gouvernement devrait e\u0301valuer, de concert avec les partenaires sociaux, l\u2019ensemble du stock des arrie\u0301re\u0301s de salaires des travailleurs des collectivite\u0301s locales, des ho\u0302pitaux et des e\u0301tablissements a\u0300 budget de transfert, en vue d\u2019envisager leur paiement ulte\u0301rieur.<\/p>\n<p>Il a e\u0301te\u0301 ensuite recommande\u0301 la poursuite, au niveau du gouvernement, des efforts pour e\u0301ponger les droits sociaux des ex-travailleurs des entreprises liquide\u0301es ou en cours de liquidation ; la relance, par le gouvernement, des activite\u0301s des socie\u0301te\u0301s de transport ae\u0301rien ECAIR et Nouvel Air Congo. Les participants ont, par ailleurs, demande\u0301 la poursuite de l\u2019effort de formation continue des enseignants et autres personnels de l\u2019enseignement ; la re\u0301alisation d\u2019une re\u0301flexion pour voir comment et dans quelle mesure re\u0301gler de\u0301finitivement la question des rappels de solde d\u2019activite\u0301 dus aux enseignants. Les pouvoirs publics devraient garantir, dans le cadre du budget de l\u2019Etat, le recouvrement par les collectivite\u0301s locales des ressources financie\u0300res devant leur permettre de fonctionner de manie\u0300re optimale ; soumettre le projet du nouveau code du travail aux partenaires sociaux et en diligenter le processus d\u2019adoption.<\/p>\n<p><b>Des nouvelles recommandations <\/b><\/p>\n<p>Outre l\u2019e\u0301valuation du niveau d\u2019exe\u0301cution des actions arre\u0302te\u0301es lors des pre\u0301ce\u0301dentes sessions, le CNDS a recommande\u0301 le partage, avec les partenaires sociaux, de la re\u0301flexion tendant a\u0300 revoir la loi n\u00b022-2010 du 30 de\u0301cembre 2010 fixant l\u2019a\u0302ge d\u2019admission a\u0300 la retraite des travailleurs relevant du code de travail, a\u0300 l\u2019effet d\u2019en harmoniser les dispositions a\u0300 celles de la loi n\u00b068-2022 du 16 aou\u0302t 2022 relatives a\u0300 l\u2019a\u0302ge d\u2019admission a\u0300 la retraite. Les deux parties ont rec\u0327u mission de poursuivre et partager la re\u0301flexion sur l\u2019opportunite\u0301 de revaloriser les frais de mission a\u0300 l\u2019e\u0301tranger et les indemnite\u0301s de fonction des agents de l\u2019Etat ; finaliser le processus d\u2019enro\u0302lement biome\u0301trique des agents de l\u2019Etat ainsi que des enseignants volontaires et communautaires du ministe\u0300re de l\u2019Enseignement pre\u0301scolaire, primaire, secondaire et de l\u2019Alphabe\u0301tisation, a\u0300 l\u2019effet de de\u0301finir, apre\u0300s recensement, les nouvelles modalite\u0301s de recrutement desdits enseignants volontaires et communautaires.<\/p>\n<p>Il a e\u0301te\u0301, enfin, recommande\u0301 au gouvernement de poursuivre les efforts visant la re\u0301solution des proble\u0300mes des travailleurs des e\u0301tablissements publics, notamment la Sope\u0301co, l\u2019Agence congolaise de la faune et des aires prote\u0301ge\u0301es et le CFCO ; mettre en \u0153uvre une communication effective avec les partenaires sociaux, au plan national et des entreprises, sur la conduite efficace du processus de concession des barrages de Moukoukoulou et d\u2019Imboulou. Ceci dans le strict respect des dispositions de l\u2019article 45 du code de travail.\r\n                <style type=\"text\/css\">\r\n                    \r\n                    #td_uid_1_69ec73dc420ad  .td-doubleSlider-2 .td-item1 {\r\n                        background: url(https:\/\/static.africa-press.net\/congo-brazzaville\/sites\/51\/2023\/01\/postMediaimg_98_1-80x60.jpg) 0 0 no-repeat;\r\n                    }\r\n                    #td_uid_1_69ec73dc420ad  .td-doubleSlider-2 .td-item2 {\r\n                        background: url(https:\/\/static.africa-press.net\/congo-brazzaville\/sites\/51\/2023\/01\/postMediaimg_98_2-80x60.jpg) 0 0 no-repeat;\r\n                    }\r\n                <\/style>\r\n\r\n                <div id=\"td_uid_1_69ec73dc420ad\" class=\"td-gallery td-slide-on-2-columns\">\r\n                    <div class=\"post_td_gallery\">\r\n                        <div class=\"td-gallery-slide-top\">\r\n                           <div class=\"td-gallery-title\"><\/div>\r\n\r\n                            <div class=\"td-gallery-controls-wrapper\">\r\n                                <div class=\"td-gallery-slide-count\"><span class=\"td-gallery-slide-item-focus\">1<\/span> de 2<\/div>\r\n                                <div class=\"td-gallery-slide-prev-next-but\">\r\n                                    <i class = \"td-icon-left doubleSliderPrevButton\"><\/i>\r\n                                    <i class = \"td-icon-right doubleSliderNextButton\"><\/i>\r\n                                <\/div>\r\n                            <\/div>\r\n                        <\/div>\r\n\r\n                        <div class = \"td-doubleSlider-1 \">\r\n                            <div class = \"td-slider\">\r\n                                \r\n                    <div class = \"td-slide-item td-item1\">\r\n                        <figure class=\"td-slide-galery-figure td-slide-popup-gallery\">\r\n                            <a class=\"slide-gallery-image-link\" href=\"https:\/\/static.africa-press.net\/congo-brazzaville\/sites\/51\/2023\/01\/postMediaimg_98_1.jpg\" title=\"postMediaimg_98_1\"  data-caption=\"\"  data-description=\"\">\r\n                                <img decoding=\"async\" src=\"https:\/\/static.africa-press.net\/congo-brazzaville\/sites\/51\/2023\/01\/postMediaimg_98_1.jpg\" srcset=\"https:\/\/static.africa-press.net\/congo-brazzaville\/sites\/51\/2023\/01\/postMediaimg_98_1.jpg 1080w, https:\/\/static.africa-press.net\/congo-brazzaville\/sites\/51\/2023\/01\/postMediaimg_98_1-300x200.jpg 300w, https:\/\/static.africa-press.net\/congo-brazzaville\/sites\/51\/2023\/01\/postMediaimg_98_1-1024x683.jpg 1024w, https:\/\/static.africa-press.net\/congo-brazzaville\/sites\/51\/2023\/01\/postMediaimg_98_1-768x512.jpg 768w\" sizes=\"(max-width: 1080px) 100vw, 1080px\" alt=\"\">\r\n                            <\/a>\r\n                            \r\n                        <\/figure>\r\n                    <\/div>\r\n                    <div class = \"td-slide-item td-item2\">\r\n                        <figure class=\"td-slide-galery-figure td-slide-popup-gallery\">\r\n                            <a class=\"slide-gallery-image-link\" href=\"https:\/\/static.africa-press.net\/congo-brazzaville\/sites\/51\/2023\/01\/postMediaimg_98_2.jpg\" title=\"postMediaimg_98_2\"  data-caption=\"\"  data-description=\"\">\r\n                                <img decoding=\"async\" src=\"https:\/\/static.africa-press.net\/congo-brazzaville\/sites\/51\/2023\/01\/postMediaimg_98_2.jpg\" srcset=\"https:\/\/static.africa-press.net\/congo-brazzaville\/sites\/51\/2023\/01\/postMediaimg_98_2.jpg 1080w, https:\/\/static.africa-press.net\/congo-brazzaville\/sites\/51\/2023\/01\/postMediaimg_98_2-300x200.jpg 300w, https:\/\/static.africa-press.net\/congo-brazzaville\/sites\/51\/2023\/01\/postMediaimg_98_2-1024x683.jpg 1024w, https:\/\/static.africa-press.net\/congo-brazzaville\/sites\/51\/2023\/01\/postMediaimg_98_2-768x512.jpg 768w\" sizes=\"(max-width: 1080px) 100vw, 1080px\" alt=\"\">\r\n                            <\/a>\r\n                            \r\n                        <\/figure>\r\n                    <\/div>\r\n                            <\/div>\r\n                        <\/div>\r\n\r\n                        <div class = \"td-doubleSlider-2\">\r\n                            <div class = \"td-slider\">\r\n                                \r\n                    <div class = \"td-button td-item1\">\r\n                        <div class = \"td-border\"><\/div>\r\n                    <\/div>\r\n                    <div class = \"td-button td-item2\">\r\n                        <div class = \"td-border\"><\/div>\r\n                    <\/div>\r\n                            <\/div>\r\n                        <\/div>\r\n\r\n                    <\/div>\r\n\r\n                <\/div>\r\n                <\/p>\n<p><strong>Pour plus d&rsquo;informations et d&rsquo;analyses sur la <a href=\"https:\/\/www.africa-press.net\/congo-brazzaville\">Congo Brazzaville<\/a>, suivez <a href=\"https:\/\/www.africa-press.net\/\">Africa-Press<\/a><\/strong><\/p>\n","protected":false},"excerpt":{"rendered":"<p>Africa-Press &#8211; Congo Brazzaville. Re\u0301unis le 7 janvier a\u0300 Brazzaville, les membres du Comite\u0301 national du dialogue social (CNDS) ont e\u0301value\u0301 la mise en \u0153uvre des recommandations issues des sessions pre\u0301ce\u0301dentes avant d\u2019en formuler d\u2019autres visant a\u0300 apporter des solutions idoines aux proble\u0300mes des travailleurs. Les participants a\u0300 la session pre\u0301side\u0301e par le Premier ministre, [&hellip;]<\/p>\n","protected":false},"author":82,"featured_media":13178,"comment_status":"open","ping_status":"closed","sticky":false,"template":"","format":"standard","meta":{"footnotes":""},"categories":[8,2,10],"tags":[36,47,46],"class_list":["post-13179","post","type-post","status-publish","format-standard","has-post-thumbnail","hentry","category-photo","category-politique","category-toutes-les-actualites","tag-africa-press","tag-africa-press-congo-brazzaville","tag-congo-brazzaville"],"yoast_head":"<!-- This site is optimized with the Yoast SEO Premium plugin v26.1 (Yoast SEO v27.0) - https:\/\/yoast.com\/product\/yoast-seo-premium-wordpress\/ -->\n<title>Dialogue social : des recommandations pour la prise en charge des revendications des travailleurs - Congo Brazzaville<\/title>\n<meta name=\"robots\" content=\"index, follow, max-snippet:-1, max-image-preview:large, max-video-preview:-1\" \/>\n<link rel=\"canonical\" href=\"https:\/\/www.africa-press.net\/congo-brazzaville\/politique\/dialogue-social-des-recommandations-pour-la-prise-en-charge-des-revendications-des-travailleurs\" \/>\n<meta property=\"og:locale\" content=\"fr_FR\" \/>\n<meta property=\"og:type\" content=\"article\" \/>\n<meta property=\"og:title\" content=\"Dialogue social : des recommandations pour la prise en charge des revendications des travailleurs\" \/>\n<meta property=\"og:description\" content=\"Africa-Press &#8211; Congo Brazzaville. Re\u0301unis le 7 janvier a\u0300 Brazzaville, les membres du Comite\u0301 national du dialogue social (CNDS) ont e\u0301value\u0301 la mise en \u0153uvre des recommandations issues des sessions pre\u0301ce\u0301dentes avant d\u2019en formuler d\u2019autres visant a\u0300 apporter des solutions idoines aux proble\u0300mes des travailleurs. Les participants a\u0300 la session pre\u0301side\u0301e par le Premier ministre, [&hellip;]\" \/>\n<meta property=\"og:url\" content=\"https:\/\/www.africa-press.net\/congo-brazzaville\/politique\/dialogue-social-des-recommandations-pour-la-prise-en-charge-des-revendications-des-travailleurs\" \/>\n<meta property=\"og:site_name\" content=\"Congo Brazzaville\" \/>\n<meta property=\"article:published_time\" content=\"2023-01-09T17:34:03+00:00\" \/>\n<meta property=\"og:image\" content=\"https:\/\/static.africa-press.net\/congo-brazzaville\/sites\/51\/2023\/01\/postMediaimg_98_1.jpg\" \/>\n<meta name=\"author\" content=\"cfeditorfr\" \/>\n<meta name=\"twitter:card\" content=\"summary_large_image\" \/>\n<meta name=\"twitter:label1\" content=\"\u00c9crit par\" \/>\n\t<meta name=\"twitter:data1\" content=\"cfeditorfr\" \/>\n\t<meta name=\"twitter:label2\" content=\"Dur\u00e9e de lecture estim\u00e9e\" \/>\n\t<meta name=\"twitter:data2\" content=\"4 minutes\" \/>\n<script type=\"application\/ld+json\" class=\"yoast-schema-graph\">{\"@context\":\"https:\/\/schema.org\",\"@graph\":[{\"@type\":\"Article\",\"@id\":\"https:\/\/www.africa-press.net\/congo-brazzaville\/politique\/dialogue-social-des-recommandations-pour-la-prise-en-charge-des-revendications-des-travailleurs#article\",\"isPartOf\":{\"@id\":\"https:\/\/www.africa-press.net\/congo-brazzaville\/politique\/dialogue-social-des-recommandations-pour-la-prise-en-charge-des-revendications-des-travailleurs\"},\"author\":{\"name\":\"cfeditorfr\",\"@id\":\"https:\/\/www.africa-press.net\/congo-brazzaville\/#\/schema\/person\/2b1cf3cd81a31e3cd26889ca66d677f1\"},\"headline\":\"Dialogue social : des recommandations pour la prise en charge des revendications des travailleurs\",\"datePublished\":\"2023-01-09T17:34:03+00:00\",\"mainEntityOfPage\":{\"@id\":\"https:\/\/www.africa-press.net\/congo-brazzaville\/politique\/dialogue-social-des-recommandations-pour-la-prise-en-charge-des-revendications-des-travailleurs\"},\"wordCount\":850,\"commentCount\":0,\"image\":{\"@id\":\"https:\/\/www.africa-press.net\/congo-brazzaville\/politique\/dialogue-social-des-recommandations-pour-la-prise-en-charge-des-revendications-des-travailleurs#primaryimage\"},\"thumbnailUrl\":\"https:\/\/static.africa-press.net\/congo-brazzaville\/sites\/51\/2023\/01\/postQueueImg_1673273047.96.jpg\",\"keywords\":[\"Africa Press\",\"Africa Press-Congo Brazzaville\",\"Congo Brazzaville\"],\"articleSection\":[\"Photo\",\"Politique\",\"Toutes les actualit\u00e9s\"],\"inLanguage\":\"fr-FR\",\"potentialAction\":[{\"@type\":\"CommentAction\",\"name\":\"Comment\",\"target\":[\"https:\/\/www.africa-press.net\/congo-brazzaville\/politique\/dialogue-social-des-recommandations-pour-la-prise-en-charge-des-revendications-des-travailleurs#respond\"]}]},{\"@type\":\"WebPage\",\"@id\":\"https:\/\/www.africa-press.net\/congo-brazzaville\/politique\/dialogue-social-des-recommandations-pour-la-prise-en-charge-des-revendications-des-travailleurs\",\"url\":\"https:\/\/www.africa-press.net\/congo-brazzaville\/politique\/dialogue-social-des-recommandations-pour-la-prise-en-charge-des-revendications-des-travailleurs\",\"name\":\"Dialogue social : des recommandations pour la prise en charge des revendications des travailleurs - Congo Brazzaville\",\"isPartOf\":{\"@id\":\"https:\/\/www.africa-press.net\/congo-brazzaville\/#website\"},\"primaryImageOfPage\":{\"@id\":\"https:\/\/www.africa-press.net\/congo-brazzaville\/politique\/dialogue-social-des-recommandations-pour-la-prise-en-charge-des-revendications-des-travailleurs#primaryimage\"},\"image\":{\"@id\":\"https:\/\/www.africa-press.net\/congo-brazzaville\/politique\/dialogue-social-des-recommandations-pour-la-prise-en-charge-des-revendications-des-travailleurs#primaryimage\"},\"thumbnailUrl\":\"https:\/\/static.africa-press.net\/congo-brazzaville\/sites\/51\/2023\/01\/postQueueImg_1673273047.96.jpg\",\"datePublished\":\"2023-01-09T17:34:03+00:00\",\"author\":{\"@id\":\"https:\/\/www.africa-press.net\/congo-brazzaville\/#\/schema\/person\/2b1cf3cd81a31e3cd26889ca66d677f1\"},\"breadcrumb\":{\"@id\":\"https:\/\/www.africa-press.net\/congo-brazzaville\/politique\/dialogue-social-des-recommandations-pour-la-prise-en-charge-des-revendications-des-travailleurs#breadcrumb\"},\"inLanguage\":\"fr-FR\",\"potentialAction\":[{\"@type\":\"ReadAction\",\"target\":[\"https:\/\/www.africa-press.net\/congo-brazzaville\/politique\/dialogue-social-des-recommandations-pour-la-prise-en-charge-des-revendications-des-travailleurs\"]}]},{\"@type\":\"ImageObject\",\"inLanguage\":\"fr-FR\",\"@id\":\"https:\/\/www.africa-press.net\/congo-brazzaville\/politique\/dialogue-social-des-recommandations-pour-la-prise-en-charge-des-revendications-des-travailleurs#primaryimage\",\"url\":\"https:\/\/static.africa-press.net\/congo-brazzaville\/sites\/51\/2023\/01\/postQueueImg_1673273047.96.jpg\",\"contentUrl\":\"https:\/\/static.africa-press.net\/congo-brazzaville\/sites\/51\/2023\/01\/postQueueImg_1673273047.96.jpg\",\"width\":1080,\"height\":720,\"caption\":\"Dialogue social : des recommandations pour la prise en charge des revendications des travailleurs\"},{\"@type\":\"BreadcrumbList\",\"@id\":\"https:\/\/www.africa-press.net\/congo-brazzaville\/politique\/dialogue-social-des-recommandations-pour-la-prise-en-charge-des-revendications-des-travailleurs#breadcrumb\",\"itemListElement\":[{\"@type\":\"ListItem\",\"position\":1,\"name\":\"Accueil\",\"item\":\"https:\/\/www.africa-press.net\/congo-brazzaville\/\"},{\"@type\":\"ListItem\",\"position\":2,\"name\":\"Dialogue social : des recommandations pour la prise en charge des revendications des travailleurs\"}]},{\"@type\":\"WebSite\",\"@id\":\"https:\/\/www.africa-press.net\/congo-brazzaville\/#website\",\"url\":\"https:\/\/www.africa-press.net\/congo-brazzaville\/\",\"name\":\"Congo Brazzaville\",\"description\":\"Just another Africa News Agency Sites site\",\"potentialAction\":[{\"@type\":\"SearchAction\",\"target\":{\"@type\":\"EntryPoint\",\"urlTemplate\":\"https:\/\/www.africa-press.net\/congo-brazzaville\/?s={search_term_string}\"},\"query-input\":{\"@type\":\"PropertyValueSpecification\",\"valueRequired\":true,\"valueName\":\"search_term_string\"}}],\"inLanguage\":\"fr-FR\"},{\"@type\":\"Person\",\"@id\":\"https:\/\/www.africa-press.net\/congo-brazzaville\/#\/schema\/person\/2b1cf3cd81a31e3cd26889ca66d677f1\",\"name\":\"cfeditorfr\"}]}<\/script>\n<!-- \/ Yoast SEO Premium plugin. -->","yoast_head_json":{"title":"Dialogue social : des recommandations pour la prise en charge des revendications des travailleurs - Congo Brazzaville","robots":{"index":"index","follow":"follow","max-snippet":"max-snippet:-1","max-image-preview":"max-image-preview:large","max-video-preview":"max-video-preview:-1"},"canonical":"https:\/\/www.africa-press.net\/congo-brazzaville\/politique\/dialogue-social-des-recommandations-pour-la-prise-en-charge-des-revendications-des-travailleurs","og_locale":"fr_FR","og_type":"article","og_title":"Dialogue social : des recommandations pour la prise en charge des revendications des travailleurs","og_description":"Africa-Press &#8211; Congo Brazzaville. Re\u0301unis le 7 janvier a\u0300 Brazzaville, les membres du Comite\u0301 national du dialogue social (CNDS) ont e\u0301value\u0301 la mise en \u0153uvre des recommandations issues des sessions pre\u0301ce\u0301dentes avant d\u2019en formuler d\u2019autres visant a\u0300 apporter des solutions idoines aux proble\u0300mes des travailleurs. Les participants a\u0300 la session pre\u0301side\u0301e par le Premier ministre, [&hellip;]","og_url":"https:\/\/www.africa-press.net\/congo-brazzaville\/politique\/dialogue-social-des-recommandations-pour-la-prise-en-charge-des-revendications-des-travailleurs","og_site_name":"Congo Brazzaville","article_published_time":"2023-01-09T17:34:03+00:00","og_image":[{"url":"https:\/\/static.africa-press.net\/congo-brazzaville\/sites\/51\/2023\/01\/postMediaimg_98_1.jpg","type":"","width":"","height":""}],"author":"cfeditorfr","twitter_card":"summary_large_image","twitter_misc":{"\u00c9crit par":"cfeditorfr","Dur\u00e9e de lecture estim\u00e9e":"4 minutes"},"schema":{"@context":"https:\/\/schema.org","@graph":[{"@type":"Article","@id":"https:\/\/www.africa-press.net\/congo-brazzaville\/politique\/dialogue-social-des-recommandations-pour-la-prise-en-charge-des-revendications-des-travailleurs#article","isPartOf":{"@id":"https:\/\/www.africa-press.net\/congo-brazzaville\/politique\/dialogue-social-des-recommandations-pour-la-prise-en-charge-des-revendications-des-travailleurs"},"author":{"name":"cfeditorfr","@id":"https:\/\/www.africa-press.net\/congo-brazzaville\/#\/schema\/person\/2b1cf3cd81a31e3cd26889ca66d677f1"},"headline":"Dialogue social : des recommandations pour la prise en charge des revendications des travailleurs","datePublished":"2023-01-09T17:34:03+00:00","mainEntityOfPage":{"@id":"https:\/\/www.africa-press.net\/congo-brazzaville\/politique\/dialogue-social-des-recommandations-pour-la-prise-en-charge-des-revendications-des-travailleurs"},"wordCount":850,"commentCount":0,"image":{"@id":"https:\/\/www.africa-press.net\/congo-brazzaville\/politique\/dialogue-social-des-recommandations-pour-la-prise-en-charge-des-revendications-des-travailleurs#primaryimage"},"thumbnailUrl":"https:\/\/static.africa-press.net\/congo-brazzaville\/sites\/51\/2023\/01\/postQueueImg_1673273047.96.jpg","keywords":["Africa Press","Africa Press-Congo Brazzaville","Congo Brazzaville"],"articleSection":["Photo","Politique","Toutes les actualit\u00e9s"],"inLanguage":"fr-FR","potentialAction":[{"@type":"CommentAction","name":"Comment","target":["https:\/\/www.africa-press.net\/congo-brazzaville\/politique\/dialogue-social-des-recommandations-pour-la-prise-en-charge-des-revendications-des-travailleurs#respond"]}]},{"@type":"WebPage","@id":"https:\/\/www.africa-press.net\/congo-brazzaville\/politique\/dialogue-social-des-recommandations-pour-la-prise-en-charge-des-revendications-des-travailleurs","url":"https:\/\/www.africa-press.net\/congo-brazzaville\/politique\/dialogue-social-des-recommandations-pour-la-prise-en-charge-des-revendications-des-travailleurs","name":"Dialogue social : des recommandations pour la prise en charge des revendications des travailleurs - Congo Brazzaville","isPartOf":{"@id":"https:\/\/www.africa-press.net\/congo-brazzaville\/#website"},"primaryImageOfPage":{"@id":"https:\/\/www.africa-press.net\/congo-brazzaville\/politique\/dialogue-social-des-recommandations-pour-la-prise-en-charge-des-revendications-des-travailleurs#primaryimage"},"image":{"@id":"https:\/\/www.africa-press.net\/congo-brazzaville\/politique\/dialogue-social-des-recommandations-pour-la-prise-en-charge-des-revendications-des-travailleurs#primaryimage"},"thumbnailUrl":"https:\/\/static.africa-press.net\/congo-brazzaville\/sites\/51\/2023\/01\/postQueueImg_1673273047.96.jpg","datePublished":"2023-01-09T17:34:03+00:00","author":{"@id":"https:\/\/www.africa-press.net\/congo-brazzaville\/#\/schema\/person\/2b1cf3cd81a31e3cd26889ca66d677f1"},"breadcrumb":{"@id":"https:\/\/www.africa-press.net\/congo-brazzaville\/politique\/dialogue-social-des-recommandations-pour-la-prise-en-charge-des-revendications-des-travailleurs#breadcrumb"},"inLanguage":"fr-FR","potentialAction":[{"@type":"ReadAction","target":["https:\/\/www.africa-press.net\/congo-brazzaville\/politique\/dialogue-social-des-recommandations-pour-la-prise-en-charge-des-revendications-des-travailleurs"]}]},{"@type":"ImageObject","inLanguage":"fr-FR","@id":"https:\/\/www.africa-press.net\/congo-brazzaville\/politique\/dialogue-social-des-recommandations-pour-la-prise-en-charge-des-revendications-des-travailleurs#primaryimage","url":"https:\/\/static.africa-press.net\/congo-brazzaville\/sites\/51\/2023\/01\/postQueueImg_1673273047.96.jpg","contentUrl":"https:\/\/static.africa-press.net\/congo-brazzaville\/sites\/51\/2023\/01\/postQueueImg_1673273047.96.jpg","width":1080,"height":720,"caption":"Dialogue social : des recommandations pour la prise en charge des revendications des travailleurs"},{"@type":"BreadcrumbList","@id":"https:\/\/www.africa-press.net\/congo-brazzaville\/politique\/dialogue-social-des-recommandations-pour-la-prise-en-charge-des-revendications-des-travailleurs#breadcrumb","itemListElement":[{"@type":"ListItem","position":1,"name":"Accueil","item":"https:\/\/www.africa-press.net\/congo-brazzaville\/"},{"@type":"ListItem","position":2,"name":"Dialogue social : des recommandations pour la prise en charge des revendications des travailleurs"}]},{"@type":"WebSite","@id":"https:\/\/www.africa-press.net\/congo-brazzaville\/#website","url":"https:\/\/www.africa-press.net\/congo-brazzaville\/","name":"Congo Brazzaville","description":"Just another Africa News Agency Sites site","potentialAction":[{"@type":"SearchAction","target":{"@type":"EntryPoint","urlTemplate":"https:\/\/www.africa-press.net\/congo-brazzaville\/?s={search_term_string}"},"query-input":{"@type":"PropertyValueSpecification","valueRequired":true,"valueName":"search_term_string"}}],"inLanguage":"fr-FR"},{"@type":"Person","@id":"https:\/\/www.africa-press.net\/congo-brazzaville\/#\/schema\/person\/2b1cf3cd81a31e3cd26889ca66d677f1","name":"cfeditorfr"}]}},"_links":{"self":[{"href":"https:\/\/www.africa-press.net\/congo-brazzaville\/wp-json\/wp\/v2\/posts\/13179","targetHints":{"allow":["GET"]}}],"collection":[{"href":"https:\/\/www.africa-press.net\/congo-brazzaville\/wp-json\/wp\/v2\/posts"}],"about":[{"href":"https:\/\/www.africa-press.net\/congo-brazzaville\/wp-json\/wp\/v2\/types\/post"}],"author":[{"embeddable":true,"href":"https:\/\/www.africa-press.net\/congo-brazzaville\/wp-json\/wp\/v2\/users\/82"}],"replies":[{"embeddable":true,"href":"https:\/\/www.africa-press.net\/congo-brazzaville\/wp-json\/wp\/v2\/comments?post=13179"}],"version-history":[{"count":0,"href":"https:\/\/www.africa-press.net\/congo-brazzaville\/wp-json\/wp\/v2\/posts\/13179\/revisions"}],"wp:featuredmedia":[{"embeddable":true,"href":"https:\/\/www.africa-press.net\/congo-brazzaville\/wp-json\/wp\/v2\/media\/13178"}],"wp:attachment":[{"href":"https:\/\/www.africa-press.net\/congo-brazzaville\/wp-json\/wp\/v2\/media?parent=13179"}],"wp:term":[{"taxonomy":"category","embeddable":true,"href":"https:\/\/www.africa-press.net\/congo-brazzaville\/wp-json\/wp\/v2\/categories?post=13179"},{"taxonomy":"post_tag","embeddable":true,"href":"https:\/\/www.africa-press.net\/congo-brazzaville\/wp-json\/wp\/v2\/tags?post=13179"}],"curies":[{"name":"wp","href":"https:\/\/api.w.org\/{rel}","templated":true}]}}