{"id":13181,"date":"2023-01-09T17:34:12","date_gmt":"2023-01-09T17:34:12","guid":{"rendered":"https:\/\/www.africa-press.net\/congo-brazzaville\/politique\/education-816-eleves-presentent-des-problemes-oculaires"},"modified":"2023-01-09T17:34:12","modified_gmt":"2023-01-09T17:34:12","slug":"education-816-eleves-presentent-des-problemes-oculaires","status":"publish","type":"post","link":"https:\/\/www.africa-press.net\/congo-brazzaville\/toutes-les-actualites\/education-816-eleves-presentent-des-problemes-oculaires","title":{"rendered":"Education: 816 \u00e9l\u00e8ves pr\u00e9sentent des probl\u00e8mes oculaires"},"content":{"rendered":"<p><span style=\"color: #ff6600\"><strong>Africa-Press &#8211; Congo Brazzaville. <\/strong><\/span><b>Dans un rapport pre\u0301sente\u0301 le 7 de\u0301cembre a\u0300 Brazzaville par l\u2019association de\u0301nomme\u0301e \u00ab Viens et vois \u00bb<\/b> <b>que dirige Emerson Massa, des apprenants des e\u0301tablissements scolaires publics et conventionne\u0301s du sous-secteur de l\u2019enseignement e\u0301prouvent des difficulte\u0301s de lecture pendant des cours dans les salles de classe. <\/b><\/p>\n<p>Au total, 816 apprenants ont pre\u0301sente\u0301 des proble\u0300mes oculaires dont 265 au primaire, 305 au colle\u0300ge, 230 au lyce\u0301e et 16 dans les e\u0301coles conventionne\u0301es.<\/p>\n<p>La campagne de de\u0301tection des malvoyants et aveugles s\u2019est de\u0301roule\u0301e du 7 au 18 novembre dernier, en partenariat avec la Mission e\u0301vange\u0301lique braille, Suisse.<\/p>\n<p>La descente a e\u0301te\u0301 effectue\u0301e simultane\u0301ment par sept e\u0301quipes conduites par des aveugles de l\u2019association dans cent dix-sept e\u0301coles de la partie Nord, du centre et du Sud.<\/p>\n<p>Il s\u2019agit notamment des e\u0301coles primaires Trois martyrs A et B, Gaston-Lenda, Congo-Chine, lyce\u0301es Thomas-Sankara, Antonio-Agostinho-Neto, Savorgnan-de- Brazza, complexe Re\u0301volution-Ngampo-Olilou, les colle\u0300ges Fraternite\u0301, Trois glorieuses, Nganga-Edouard ainsi que les e\u0301coles conventionne\u0301es Anne-Marie- Javoueh, e\u0301cole protestante de Moungali A et B.<\/p>\n<p>L\u2019objectif e\u0301tait de repe\u0301rer les enfants de\u0301ficients visuels afin de les scolariser a\u0300 l\u2019unique e\u0301cole inclusive spe\u0301cialise\u0301e, situe\u0301e a\u0300 Kinte\u0301le\u0301, dans le de\u0301partement du Pool. Le message au centre de la communication a e\u0301te\u0301 la de\u0301finition d\u2019un malvoyant et de l\u2019aveugle, l\u2019acceptation de cette cate\u0301gorie de personnes, la scolarisation ainsi que la reconnaissance de leurs capacite\u0301s a\u0300 contribuer au de\u0301veloppement d\u2019un pays.<\/p>\n<p>Le pre\u0301sident Emerson Massa a profite\u0301 de cette occasion pour informer les e\u0301le\u0300ves de l\u2019existence de l\u2019e\u0301cole inclusive qui rec\u0327oit des aveugles, les malvoyants et les valides.<\/p>\n<p>\u00ab Vous pouvez avoir des aveugles dans vos familles. Ne les ne\u0301gligez pas, ce sont des personnes comme toute autre. Ils ont des capacite\u0301s d&rsquo; e\u0301tudier et de devenir des responsables en apportant leur pierre a\u0300 l\u2019e\u0301difice\u00bb, a-t-il indique\u0301, ajoutant qu&rsquo;\u00ab il y a des fiches de renseignement permettant de contacter l\u2019association en cas de de\u0301fection d\u2019une des personnes de cette cate\u0301gorie en a\u0302ge de scolarisation identifie\u0301e \u00bb.<\/p>\n<p>Du co\u0302te\u0301 des apprenants, l\u2019e\u0301tonnement et le doute planaient sur leur visage en regardant s&rsquo;exprimer des aveugles qui ont su capter leur attention a\u0300 travers l\u2019e\u0301change.<\/p>\n<p>A cet effet, les e\u0301le\u0300ves de l\u2019e\u0301cole primaire ont informe\u0301 la de\u0301le\u0301gation de l\u2019existence de leurs fre\u0300res malvoyants et aveugles abandonne\u0301s dans les maisons. Par ailleurs, ceux du colle\u0300ge ont e\u0301mis le souhait a\u0300 cette cate\u0301gorie de personnes de s\u2019armer de courage car elles ne sont pas finies et la socie\u0301te\u0301 a besoin d\u2019eux.<\/p>\n<p>Pour sa part, le proviseur du complexe Re\u0301volution, Firmin Moungala, a souligne\u0301 le manque d\u2019information aux parents pour l\u2019e\u0301ducation de ces enfants. \u00ab La campagne de sensibilisation a e\u0301te\u0301 la bienvenue pour les e\u0301le\u0300ves et le personnel enseignant. Nous avons pris l\u2019engagement de relayer le message aux familles et dans les quartiers pour les re\u0301veiller a\u0300 sortir de l\u2019isolement ces enfants qui portent des talents non ne\u0301gligeables \u00bb, a-t-il indique\u0301.<\/p>\n<p>Notons que l\u2019e\u0301cole inclusive le Complexe scolaire Emmau\u0308s est une initiative de l\u2019association \u00ab Viens et vois \u00bb, construite gra\u0302ce a\u0300 l\u2019appui financier de la Mission e\u0301vange\u0301lique braille, Suisse. Elle a ouvert ses portes aux enfants en 2019.<\/p>\n<p>La campagne effectue\u0301e est conforme a\u0300 l&rsquo;Objectif de de\u0301veloppement durable 4 en vue d\u2019assurer l\u2019acce\u0300s de tous a\u0300 une e\u0301ducation de qualite\u0301 ainsi que promouvoir les possibilite\u0301s d\u2019apprentissage tout au long de la vie .<\/p>\n<p><strong>Pour plus d&rsquo;informations et d&rsquo;analyses sur la <a href=\"https:\/\/www.africa-press.net\/congo-brazzaville\">Congo Brazzaville<\/a>, suivez <a href=\"https:\/\/www.africa-press.net\/\">Africa-Press<\/a><\/strong><\/p>\n","protected":false},"excerpt":{"rendered":"<p>Africa-Press &#8211; Congo Brazzaville. Dans un rapport pre\u0301sente\u0301 le 7 de\u0301cembre a\u0300 Brazzaville par l\u2019association de\u0301nomme\u0301e \u00ab Viens et vois \u00bb que dirige Emerson Massa, des apprenants des e\u0301tablissements scolaires publics et conventionne\u0301s du sous-secteur de l\u2019enseignement e\u0301prouvent des difficulte\u0301s de lecture pendant des cours dans les salles de classe. Au total, 816 apprenants ont [&hellip;]<\/p>\n","protected":false},"author":82,"featured_media":13180,"comment_status":"open","ping_status":"closed","sticky":false,"template":"","format":"standard","meta":{"footnotes":""},"categories":[21,10],"tags":[36,47,46],"class_list":["post-13181","post","type-post","status-publish","format-standard","has-post-thumbnail","hentry","category-communaute","category-toutes-les-actualites","tag-africa-press","tag-africa-press-congo-brazzaville","tag-congo-brazzaville"],"yoast_head":"<!-- This site is optimized with the Yoast SEO Premium plugin v26.1 (Yoast SEO v27.0) - https:\/\/yoast.com\/product\/yoast-seo-premium-wordpress\/ -->\n<title>Education: 816 \u00e9l\u00e8ves pr\u00e9sentent des probl\u00e8mes oculaires - Congo Brazzaville<\/title>\n<meta name=\"robots\" content=\"index, follow, max-snippet:-1, max-image-preview:large, max-video-preview:-1\" \/>\n<link rel=\"canonical\" href=\"https:\/\/www.africa-press.net\/congo-brazzaville\/politique\/education-816-eleves-presentent-des-problemes-oculaires\" \/>\n<meta property=\"og:locale\" content=\"fr_FR\" \/>\n<meta property=\"og:type\" content=\"article\" \/>\n<meta property=\"og:title\" content=\"Education: 816 \u00e9l\u00e8ves pr\u00e9sentent des probl\u00e8mes oculaires\" \/>\n<meta property=\"og:description\" content=\"Africa-Press &#8211; Congo Brazzaville. Dans un rapport pre\u0301sente\u0301 le 7 de\u0301cembre a\u0300 Brazzaville par l\u2019association de\u0301nomme\u0301e \u00ab Viens et vois \u00bb que dirige Emerson Massa, des apprenants des e\u0301tablissements scolaires publics et conventionne\u0301s du sous-secteur de l\u2019enseignement e\u0301prouvent des difficulte\u0301s de lecture pendant des cours dans les salles de classe. Au total, 816 apprenants ont [&hellip;]\" \/>\n<meta property=\"og:url\" content=\"https:\/\/www.africa-press.net\/congo-brazzaville\/politique\/education-816-eleves-presentent-des-problemes-oculaires\" \/>\n<meta property=\"og:site_name\" content=\"Congo Brazzaville\" \/>\n<meta property=\"article:published_time\" content=\"2023-01-09T17:34:12+00:00\" \/>\n<meta name=\"author\" content=\"cfeditorfr\" \/>\n<meta name=\"twitter:card\" content=\"summary_large_image\" \/>\n<meta name=\"twitter:label1\" content=\"\u00c9crit par\" \/>\n\t<meta name=\"twitter:data1\" content=\"cfeditorfr\" \/>\n\t<meta name=\"twitter:label2\" content=\"Dur\u00e9e de lecture estim\u00e9e\" \/>\n\t<meta name=\"twitter:data2\" content=\"3 minutes\" \/>\n<script type=\"application\/ld+json\" class=\"yoast-schema-graph\">{\"@context\":\"https:\/\/schema.org\",\"@graph\":[{\"@type\":\"Article\",\"@id\":\"https:\/\/www.africa-press.net\/congo-brazzaville\/politique\/education-816-eleves-presentent-des-problemes-oculaires#article\",\"isPartOf\":{\"@id\":\"https:\/\/www.africa-press.net\/congo-brazzaville\/politique\/education-816-eleves-presentent-des-problemes-oculaires\"},\"author\":{\"name\":\"cfeditorfr\",\"@id\":\"https:\/\/www.africa-press.net\/congo-brazzaville\/#\/schema\/person\/2b1cf3cd81a31e3cd26889ca66d677f1\"},\"headline\":\"Education: 816 \u00e9l\u00e8ves pr\u00e9sentent des probl\u00e8mes oculaires\",\"datePublished\":\"2023-01-09T17:34:12+00:00\",\"mainEntityOfPage\":{\"@id\":\"https:\/\/www.africa-press.net\/congo-brazzaville\/politique\/education-816-eleves-presentent-des-problemes-oculaires\"},\"wordCount\":673,\"commentCount\":0,\"image\":{\"@id\":\"https:\/\/www.africa-press.net\/congo-brazzaville\/politique\/education-816-eleves-presentent-des-problemes-oculaires#primaryimage\"},\"thumbnailUrl\":\"https:\/\/static.africa-press.net\/congo-brazzaville\/sites\/51\/2023\/01\/postQueueImg_1673273055.46.jpg\",\"keywords\":[\"Africa Press\",\"Africa Press-Congo Brazzaville\",\"Congo Brazzaville\"],\"articleSection\":[\"Communaut\u00e9\",\"Toutes les actualit\u00e9s\"],\"inLanguage\":\"fr-FR\",\"potentialAction\":[{\"@type\":\"CommentAction\",\"name\":\"Comment\",\"target\":[\"https:\/\/www.africa-press.net\/congo-brazzaville\/politique\/education-816-eleves-presentent-des-problemes-oculaires#respond\"]}]},{\"@type\":\"WebPage\",\"@id\":\"https:\/\/www.africa-press.net\/congo-brazzaville\/politique\/education-816-eleves-presentent-des-problemes-oculaires\",\"url\":\"https:\/\/www.africa-press.net\/congo-brazzaville\/politique\/education-816-eleves-presentent-des-problemes-oculaires\",\"name\":\"Education: 816 \u00e9l\u00e8ves pr\u00e9sentent des probl\u00e8mes oculaires - Congo Brazzaville\",\"isPartOf\":{\"@id\":\"https:\/\/www.africa-press.net\/congo-brazzaville\/#website\"},\"primaryImageOfPage\":{\"@id\":\"https:\/\/www.africa-press.net\/congo-brazzaville\/politique\/education-816-eleves-presentent-des-problemes-oculaires#primaryimage\"},\"image\":{\"@id\":\"https:\/\/www.africa-press.net\/congo-brazzaville\/politique\/education-816-eleves-presentent-des-problemes-oculaires#primaryimage\"},\"thumbnailUrl\":\"https:\/\/static.africa-press.net\/congo-brazzaville\/sites\/51\/2023\/01\/postQueueImg_1673273055.46.jpg\",\"datePublished\":\"2023-01-09T17:34:12+00:00\",\"author\":{\"@id\":\"https:\/\/www.africa-press.net\/congo-brazzaville\/#\/schema\/person\/2b1cf3cd81a31e3cd26889ca66d677f1\"},\"breadcrumb\":{\"@id\":\"https:\/\/www.africa-press.net\/congo-brazzaville\/politique\/education-816-eleves-presentent-des-problemes-oculaires#breadcrumb\"},\"inLanguage\":\"fr-FR\",\"potentialAction\":[{\"@type\":\"ReadAction\",\"target\":[\"https:\/\/www.africa-press.net\/congo-brazzaville\/politique\/education-816-eleves-presentent-des-problemes-oculaires\"]}]},{\"@type\":\"ImageObject\",\"inLanguage\":\"fr-FR\",\"@id\":\"https:\/\/www.africa-press.net\/congo-brazzaville\/politique\/education-816-eleves-presentent-des-problemes-oculaires#primaryimage\",\"url\":\"https:\/\/static.africa-press.net\/congo-brazzaville\/sites\/51\/2023\/01\/postQueueImg_1673273055.46.jpg\",\"contentUrl\":\"https:\/\/static.africa-press.net\/congo-brazzaville\/sites\/51\/2023\/01\/postQueueImg_1673273055.46.jpg\",\"width\":1080,\"height\":602,\"caption\":\"Education: 816 \u00e9l\u00e8ves pr\u00e9sentent des probl\u00e8mes oculaires\"},{\"@type\":\"BreadcrumbList\",\"@id\":\"https:\/\/www.africa-press.net\/congo-brazzaville\/politique\/education-816-eleves-presentent-des-problemes-oculaires#breadcrumb\",\"itemListElement\":[{\"@type\":\"ListItem\",\"position\":1,\"name\":\"Accueil\",\"item\":\"https:\/\/www.africa-press.net\/congo-brazzaville\/\"},{\"@type\":\"ListItem\",\"position\":2,\"name\":\"Education: 816 \u00e9l\u00e8ves pr\u00e9sentent des probl\u00e8mes oculaires\"}]},{\"@type\":\"WebSite\",\"@id\":\"https:\/\/www.africa-press.net\/congo-brazzaville\/#website\",\"url\":\"https:\/\/www.africa-press.net\/congo-brazzaville\/\",\"name\":\"Congo Brazzaville\",\"description\":\"Just another Africa News Agency Sites site\",\"potentialAction\":[{\"@type\":\"SearchAction\",\"target\":{\"@type\":\"EntryPoint\",\"urlTemplate\":\"https:\/\/www.africa-press.net\/congo-brazzaville\/?s={search_term_string}\"},\"query-input\":{\"@type\":\"PropertyValueSpecification\",\"valueRequired\":true,\"valueName\":\"search_term_string\"}}],\"inLanguage\":\"fr-FR\"},{\"@type\":\"Person\",\"@id\":\"https:\/\/www.africa-press.net\/congo-brazzaville\/#\/schema\/person\/2b1cf3cd81a31e3cd26889ca66d677f1\",\"name\":\"cfeditorfr\"}]}<\/script>\n<!-- \/ Yoast SEO Premium plugin. -->","yoast_head_json":{"title":"Education: 816 \u00e9l\u00e8ves pr\u00e9sentent des probl\u00e8mes oculaires - Congo Brazzaville","robots":{"index":"index","follow":"follow","max-snippet":"max-snippet:-1","max-image-preview":"max-image-preview:large","max-video-preview":"max-video-preview:-1"},"canonical":"https:\/\/www.africa-press.net\/congo-brazzaville\/politique\/education-816-eleves-presentent-des-problemes-oculaires","og_locale":"fr_FR","og_type":"article","og_title":"Education: 816 \u00e9l\u00e8ves pr\u00e9sentent des probl\u00e8mes oculaires","og_description":"Africa-Press &#8211; Congo Brazzaville. Dans un rapport pre\u0301sente\u0301 le 7 de\u0301cembre a\u0300 Brazzaville par l\u2019association de\u0301nomme\u0301e \u00ab Viens et vois \u00bb que dirige Emerson Massa, des apprenants des e\u0301tablissements scolaires publics et conventionne\u0301s du sous-secteur de l\u2019enseignement e\u0301prouvent des difficulte\u0301s de lecture pendant des cours dans les salles de classe. Au total, 816 apprenants ont [&hellip;]","og_url":"https:\/\/www.africa-press.net\/congo-brazzaville\/politique\/education-816-eleves-presentent-des-problemes-oculaires","og_site_name":"Congo Brazzaville","article_published_time":"2023-01-09T17:34:12+00:00","author":"cfeditorfr","twitter_card":"summary_large_image","twitter_misc":{"\u00c9crit par":"cfeditorfr","Dur\u00e9e de lecture estim\u00e9e":"3 minutes"},"schema":{"@context":"https:\/\/schema.org","@graph":[{"@type":"Article","@id":"https:\/\/www.africa-press.net\/congo-brazzaville\/politique\/education-816-eleves-presentent-des-problemes-oculaires#article","isPartOf":{"@id":"https:\/\/www.africa-press.net\/congo-brazzaville\/politique\/education-816-eleves-presentent-des-problemes-oculaires"},"author":{"name":"cfeditorfr","@id":"https:\/\/www.africa-press.net\/congo-brazzaville\/#\/schema\/person\/2b1cf3cd81a31e3cd26889ca66d677f1"},"headline":"Education: 816 \u00e9l\u00e8ves pr\u00e9sentent des probl\u00e8mes oculaires","datePublished":"2023-01-09T17:34:12+00:00","mainEntityOfPage":{"@id":"https:\/\/www.africa-press.net\/congo-brazzaville\/politique\/education-816-eleves-presentent-des-problemes-oculaires"},"wordCount":673,"commentCount":0,"image":{"@id":"https:\/\/www.africa-press.net\/congo-brazzaville\/politique\/education-816-eleves-presentent-des-problemes-oculaires#primaryimage"},"thumbnailUrl":"https:\/\/static.africa-press.net\/congo-brazzaville\/sites\/51\/2023\/01\/postQueueImg_1673273055.46.jpg","keywords":["Africa Press","Africa Press-Congo Brazzaville","Congo Brazzaville"],"articleSection":["Communaut\u00e9","Toutes les actualit\u00e9s"],"inLanguage":"fr-FR","potentialAction":[{"@type":"CommentAction","name":"Comment","target":["https:\/\/www.africa-press.net\/congo-brazzaville\/politique\/education-816-eleves-presentent-des-problemes-oculaires#respond"]}]},{"@type":"WebPage","@id":"https:\/\/www.africa-press.net\/congo-brazzaville\/politique\/education-816-eleves-presentent-des-problemes-oculaires","url":"https:\/\/www.africa-press.net\/congo-brazzaville\/politique\/education-816-eleves-presentent-des-problemes-oculaires","name":"Education: 816 \u00e9l\u00e8ves pr\u00e9sentent des probl\u00e8mes oculaires - Congo Brazzaville","isPartOf":{"@id":"https:\/\/www.africa-press.net\/congo-brazzaville\/#website"},"primaryImageOfPage":{"@id":"https:\/\/www.africa-press.net\/congo-brazzaville\/politique\/education-816-eleves-presentent-des-problemes-oculaires#primaryimage"},"image":{"@id":"https:\/\/www.africa-press.net\/congo-brazzaville\/politique\/education-816-eleves-presentent-des-problemes-oculaires#primaryimage"},"thumbnailUrl":"https:\/\/static.africa-press.net\/congo-brazzaville\/sites\/51\/2023\/01\/postQueueImg_1673273055.46.jpg","datePublished":"2023-01-09T17:34:12+00:00","author":{"@id":"https:\/\/www.africa-press.net\/congo-brazzaville\/#\/schema\/person\/2b1cf3cd81a31e3cd26889ca66d677f1"},"breadcrumb":{"@id":"https:\/\/www.africa-press.net\/congo-brazzaville\/politique\/education-816-eleves-presentent-des-problemes-oculaires#breadcrumb"},"inLanguage":"fr-FR","potentialAction":[{"@type":"ReadAction","target":["https:\/\/www.africa-press.net\/congo-brazzaville\/politique\/education-816-eleves-presentent-des-problemes-oculaires"]}]},{"@type":"ImageObject","inLanguage":"fr-FR","@id":"https:\/\/www.africa-press.net\/congo-brazzaville\/politique\/education-816-eleves-presentent-des-problemes-oculaires#primaryimage","url":"https:\/\/static.africa-press.net\/congo-brazzaville\/sites\/51\/2023\/01\/postQueueImg_1673273055.46.jpg","contentUrl":"https:\/\/static.africa-press.net\/congo-brazzaville\/sites\/51\/2023\/01\/postQueueImg_1673273055.46.jpg","width":1080,"height":602,"caption":"Education: 816 \u00e9l\u00e8ves pr\u00e9sentent des probl\u00e8mes oculaires"},{"@type":"BreadcrumbList","@id":"https:\/\/www.africa-press.net\/congo-brazzaville\/politique\/education-816-eleves-presentent-des-problemes-oculaires#breadcrumb","itemListElement":[{"@type":"ListItem","position":1,"name":"Accueil","item":"https:\/\/www.africa-press.net\/congo-brazzaville\/"},{"@type":"ListItem","position":2,"name":"Education: 816 \u00e9l\u00e8ves pr\u00e9sentent des probl\u00e8mes oculaires"}]},{"@type":"WebSite","@id":"https:\/\/www.africa-press.net\/congo-brazzaville\/#website","url":"https:\/\/www.africa-press.net\/congo-brazzaville\/","name":"Congo Brazzaville","description":"Just another Africa News Agency Sites site","potentialAction":[{"@type":"SearchAction","target":{"@type":"EntryPoint","urlTemplate":"https:\/\/www.africa-press.net\/congo-brazzaville\/?s={search_term_string}"},"query-input":{"@type":"PropertyValueSpecification","valueRequired":true,"valueName":"search_term_string"}}],"inLanguage":"fr-FR"},{"@type":"Person","@id":"https:\/\/www.africa-press.net\/congo-brazzaville\/#\/schema\/person\/2b1cf3cd81a31e3cd26889ca66d677f1","name":"cfeditorfr"}]}},"_links":{"self":[{"href":"https:\/\/www.africa-press.net\/congo-brazzaville\/wp-json\/wp\/v2\/posts\/13181","targetHints":{"allow":["GET"]}}],"collection":[{"href":"https:\/\/www.africa-press.net\/congo-brazzaville\/wp-json\/wp\/v2\/posts"}],"about":[{"href":"https:\/\/www.africa-press.net\/congo-brazzaville\/wp-json\/wp\/v2\/types\/post"}],"author":[{"embeddable":true,"href":"https:\/\/www.africa-press.net\/congo-brazzaville\/wp-json\/wp\/v2\/users\/82"}],"replies":[{"embeddable":true,"href":"https:\/\/www.africa-press.net\/congo-brazzaville\/wp-json\/wp\/v2\/comments?post=13181"}],"version-history":[{"count":0,"href":"https:\/\/www.africa-press.net\/congo-brazzaville\/wp-json\/wp\/v2\/posts\/13181\/revisions"}],"wp:featuredmedia":[{"embeddable":true,"href":"https:\/\/www.africa-press.net\/congo-brazzaville\/wp-json\/wp\/v2\/media\/13180"}],"wp:attachment":[{"href":"https:\/\/www.africa-press.net\/congo-brazzaville\/wp-json\/wp\/v2\/media?parent=13181"}],"wp:term":[{"taxonomy":"category","embeddable":true,"href":"https:\/\/www.africa-press.net\/congo-brazzaville\/wp-json\/wp\/v2\/categories?post=13181"},{"taxonomy":"post_tag","embeddable":true,"href":"https:\/\/www.africa-press.net\/congo-brazzaville\/wp-json\/wp\/v2\/tags?post=13181"}],"curies":[{"name":"wp","href":"https:\/\/api.w.org\/{rel}","templated":true}]}}