{"id":13186,"date":"2023-01-09T17:33:37","date_gmt":"2023-01-09T17:33:37","guid":{"rendered":"https:\/\/www.africa-press.net\/congo-brazzaville\/politique\/developpement-agricole-la-nouvelle-strategie-nationale-axee-sur-lentrepreneuriat-local"},"modified":"2023-01-09T17:33:37","modified_gmt":"2023-01-09T17:33:37","slug":"developpement-agricole-la-nouvelle-strategie-nationale-axee-sur-lentrepreneuriat-local","status":"publish","type":"post","link":"https:\/\/www.africa-press.net\/congo-brazzaville\/economie\/developpement-agricole-la-nouvelle-strategie-nationale-axee-sur-lentrepreneuriat-local","title":{"rendered":"D\u00e9veloppement agricole\u00a0: la nouvelle strat\u00e9gie nationale ax\u00e9e sur l\u2019entrepreneuriat local"},"content":{"rendered":"<p><span style=\"color: #ff6600\"><strong>Africa-Press &#8211; Congo Brazzaville. <\/strong><\/span><b>L\u2019e\u0301dition 2023 du Forum sur le de\u0301veloppement agricole a re\u0301uni, le 8 janvier a\u0300 Brazzaville, les chefs de secteur, les directeurs de\u0301partementaux et responsables de projets agricoles. Une occasion pour le ministre de tutelle, Paul Valentin Ngobo, de re\u0301ite\u0301rer le soutien du gouvernement au monde rural a\u0300 travers les Zones agricoles prote\u0301ge\u0301es (ZAP). <\/b><\/p>\n<p>La nouvelle strate\u0301gie nationale du secteur productif est adosse\u0301e au Plan national de de\u0301veloppement 2022-2026, dont l\u2019agriculture constitue le premier des six piliers. Elle cible principalement les groupements ou coope\u0301ratives autonomes, les jeunes entrepreneurs agricoles, les petites et moyennes entreprises e\u0301voluant dans l\u2019agrobusiness ainsi que les grandes fermes et marai\u0302chers.<\/p>\n<p>Le but du nouveau programme, a\u0300 en croire les autorite\u0301s, est de booster la production nationale en vue de satisfaire la demande locale en produits de volaille, d\u2019espe\u0300ces animales et halieutiques de grande consommation. La strate\u0301gie sectorielle vise e\u0301galement a\u0300 augmenter la production des cultures vivrie\u0300res et fruitie\u0300res et celle des intrants et aliments de be\u0301tail, y compris a\u0300 ame\u0301liorer les conditions de travail des producteurs et a\u0300 renforcer les capacite\u0301s du personnel public.<\/p>\n<p>Au total, deux cents cadres et agents publics ont pris part a\u0300 ces assises de\u0301die\u0301es a\u0300 l\u2019essor du monde rural. Il s\u2019agit, selon le pre\u0301sident du comite\u0301 d\u2019organisation du forum agricole, Pascal Robin Ongoka, des quatre-vingt-douze chefs de secteurs agricoles, trente-cinq directeurs de\u0301partementaux, de tous les directeurs ge\u0301ne\u0301raux et chefs de projets, plusieurs agents de terrain. \u00ab En e\u0301changeant avec l\u2019ensemble de ses cadres, le ministre a voulu recueillir leurs contributions sur la nouvelle strate\u0301gie sectorielle \u00bb, a indique\u0301 Pascal Robin Ongoka.<\/p>\n<p>Dix-huit ZAP ont de\u0301ja\u0300 e\u0301te\u0301 de\u0301ploye\u0301es et la campagne devra se poursuivre sur l\u2019ensemble du pays. Pour le ministre Paul Valentin Ngobo, le de\u0301veloppement des ZAP est la re\u0301ponse la plus efficace face a\u0300 la crise alimentaire et le moyen d\u2019accroi\u0302tre la production nationale. Dans le cadre de cette politique, le gouvernement a du\u0302 ame\u0301nager des hectares de terre, re\u0301unir les paysans en groupements et leur remettre du mate\u0301riel agricole.<\/p>\n<p>\u00ab La promotion de l&rsquo;entrepreneuriat agricole par l&rsquo;agglome\u0301ration des acteurs \u00bb est le the\u0300me du forum de cette anne\u0301e. \u00ab L&rsquo;agriculture sera encore importante durant plusieurs de\u0301cennies pour la simple raison qu&rsquo;il s&rsquo;agit de notre ventre qui ne saurait e\u0302tre longtemps contro\u0302le\u0301 par les autres (&#8230;) Ce the\u0300me nous rappelle la persistance de la question de la se\u0301curite\u0301 alimentaire au Congo, malgre\u0301 nos efforts visant a\u0300 la renforcer et surtout le fait que l&rsquo;agriculture reste une activite\u0301 commerciale \u00bb, a estime\u0301 Paul Valentin Ngobo.<\/p>\n<p>Notons que la Banque mondiale est l\u2019un des principaux partenaires du Congo en matie\u0300re agricole, notamment du Projet d&rsquo;appui au de\u0301veloppement de l&rsquo;agriculture commerciale.<\/p>\n<p><strong>Pour plus d&rsquo;informations et d&rsquo;analyses sur la <a href=\"https:\/\/www.africa-press.net\/congo-brazzaville\">Congo Brazzaville<\/a>, suivez <a href=\"https:\/\/www.africa-press.net\/\">Africa-Press<\/a><\/strong><\/p>\n","protected":false},"excerpt":{"rendered":"<p>Africa-Press &#8211; Congo Brazzaville. L\u2019e\u0301dition 2023 du Forum sur le de\u0301veloppement agricole a re\u0301uni, le 8 janvier a\u0300 Brazzaville, les chefs de secteur, les directeurs de\u0301partementaux et responsables de projets agricoles. Une occasion pour le ministre de tutelle, Paul Valentin Ngobo, de re\u0301ite\u0301rer le soutien du gouvernement au monde rural a\u0300 travers les Zones agricoles [&hellip;]<\/p>\n","protected":false},"author":82,"featured_media":13185,"comment_status":"open","ping_status":"closed","sticky":false,"template":"","format":"standard","meta":{"footnotes":""},"categories":[3,10],"tags":[36,47,46],"class_list":["post-13186","post","type-post","status-publish","format-standard","has-post-thumbnail","hentry","category-economie","category-toutes-les-actualites","tag-africa-press","tag-africa-press-congo-brazzaville","tag-congo-brazzaville"],"yoast_head":"<!-- This site is optimized with the Yoast SEO Premium plugin v26.1 (Yoast SEO v27.0) - https:\/\/yoast.com\/product\/yoast-seo-premium-wordpress\/ -->\n<title>D\u00e9veloppement agricole\u00a0: la nouvelle strat\u00e9gie nationale ax\u00e9e sur l\u2019entrepreneuriat local - Congo Brazzaville<\/title>\n<meta name=\"robots\" content=\"index, follow, max-snippet:-1, max-image-preview:large, max-video-preview:-1\" \/>\n<link rel=\"canonical\" href=\"https:\/\/www.africa-press.net\/congo-brazzaville\/politique\/developpement-agricole-la-nouvelle-strategie-nationale-axee-sur-lentrepreneuriat-local\" \/>\n<meta property=\"og:locale\" content=\"fr_FR\" \/>\n<meta property=\"og:type\" content=\"article\" \/>\n<meta property=\"og:title\" content=\"D\u00e9veloppement agricole\u00a0: la nouvelle strat\u00e9gie nationale ax\u00e9e sur l\u2019entrepreneuriat local\" \/>\n<meta property=\"og:description\" content=\"Africa-Press &#8211; Congo Brazzaville. L\u2019e\u0301dition 2023 du Forum sur le de\u0301veloppement agricole a re\u0301uni, le 8 janvier a\u0300 Brazzaville, les chefs de secteur, les directeurs de\u0301partementaux et responsables de projets agricoles. Une occasion pour le ministre de tutelle, Paul Valentin Ngobo, de re\u0301ite\u0301rer le soutien du gouvernement au monde rural a\u0300 travers les Zones agricoles [&hellip;]\" \/>\n<meta property=\"og:url\" content=\"https:\/\/www.africa-press.net\/congo-brazzaville\/politique\/developpement-agricole-la-nouvelle-strategie-nationale-axee-sur-lentrepreneuriat-local\" \/>\n<meta property=\"og:site_name\" content=\"Congo Brazzaville\" \/>\n<meta property=\"article:published_time\" content=\"2023-01-09T17:33:37+00:00\" \/>\n<meta name=\"author\" content=\"cfeditorfr\" \/>\n<meta name=\"twitter:card\" content=\"summary_large_image\" \/>\n<meta name=\"twitter:label1\" content=\"\u00c9crit par\" \/>\n\t<meta name=\"twitter:data1\" content=\"cfeditorfr\" \/>\n\t<meta name=\"twitter:label2\" content=\"Dur\u00e9e de lecture estim\u00e9e\" \/>\n\t<meta name=\"twitter:data2\" content=\"3 minutes\" \/>\n<script type=\"application\/ld+json\" class=\"yoast-schema-graph\">{\"@context\":\"https:\/\/schema.org\",\"@graph\":[{\"@type\":\"Article\",\"@id\":\"https:\/\/www.africa-press.net\/congo-brazzaville\/politique\/developpement-agricole-la-nouvelle-strategie-nationale-axee-sur-lentrepreneuriat-local#article\",\"isPartOf\":{\"@id\":\"https:\/\/www.africa-press.net\/congo-brazzaville\/politique\/developpement-agricole-la-nouvelle-strategie-nationale-axee-sur-lentrepreneuriat-local\"},\"author\":{\"name\":\"cfeditorfr\",\"@id\":\"https:\/\/www.africa-press.net\/congo-brazzaville\/#\/schema\/person\/2b1cf3cd81a31e3cd26889ca66d677f1\"},\"headline\":\"D\u00e9veloppement agricole\u00a0: la nouvelle strat\u00e9gie nationale ax\u00e9e sur l\u2019entrepreneuriat local\",\"datePublished\":\"2023-01-09T17:33:37+00:00\",\"mainEntityOfPage\":{\"@id\":\"https:\/\/www.africa-press.net\/congo-brazzaville\/politique\/developpement-agricole-la-nouvelle-strategie-nationale-axee-sur-lentrepreneuriat-local\"},\"wordCount\":529,\"commentCount\":0,\"image\":{\"@id\":\"https:\/\/www.africa-press.net\/congo-brazzaville\/politique\/developpement-agricole-la-nouvelle-strategie-nationale-axee-sur-lentrepreneuriat-local#primaryimage\"},\"thumbnailUrl\":\"https:\/\/static.africa-press.net\/congo-brazzaville\/sites\/51\/2023\/01\/postQueueImg_1673278296.57.jpg\",\"keywords\":[\"Africa Press\",\"Africa Press-Congo Brazzaville\",\"Congo Brazzaville\"],\"articleSection\":[\"\u00c9conomie\",\"Toutes les actualit\u00e9s\"],\"inLanguage\":\"fr-FR\",\"potentialAction\":[{\"@type\":\"CommentAction\",\"name\":\"Comment\",\"target\":[\"https:\/\/www.africa-press.net\/congo-brazzaville\/politique\/developpement-agricole-la-nouvelle-strategie-nationale-axee-sur-lentrepreneuriat-local#respond\"]}]},{\"@type\":\"WebPage\",\"@id\":\"https:\/\/www.africa-press.net\/congo-brazzaville\/politique\/developpement-agricole-la-nouvelle-strategie-nationale-axee-sur-lentrepreneuriat-local\",\"url\":\"https:\/\/www.africa-press.net\/congo-brazzaville\/politique\/developpement-agricole-la-nouvelle-strategie-nationale-axee-sur-lentrepreneuriat-local\",\"name\":\"D\u00e9veloppement agricole\u00a0: la nouvelle strat\u00e9gie nationale ax\u00e9e sur l\u2019entrepreneuriat local - Congo Brazzaville\",\"isPartOf\":{\"@id\":\"https:\/\/www.africa-press.net\/congo-brazzaville\/#website\"},\"primaryImageOfPage\":{\"@id\":\"https:\/\/www.africa-press.net\/congo-brazzaville\/politique\/developpement-agricole-la-nouvelle-strategie-nationale-axee-sur-lentrepreneuriat-local#primaryimage\"},\"image\":{\"@id\":\"https:\/\/www.africa-press.net\/congo-brazzaville\/politique\/developpement-agricole-la-nouvelle-strategie-nationale-axee-sur-lentrepreneuriat-local#primaryimage\"},\"thumbnailUrl\":\"https:\/\/static.africa-press.net\/congo-brazzaville\/sites\/51\/2023\/01\/postQueueImg_1673278296.57.jpg\",\"datePublished\":\"2023-01-09T17:33:37+00:00\",\"author\":{\"@id\":\"https:\/\/www.africa-press.net\/congo-brazzaville\/#\/schema\/person\/2b1cf3cd81a31e3cd26889ca66d677f1\"},\"breadcrumb\":{\"@id\":\"https:\/\/www.africa-press.net\/congo-brazzaville\/politique\/developpement-agricole-la-nouvelle-strategie-nationale-axee-sur-lentrepreneuriat-local#breadcrumb\"},\"inLanguage\":\"fr-FR\",\"potentialAction\":[{\"@type\":\"ReadAction\",\"target\":[\"https:\/\/www.africa-press.net\/congo-brazzaville\/politique\/developpement-agricole-la-nouvelle-strategie-nationale-axee-sur-lentrepreneuriat-local\"]}]},{\"@type\":\"ImageObject\",\"inLanguage\":\"fr-FR\",\"@id\":\"https:\/\/www.africa-press.net\/congo-brazzaville\/politique\/developpement-agricole-la-nouvelle-strategie-nationale-axee-sur-lentrepreneuriat-local#primaryimage\",\"url\":\"https:\/\/static.africa-press.net\/congo-brazzaville\/sites\/51\/2023\/01\/postQueueImg_1673278296.57.jpg\",\"contentUrl\":\"https:\/\/static.africa-press.net\/congo-brazzaville\/sites\/51\/2023\/01\/postQueueImg_1673278296.57.jpg\",\"width\":1707,\"height\":768,\"caption\":\"D\u00e9veloppement agricole\u00a0: la nouvelle strat\u00e9gie nationale ax\u00e9e sur l\u2019entrepreneuriat local\"},{\"@type\":\"BreadcrumbList\",\"@id\":\"https:\/\/www.africa-press.net\/congo-brazzaville\/politique\/developpement-agricole-la-nouvelle-strategie-nationale-axee-sur-lentrepreneuriat-local#breadcrumb\",\"itemListElement\":[{\"@type\":\"ListItem\",\"position\":1,\"name\":\"Accueil\",\"item\":\"https:\/\/www.africa-press.net\/congo-brazzaville\/\"},{\"@type\":\"ListItem\",\"position\":2,\"name\":\"D\u00e9veloppement agricole\u00a0: la nouvelle strat\u00e9gie nationale ax\u00e9e sur l\u2019entrepreneuriat local\"}]},{\"@type\":\"WebSite\",\"@id\":\"https:\/\/www.africa-press.net\/congo-brazzaville\/#website\",\"url\":\"https:\/\/www.africa-press.net\/congo-brazzaville\/\",\"name\":\"Congo Brazzaville\",\"description\":\"Just another Africa News Agency Sites site\",\"potentialAction\":[{\"@type\":\"SearchAction\",\"target\":{\"@type\":\"EntryPoint\",\"urlTemplate\":\"https:\/\/www.africa-press.net\/congo-brazzaville\/?s={search_term_string}\"},\"query-input\":{\"@type\":\"PropertyValueSpecification\",\"valueRequired\":true,\"valueName\":\"search_term_string\"}}],\"inLanguage\":\"fr-FR\"},{\"@type\":\"Person\",\"@id\":\"https:\/\/www.africa-press.net\/congo-brazzaville\/#\/schema\/person\/2b1cf3cd81a31e3cd26889ca66d677f1\",\"name\":\"cfeditorfr\"}]}<\/script>\n<!-- \/ Yoast SEO Premium plugin. -->","yoast_head_json":{"title":"D\u00e9veloppement agricole\u00a0: la nouvelle strat\u00e9gie nationale ax\u00e9e sur l\u2019entrepreneuriat local - Congo Brazzaville","robots":{"index":"index","follow":"follow","max-snippet":"max-snippet:-1","max-image-preview":"max-image-preview:large","max-video-preview":"max-video-preview:-1"},"canonical":"https:\/\/www.africa-press.net\/congo-brazzaville\/politique\/developpement-agricole-la-nouvelle-strategie-nationale-axee-sur-lentrepreneuriat-local","og_locale":"fr_FR","og_type":"article","og_title":"D\u00e9veloppement agricole\u00a0: la nouvelle strat\u00e9gie nationale ax\u00e9e sur l\u2019entrepreneuriat local","og_description":"Africa-Press &#8211; Congo Brazzaville. L\u2019e\u0301dition 2023 du Forum sur le de\u0301veloppement agricole a re\u0301uni, le 8 janvier a\u0300 Brazzaville, les chefs de secteur, les directeurs de\u0301partementaux et responsables de projets agricoles. Une occasion pour le ministre de tutelle, Paul Valentin Ngobo, de re\u0301ite\u0301rer le soutien du gouvernement au monde rural a\u0300 travers les Zones agricoles [&hellip;]","og_url":"https:\/\/www.africa-press.net\/congo-brazzaville\/politique\/developpement-agricole-la-nouvelle-strategie-nationale-axee-sur-lentrepreneuriat-local","og_site_name":"Congo Brazzaville","article_published_time":"2023-01-09T17:33:37+00:00","author":"cfeditorfr","twitter_card":"summary_large_image","twitter_misc":{"\u00c9crit par":"cfeditorfr","Dur\u00e9e de lecture estim\u00e9e":"3 minutes"},"schema":{"@context":"https:\/\/schema.org","@graph":[{"@type":"Article","@id":"https:\/\/www.africa-press.net\/congo-brazzaville\/politique\/developpement-agricole-la-nouvelle-strategie-nationale-axee-sur-lentrepreneuriat-local#article","isPartOf":{"@id":"https:\/\/www.africa-press.net\/congo-brazzaville\/politique\/developpement-agricole-la-nouvelle-strategie-nationale-axee-sur-lentrepreneuriat-local"},"author":{"name":"cfeditorfr","@id":"https:\/\/www.africa-press.net\/congo-brazzaville\/#\/schema\/person\/2b1cf3cd81a31e3cd26889ca66d677f1"},"headline":"D\u00e9veloppement agricole\u00a0: la nouvelle strat\u00e9gie nationale ax\u00e9e sur l\u2019entrepreneuriat local","datePublished":"2023-01-09T17:33:37+00:00","mainEntityOfPage":{"@id":"https:\/\/www.africa-press.net\/congo-brazzaville\/politique\/developpement-agricole-la-nouvelle-strategie-nationale-axee-sur-lentrepreneuriat-local"},"wordCount":529,"commentCount":0,"image":{"@id":"https:\/\/www.africa-press.net\/congo-brazzaville\/politique\/developpement-agricole-la-nouvelle-strategie-nationale-axee-sur-lentrepreneuriat-local#primaryimage"},"thumbnailUrl":"https:\/\/static.africa-press.net\/congo-brazzaville\/sites\/51\/2023\/01\/postQueueImg_1673278296.57.jpg","keywords":["Africa Press","Africa Press-Congo Brazzaville","Congo Brazzaville"],"articleSection":["\u00c9conomie","Toutes les actualit\u00e9s"],"inLanguage":"fr-FR","potentialAction":[{"@type":"CommentAction","name":"Comment","target":["https:\/\/www.africa-press.net\/congo-brazzaville\/politique\/developpement-agricole-la-nouvelle-strategie-nationale-axee-sur-lentrepreneuriat-local#respond"]}]},{"@type":"WebPage","@id":"https:\/\/www.africa-press.net\/congo-brazzaville\/politique\/developpement-agricole-la-nouvelle-strategie-nationale-axee-sur-lentrepreneuriat-local","url":"https:\/\/www.africa-press.net\/congo-brazzaville\/politique\/developpement-agricole-la-nouvelle-strategie-nationale-axee-sur-lentrepreneuriat-local","name":"D\u00e9veloppement agricole\u00a0: la nouvelle strat\u00e9gie nationale ax\u00e9e sur l\u2019entrepreneuriat local - Congo Brazzaville","isPartOf":{"@id":"https:\/\/www.africa-press.net\/congo-brazzaville\/#website"},"primaryImageOfPage":{"@id":"https:\/\/www.africa-press.net\/congo-brazzaville\/politique\/developpement-agricole-la-nouvelle-strategie-nationale-axee-sur-lentrepreneuriat-local#primaryimage"},"image":{"@id":"https:\/\/www.africa-press.net\/congo-brazzaville\/politique\/developpement-agricole-la-nouvelle-strategie-nationale-axee-sur-lentrepreneuriat-local#primaryimage"},"thumbnailUrl":"https:\/\/static.africa-press.net\/congo-brazzaville\/sites\/51\/2023\/01\/postQueueImg_1673278296.57.jpg","datePublished":"2023-01-09T17:33:37+00:00","author":{"@id":"https:\/\/www.africa-press.net\/congo-brazzaville\/#\/schema\/person\/2b1cf3cd81a31e3cd26889ca66d677f1"},"breadcrumb":{"@id":"https:\/\/www.africa-press.net\/congo-brazzaville\/politique\/developpement-agricole-la-nouvelle-strategie-nationale-axee-sur-lentrepreneuriat-local#breadcrumb"},"inLanguage":"fr-FR","potentialAction":[{"@type":"ReadAction","target":["https:\/\/www.africa-press.net\/congo-brazzaville\/politique\/developpement-agricole-la-nouvelle-strategie-nationale-axee-sur-lentrepreneuriat-local"]}]},{"@type":"ImageObject","inLanguage":"fr-FR","@id":"https:\/\/www.africa-press.net\/congo-brazzaville\/politique\/developpement-agricole-la-nouvelle-strategie-nationale-axee-sur-lentrepreneuriat-local#primaryimage","url":"https:\/\/static.africa-press.net\/congo-brazzaville\/sites\/51\/2023\/01\/postQueueImg_1673278296.57.jpg","contentUrl":"https:\/\/static.africa-press.net\/congo-brazzaville\/sites\/51\/2023\/01\/postQueueImg_1673278296.57.jpg","width":1707,"height":768,"caption":"D\u00e9veloppement agricole\u00a0: la nouvelle strat\u00e9gie nationale ax\u00e9e sur l\u2019entrepreneuriat local"},{"@type":"BreadcrumbList","@id":"https:\/\/www.africa-press.net\/congo-brazzaville\/politique\/developpement-agricole-la-nouvelle-strategie-nationale-axee-sur-lentrepreneuriat-local#breadcrumb","itemListElement":[{"@type":"ListItem","position":1,"name":"Accueil","item":"https:\/\/www.africa-press.net\/congo-brazzaville\/"},{"@type":"ListItem","position":2,"name":"D\u00e9veloppement agricole\u00a0: la nouvelle strat\u00e9gie nationale ax\u00e9e sur l\u2019entrepreneuriat local"}]},{"@type":"WebSite","@id":"https:\/\/www.africa-press.net\/congo-brazzaville\/#website","url":"https:\/\/www.africa-press.net\/congo-brazzaville\/","name":"Congo Brazzaville","description":"Just another Africa News Agency Sites site","potentialAction":[{"@type":"SearchAction","target":{"@type":"EntryPoint","urlTemplate":"https:\/\/www.africa-press.net\/congo-brazzaville\/?s={search_term_string}"},"query-input":{"@type":"PropertyValueSpecification","valueRequired":true,"valueName":"search_term_string"}}],"inLanguage":"fr-FR"},{"@type":"Person","@id":"https:\/\/www.africa-press.net\/congo-brazzaville\/#\/schema\/person\/2b1cf3cd81a31e3cd26889ca66d677f1","name":"cfeditorfr"}]}},"_links":{"self":[{"href":"https:\/\/www.africa-press.net\/congo-brazzaville\/wp-json\/wp\/v2\/posts\/13186","targetHints":{"allow":["GET"]}}],"collection":[{"href":"https:\/\/www.africa-press.net\/congo-brazzaville\/wp-json\/wp\/v2\/posts"}],"about":[{"href":"https:\/\/www.africa-press.net\/congo-brazzaville\/wp-json\/wp\/v2\/types\/post"}],"author":[{"embeddable":true,"href":"https:\/\/www.africa-press.net\/congo-brazzaville\/wp-json\/wp\/v2\/users\/82"}],"replies":[{"embeddable":true,"href":"https:\/\/www.africa-press.net\/congo-brazzaville\/wp-json\/wp\/v2\/comments?post=13186"}],"version-history":[{"count":0,"href":"https:\/\/www.africa-press.net\/congo-brazzaville\/wp-json\/wp\/v2\/posts\/13186\/revisions"}],"wp:featuredmedia":[{"embeddable":true,"href":"https:\/\/www.africa-press.net\/congo-brazzaville\/wp-json\/wp\/v2\/media\/13185"}],"wp:attachment":[{"href":"https:\/\/www.africa-press.net\/congo-brazzaville\/wp-json\/wp\/v2\/media?parent=13186"}],"wp:term":[{"taxonomy":"category","embeddable":true,"href":"https:\/\/www.africa-press.net\/congo-brazzaville\/wp-json\/wp\/v2\/categories?post=13186"},{"taxonomy":"post_tag","embeddable":true,"href":"https:\/\/www.africa-press.net\/congo-brazzaville\/wp-json\/wp\/v2\/tags?post=13186"}],"curies":[{"name":"wp","href":"https:\/\/api.w.org\/{rel}","templated":true}]}}