{"id":1324,"date":"2021-08-24T20:51:21","date_gmt":"2021-08-24T20:51:21","guid":{"rendered":"https:\/\/www.africa-press.net\/congo-brazzaville\/?p=1324"},"modified":"2021-08-24T20:49:38","modified_gmt":"2021-08-24T20:49:38","slug":"faible-taux-dacces-a-lelectricite-la-population-appelee-a-reclamer-son-droit","status":"publish","type":"post","link":"https:\/\/www.africa-press.net\/congo-brazzaville\/photo\/faible-taux-dacces-a-lelectricite-la-population-appelee-a-reclamer-son-droit","title":{"rendered":"Faible taux d\u2019acc\u00e8s \u00e0 l\u2019\u00e9lectricit\u00e9 : la population appel\u00e9e \u00e0 r\u00e9clamer son droit"},"content":{"rendered":"<p><span style=\"color: #ff6600\"><strong><a href=\"https:\/\/www.africa-press.net\/\">Africa-Press<\/a> &#8211; <a href=\"https:\/\/www.africa-press.net\/congo-brazzaville\">Congo Brazzaville<\/a>. <\/strong><\/span><b>L\u2019action men\u00e9e par la Coalition des organisations de la soci\u00e9t\u00e9 civile pour le suivi des r\u00e9formes et de l\u2019action publique (Corap) va s\u2019\u00e9tendre sur une p\u00e9riode de cinq semaines, \u00e0 travers lesquelles une vid\u00e9o sera lanc\u00e9e en d\u00e9but de chaque semaine et vise \u00e0 mobiliser les acteurs sur la probl\u00e9matique d\u2019acc\u00e8s pour tous \u00e0 l\u2019\u00e9lectricit\u00e9, pour exiger plus d\u2019am\u00e9liorations.<\/b><\/p>\n<p>La Corap a lanc\u00e9, au cours d\u2019une matin\u00e9e organis\u00e9e le 23 ao\u00fbt \u00e0 Kinshasa, la campagne m\u00e9diatique sur l\u2019acc\u00e8s \u00e0 l\u2019\u00e9lectricit\u00e9 dans la ville-province et dans toute la R\u00e9publique d\u00e9mocratique du Congo (RDC) sur le th\u00e8me \u00ab Le courant c\u2019est mon droit \u00bb. Cette action s\u2019appuie sur un plaidoyer de l\u2019acc\u00e8s \u00e0 l\u2019\u00e9nergie en faveur de la population congolaise. Elle vise, selon cette coalition, \u00e0 mobiliser les acteurs sur la probl\u00e9matique d\u2019acc\u00e8s pour tous \u00e0 l\u2019\u00e9lectricit\u00e9, pour exiger plus d\u2019am\u00e9liorations.<\/p>\n<p>Cette campagne, indique cette synergie, va s\u2019\u00e9chelonner sur une p\u00e9riode de cinq semaines, du 23 ao\u00fbt au 20 septembre, \u00e0 travers lesquelles une vid\u00e9o sera lanc\u00e9e en d\u00e9but de chaque semaine. Notant les \u00e9normes potentialit\u00e9s \u00e9nerg\u00e9tiques du pays, la Corap, qui regrette le faible acc\u00e8s de la population \u00e0 cette \u00e9nergie, veut l&rsquo;appeler \u00e0 la r\u00e9clamer et les autorit\u00e9s \u00e0 am\u00e9liorer la desserte.<\/p>\n<p>La premi\u00e8re vid\u00e9o lanc\u00e9e porte sur l\u2019acc\u00e8s \u00e0 l\u2019\u00e9lectricit\u00e9 en R\u00e9publique d\u00e9mocratique du Congo (RDC) et en Afrique. Elle rel\u00e8ve, en effet, qu\u2019en d\u00e9pit de son potentiel \u00e9nerg\u00e9tique, la RDC \u00ab reste leader de l\u2019obscurit\u00e9 \u00bb sur le continent et dans le monde.<\/p>\n<p><b>Plus jamais \u00e7a !<\/b><\/p>\n<p>Pour la Corap, en effet, les choses doivent changer. A en croire l\u2019un de ses dirigeants, Justin Mobomi, l\u2019objectif poursuivi est de r\u00e9veiller le peuple afin qu\u2019il r\u00e9clame \u00e0 cor et \u00e0 cri ce qui lui revient de droit. \u00ab C\u2019est une campagne de sensibilisation et de conscientisation pour que la population congolaise puisse se r\u00e9veiller et r\u00e9clamer \u00e0 temps et \u00e0 contre temps aux dirigeants l\u2019acc\u00e8s \u00e0 l\u2019\u00e9nergie \u00bb, a-t-il expliqu\u00e9. Il est inacceptable, a-t-il ajout\u00e9, qu\u2019on ne fasse rien des potentiels \u00e9normes en hydro\u00e9lectricit\u00e9 de plus de cent dix m\u00e9gawatts que le pays poss\u00e8de et de plus de huit cents sites hydro\u00e9lectriques exploitables.<\/p>\n<p>Justin Mobomi, en outre, a rappel\u00e9 la promesse du chef de l\u2019Etat, F\u00e9lix Tshisekedi, de ramener le taux de desserte en \u00e9lectricit\u00e9 de 9 \u00e0 30% d\u2019ici \u00e0 la fin de son mandat. \u00ab Le peuple devrait se r\u00e9veiller et pousser le gouvernement \u00e0 concr\u00e9tiser cette promesse \u00bb, indique-t-il.<\/p>\n\r\n                <style type=\"text\/css\">\r\n                    \r\n                    #td_uid_1_69f7015fbfb13  .td-doubleSlider-2 .td-item1 {\r\n                        background: url(https:\/\/static.africa-press.net\/centrafricaine\/sites\/51\/2021\/08\/img-61255b3c345cc-80x60.jpg) 0 0 no-repeat;\r\n                    }\r\n                <\/style>\r\n\r\n                <div id=\"td_uid_1_69f7015fbfb13\" class=\"td-gallery td-slide-on-2-columns\">\r\n                    <div class=\"post_td_gallery\">\r\n                        <div class=\"td-gallery-slide-top\">\r\n                           <div class=\"td-gallery-title\"><\/div>\r\n\r\n                            <div class=\"td-gallery-controls-wrapper\">\r\n                                <div class=\"td-gallery-slide-count\"><span class=\"td-gallery-slide-item-focus\">1<\/span> de 2<\/div>\r\n                                <div class=\"td-gallery-slide-prev-next-but\">\r\n                                    <i class = \"td-icon-left doubleSliderPrevButton\"><\/i>\r\n                                    <i class = \"td-icon-right doubleSliderNextButton\"><\/i>\r\n                                <\/div>\r\n                            <\/div>\r\n                        <\/div>\r\n\r\n                        <div class = \"td-doubleSlider-1 \">\r\n                            <div class = \"td-slider\">\r\n                                \r\n                    <div class = \"td-slide-item td-item1\">\r\n                        <figure class=\"td-slide-galery-figure td-slide-popup-gallery\">\r\n                            <a class=\"slide-gallery-image-link\" href=\"https:\/\/static.africa-press.net\/centrafricaine\/sites\/51\/2021\/08\/img-61255b3c345cc.jpg\" title=\"img-61255b3c345cc\"  data-caption=\"\"  data-description=\"\">\r\n                                <img decoding=\"async\" src=\"https:\/\/static.africa-press.net\/centrafricaine\/sites\/51\/2021\/08\/img-61255b3c345cc.jpg\" srcset=\"https:\/\/static.africa-press.net\/congo-brazzaville\/sites\/51\/2021\/08\/img-61255b3c345cc.jpg 1068w, https:\/\/static.africa-press.net\/congo-brazzaville\/sites\/51\/2021\/08\/img-61255b3c345cc-300x169.jpg 300w, https:\/\/static.africa-press.net\/congo-brazzaville\/sites\/51\/2021\/08\/img-61255b3c345cc-1024x576.jpg 1024w, https:\/\/static.africa-press.net\/congo-brazzaville\/sites\/51\/2021\/08\/img-61255b3c345cc-768x432.jpg 768w\" sizes=\"(max-width: 1068px) 100vw, 1068px\" alt=\"\">\r\n                            <\/a>\r\n                            \r\n                        <\/figure>\r\n                    <\/div>\r\n                            <\/div>\r\n                        <\/div>\r\n\r\n                        <div class = \"td-doubleSlider-2\">\r\n                            <div class = \"td-slider\">\r\n                                \r\n                    <div class = \"td-button td-item1\">\r\n                        <div class = \"td-border\"><\/div>\r\n                    <\/div>\r\n                            <\/div>\r\n                        <\/div>\r\n\r\n                    <\/div>\r\n\r\n                <\/div>\r\n                \n","protected":false},"excerpt":{"rendered":"<p>Africa-Press &#8211; Congo Brazzaville. L\u2019action men\u00e9e par la Coalition des organisations de la soci\u00e9t\u00e9 civile pour le suivi des r\u00e9formes et de l\u2019action publique (Corap) va s\u2019\u00e9tendre sur une p\u00e9riode de cinq semaines, \u00e0 travers lesquelles une vid\u00e9o sera lanc\u00e9e en d\u00e9but de chaque semaine et vise \u00e0 mobiliser les acteurs sur la probl\u00e9matique d\u2019acc\u00e8s [&hellip;]<\/p>\n","protected":false},"author":82,"featured_media":1323,"comment_status":"open","ping_status":"closed","sticky":false,"template":"","format":"standard","meta":{"footnotes":""},"categories":[21,11,8,20,10],"tags":[36,47,46],"class_list":["post-1324","post","type-post","status-publish","format-standard","has-post-thumbnail","hentry","category-communaute","category-homepage-french","category-photo","category-top-nouvelles","category-toutes-les-actualites","tag-africa-press","tag-africa-press-congo-brazzaville","tag-congo-brazzaville"],"yoast_head":"<!-- This site is optimized with the Yoast SEO Premium plugin v26.1 (Yoast SEO v27.0) - https:\/\/yoast.com\/product\/yoast-seo-premium-wordpress\/ -->\n<title>Faible taux d\u2019acc\u00e8s \u00e0 l\u2019\u00e9lectricit\u00e9 : la population appel\u00e9e \u00e0 r\u00e9clamer son droit - Congo Brazzaville<\/title>\n<meta name=\"description\" content=\"L\u2019action men\u00e9e par la Coalition des organisations de la soci\u00e9t\u00e9 civile pour le suivi des r\u00e9formes et de l\u2019action publ ...\" \/>\n<meta name=\"robots\" content=\"index, follow, max-snippet:-1, max-image-preview:large, max-video-preview:-1\" \/>\n<link rel=\"canonical\" href=\"https:\/\/www.africa-press.net\/congo-brazzaville\/photo\/faible-taux-dacces-a-lelectricite-la-population-appelee-a-reclamer-son-droit\" \/>\n<meta property=\"og:locale\" content=\"fr_FR\" \/>\n<meta property=\"og:type\" content=\"article\" \/>\n<meta property=\"og:title\" content=\"Faible taux d\u2019acc\u00e8s \u00e0 l\u2019\u00e9lectricit\u00e9 : la population appel\u00e9e \u00e0 r\u00e9clamer son droit\" \/>\n<meta property=\"og:description\" content=\"L\u2019action men\u00e9e par la Coalition des organisations de la soci\u00e9t\u00e9 civile pour le suivi des r\u00e9formes et de l\u2019action publ ...\" \/>\n<meta property=\"og:url\" content=\"https:\/\/www.africa-press.net\/congo-brazzaville\/photo\/faible-taux-dacces-a-lelectricite-la-population-appelee-a-reclamer-son-droit\" \/>\n<meta property=\"og:site_name\" content=\"Congo Brazzaville\" \/>\n<meta property=\"article:published_time\" content=\"2021-08-24T20:51:21+00:00\" \/>\n<meta property=\"og:image\" content=\"https:\/\/static.africa-press.net\/centrafricaine\/sites\/51\/2021\/08\/img-61255b4605977.jpg\" \/>\n\t<meta property=\"og:image:width\" content=\"1068\" \/>\n\t<meta property=\"og:image:height\" content=\"601\" \/>\n\t<meta property=\"og:image:type\" content=\"image\/jpeg\" \/>\n<meta name=\"author\" content=\"cfeditorfr\" \/>\n<meta name=\"twitter:card\" content=\"summary_large_image\" \/>\n<meta name=\"twitter:label1\" content=\"\u00c9crit par\" \/>\n\t<meta name=\"twitter:data1\" content=\"cfeditorfr\" \/>\n\t<meta name=\"twitter:label2\" content=\"Dur\u00e9e de lecture estim\u00e9e\" \/>\n\t<meta name=\"twitter:data2\" content=\"2 minutes\" \/>\n<script type=\"application\/ld+json\" class=\"yoast-schema-graph\">{\"@context\":\"https:\/\/schema.org\",\"@graph\":[{\"@type\":\"Article\",\"@id\":\"https:\/\/www.africa-press.net\/congo-brazzaville\/photo\/faible-taux-dacces-a-lelectricite-la-population-appelee-a-reclamer-son-droit#article\",\"isPartOf\":{\"@id\":\"https:\/\/www.africa-press.net\/congo-brazzaville\/photo\/faible-taux-dacces-a-lelectricite-la-population-appelee-a-reclamer-son-droit\"},\"author\":{\"name\":\"cfeditorfr\",\"@id\":\"https:\/\/www.africa-press.net\/congo-brazzaville\/#\/schema\/person\/2b1cf3cd81a31e3cd26889ca66d677f1\"},\"headline\":\"Faible taux d\u2019acc\u00e8s \u00e0 l\u2019\u00e9lectricit\u00e9 : la population appel\u00e9e \u00e0 r\u00e9clamer son droit\",\"datePublished\":\"2021-08-24T20:51:21+00:00\",\"mainEntityOfPage\":{\"@id\":\"https:\/\/www.africa-press.net\/congo-brazzaville\/photo\/faible-taux-dacces-a-lelectricite-la-population-appelee-a-reclamer-son-droit\"},\"wordCount\":482,\"commentCount\":0,\"image\":{\"@id\":\"https:\/\/www.africa-press.net\/congo-brazzaville\/photo\/faible-taux-dacces-a-lelectricite-la-population-appelee-a-reclamer-son-droit#primaryimage\"},\"thumbnailUrl\":\"https:\/\/static.africa-press.net\/centrafricaine\/sites\/51\/2021\/08\/img-61255b4605977.jpg\",\"keywords\":[\"Africa Press\",\"Africa Press-Congo Brazzaville\",\"Congo Brazzaville\"],\"articleSection\":[\"Communaut\u00e9\",\"homepage-french\",\"Photo\",\"Top Nouvelles\",\"Toutes les actualit\u00e9s\"],\"inLanguage\":\"fr-FR\",\"potentialAction\":[{\"@type\":\"CommentAction\",\"name\":\"Comment\",\"target\":[\"https:\/\/www.africa-press.net\/congo-brazzaville\/photo\/faible-taux-dacces-a-lelectricite-la-population-appelee-a-reclamer-son-droit#respond\"]}]},{\"@type\":\"WebPage\",\"@id\":\"https:\/\/www.africa-press.net\/congo-brazzaville\/photo\/faible-taux-dacces-a-lelectricite-la-population-appelee-a-reclamer-son-droit\",\"url\":\"https:\/\/www.africa-press.net\/congo-brazzaville\/photo\/faible-taux-dacces-a-lelectricite-la-population-appelee-a-reclamer-son-droit\",\"name\":\"Faible taux d\u2019acc\u00e8s \u00e0 l\u2019\u00e9lectricit\u00e9 : la population appel\u00e9e \u00e0 r\u00e9clamer son droit - Congo Brazzaville\",\"isPartOf\":{\"@id\":\"https:\/\/www.africa-press.net\/congo-brazzaville\/#website\"},\"primaryImageOfPage\":{\"@id\":\"https:\/\/www.africa-press.net\/congo-brazzaville\/photo\/faible-taux-dacces-a-lelectricite-la-population-appelee-a-reclamer-son-droit#primaryimage\"},\"image\":{\"@id\":\"https:\/\/www.africa-press.net\/congo-brazzaville\/photo\/faible-taux-dacces-a-lelectricite-la-population-appelee-a-reclamer-son-droit#primaryimage\"},\"thumbnailUrl\":\"https:\/\/static.africa-press.net\/centrafricaine\/sites\/51\/2021\/08\/img-61255b4605977.jpg\",\"datePublished\":\"2021-08-24T20:51:21+00:00\",\"author\":{\"@id\":\"https:\/\/www.africa-press.net\/congo-brazzaville\/#\/schema\/person\/2b1cf3cd81a31e3cd26889ca66d677f1\"},\"description\":\"L\u2019action men\u00e9e par la Coalition des organisations de la soci\u00e9t\u00e9 civile pour le suivi des r\u00e9formes et de l\u2019action publ ...\",\"breadcrumb\":{\"@id\":\"https:\/\/www.africa-press.net\/congo-brazzaville\/photo\/faible-taux-dacces-a-lelectricite-la-population-appelee-a-reclamer-son-droit#breadcrumb\"},\"inLanguage\":\"fr-FR\",\"potentialAction\":[{\"@type\":\"ReadAction\",\"target\":[\"https:\/\/www.africa-press.net\/congo-brazzaville\/photo\/faible-taux-dacces-a-lelectricite-la-population-appelee-a-reclamer-son-droit\"]}]},{\"@type\":\"ImageObject\",\"inLanguage\":\"fr-FR\",\"@id\":\"https:\/\/www.africa-press.net\/congo-brazzaville\/photo\/faible-taux-dacces-a-lelectricite-la-population-appelee-a-reclamer-son-droit#primaryimage\",\"url\":\"https:\/\/static.africa-press.net\/centrafricaine\/sites\/51\/2021\/08\/img-61255b4605977.jpg\",\"contentUrl\":\"https:\/\/static.africa-press.net\/centrafricaine\/sites\/51\/2021\/08\/img-61255b4605977.jpg\",\"width\":1068,\"height\":601,\"caption\":\"Faible taux d\u2019acc\u00e8s \u00e0 l\u2019\u00e9lectricit\u00e9 : la population appel\u00e9e \u00e0 r\u00e9clamer son droit\"},{\"@type\":\"BreadcrumbList\",\"@id\":\"https:\/\/www.africa-press.net\/congo-brazzaville\/photo\/faible-taux-dacces-a-lelectricite-la-population-appelee-a-reclamer-son-droit#breadcrumb\",\"itemListElement\":[{\"@type\":\"ListItem\",\"position\":1,\"name\":\"Accueil\",\"item\":\"https:\/\/www.africa-press.net\/congo-brazzaville\/\"},{\"@type\":\"ListItem\",\"position\":2,\"name\":\"Faible taux d\u2019acc\u00e8s \u00e0 l\u2019\u00e9lectricit\u00e9 : la population appel\u00e9e \u00e0 r\u00e9clamer son droit\"}]},{\"@type\":\"WebSite\",\"@id\":\"https:\/\/www.africa-press.net\/congo-brazzaville\/#website\",\"url\":\"https:\/\/www.africa-press.net\/congo-brazzaville\/\",\"name\":\"Congo Brazzaville\",\"description\":\"Just another Africa News Agency Sites site\",\"potentialAction\":[{\"@type\":\"SearchAction\",\"target\":{\"@type\":\"EntryPoint\",\"urlTemplate\":\"https:\/\/www.africa-press.net\/congo-brazzaville\/?s={search_term_string}\"},\"query-input\":{\"@type\":\"PropertyValueSpecification\",\"valueRequired\":true,\"valueName\":\"search_term_string\"}}],\"inLanguage\":\"fr-FR\"},{\"@type\":\"Person\",\"@id\":\"https:\/\/www.africa-press.net\/congo-brazzaville\/#\/schema\/person\/2b1cf3cd81a31e3cd26889ca66d677f1\",\"name\":\"cfeditorfr\"}]}<\/script>\n<!-- \/ Yoast SEO Premium plugin. -->","yoast_head_json":{"title":"Faible taux d\u2019acc\u00e8s \u00e0 l\u2019\u00e9lectricit\u00e9 : la population appel\u00e9e \u00e0 r\u00e9clamer son droit - Congo Brazzaville","description":"L\u2019action men\u00e9e par la Coalition des organisations de la soci\u00e9t\u00e9 civile pour le suivi des r\u00e9formes et de l\u2019action publ ...","robots":{"index":"index","follow":"follow","max-snippet":"max-snippet:-1","max-image-preview":"max-image-preview:large","max-video-preview":"max-video-preview:-1"},"canonical":"https:\/\/www.africa-press.net\/congo-brazzaville\/photo\/faible-taux-dacces-a-lelectricite-la-population-appelee-a-reclamer-son-droit","og_locale":"fr_FR","og_type":"article","og_title":"Faible taux d\u2019acc\u00e8s \u00e0 l\u2019\u00e9lectricit\u00e9 : la population appel\u00e9e \u00e0 r\u00e9clamer son droit","og_description":"L\u2019action men\u00e9e par la Coalition des organisations de la soci\u00e9t\u00e9 civile pour le suivi des r\u00e9formes et de l\u2019action publ ...","og_url":"https:\/\/www.africa-press.net\/congo-brazzaville\/photo\/faible-taux-dacces-a-lelectricite-la-population-appelee-a-reclamer-son-droit","og_site_name":"Congo Brazzaville","article_published_time":"2021-08-24T20:51:21+00:00","og_image":[{"width":1068,"height":601,"url":"https:\/\/static.africa-press.net\/centrafricaine\/sites\/51\/2021\/08\/img-61255b4605977.jpg","type":"image\/jpeg"}],"author":"cfeditorfr","twitter_card":"summary_large_image","twitter_misc":{"\u00c9crit par":"cfeditorfr","Dur\u00e9e de lecture estim\u00e9e":"2 minutes"},"schema":{"@context":"https:\/\/schema.org","@graph":[{"@type":"Article","@id":"https:\/\/www.africa-press.net\/congo-brazzaville\/photo\/faible-taux-dacces-a-lelectricite-la-population-appelee-a-reclamer-son-droit#article","isPartOf":{"@id":"https:\/\/www.africa-press.net\/congo-brazzaville\/photo\/faible-taux-dacces-a-lelectricite-la-population-appelee-a-reclamer-son-droit"},"author":{"name":"cfeditorfr","@id":"https:\/\/www.africa-press.net\/congo-brazzaville\/#\/schema\/person\/2b1cf3cd81a31e3cd26889ca66d677f1"},"headline":"Faible taux d\u2019acc\u00e8s \u00e0 l\u2019\u00e9lectricit\u00e9 : la population appel\u00e9e \u00e0 r\u00e9clamer son droit","datePublished":"2021-08-24T20:51:21+00:00","mainEntityOfPage":{"@id":"https:\/\/www.africa-press.net\/congo-brazzaville\/photo\/faible-taux-dacces-a-lelectricite-la-population-appelee-a-reclamer-son-droit"},"wordCount":482,"commentCount":0,"image":{"@id":"https:\/\/www.africa-press.net\/congo-brazzaville\/photo\/faible-taux-dacces-a-lelectricite-la-population-appelee-a-reclamer-son-droit#primaryimage"},"thumbnailUrl":"https:\/\/static.africa-press.net\/centrafricaine\/sites\/51\/2021\/08\/img-61255b4605977.jpg","keywords":["Africa Press","Africa Press-Congo Brazzaville","Congo Brazzaville"],"articleSection":["Communaut\u00e9","homepage-french","Photo","Top Nouvelles","Toutes les actualit\u00e9s"],"inLanguage":"fr-FR","potentialAction":[{"@type":"CommentAction","name":"Comment","target":["https:\/\/www.africa-press.net\/congo-brazzaville\/photo\/faible-taux-dacces-a-lelectricite-la-population-appelee-a-reclamer-son-droit#respond"]}]},{"@type":"WebPage","@id":"https:\/\/www.africa-press.net\/congo-brazzaville\/photo\/faible-taux-dacces-a-lelectricite-la-population-appelee-a-reclamer-son-droit","url":"https:\/\/www.africa-press.net\/congo-brazzaville\/photo\/faible-taux-dacces-a-lelectricite-la-population-appelee-a-reclamer-son-droit","name":"Faible taux d\u2019acc\u00e8s \u00e0 l\u2019\u00e9lectricit\u00e9 : la population appel\u00e9e \u00e0 r\u00e9clamer son droit - Congo Brazzaville","isPartOf":{"@id":"https:\/\/www.africa-press.net\/congo-brazzaville\/#website"},"primaryImageOfPage":{"@id":"https:\/\/www.africa-press.net\/congo-brazzaville\/photo\/faible-taux-dacces-a-lelectricite-la-population-appelee-a-reclamer-son-droit#primaryimage"},"image":{"@id":"https:\/\/www.africa-press.net\/congo-brazzaville\/photo\/faible-taux-dacces-a-lelectricite-la-population-appelee-a-reclamer-son-droit#primaryimage"},"thumbnailUrl":"https:\/\/static.africa-press.net\/centrafricaine\/sites\/51\/2021\/08\/img-61255b4605977.jpg","datePublished":"2021-08-24T20:51:21+00:00","author":{"@id":"https:\/\/www.africa-press.net\/congo-brazzaville\/#\/schema\/person\/2b1cf3cd81a31e3cd26889ca66d677f1"},"description":"L\u2019action men\u00e9e par la Coalition des organisations de la soci\u00e9t\u00e9 civile pour le suivi des r\u00e9formes et de l\u2019action publ ...","breadcrumb":{"@id":"https:\/\/www.africa-press.net\/congo-brazzaville\/photo\/faible-taux-dacces-a-lelectricite-la-population-appelee-a-reclamer-son-droit#breadcrumb"},"inLanguage":"fr-FR","potentialAction":[{"@type":"ReadAction","target":["https:\/\/www.africa-press.net\/congo-brazzaville\/photo\/faible-taux-dacces-a-lelectricite-la-population-appelee-a-reclamer-son-droit"]}]},{"@type":"ImageObject","inLanguage":"fr-FR","@id":"https:\/\/www.africa-press.net\/congo-brazzaville\/photo\/faible-taux-dacces-a-lelectricite-la-population-appelee-a-reclamer-son-droit#primaryimage","url":"https:\/\/static.africa-press.net\/centrafricaine\/sites\/51\/2021\/08\/img-61255b4605977.jpg","contentUrl":"https:\/\/static.africa-press.net\/centrafricaine\/sites\/51\/2021\/08\/img-61255b4605977.jpg","width":1068,"height":601,"caption":"Faible taux d\u2019acc\u00e8s \u00e0 l\u2019\u00e9lectricit\u00e9 : la population appel\u00e9e \u00e0 r\u00e9clamer son droit"},{"@type":"BreadcrumbList","@id":"https:\/\/www.africa-press.net\/congo-brazzaville\/photo\/faible-taux-dacces-a-lelectricite-la-population-appelee-a-reclamer-son-droit#breadcrumb","itemListElement":[{"@type":"ListItem","position":1,"name":"Accueil","item":"https:\/\/www.africa-press.net\/congo-brazzaville\/"},{"@type":"ListItem","position":2,"name":"Faible taux d\u2019acc\u00e8s \u00e0 l\u2019\u00e9lectricit\u00e9 : la population appel\u00e9e \u00e0 r\u00e9clamer son droit"}]},{"@type":"WebSite","@id":"https:\/\/www.africa-press.net\/congo-brazzaville\/#website","url":"https:\/\/www.africa-press.net\/congo-brazzaville\/","name":"Congo Brazzaville","description":"Just another Africa News Agency Sites site","potentialAction":[{"@type":"SearchAction","target":{"@type":"EntryPoint","urlTemplate":"https:\/\/www.africa-press.net\/congo-brazzaville\/?s={search_term_string}"},"query-input":{"@type":"PropertyValueSpecification","valueRequired":true,"valueName":"search_term_string"}}],"inLanguage":"fr-FR"},{"@type":"Person","@id":"https:\/\/www.africa-press.net\/congo-brazzaville\/#\/schema\/person\/2b1cf3cd81a31e3cd26889ca66d677f1","name":"cfeditorfr"}]}},"_links":{"self":[{"href":"https:\/\/www.africa-press.net\/congo-brazzaville\/wp-json\/wp\/v2\/posts\/1324","targetHints":{"allow":["GET"]}}],"collection":[{"href":"https:\/\/www.africa-press.net\/congo-brazzaville\/wp-json\/wp\/v2\/posts"}],"about":[{"href":"https:\/\/www.africa-press.net\/congo-brazzaville\/wp-json\/wp\/v2\/types\/post"}],"author":[{"embeddable":true,"href":"https:\/\/www.africa-press.net\/congo-brazzaville\/wp-json\/wp\/v2\/users\/82"}],"replies":[{"embeddable":true,"href":"https:\/\/www.africa-press.net\/congo-brazzaville\/wp-json\/wp\/v2\/comments?post=1324"}],"version-history":[{"count":0,"href":"https:\/\/www.africa-press.net\/congo-brazzaville\/wp-json\/wp\/v2\/posts\/1324\/revisions"}],"wp:featuredmedia":[{"embeddable":true,"href":"https:\/\/www.africa-press.net\/congo-brazzaville\/wp-json\/wp\/v2\/media\/1323"}],"wp:attachment":[{"href":"https:\/\/www.africa-press.net\/congo-brazzaville\/wp-json\/wp\/v2\/media?parent=1324"}],"wp:term":[{"taxonomy":"category","embeddable":true,"href":"https:\/\/www.africa-press.net\/congo-brazzaville\/wp-json\/wp\/v2\/categories?post=1324"},{"taxonomy":"post_tag","embeddable":true,"href":"https:\/\/www.africa-press.net\/congo-brazzaville\/wp-json\/wp\/v2\/tags?post=1324"}],"curies":[{"name":"wp","href":"https:\/\/api.w.org\/{rel}","templated":true}]}}