{"id":13262,"date":"2023-01-12T19:16:16","date_gmt":"2023-01-12T19:16:16","guid":{"rendered":"https:\/\/www.africa-press.net\/congo-brazzaville\/politique\/les-agents-du-controle-detat-sensibilises-au-decret-de-gestion-des-marches-publics"},"modified":"2023-01-12T19:16:16","modified_gmt":"2023-01-12T19:16:16","slug":"les-agents-du-controle-detat-sensibilises-au-decret-de-gestion-des-marches-publics","status":"publish","type":"post","link":"https:\/\/www.africa-press.net\/congo-brazzaville\/economie\/les-agents-du-controle-detat-sensibilises-au-decret-de-gestion-des-marches-publics","title":{"rendered":"les agents du contr\u00f4le d\u2019etat sensibilis\u00e9s au d\u00e9cret de gestion des march\u00e9s publics"},"content":{"rendered":"<p><span style=\"color: #ff6600\"><strong>Africa-Press &#8211; Congo Brazzaville. <\/strong><\/span><b>Le directeur de cabinet du ministre du contro\u0302le d\u2019e\u0301tat, de la qualite\u0301 du service public et de la lutte contre les antivaleurs, Simplice Mounianga a indique\u0301 le 11 janvier a\u0300 Brazzaville que la vulgarisation du nouveau de\u0301cret, contribuera efficacement a\u0300 la politique de bonne gouvernance dans la cellule de gestion des marche\u0301s publics au Congo<\/b><\/p>\n<p>\u00ab Le nouveau de\u0301cret n- 2022-1854 du 12 octobre 2022 qui comple\u0300te des dispositions de\u0301ja\u0300 existantes en matie\u0300re de passation de marche\u0301s, ne\u0301cessite\u0301 d\u2019e\u0302tre connu et maitrise\u0301 par l\u2019ensemble des acteurs de la de\u0301pense publique. Les spe\u0301cificite\u0301s nouvelles de ce de\u0301cret dont la nouvelle organisation des cellules de gestion des marche\u0301s publics au sein des mai\u0302tres d\u2019ouvrages, les missions et responsabilite\u0301s affilie\u0301es a\u0300 celle-ci et le processus de passation des marche\u0301s en Re\u0301publique du Congo favoriseraient un bon climat des affaires dans ce secteur \u00bb, a fait savoir le directeur de cabinet du ministre de contro\u0302le d\u2019Etat, de la qualite\u0301 du service public et de la lutte contre les antivaleurs, lors de la ce\u0301re\u0301monie du clo\u0302ture de l\u2019atelier de vulgarisation dudit de\u0301cret.<\/p>\n<p>Pour la cheffe de service audit et conformite\u0301 de la direction de la coordination des contro\u0302les et des enque\u0302tes Sandrine Koutoundou, les travaux de vulgarisation du nouveau de\u0301cret ont permis aux participants d\u2019acque\u0301rir un ensemble d\u2019outils techniques et des connaissances sur le cadre juridique et institutionnel des marche\u0301s publics.<\/p>\n<p>\u00ab Nous sommes outille\u0301s et pre\u0302ts a\u0300 conduire avec objectivite\u0301 et de\u0301termination, les missions qui nous sont de\u0301volues afin de re\u0301pondre aux attentes du gouvernement \u00bb, a conclu Sandrine Koutoundou.<\/p>\n<p><strong>Pour plus d&rsquo;informations et d&rsquo;analyses sur la <a href=\"https:\/\/www.africa-press.net\/congo-brazzaville\">Congo Brazzaville<\/a>, suivez <a href=\"https:\/\/www.africa-press.net\/\">Africa-Press<\/a><\/strong><\/p>\n","protected":false},"excerpt":{"rendered":"<p>Africa-Press &#8211; Congo Brazzaville. Le directeur de cabinet du ministre du contro\u0302le d\u2019e\u0301tat, de la qualite\u0301 du service public et de la lutte contre les antivaleurs, Simplice Mounianga a indique\u0301 le 11 janvier a\u0300 Brazzaville que la vulgarisation du nouveau de\u0301cret, contribuera efficacement a\u0300 la politique de bonne gouvernance dans la cellule de gestion des [&hellip;]<\/p>\n","protected":false},"author":82,"featured_media":13261,"comment_status":"open","ping_status":"closed","sticky":false,"template":"","format":"standard","meta":{"footnotes":""},"categories":[3,10],"tags":[36,47,46],"class_list":["post-13262","post","type-post","status-publish","format-standard","has-post-thumbnail","hentry","category-economie","category-toutes-les-actualites","tag-africa-press","tag-africa-press-congo-brazzaville","tag-congo-brazzaville"],"yoast_head":"<!-- This site is optimized with the Yoast SEO Premium plugin v26.1 (Yoast SEO v27.0) - https:\/\/yoast.com\/product\/yoast-seo-premium-wordpress\/ -->\n<title>les agents du contr\u00f4le d\u2019etat sensibilis\u00e9s au d\u00e9cret de gestion des march\u00e9s publics - Congo Brazzaville<\/title>\n<meta name=\"robots\" content=\"index, follow, max-snippet:-1, max-image-preview:large, max-video-preview:-1\" \/>\n<link rel=\"canonical\" href=\"https:\/\/www.africa-press.net\/congo-brazzaville\/politique\/les-agents-du-controle-detat-sensibilises-au-decret-de-gestion-des-marches-publics\" \/>\n<meta property=\"og:locale\" content=\"fr_FR\" \/>\n<meta property=\"og:type\" content=\"article\" \/>\n<meta property=\"og:title\" content=\"les agents du contr\u00f4le d\u2019etat sensibilis\u00e9s au d\u00e9cret de gestion des march\u00e9s publics\" \/>\n<meta property=\"og:description\" content=\"Africa-Press &#8211; Congo Brazzaville. Le directeur de cabinet du ministre du contro\u0302le d\u2019e\u0301tat, de la qualite\u0301 du service public et de la lutte contre les antivaleurs, Simplice Mounianga a indique\u0301 le 11 janvier a\u0300 Brazzaville que la vulgarisation du nouveau de\u0301cret, contribuera efficacement a\u0300 la politique de bonne gouvernance dans la cellule de gestion des [&hellip;]\" \/>\n<meta property=\"og:url\" content=\"https:\/\/www.africa-press.net\/congo-brazzaville\/politique\/les-agents-du-controle-detat-sensibilises-au-decret-de-gestion-des-marches-publics\" \/>\n<meta property=\"og:site_name\" content=\"Congo Brazzaville\" \/>\n<meta property=\"article:published_time\" content=\"2023-01-12T19:16:16+00:00\" \/>\n<meta name=\"author\" content=\"cfeditorfr\" \/>\n<meta name=\"twitter:card\" content=\"summary_large_image\" \/>\n<meta name=\"twitter:label1\" content=\"\u00c9crit par\" \/>\n\t<meta name=\"twitter:data1\" content=\"cfeditorfr\" \/>\n\t<meta name=\"twitter:label2\" content=\"Dur\u00e9e de lecture estim\u00e9e\" \/>\n\t<meta name=\"twitter:data2\" content=\"2 minutes\" \/>\n<script type=\"application\/ld+json\" class=\"yoast-schema-graph\">{\"@context\":\"https:\/\/schema.org\",\"@graph\":[{\"@type\":\"Article\",\"@id\":\"https:\/\/www.africa-press.net\/congo-brazzaville\/politique\/les-agents-du-controle-detat-sensibilises-au-decret-de-gestion-des-marches-publics#article\",\"isPartOf\":{\"@id\":\"https:\/\/www.africa-press.net\/congo-brazzaville\/politique\/les-agents-du-controle-detat-sensibilises-au-decret-de-gestion-des-marches-publics\"},\"author\":{\"name\":\"cfeditorfr\",\"@id\":\"https:\/\/www.africa-press.net\/congo-brazzaville\/#\/schema\/person\/2b1cf3cd81a31e3cd26889ca66d677f1\"},\"headline\":\"les agents du contr\u00f4le d\u2019etat sensibilis\u00e9s au d\u00e9cret de gestion des march\u00e9s publics\",\"datePublished\":\"2023-01-12T19:16:16+00:00\",\"mainEntityOfPage\":{\"@id\":\"https:\/\/www.africa-press.net\/congo-brazzaville\/politique\/les-agents-du-controle-detat-sensibilises-au-decret-de-gestion-des-marches-publics\"},\"wordCount\":328,\"commentCount\":0,\"image\":{\"@id\":\"https:\/\/www.africa-press.net\/congo-brazzaville\/politique\/les-agents-du-controle-detat-sensibilises-au-decret-de-gestion-des-marches-publics#primaryimage\"},\"thumbnailUrl\":\"https:\/\/static.africa-press.net\/congo-brazzaville\/sites\/51\/2023\/01\/postQueueImg_1673538388.49.jpg\",\"keywords\":[\"Africa Press\",\"Africa Press-Congo Brazzaville\",\"Congo Brazzaville\"],\"articleSection\":[\"\u00c9conomie\",\"Toutes les actualit\u00e9s\"],\"inLanguage\":\"fr-FR\",\"potentialAction\":[{\"@type\":\"CommentAction\",\"name\":\"Comment\",\"target\":[\"https:\/\/www.africa-press.net\/congo-brazzaville\/politique\/les-agents-du-controle-detat-sensibilises-au-decret-de-gestion-des-marches-publics#respond\"]}]},{\"@type\":\"WebPage\",\"@id\":\"https:\/\/www.africa-press.net\/congo-brazzaville\/politique\/les-agents-du-controle-detat-sensibilises-au-decret-de-gestion-des-marches-publics\",\"url\":\"https:\/\/www.africa-press.net\/congo-brazzaville\/politique\/les-agents-du-controle-detat-sensibilises-au-decret-de-gestion-des-marches-publics\",\"name\":\"les agents du contr\u00f4le d\u2019etat sensibilis\u00e9s au d\u00e9cret de gestion des march\u00e9s publics - Congo Brazzaville\",\"isPartOf\":{\"@id\":\"https:\/\/www.africa-press.net\/congo-brazzaville\/#website\"},\"primaryImageOfPage\":{\"@id\":\"https:\/\/www.africa-press.net\/congo-brazzaville\/politique\/les-agents-du-controle-detat-sensibilises-au-decret-de-gestion-des-marches-publics#primaryimage\"},\"image\":{\"@id\":\"https:\/\/www.africa-press.net\/congo-brazzaville\/politique\/les-agents-du-controle-detat-sensibilises-au-decret-de-gestion-des-marches-publics#primaryimage\"},\"thumbnailUrl\":\"https:\/\/static.africa-press.net\/congo-brazzaville\/sites\/51\/2023\/01\/postQueueImg_1673538388.49.jpg\",\"datePublished\":\"2023-01-12T19:16:16+00:00\",\"author\":{\"@id\":\"https:\/\/www.africa-press.net\/congo-brazzaville\/#\/schema\/person\/2b1cf3cd81a31e3cd26889ca66d677f1\"},\"breadcrumb\":{\"@id\":\"https:\/\/www.africa-press.net\/congo-brazzaville\/politique\/les-agents-du-controle-detat-sensibilises-au-decret-de-gestion-des-marches-publics#breadcrumb\"},\"inLanguage\":\"fr-FR\",\"potentialAction\":[{\"@type\":\"ReadAction\",\"target\":[\"https:\/\/www.africa-press.net\/congo-brazzaville\/politique\/les-agents-du-controle-detat-sensibilises-au-decret-de-gestion-des-marches-publics\"]}]},{\"@type\":\"ImageObject\",\"inLanguage\":\"fr-FR\",\"@id\":\"https:\/\/www.africa-press.net\/congo-brazzaville\/politique\/les-agents-du-controle-detat-sensibilises-au-decret-de-gestion-des-marches-publics#primaryimage\",\"url\":\"https:\/\/static.africa-press.net\/congo-brazzaville\/sites\/51\/2023\/01\/postQueueImg_1673538388.49.jpg\",\"contentUrl\":\"https:\/\/static.africa-press.net\/congo-brazzaville\/sites\/51\/2023\/01\/postQueueImg_1673538388.49.jpg\",\"width\":804,\"height\":442,\"caption\":\"les agents du contr\u00f4le d\u2019etat sensibilis\u00e9s au d\u00e9cret de gestion des march\u00e9s publics\"},{\"@type\":\"BreadcrumbList\",\"@id\":\"https:\/\/www.africa-press.net\/congo-brazzaville\/politique\/les-agents-du-controle-detat-sensibilises-au-decret-de-gestion-des-marches-publics#breadcrumb\",\"itemListElement\":[{\"@type\":\"ListItem\",\"position\":1,\"name\":\"Accueil\",\"item\":\"https:\/\/www.africa-press.net\/congo-brazzaville\/\"},{\"@type\":\"ListItem\",\"position\":2,\"name\":\"les agents du contr\u00f4le d\u2019etat sensibilis\u00e9s au d\u00e9cret de gestion des march\u00e9s publics\"}]},{\"@type\":\"WebSite\",\"@id\":\"https:\/\/www.africa-press.net\/congo-brazzaville\/#website\",\"url\":\"https:\/\/www.africa-press.net\/congo-brazzaville\/\",\"name\":\"Congo Brazzaville\",\"description\":\"Just another Africa News Agency Sites site\",\"potentialAction\":[{\"@type\":\"SearchAction\",\"target\":{\"@type\":\"EntryPoint\",\"urlTemplate\":\"https:\/\/www.africa-press.net\/congo-brazzaville\/?s={search_term_string}\"},\"query-input\":{\"@type\":\"PropertyValueSpecification\",\"valueRequired\":true,\"valueName\":\"search_term_string\"}}],\"inLanguage\":\"fr-FR\"},{\"@type\":\"Person\",\"@id\":\"https:\/\/www.africa-press.net\/congo-brazzaville\/#\/schema\/person\/2b1cf3cd81a31e3cd26889ca66d677f1\",\"name\":\"cfeditorfr\"}]}<\/script>\n<!-- \/ Yoast SEO Premium plugin. -->","yoast_head_json":{"title":"les agents du contr\u00f4le d\u2019etat sensibilis\u00e9s au d\u00e9cret de gestion des march\u00e9s publics - Congo Brazzaville","robots":{"index":"index","follow":"follow","max-snippet":"max-snippet:-1","max-image-preview":"max-image-preview:large","max-video-preview":"max-video-preview:-1"},"canonical":"https:\/\/www.africa-press.net\/congo-brazzaville\/politique\/les-agents-du-controle-detat-sensibilises-au-decret-de-gestion-des-marches-publics","og_locale":"fr_FR","og_type":"article","og_title":"les agents du contr\u00f4le d\u2019etat sensibilis\u00e9s au d\u00e9cret de gestion des march\u00e9s publics","og_description":"Africa-Press &#8211; Congo Brazzaville. Le directeur de cabinet du ministre du contro\u0302le d\u2019e\u0301tat, de la qualite\u0301 du service public et de la lutte contre les antivaleurs, Simplice Mounianga a indique\u0301 le 11 janvier a\u0300 Brazzaville que la vulgarisation du nouveau de\u0301cret, contribuera efficacement a\u0300 la politique de bonne gouvernance dans la cellule de gestion des [&hellip;]","og_url":"https:\/\/www.africa-press.net\/congo-brazzaville\/politique\/les-agents-du-controle-detat-sensibilises-au-decret-de-gestion-des-marches-publics","og_site_name":"Congo Brazzaville","article_published_time":"2023-01-12T19:16:16+00:00","author":"cfeditorfr","twitter_card":"summary_large_image","twitter_misc":{"\u00c9crit par":"cfeditorfr","Dur\u00e9e de lecture estim\u00e9e":"2 minutes"},"schema":{"@context":"https:\/\/schema.org","@graph":[{"@type":"Article","@id":"https:\/\/www.africa-press.net\/congo-brazzaville\/politique\/les-agents-du-controle-detat-sensibilises-au-decret-de-gestion-des-marches-publics#article","isPartOf":{"@id":"https:\/\/www.africa-press.net\/congo-brazzaville\/politique\/les-agents-du-controle-detat-sensibilises-au-decret-de-gestion-des-marches-publics"},"author":{"name":"cfeditorfr","@id":"https:\/\/www.africa-press.net\/congo-brazzaville\/#\/schema\/person\/2b1cf3cd81a31e3cd26889ca66d677f1"},"headline":"les agents du contr\u00f4le d\u2019etat sensibilis\u00e9s au d\u00e9cret de gestion des march\u00e9s publics","datePublished":"2023-01-12T19:16:16+00:00","mainEntityOfPage":{"@id":"https:\/\/www.africa-press.net\/congo-brazzaville\/politique\/les-agents-du-controle-detat-sensibilises-au-decret-de-gestion-des-marches-publics"},"wordCount":328,"commentCount":0,"image":{"@id":"https:\/\/www.africa-press.net\/congo-brazzaville\/politique\/les-agents-du-controle-detat-sensibilises-au-decret-de-gestion-des-marches-publics#primaryimage"},"thumbnailUrl":"https:\/\/static.africa-press.net\/congo-brazzaville\/sites\/51\/2023\/01\/postQueueImg_1673538388.49.jpg","keywords":["Africa Press","Africa Press-Congo Brazzaville","Congo Brazzaville"],"articleSection":["\u00c9conomie","Toutes les actualit\u00e9s"],"inLanguage":"fr-FR","potentialAction":[{"@type":"CommentAction","name":"Comment","target":["https:\/\/www.africa-press.net\/congo-brazzaville\/politique\/les-agents-du-controle-detat-sensibilises-au-decret-de-gestion-des-marches-publics#respond"]}]},{"@type":"WebPage","@id":"https:\/\/www.africa-press.net\/congo-brazzaville\/politique\/les-agents-du-controle-detat-sensibilises-au-decret-de-gestion-des-marches-publics","url":"https:\/\/www.africa-press.net\/congo-brazzaville\/politique\/les-agents-du-controle-detat-sensibilises-au-decret-de-gestion-des-marches-publics","name":"les agents du contr\u00f4le d\u2019etat sensibilis\u00e9s au d\u00e9cret de gestion des march\u00e9s publics - Congo Brazzaville","isPartOf":{"@id":"https:\/\/www.africa-press.net\/congo-brazzaville\/#website"},"primaryImageOfPage":{"@id":"https:\/\/www.africa-press.net\/congo-brazzaville\/politique\/les-agents-du-controle-detat-sensibilises-au-decret-de-gestion-des-marches-publics#primaryimage"},"image":{"@id":"https:\/\/www.africa-press.net\/congo-brazzaville\/politique\/les-agents-du-controle-detat-sensibilises-au-decret-de-gestion-des-marches-publics#primaryimage"},"thumbnailUrl":"https:\/\/static.africa-press.net\/congo-brazzaville\/sites\/51\/2023\/01\/postQueueImg_1673538388.49.jpg","datePublished":"2023-01-12T19:16:16+00:00","author":{"@id":"https:\/\/www.africa-press.net\/congo-brazzaville\/#\/schema\/person\/2b1cf3cd81a31e3cd26889ca66d677f1"},"breadcrumb":{"@id":"https:\/\/www.africa-press.net\/congo-brazzaville\/politique\/les-agents-du-controle-detat-sensibilises-au-decret-de-gestion-des-marches-publics#breadcrumb"},"inLanguage":"fr-FR","potentialAction":[{"@type":"ReadAction","target":["https:\/\/www.africa-press.net\/congo-brazzaville\/politique\/les-agents-du-controle-detat-sensibilises-au-decret-de-gestion-des-marches-publics"]}]},{"@type":"ImageObject","inLanguage":"fr-FR","@id":"https:\/\/www.africa-press.net\/congo-brazzaville\/politique\/les-agents-du-controle-detat-sensibilises-au-decret-de-gestion-des-marches-publics#primaryimage","url":"https:\/\/static.africa-press.net\/congo-brazzaville\/sites\/51\/2023\/01\/postQueueImg_1673538388.49.jpg","contentUrl":"https:\/\/static.africa-press.net\/congo-brazzaville\/sites\/51\/2023\/01\/postQueueImg_1673538388.49.jpg","width":804,"height":442,"caption":"les agents du contr\u00f4le d\u2019etat sensibilis\u00e9s au d\u00e9cret de gestion des march\u00e9s publics"},{"@type":"BreadcrumbList","@id":"https:\/\/www.africa-press.net\/congo-brazzaville\/politique\/les-agents-du-controle-detat-sensibilises-au-decret-de-gestion-des-marches-publics#breadcrumb","itemListElement":[{"@type":"ListItem","position":1,"name":"Accueil","item":"https:\/\/www.africa-press.net\/congo-brazzaville\/"},{"@type":"ListItem","position":2,"name":"les agents du contr\u00f4le d\u2019etat sensibilis\u00e9s au d\u00e9cret de gestion des march\u00e9s publics"}]},{"@type":"WebSite","@id":"https:\/\/www.africa-press.net\/congo-brazzaville\/#website","url":"https:\/\/www.africa-press.net\/congo-brazzaville\/","name":"Congo Brazzaville","description":"Just another Africa News Agency Sites site","potentialAction":[{"@type":"SearchAction","target":{"@type":"EntryPoint","urlTemplate":"https:\/\/www.africa-press.net\/congo-brazzaville\/?s={search_term_string}"},"query-input":{"@type":"PropertyValueSpecification","valueRequired":true,"valueName":"search_term_string"}}],"inLanguage":"fr-FR"},{"@type":"Person","@id":"https:\/\/www.africa-press.net\/congo-brazzaville\/#\/schema\/person\/2b1cf3cd81a31e3cd26889ca66d677f1","name":"cfeditorfr"}]}},"_links":{"self":[{"href":"https:\/\/www.africa-press.net\/congo-brazzaville\/wp-json\/wp\/v2\/posts\/13262","targetHints":{"allow":["GET"]}}],"collection":[{"href":"https:\/\/www.africa-press.net\/congo-brazzaville\/wp-json\/wp\/v2\/posts"}],"about":[{"href":"https:\/\/www.africa-press.net\/congo-brazzaville\/wp-json\/wp\/v2\/types\/post"}],"author":[{"embeddable":true,"href":"https:\/\/www.africa-press.net\/congo-brazzaville\/wp-json\/wp\/v2\/users\/82"}],"replies":[{"embeddable":true,"href":"https:\/\/www.africa-press.net\/congo-brazzaville\/wp-json\/wp\/v2\/comments?post=13262"}],"version-history":[{"count":0,"href":"https:\/\/www.africa-press.net\/congo-brazzaville\/wp-json\/wp\/v2\/posts\/13262\/revisions"}],"wp:featuredmedia":[{"embeddable":true,"href":"https:\/\/www.africa-press.net\/congo-brazzaville\/wp-json\/wp\/v2\/media\/13261"}],"wp:attachment":[{"href":"https:\/\/www.africa-press.net\/congo-brazzaville\/wp-json\/wp\/v2\/media?parent=13262"}],"wp:term":[{"taxonomy":"category","embeddable":true,"href":"https:\/\/www.africa-press.net\/congo-brazzaville\/wp-json\/wp\/v2\/categories?post=13262"},{"taxonomy":"post_tag","embeddable":true,"href":"https:\/\/www.africa-press.net\/congo-brazzaville\/wp-json\/wp\/v2\/tags?post=13262"}],"curies":[{"name":"wp","href":"https:\/\/api.w.org\/{rel}","templated":true}]}}