{"id":1332,"date":"2021-08-24T21:10:03","date_gmt":"2021-08-24T21:10:03","guid":{"rendered":"https:\/\/www.africa-press.net\/congo-brazzaville\/?p=1332"},"modified":"2021-08-24T20:51:19","modified_gmt":"2021-08-24T20:51:19","slug":"croix-rouge-congolaise-les-delegues-renforcent-leur-capacite-dans-la-riposte-aux-epidemies","status":"publish","type":"post","link":"https:\/\/www.africa-press.net\/congo-brazzaville\/photo\/croix-rouge-congolaise-les-delegues-renforcent-leur-capacite-dans-la-riposte-aux-epidemies","title":{"rendered":"Croix-Rouge congolaise : les d\u00e9l\u00e9gu\u00e9s renforcent leur capacit\u00e9 dans la riposte aux \u00e9pid\u00e9mies"},"content":{"rendered":"<p><span style=\"color: #ff6600\"><strong><a href=\"https:\/\/www.africa-press.net\/\">Africa-Press<\/a> &#8211; <a href=\"https:\/\/www.africa-press.net\/congo-brazzaville\">Congo Brazzaville<\/a>. <\/strong><\/span><b>Le secr\u00e9taire g\u00e9n\u00e9ral national de la Croix-Rouge congolaise (CRC) a ouvert, le 24 ao\u00fbt, la formation des formateurs sur la communication des risques et l&rsquo;engagement communautaire \u00e0 Brazzaville.<\/b><\/p>\n<p>L\u2019objectif est de renforcer les capacit\u00e9s de riposte aux \u00e9pid\u00e9mies dans le contexte de la pand\u00e9mie \u00e0 coronavirus.<\/p>\n<p>La formation leur permettra d\u2019acqu\u00e9rir des connaissances dans la mise en \u0153uvre de la formation p\u00e9dagogique afin de former \u00e0 leur tour les volontaires de la Croix-Rouge et les relais communautaires.<\/p>\n<p>L\u2019atelier regroupe du 24 au 26 ao\u00fbt les d\u00e9l\u00e9gu\u00e9s de la CRC venus des d\u00e9partements de Pointe-Noire, de la Bouenza, du Niari, du Pool, de la Cuvette, la Sangha et Brazzaville.<\/p>\n<p>Ils b\u00e9n\u00e9ficieront des enseignements sur les d\u00e9finitions des concepts de communication de risque, leurs objectifs, sp\u00e9cificit\u00e9s et r\u00f4les dans la gestion des \u00e9pid\u00e9mies. Ils seront \u00e9galement \u00e9difi\u00e9s sur les meilleures pratiques de communication de risques, les moyens necessaires pour combattre la d\u00e9sinformation li\u00e9e au covid-19, \u00e0 la vaccination ainsi qu&rsquo;au r\u00f4le des acteurs cl\u00e9s impliqu\u00e9s dans la vaccination anti-covid.<\/p>\n<p>La formation est organis\u00e9e en collaboration avec la Croix-Rouge fran\u00e7aise afin de renforcer leurs capacit\u00e9s de riposte aux \u00e9pid\u00e9mies.<\/p>\n<p>Elle s\u2019inscrit dans le cadre du programme de lutte contre les \u00e9pid\u00e9mies, financ\u00e9 par l\u2019Agence fran\u00e7aise de d\u00e9veloppement et la d\u00e9l\u00e9gation de l\u2019Union europ\u00e9enne. Le programme s\u2019ex\u00e9cute pour une dur\u00e9e de douze mois.<\/p>\n<p>La responsable du programme de lutte contre les \u00e9pid\u00e9mies de la Croix-Rouge fran\u00e7aise, Cyndie Marques, souligne dans son mot de circonstance le partenariat devant exister entre le minist\u00e8re en charge de la sant\u00e9 et les structures d\u2019aide humanitaire.<\/p>\n<p>Selon elle, le projet a pour objectif d\u2019accompagner les populations \u00e0 faire face aux cons\u00e9quences provoqu\u00e9es par les changements au sein de leur environnement. \u00ab La communication des risques et engagements communautaires vise \u00e0 cr\u00e9er des temps d\u2019\u00e9change et de conseil aupr\u00e8s du public afin d\u2019informer et de r\u00e9duire le risque de perturbation sociale, politique et \u00e9conomique \u00bb, a-t-elle indiqu\u00e9.<\/p>\n<p>Ars\u00e8ne Guel\u00e9l\u00e9, repr\u00e9sentant le pr\u00e9sident de la Commission pr\u00e9vention, contr\u00f4le des infections, mobilisation sociale et communication sur les risques, rappelle la date d\u2019identification du premier cas de coronavirus au Congo le 14 mars 2020, qui a entrain\u00e9 des impacts sur le plan social, \u00e9conomique et sanitaire au sein de la nation.<\/p>\n<p>Il a exhort\u00e9 les d\u00e9l\u00e9gu\u00e9s \u00e0 profiter des enseignements pour les traduire dans les faits afin de mettre la population congolaise \u00e0 l\u2019abri de la pand\u00e9mie, ajoutant que se vacciner reste un geste de pr\u00e9vention. \u00ab Nous comptons sur votre savoir-faire afin que l\u2019engagement communautaire et les mesures barri\u00e8res soient toujours respect\u00e9s sur l\u2019ensemble du territoire national et surtout dans les six d\u00e9partements o\u00f9 s\u2019ex\u00e9cute le programme de renforcement de capacit\u00e9 de riposte aux \u00e9pid\u00e9mies, car mieux vaut pr\u00e9venir que gu\u00e9rir \u00bb, a-t-il indiqu\u00e9.<\/p>\n<p>Le secr\u00e9taire g\u00e9n\u00e9ral national de la Croix-Rouge congolaise, Bell Armand Ngapourou, rench\u00e9rit \u00e0 l\u2019ouverture des travaux que la formation sert \u00e0 accompagner la Commission communication de la Croix-Rouge congolaise.<\/p>\n\r\n                <style type=\"text\/css\">\r\n                    \r\n                    #td_uid_1_69f435ab0456a  .td-doubleSlider-2 .td-item1 {\r\n                        background: url(https:\/\/static.africa-press.net\/centrafricaine\/sites\/51\/2021\/08\/img-61255ba0b2b96-80x60.jpg) 0 0 no-repeat;\r\n                    }\r\n                <\/style>\r\n\r\n                <div id=\"td_uid_1_69f435ab0456a\" class=\"td-gallery td-slide-on-2-columns\">\r\n                    <div class=\"post_td_gallery\">\r\n                        <div class=\"td-gallery-slide-top\">\r\n                           <div class=\"td-gallery-title\"><\/div>\r\n\r\n                            <div class=\"td-gallery-controls-wrapper\">\r\n                                <div class=\"td-gallery-slide-count\"><span class=\"td-gallery-slide-item-focus\">1<\/span> de 2<\/div>\r\n                                <div class=\"td-gallery-slide-prev-next-but\">\r\n                                    <i class = \"td-icon-left doubleSliderPrevButton\"><\/i>\r\n                                    <i class = \"td-icon-right doubleSliderNextButton\"><\/i>\r\n                                <\/div>\r\n                            <\/div>\r\n                        <\/div>\r\n\r\n                        <div class = \"td-doubleSlider-1 \">\r\n                            <div class = \"td-slider\">\r\n                                \r\n                    <div class = \"td-slide-item td-item1\">\r\n                        <figure class=\"td-slide-galery-figure td-slide-popup-gallery\">\r\n                            <a class=\"slide-gallery-image-link\" href=\"https:\/\/static.africa-press.net\/centrafricaine\/sites\/51\/2021\/08\/img-61255ba0b2b96.jpg\" title=\"img-61255ba0b2b96\"  data-caption=\"\"  data-description=\"\">\r\n                                <img decoding=\"async\" src=\"https:\/\/static.africa-press.net\/centrafricaine\/sites\/51\/2021\/08\/img-61255ba0b2b96.jpg\" srcset=\"https:\/\/static.africa-press.net\/congo-brazzaville\/sites\/51\/2021\/08\/img-61255ba0b2b96.jpg 1749w, https:\/\/static.africa-press.net\/congo-brazzaville\/sites\/51\/2021\/08\/img-61255ba0b2b96-300x132.jpg 300w, https:\/\/static.africa-press.net\/congo-brazzaville\/sites\/51\/2021\/08\/img-61255ba0b2b96-1024x450.jpg 1024w, https:\/\/static.africa-press.net\/congo-brazzaville\/sites\/51\/2021\/08\/img-61255ba0b2b96-768x337.jpg 768w, https:\/\/static.africa-press.net\/congo-brazzaville\/sites\/51\/2021\/08\/img-61255ba0b2b96-1536x674.jpg 1536w\" sizes=\"(max-width: 1749px) 100vw, 1749px\" alt=\"\">\r\n                            <\/a>\r\n                            \r\n                        <\/figure>\r\n                    <\/div>\r\n                            <\/div>\r\n                        <\/div>\r\n\r\n                        <div class = \"td-doubleSlider-2\">\r\n                            <div class = \"td-slider\">\r\n                                \r\n                    <div class = \"td-button td-item1\">\r\n                        <div class = \"td-border\"><\/div>\r\n                    <\/div>\r\n                            <\/div>\r\n                        <\/div>\r\n\r\n                    <\/div>\r\n\r\n                <\/div>\r\n                \n","protected":false},"excerpt":{"rendered":"<p>Africa-Press &#8211; Congo Brazzaville. Le secr\u00e9taire g\u00e9n\u00e9ral national de la Croix-Rouge congolaise (CRC) a ouvert, le 24 ao\u00fbt, la formation des formateurs sur la communication des risques et l&rsquo;engagement communautaire \u00e0 Brazzaville. L\u2019objectif est de renforcer les capacit\u00e9s de riposte aux \u00e9pid\u00e9mies dans le contexte de la pand\u00e9mie \u00e0 coronavirus. La formation leur permettra d\u2019acqu\u00e9rir [&hellip;]<\/p>\n","protected":false},"author":82,"featured_media":1331,"comment_status":"open","ping_status":"closed","sticky":false,"template":"","format":"standard","meta":{"footnotes":""},"categories":[21,11,8,20,10],"tags":[36,47,46],"class_list":["post-1332","post","type-post","status-publish","format-standard","has-post-thumbnail","hentry","category-communaute","category-homepage-french","category-photo","category-top-nouvelles","category-toutes-les-actualites","tag-africa-press","tag-africa-press-congo-brazzaville","tag-congo-brazzaville"],"yoast_head":"<!-- This site is optimized with the Yoast SEO Premium plugin v26.1 (Yoast SEO v27.0) - https:\/\/yoast.com\/product\/yoast-seo-premium-wordpress\/ -->\n<title>Croix-Rouge congolaise : les d\u00e9l\u00e9gu\u00e9s renforcent leur capacit\u00e9 dans la riposte aux \u00e9pid\u00e9mies - Congo Brazzaville<\/title>\n<meta name=\"description\" content=\"Le secr\u00e9taire g\u00e9n\u00e9ral national de la Croix-Rouge congolaise (CRC) a ouvert, le 24 ao\u00fbt, la formation des formateurs s ...\" \/>\n<meta name=\"robots\" content=\"index, follow, max-snippet:-1, max-image-preview:large, max-video-preview:-1\" \/>\n<link rel=\"canonical\" href=\"https:\/\/www.africa-press.net\/congo-brazzaville\/photo\/croix-rouge-congolaise-les-delegues-renforcent-leur-capacite-dans-la-riposte-aux-epidemies\" \/>\n<meta property=\"og:locale\" content=\"fr_FR\" \/>\n<meta property=\"og:type\" content=\"article\" \/>\n<meta property=\"og:title\" content=\"Croix-Rouge congolaise : les d\u00e9l\u00e9gu\u00e9s renforcent leur capacit\u00e9 dans la riposte aux \u00e9pid\u00e9mies\" \/>\n<meta property=\"og:description\" content=\"Le secr\u00e9taire g\u00e9n\u00e9ral national de la Croix-Rouge congolaise (CRC) a ouvert, le 24 ao\u00fbt, la formation des formateurs s ...\" \/>\n<meta property=\"og:url\" content=\"https:\/\/www.africa-press.net\/congo-brazzaville\/photo\/croix-rouge-congolaise-les-delegues-renforcent-leur-capacite-dans-la-riposte-aux-epidemies\" \/>\n<meta property=\"og:site_name\" content=\"Congo Brazzaville\" \/>\n<meta property=\"article:published_time\" content=\"2021-08-24T21:10:03+00:00\" \/>\n<meta property=\"og:image\" content=\"https:\/\/static.africa-press.net\/centrafricaine\/sites\/51\/2021\/08\/img-61255bab0aaf1.jpg\" \/>\n\t<meta property=\"og:image:width\" content=\"1749\" \/>\n\t<meta property=\"og:image:height\" content=\"768\" \/>\n\t<meta property=\"og:image:type\" content=\"image\/jpeg\" \/>\n<meta name=\"author\" content=\"cfeditorfr\" \/>\n<meta name=\"twitter:card\" content=\"summary_large_image\" \/>\n<meta name=\"twitter:label1\" content=\"\u00c9crit par\" \/>\n\t<meta name=\"twitter:data1\" content=\"cfeditorfr\" \/>\n\t<meta name=\"twitter:label2\" content=\"Dur\u00e9e de lecture estim\u00e9e\" \/>\n\t<meta name=\"twitter:data2\" content=\"3 minutes\" \/>\n<script type=\"application\/ld+json\" class=\"yoast-schema-graph\">{\"@context\":\"https:\/\/schema.org\",\"@graph\":[{\"@type\":\"Article\",\"@id\":\"https:\/\/www.africa-press.net\/congo-brazzaville\/photo\/croix-rouge-congolaise-les-delegues-renforcent-leur-capacite-dans-la-riposte-aux-epidemies#article\",\"isPartOf\":{\"@id\":\"https:\/\/www.africa-press.net\/congo-brazzaville\/photo\/croix-rouge-congolaise-les-delegues-renforcent-leur-capacite-dans-la-riposte-aux-epidemies\"},\"author\":{\"name\":\"cfeditorfr\",\"@id\":\"https:\/\/www.africa-press.net\/congo-brazzaville\/#\/schema\/person\/2b1cf3cd81a31e3cd26889ca66d677f1\"},\"headline\":\"Croix-Rouge congolaise : les d\u00e9l\u00e9gu\u00e9s renforcent leur capacit\u00e9 dans la riposte aux \u00e9pid\u00e9mies\",\"datePublished\":\"2021-08-24T21:10:03+00:00\",\"mainEntityOfPage\":{\"@id\":\"https:\/\/www.africa-press.net\/congo-brazzaville\/photo\/croix-rouge-congolaise-les-delegues-renforcent-leur-capacite-dans-la-riposte-aux-epidemies\"},\"wordCount\":580,\"commentCount\":0,\"image\":{\"@id\":\"https:\/\/www.africa-press.net\/congo-brazzaville\/photo\/croix-rouge-congolaise-les-delegues-renforcent-leur-capacite-dans-la-riposte-aux-epidemies#primaryimage\"},\"thumbnailUrl\":\"https:\/\/static.africa-press.net\/centrafricaine\/sites\/51\/2021\/08\/img-61255bab0aaf1.jpg\",\"keywords\":[\"Africa Press\",\"Africa Press-Congo Brazzaville\",\"Congo Brazzaville\"],\"articleSection\":[\"Communaut\u00e9\",\"homepage-french\",\"Photo\",\"Top Nouvelles\",\"Toutes les actualit\u00e9s\"],\"inLanguage\":\"fr-FR\",\"potentialAction\":[{\"@type\":\"CommentAction\",\"name\":\"Comment\",\"target\":[\"https:\/\/www.africa-press.net\/congo-brazzaville\/photo\/croix-rouge-congolaise-les-delegues-renforcent-leur-capacite-dans-la-riposte-aux-epidemies#respond\"]}]},{\"@type\":\"WebPage\",\"@id\":\"https:\/\/www.africa-press.net\/congo-brazzaville\/photo\/croix-rouge-congolaise-les-delegues-renforcent-leur-capacite-dans-la-riposte-aux-epidemies\",\"url\":\"https:\/\/www.africa-press.net\/congo-brazzaville\/photo\/croix-rouge-congolaise-les-delegues-renforcent-leur-capacite-dans-la-riposte-aux-epidemies\",\"name\":\"Croix-Rouge congolaise : les d\u00e9l\u00e9gu\u00e9s renforcent leur capacit\u00e9 dans la riposte aux \u00e9pid\u00e9mies - Congo Brazzaville\",\"isPartOf\":{\"@id\":\"https:\/\/www.africa-press.net\/congo-brazzaville\/#website\"},\"primaryImageOfPage\":{\"@id\":\"https:\/\/www.africa-press.net\/congo-brazzaville\/photo\/croix-rouge-congolaise-les-delegues-renforcent-leur-capacite-dans-la-riposte-aux-epidemies#primaryimage\"},\"image\":{\"@id\":\"https:\/\/www.africa-press.net\/congo-brazzaville\/photo\/croix-rouge-congolaise-les-delegues-renforcent-leur-capacite-dans-la-riposte-aux-epidemies#primaryimage\"},\"thumbnailUrl\":\"https:\/\/static.africa-press.net\/centrafricaine\/sites\/51\/2021\/08\/img-61255bab0aaf1.jpg\",\"datePublished\":\"2021-08-24T21:10:03+00:00\",\"author\":{\"@id\":\"https:\/\/www.africa-press.net\/congo-brazzaville\/#\/schema\/person\/2b1cf3cd81a31e3cd26889ca66d677f1\"},\"description\":\"Le secr\u00e9taire g\u00e9n\u00e9ral national de la Croix-Rouge congolaise (CRC) a ouvert, le 24 ao\u00fbt, la formation des formateurs s ...\",\"breadcrumb\":{\"@id\":\"https:\/\/www.africa-press.net\/congo-brazzaville\/photo\/croix-rouge-congolaise-les-delegues-renforcent-leur-capacite-dans-la-riposte-aux-epidemies#breadcrumb\"},\"inLanguage\":\"fr-FR\",\"potentialAction\":[{\"@type\":\"ReadAction\",\"target\":[\"https:\/\/www.africa-press.net\/congo-brazzaville\/photo\/croix-rouge-congolaise-les-delegues-renforcent-leur-capacite-dans-la-riposte-aux-epidemies\"]}]},{\"@type\":\"ImageObject\",\"inLanguage\":\"fr-FR\",\"@id\":\"https:\/\/www.africa-press.net\/congo-brazzaville\/photo\/croix-rouge-congolaise-les-delegues-renforcent-leur-capacite-dans-la-riposte-aux-epidemies#primaryimage\",\"url\":\"https:\/\/static.africa-press.net\/centrafricaine\/sites\/51\/2021\/08\/img-61255bab0aaf1.jpg\",\"contentUrl\":\"https:\/\/static.africa-press.net\/centrafricaine\/sites\/51\/2021\/08\/img-61255bab0aaf1.jpg\",\"width\":1749,\"height\":768,\"caption\":\"Croix-Rouge congolaise : les d\u00e9l\u00e9gu\u00e9s renforcent leur capacit\u00e9 dans la riposte aux \u00e9pid\u00e9mies\"},{\"@type\":\"BreadcrumbList\",\"@id\":\"https:\/\/www.africa-press.net\/congo-brazzaville\/photo\/croix-rouge-congolaise-les-delegues-renforcent-leur-capacite-dans-la-riposte-aux-epidemies#breadcrumb\",\"itemListElement\":[{\"@type\":\"ListItem\",\"position\":1,\"name\":\"Accueil\",\"item\":\"https:\/\/www.africa-press.net\/congo-brazzaville\/\"},{\"@type\":\"ListItem\",\"position\":2,\"name\":\"Croix-Rouge congolaise : les d\u00e9l\u00e9gu\u00e9s renforcent leur capacit\u00e9 dans la riposte aux \u00e9pid\u00e9mies\"}]},{\"@type\":\"WebSite\",\"@id\":\"https:\/\/www.africa-press.net\/congo-brazzaville\/#website\",\"url\":\"https:\/\/www.africa-press.net\/congo-brazzaville\/\",\"name\":\"Congo Brazzaville\",\"description\":\"Just another Africa News Agency Sites site\",\"potentialAction\":[{\"@type\":\"SearchAction\",\"target\":{\"@type\":\"EntryPoint\",\"urlTemplate\":\"https:\/\/www.africa-press.net\/congo-brazzaville\/?s={search_term_string}\"},\"query-input\":{\"@type\":\"PropertyValueSpecification\",\"valueRequired\":true,\"valueName\":\"search_term_string\"}}],\"inLanguage\":\"fr-FR\"},{\"@type\":\"Person\",\"@id\":\"https:\/\/www.africa-press.net\/congo-brazzaville\/#\/schema\/person\/2b1cf3cd81a31e3cd26889ca66d677f1\",\"name\":\"cfeditorfr\"}]}<\/script>\n<!-- \/ Yoast SEO Premium plugin. -->","yoast_head_json":{"title":"Croix-Rouge congolaise : les d\u00e9l\u00e9gu\u00e9s renforcent leur capacit\u00e9 dans la riposte aux \u00e9pid\u00e9mies - Congo Brazzaville","description":"Le secr\u00e9taire g\u00e9n\u00e9ral national de la Croix-Rouge congolaise (CRC) a ouvert, le 24 ao\u00fbt, la formation des formateurs s ...","robots":{"index":"index","follow":"follow","max-snippet":"max-snippet:-1","max-image-preview":"max-image-preview:large","max-video-preview":"max-video-preview:-1"},"canonical":"https:\/\/www.africa-press.net\/congo-brazzaville\/photo\/croix-rouge-congolaise-les-delegues-renforcent-leur-capacite-dans-la-riposte-aux-epidemies","og_locale":"fr_FR","og_type":"article","og_title":"Croix-Rouge congolaise : les d\u00e9l\u00e9gu\u00e9s renforcent leur capacit\u00e9 dans la riposte aux \u00e9pid\u00e9mies","og_description":"Le secr\u00e9taire g\u00e9n\u00e9ral national de la Croix-Rouge congolaise (CRC) a ouvert, le 24 ao\u00fbt, la formation des formateurs s ...","og_url":"https:\/\/www.africa-press.net\/congo-brazzaville\/photo\/croix-rouge-congolaise-les-delegues-renforcent-leur-capacite-dans-la-riposte-aux-epidemies","og_site_name":"Congo Brazzaville","article_published_time":"2021-08-24T21:10:03+00:00","og_image":[{"width":1749,"height":768,"url":"https:\/\/static.africa-press.net\/centrafricaine\/sites\/51\/2021\/08\/img-61255bab0aaf1.jpg","type":"image\/jpeg"}],"author":"cfeditorfr","twitter_card":"summary_large_image","twitter_misc":{"\u00c9crit par":"cfeditorfr","Dur\u00e9e de lecture estim\u00e9e":"3 minutes"},"schema":{"@context":"https:\/\/schema.org","@graph":[{"@type":"Article","@id":"https:\/\/www.africa-press.net\/congo-brazzaville\/photo\/croix-rouge-congolaise-les-delegues-renforcent-leur-capacite-dans-la-riposte-aux-epidemies#article","isPartOf":{"@id":"https:\/\/www.africa-press.net\/congo-brazzaville\/photo\/croix-rouge-congolaise-les-delegues-renforcent-leur-capacite-dans-la-riposte-aux-epidemies"},"author":{"name":"cfeditorfr","@id":"https:\/\/www.africa-press.net\/congo-brazzaville\/#\/schema\/person\/2b1cf3cd81a31e3cd26889ca66d677f1"},"headline":"Croix-Rouge congolaise : les d\u00e9l\u00e9gu\u00e9s renforcent leur capacit\u00e9 dans la riposte aux \u00e9pid\u00e9mies","datePublished":"2021-08-24T21:10:03+00:00","mainEntityOfPage":{"@id":"https:\/\/www.africa-press.net\/congo-brazzaville\/photo\/croix-rouge-congolaise-les-delegues-renforcent-leur-capacite-dans-la-riposte-aux-epidemies"},"wordCount":580,"commentCount":0,"image":{"@id":"https:\/\/www.africa-press.net\/congo-brazzaville\/photo\/croix-rouge-congolaise-les-delegues-renforcent-leur-capacite-dans-la-riposte-aux-epidemies#primaryimage"},"thumbnailUrl":"https:\/\/static.africa-press.net\/centrafricaine\/sites\/51\/2021\/08\/img-61255bab0aaf1.jpg","keywords":["Africa Press","Africa Press-Congo Brazzaville","Congo Brazzaville"],"articleSection":["Communaut\u00e9","homepage-french","Photo","Top Nouvelles","Toutes les actualit\u00e9s"],"inLanguage":"fr-FR","potentialAction":[{"@type":"CommentAction","name":"Comment","target":["https:\/\/www.africa-press.net\/congo-brazzaville\/photo\/croix-rouge-congolaise-les-delegues-renforcent-leur-capacite-dans-la-riposte-aux-epidemies#respond"]}]},{"@type":"WebPage","@id":"https:\/\/www.africa-press.net\/congo-brazzaville\/photo\/croix-rouge-congolaise-les-delegues-renforcent-leur-capacite-dans-la-riposte-aux-epidemies","url":"https:\/\/www.africa-press.net\/congo-brazzaville\/photo\/croix-rouge-congolaise-les-delegues-renforcent-leur-capacite-dans-la-riposte-aux-epidemies","name":"Croix-Rouge congolaise : les d\u00e9l\u00e9gu\u00e9s renforcent leur capacit\u00e9 dans la riposte aux \u00e9pid\u00e9mies - Congo Brazzaville","isPartOf":{"@id":"https:\/\/www.africa-press.net\/congo-brazzaville\/#website"},"primaryImageOfPage":{"@id":"https:\/\/www.africa-press.net\/congo-brazzaville\/photo\/croix-rouge-congolaise-les-delegues-renforcent-leur-capacite-dans-la-riposte-aux-epidemies#primaryimage"},"image":{"@id":"https:\/\/www.africa-press.net\/congo-brazzaville\/photo\/croix-rouge-congolaise-les-delegues-renforcent-leur-capacite-dans-la-riposte-aux-epidemies#primaryimage"},"thumbnailUrl":"https:\/\/static.africa-press.net\/centrafricaine\/sites\/51\/2021\/08\/img-61255bab0aaf1.jpg","datePublished":"2021-08-24T21:10:03+00:00","author":{"@id":"https:\/\/www.africa-press.net\/congo-brazzaville\/#\/schema\/person\/2b1cf3cd81a31e3cd26889ca66d677f1"},"description":"Le secr\u00e9taire g\u00e9n\u00e9ral national de la Croix-Rouge congolaise (CRC) a ouvert, le 24 ao\u00fbt, la formation des formateurs s ...","breadcrumb":{"@id":"https:\/\/www.africa-press.net\/congo-brazzaville\/photo\/croix-rouge-congolaise-les-delegues-renforcent-leur-capacite-dans-la-riposte-aux-epidemies#breadcrumb"},"inLanguage":"fr-FR","potentialAction":[{"@type":"ReadAction","target":["https:\/\/www.africa-press.net\/congo-brazzaville\/photo\/croix-rouge-congolaise-les-delegues-renforcent-leur-capacite-dans-la-riposte-aux-epidemies"]}]},{"@type":"ImageObject","inLanguage":"fr-FR","@id":"https:\/\/www.africa-press.net\/congo-brazzaville\/photo\/croix-rouge-congolaise-les-delegues-renforcent-leur-capacite-dans-la-riposte-aux-epidemies#primaryimage","url":"https:\/\/static.africa-press.net\/centrafricaine\/sites\/51\/2021\/08\/img-61255bab0aaf1.jpg","contentUrl":"https:\/\/static.africa-press.net\/centrafricaine\/sites\/51\/2021\/08\/img-61255bab0aaf1.jpg","width":1749,"height":768,"caption":"Croix-Rouge congolaise : les d\u00e9l\u00e9gu\u00e9s renforcent leur capacit\u00e9 dans la riposte aux \u00e9pid\u00e9mies"},{"@type":"BreadcrumbList","@id":"https:\/\/www.africa-press.net\/congo-brazzaville\/photo\/croix-rouge-congolaise-les-delegues-renforcent-leur-capacite-dans-la-riposte-aux-epidemies#breadcrumb","itemListElement":[{"@type":"ListItem","position":1,"name":"Accueil","item":"https:\/\/www.africa-press.net\/congo-brazzaville\/"},{"@type":"ListItem","position":2,"name":"Croix-Rouge congolaise : les d\u00e9l\u00e9gu\u00e9s renforcent leur capacit\u00e9 dans la riposte aux \u00e9pid\u00e9mies"}]},{"@type":"WebSite","@id":"https:\/\/www.africa-press.net\/congo-brazzaville\/#website","url":"https:\/\/www.africa-press.net\/congo-brazzaville\/","name":"Congo Brazzaville","description":"Just another Africa News Agency Sites site","potentialAction":[{"@type":"SearchAction","target":{"@type":"EntryPoint","urlTemplate":"https:\/\/www.africa-press.net\/congo-brazzaville\/?s={search_term_string}"},"query-input":{"@type":"PropertyValueSpecification","valueRequired":true,"valueName":"search_term_string"}}],"inLanguage":"fr-FR"},{"@type":"Person","@id":"https:\/\/www.africa-press.net\/congo-brazzaville\/#\/schema\/person\/2b1cf3cd81a31e3cd26889ca66d677f1","name":"cfeditorfr"}]}},"_links":{"self":[{"href":"https:\/\/www.africa-press.net\/congo-brazzaville\/wp-json\/wp\/v2\/posts\/1332","targetHints":{"allow":["GET"]}}],"collection":[{"href":"https:\/\/www.africa-press.net\/congo-brazzaville\/wp-json\/wp\/v2\/posts"}],"about":[{"href":"https:\/\/www.africa-press.net\/congo-brazzaville\/wp-json\/wp\/v2\/types\/post"}],"author":[{"embeddable":true,"href":"https:\/\/www.africa-press.net\/congo-brazzaville\/wp-json\/wp\/v2\/users\/82"}],"replies":[{"embeddable":true,"href":"https:\/\/www.africa-press.net\/congo-brazzaville\/wp-json\/wp\/v2\/comments?post=1332"}],"version-history":[{"count":0,"href":"https:\/\/www.africa-press.net\/congo-brazzaville\/wp-json\/wp\/v2\/posts\/1332\/revisions"}],"wp:featuredmedia":[{"embeddable":true,"href":"https:\/\/www.africa-press.net\/congo-brazzaville\/wp-json\/wp\/v2\/media\/1331"}],"wp:attachment":[{"href":"https:\/\/www.africa-press.net\/congo-brazzaville\/wp-json\/wp\/v2\/media?parent=1332"}],"wp:term":[{"taxonomy":"category","embeddable":true,"href":"https:\/\/www.africa-press.net\/congo-brazzaville\/wp-json\/wp\/v2\/categories?post=1332"},{"taxonomy":"post_tag","embeddable":true,"href":"https:\/\/www.africa-press.net\/congo-brazzaville\/wp-json\/wp\/v2\/tags?post=1332"}],"curies":[{"name":"wp","href":"https:\/\/api.w.org\/{rel}","templated":true}]}}