{"id":1336,"date":"2021-08-24T21:16:51","date_gmt":"2021-08-24T21:16:51","guid":{"rendered":"https:\/\/www.africa-press.net\/congo-brazzaville\/?p=1336"},"modified":"2021-08-24T20:52:06","modified_gmt":"2021-08-24T20:52:06","slug":"culpac-des-humanitaires-pour-la-paix-en-presence-de-bintou-keita","status":"publish","type":"post","link":"https:\/\/www.africa-press.net\/congo-brazzaville\/photo\/culpac-des-humanitaires-pour-la-paix-en-presence-de-bintou-keita","title":{"rendered":"Culpac : des humanitaires pour la paix en pr\u00e9sence de Bintou Keita"},"content":{"rendered":"<p><span style=\"color: #ff6600\"><strong><a href=\"https:\/\/www.africa-press.net\/\">Africa-Press<\/a> &#8211; <a href=\"https:\/\/www.africa-press.net\/congo-brazzaville\">Congo Brazzaville<\/a>. <\/strong><\/span><b>Trois femmes et un homme ont \u00e9t\u00e9 sous les feux de la rampe au Conseil universel pour la paix des nations et des continents (Culpac) pour leurs actions humanitaires en faveur des malades de malformations et des \u00e9pouses, veuves et orphelins de soldats et policiers.<\/b><\/p>\n<p>Pour leurs multiples actions trois femmes et un homme ont \u00e9t\u00e9 \u00e0 l\u2019honneur le 23 ao\u00fbt \u00e0 la Cit\u00e9 de la paix, si\u00e8ge de l\u2019ONG international Culpac \u00e0 Kinshasa. C\u2019\u00e9tait au cours d\u2019une journ\u00e9e dite glorieuse universelle pour la paix, avec la pr\u00e9sence de Bintou Keita, repr\u00e9sentante sp\u00e9ciale pour la R\u00e9publique d\u00e9mocratique du Congo (RDC) et chef de la Mission de l\u2019Organisation des Nations unies pour la stabilisation en RDC (Monusco), et la conseill\u00e8re sp\u00e9ciale du pr\u00e9sident de la R\u00e9publique, F\u00e9lix Antoine Tshisekedi, en mati\u00e8re de la Jeunesse et du Genre et Violences faites \u00e0 la femme, Chantal Yelu Mulop.<\/p>\n<p>Pr\u00e9sidente de l\u2019Association Sans Fronti\u00e8re, ambassadrice de la Croix-Rouge, Liliane Temuni Ngoyi Mawa a \u00e9t\u00e9 \u00e9lev\u00e9e au rang de marraine de la paix pour l\u2019Afrique centrale, servante humanitaire pour la paix pour le travail rendu en faveur des enfants malades avec malformation. Pr\u00e9sidente de l\u2019Association des \u00e9pouses des militaires et des policiers, Georgette Faila Ondekane, \u00e9pouse du g\u00e9n\u00e9ral Jean-Pierre Ondekane, a, elle aussi, \u00e9t\u00e9 promue servante de l\u2019humanit\u00e9 pour la paix, pour ses actions au b\u00e9n\u00e9fice des femmes des militaires ainsi que des orphelins des soldats. Gr\u00e2ce Mbongi Umek m\u00e8ne un plaidoyer pour la gratuit\u00e9 de l\u2019accouchement et l\u2019am\u00e9lioration des services dans les maternit\u00e9s. Pr\u00e9sidente de la Fondation Gr\u00e2ce Monde, elle a fait partie de ce groupe restreint des femmes reconnues d\u00e9sormais par le Culpac comme servantes de l\u2019Humanit\u00e9 pour la paix. Notons aussi l\u2019\u00e9l\u00e9vation du Dr Jean Anselme Mwepu Mwebe en tant que notable universel de la paix. Ce professeur d\u2019universit\u00e9, expert chirurgien et pasteur, \u0153uvre beaucoup en faveur des malades des malformations cong\u00e9nitales.<\/p>\n<p>Dans son allocution de circonstance, le directeur g\u00e9n\u00e9ral du Culpac, Daniel Santu Biko, a circonscrit la c\u00e9r\u00e9monie du jour, celle de \u00ab c\u00e9l\u00e9brer des personnes qui se donnent dans la vie de tous les jours pour r\u00e9fl\u00e9chir et accompagner leurs semblables quand elles ne sont pas en paix par la maladie, la faim, bref, de soucis de tout genre. La paix n\u2019est pas seulement l\u2019absence des bruits des canons, mitrailleuses ou missiles mais tout ce qui complique, affaiblisse, terrorise et ennui son semblable \u00bb.<\/p>\n<p>Dans son mot de circonstance, la patronne de la Monusco a indiqu\u00e9 : \u00ab Je tiens \u00e0 remercier et f\u00e9liciter toutes les personnes qui ont re\u00e7u ce prix d\u2019accompagnement de l\u2019Humanit\u00e9, avec quelque chose de tr\u00e8s particulier. Ce qui se passe dans les esprits, ce qui se passe dans les c\u0153urs, ce qui am\u00e8ne \u00e0 la compassion, et la compassion va aussi avec la communion, et dans le mot communion, je vois union\u2026 Que la paix puisse s\u2019asseoir sur une terre ferme en RDC\u2026\u00bb, a-t-elle d\u00e9clar\u00e9, terminant par un plaidoyer contre les discours de haine et les insultes sur les r\u00e9seaux sociaux.<\/p>\n\r\n                <style type=\"text\/css\">\r\n                    \r\n                    #td_uid_1_69f435ab06c83  .td-doubleSlider-2 .td-item1 {\r\n                        background: url(https:\/\/static.africa-press.net\/centrafricaine\/sites\/51\/2021\/08\/img-61255bd26c6f9-80x60.jpg) 0 0 no-repeat;\r\n                    }\r\n                <\/style>\r\n\r\n                <div id=\"td_uid_1_69f435ab06c83\" class=\"td-gallery td-slide-on-2-columns\">\r\n                    <div class=\"post_td_gallery\">\r\n                        <div class=\"td-gallery-slide-top\">\r\n                           <div class=\"td-gallery-title\"><\/div>\r\n\r\n                            <div class=\"td-gallery-controls-wrapper\">\r\n                                <div class=\"td-gallery-slide-count\"><span class=\"td-gallery-slide-item-focus\">1<\/span> de 2<\/div>\r\n                                <div class=\"td-gallery-slide-prev-next-but\">\r\n                                    <i class = \"td-icon-left doubleSliderPrevButton\"><\/i>\r\n                                    <i class = \"td-icon-right doubleSliderNextButton\"><\/i>\r\n                                <\/div>\r\n                            <\/div>\r\n                        <\/div>\r\n\r\n                        <div class = \"td-doubleSlider-1 \">\r\n                            <div class = \"td-slider\">\r\n                                \r\n                    <div class = \"td-slide-item td-item1\">\r\n                        <figure class=\"td-slide-galery-figure td-slide-popup-gallery\">\r\n                            <a class=\"slide-gallery-image-link\" href=\"https:\/\/static.africa-press.net\/centrafricaine\/sites\/51\/2021\/08\/img-61255bd26c6f9.jpg\" title=\"img-61255bd26c6f9\"  data-caption=\"\"  data-description=\"\">\r\n                                <img decoding=\"async\" src=\"https:\/\/static.africa-press.net\/centrafricaine\/sites\/51\/2021\/08\/img-61255bd26c6f9.jpg\" srcset=\"https:\/\/static.africa-press.net\/congo-brazzaville\/sites\/51\/2021\/08\/img-61255bd26c6f9.jpg 1080w, https:\/\/static.africa-press.net\/congo-brazzaville\/sites\/51\/2021\/08\/img-61255bd26c6f9-300x225.jpg 300w, https:\/\/static.africa-press.net\/congo-brazzaville\/sites\/51\/2021\/08\/img-61255bd26c6f9-1024x767.jpg 1024w, https:\/\/static.africa-press.net\/congo-brazzaville\/sites\/51\/2021\/08\/img-61255bd26c6f9-768x575.jpg 768w, https:\/\/static.africa-press.net\/congo-brazzaville\/sites\/51\/2021\/08\/img-61255bd26c6f9-80x60.jpg 80w\" sizes=\"(max-width: 1080px) 100vw, 1080px\" alt=\"\">\r\n                            <\/a>\r\n                            \r\n                        <\/figure>\r\n                    <\/div>\r\n                            <\/div>\r\n                        <\/div>\r\n\r\n                        <div class = \"td-doubleSlider-2\">\r\n                            <div class = \"td-slider\">\r\n                                \r\n                    <div class = \"td-button td-item1\">\r\n                        <div class = \"td-border\"><\/div>\r\n                    <\/div>\r\n                            <\/div>\r\n                        <\/div>\r\n\r\n                    <\/div>\r\n\r\n                <\/div>\r\n                \n","protected":false},"excerpt":{"rendered":"<p>Africa-Press &#8211; Congo Brazzaville. Trois femmes et un homme ont \u00e9t\u00e9 sous les feux de la rampe au Conseil universel pour la paix des nations et des continents (Culpac) pour leurs actions humanitaires en faveur des malades de malformations et des \u00e9pouses, veuves et orphelins de soldats et policiers. Pour leurs multiples actions trois femmes [&hellip;]<\/p>\n","protected":false},"author":82,"featured_media":1335,"comment_status":"open","ping_status":"closed","sticky":false,"template":"","format":"standard","meta":{"footnotes":""},"categories":[21,11,8,20,10],"tags":[36,47,46],"class_list":["post-1336","post","type-post","status-publish","format-standard","has-post-thumbnail","hentry","category-communaute","category-homepage-french","category-photo","category-top-nouvelles","category-toutes-les-actualites","tag-africa-press","tag-africa-press-congo-brazzaville","tag-congo-brazzaville"],"yoast_head":"<!-- This site is optimized with the Yoast SEO Premium plugin v26.1 (Yoast SEO v27.0) - https:\/\/yoast.com\/product\/yoast-seo-premium-wordpress\/ -->\n<title>Culpac : des humanitaires pour la paix en pr\u00e9sence de Bintou Keita - Congo Brazzaville<\/title>\n<meta name=\"description\" content=\"Trois femmes et un homme ont \u00e9t\u00e9 sous les feux de la rampe au Conseil universel pour la paix des nations et des conti ...\" \/>\n<meta name=\"robots\" content=\"index, follow, max-snippet:-1, max-image-preview:large, max-video-preview:-1\" \/>\n<link rel=\"canonical\" href=\"https:\/\/www.africa-press.net\/congo-brazzaville\/photo\/culpac-des-humanitaires-pour-la-paix-en-presence-de-bintou-keita\" \/>\n<meta property=\"og:locale\" content=\"fr_FR\" \/>\n<meta property=\"og:type\" content=\"article\" \/>\n<meta property=\"og:title\" content=\"Culpac : des humanitaires pour la paix en pr\u00e9sence de Bintou Keita\" \/>\n<meta property=\"og:description\" content=\"Trois femmes et un homme ont \u00e9t\u00e9 sous les feux de la rampe au Conseil universel pour la paix des nations et des conti ...\" \/>\n<meta property=\"og:url\" content=\"https:\/\/www.africa-press.net\/congo-brazzaville\/photo\/culpac-des-humanitaires-pour-la-paix-en-presence-de-bintou-keita\" \/>\n<meta property=\"og:site_name\" content=\"Congo Brazzaville\" \/>\n<meta property=\"article:published_time\" content=\"2021-08-24T21:16:51+00:00\" \/>\n<meta property=\"og:image\" content=\"https:\/\/static.africa-press.net\/centrafricaine\/sites\/51\/2021\/08\/img-61255bdb55aff.jpg\" \/>\n\t<meta property=\"og:image:width\" content=\"1080\" \/>\n\t<meta property=\"og:image:height\" content=\"809\" \/>\n\t<meta property=\"og:image:type\" content=\"image\/jpeg\" \/>\n<meta name=\"author\" content=\"cfeditorfr\" \/>\n<meta name=\"twitter:card\" content=\"summary_large_image\" \/>\n<meta name=\"twitter:label1\" content=\"\u00c9crit par\" \/>\n\t<meta name=\"twitter:data1\" content=\"cfeditorfr\" \/>\n\t<meta name=\"twitter:label2\" content=\"Dur\u00e9e de lecture estim\u00e9e\" \/>\n\t<meta name=\"twitter:data2\" content=\"3 minutes\" \/>\n<script type=\"application\/ld+json\" class=\"yoast-schema-graph\">{\"@context\":\"https:\/\/schema.org\",\"@graph\":[{\"@type\":\"Article\",\"@id\":\"https:\/\/www.africa-press.net\/congo-brazzaville\/photo\/culpac-des-humanitaires-pour-la-paix-en-presence-de-bintou-keita#article\",\"isPartOf\":{\"@id\":\"https:\/\/www.africa-press.net\/congo-brazzaville\/photo\/culpac-des-humanitaires-pour-la-paix-en-presence-de-bintou-keita\"},\"author\":{\"name\":\"cfeditorfr\",\"@id\":\"https:\/\/www.africa-press.net\/congo-brazzaville\/#\/schema\/person\/2b1cf3cd81a31e3cd26889ca66d677f1\"},\"headline\":\"Culpac : des humanitaires pour la paix en pr\u00e9sence de Bintou Keita\",\"datePublished\":\"2021-08-24T21:16:51+00:00\",\"mainEntityOfPage\":{\"@id\":\"https:\/\/www.africa-press.net\/congo-brazzaville\/photo\/culpac-des-humanitaires-pour-la-paix-en-presence-de-bintou-keita\"},\"wordCount\":576,\"commentCount\":0,\"image\":{\"@id\":\"https:\/\/www.africa-press.net\/congo-brazzaville\/photo\/culpac-des-humanitaires-pour-la-paix-en-presence-de-bintou-keita#primaryimage\"},\"thumbnailUrl\":\"https:\/\/static.africa-press.net\/centrafricaine\/sites\/51\/2021\/08\/img-61255bdb55aff.jpg\",\"keywords\":[\"Africa Press\",\"Africa Press-Congo Brazzaville\",\"Congo Brazzaville\"],\"articleSection\":[\"Communaut\u00e9\",\"homepage-french\",\"Photo\",\"Top Nouvelles\",\"Toutes les actualit\u00e9s\"],\"inLanguage\":\"fr-FR\",\"potentialAction\":[{\"@type\":\"CommentAction\",\"name\":\"Comment\",\"target\":[\"https:\/\/www.africa-press.net\/congo-brazzaville\/photo\/culpac-des-humanitaires-pour-la-paix-en-presence-de-bintou-keita#respond\"]}]},{\"@type\":\"WebPage\",\"@id\":\"https:\/\/www.africa-press.net\/congo-brazzaville\/photo\/culpac-des-humanitaires-pour-la-paix-en-presence-de-bintou-keita\",\"url\":\"https:\/\/www.africa-press.net\/congo-brazzaville\/photo\/culpac-des-humanitaires-pour-la-paix-en-presence-de-bintou-keita\",\"name\":\"Culpac : des humanitaires pour la paix en pr\u00e9sence de Bintou Keita - Congo Brazzaville\",\"isPartOf\":{\"@id\":\"https:\/\/www.africa-press.net\/congo-brazzaville\/#website\"},\"primaryImageOfPage\":{\"@id\":\"https:\/\/www.africa-press.net\/congo-brazzaville\/photo\/culpac-des-humanitaires-pour-la-paix-en-presence-de-bintou-keita#primaryimage\"},\"image\":{\"@id\":\"https:\/\/www.africa-press.net\/congo-brazzaville\/photo\/culpac-des-humanitaires-pour-la-paix-en-presence-de-bintou-keita#primaryimage\"},\"thumbnailUrl\":\"https:\/\/static.africa-press.net\/centrafricaine\/sites\/51\/2021\/08\/img-61255bdb55aff.jpg\",\"datePublished\":\"2021-08-24T21:16:51+00:00\",\"author\":{\"@id\":\"https:\/\/www.africa-press.net\/congo-brazzaville\/#\/schema\/person\/2b1cf3cd81a31e3cd26889ca66d677f1\"},\"description\":\"Trois femmes et un homme ont \u00e9t\u00e9 sous les feux de la rampe au Conseil universel pour la paix des nations et des conti ...\",\"breadcrumb\":{\"@id\":\"https:\/\/www.africa-press.net\/congo-brazzaville\/photo\/culpac-des-humanitaires-pour-la-paix-en-presence-de-bintou-keita#breadcrumb\"},\"inLanguage\":\"fr-FR\",\"potentialAction\":[{\"@type\":\"ReadAction\",\"target\":[\"https:\/\/www.africa-press.net\/congo-brazzaville\/photo\/culpac-des-humanitaires-pour-la-paix-en-presence-de-bintou-keita\"]}]},{\"@type\":\"ImageObject\",\"inLanguage\":\"fr-FR\",\"@id\":\"https:\/\/www.africa-press.net\/congo-brazzaville\/photo\/culpac-des-humanitaires-pour-la-paix-en-presence-de-bintou-keita#primaryimage\",\"url\":\"https:\/\/static.africa-press.net\/centrafricaine\/sites\/51\/2021\/08\/img-61255bdb55aff.jpg\",\"contentUrl\":\"https:\/\/static.africa-press.net\/centrafricaine\/sites\/51\/2021\/08\/img-61255bdb55aff.jpg\",\"width\":1080,\"height\":809,\"caption\":\"Culpac : des humanitaires pour la paix en pr\u00e9sence de Bintou Keita\"},{\"@type\":\"BreadcrumbList\",\"@id\":\"https:\/\/www.africa-press.net\/congo-brazzaville\/photo\/culpac-des-humanitaires-pour-la-paix-en-presence-de-bintou-keita#breadcrumb\",\"itemListElement\":[{\"@type\":\"ListItem\",\"position\":1,\"name\":\"Accueil\",\"item\":\"https:\/\/www.africa-press.net\/congo-brazzaville\/\"},{\"@type\":\"ListItem\",\"position\":2,\"name\":\"Culpac : des humanitaires pour la paix en pr\u00e9sence de Bintou Keita\"}]},{\"@type\":\"WebSite\",\"@id\":\"https:\/\/www.africa-press.net\/congo-brazzaville\/#website\",\"url\":\"https:\/\/www.africa-press.net\/congo-brazzaville\/\",\"name\":\"Congo Brazzaville\",\"description\":\"Just another Africa News Agency Sites site\",\"potentialAction\":[{\"@type\":\"SearchAction\",\"target\":{\"@type\":\"EntryPoint\",\"urlTemplate\":\"https:\/\/www.africa-press.net\/congo-brazzaville\/?s={search_term_string}\"},\"query-input\":{\"@type\":\"PropertyValueSpecification\",\"valueRequired\":true,\"valueName\":\"search_term_string\"}}],\"inLanguage\":\"fr-FR\"},{\"@type\":\"Person\",\"@id\":\"https:\/\/www.africa-press.net\/congo-brazzaville\/#\/schema\/person\/2b1cf3cd81a31e3cd26889ca66d677f1\",\"name\":\"cfeditorfr\"}]}<\/script>\n<!-- \/ Yoast SEO Premium plugin. -->","yoast_head_json":{"title":"Culpac : des humanitaires pour la paix en pr\u00e9sence de Bintou Keita - Congo Brazzaville","description":"Trois femmes et un homme ont \u00e9t\u00e9 sous les feux de la rampe au Conseil universel pour la paix des nations et des conti ...","robots":{"index":"index","follow":"follow","max-snippet":"max-snippet:-1","max-image-preview":"max-image-preview:large","max-video-preview":"max-video-preview:-1"},"canonical":"https:\/\/www.africa-press.net\/congo-brazzaville\/photo\/culpac-des-humanitaires-pour-la-paix-en-presence-de-bintou-keita","og_locale":"fr_FR","og_type":"article","og_title":"Culpac : des humanitaires pour la paix en pr\u00e9sence de Bintou Keita","og_description":"Trois femmes et un homme ont \u00e9t\u00e9 sous les feux de la rampe au Conseil universel pour la paix des nations et des conti ...","og_url":"https:\/\/www.africa-press.net\/congo-brazzaville\/photo\/culpac-des-humanitaires-pour-la-paix-en-presence-de-bintou-keita","og_site_name":"Congo Brazzaville","article_published_time":"2021-08-24T21:16:51+00:00","og_image":[{"width":1080,"height":809,"url":"https:\/\/static.africa-press.net\/centrafricaine\/sites\/51\/2021\/08\/img-61255bdb55aff.jpg","type":"image\/jpeg"}],"author":"cfeditorfr","twitter_card":"summary_large_image","twitter_misc":{"\u00c9crit par":"cfeditorfr","Dur\u00e9e de lecture estim\u00e9e":"3 minutes"},"schema":{"@context":"https:\/\/schema.org","@graph":[{"@type":"Article","@id":"https:\/\/www.africa-press.net\/congo-brazzaville\/photo\/culpac-des-humanitaires-pour-la-paix-en-presence-de-bintou-keita#article","isPartOf":{"@id":"https:\/\/www.africa-press.net\/congo-brazzaville\/photo\/culpac-des-humanitaires-pour-la-paix-en-presence-de-bintou-keita"},"author":{"name":"cfeditorfr","@id":"https:\/\/www.africa-press.net\/congo-brazzaville\/#\/schema\/person\/2b1cf3cd81a31e3cd26889ca66d677f1"},"headline":"Culpac : des humanitaires pour la paix en pr\u00e9sence de Bintou Keita","datePublished":"2021-08-24T21:16:51+00:00","mainEntityOfPage":{"@id":"https:\/\/www.africa-press.net\/congo-brazzaville\/photo\/culpac-des-humanitaires-pour-la-paix-en-presence-de-bintou-keita"},"wordCount":576,"commentCount":0,"image":{"@id":"https:\/\/www.africa-press.net\/congo-brazzaville\/photo\/culpac-des-humanitaires-pour-la-paix-en-presence-de-bintou-keita#primaryimage"},"thumbnailUrl":"https:\/\/static.africa-press.net\/centrafricaine\/sites\/51\/2021\/08\/img-61255bdb55aff.jpg","keywords":["Africa Press","Africa Press-Congo Brazzaville","Congo Brazzaville"],"articleSection":["Communaut\u00e9","homepage-french","Photo","Top Nouvelles","Toutes les actualit\u00e9s"],"inLanguage":"fr-FR","potentialAction":[{"@type":"CommentAction","name":"Comment","target":["https:\/\/www.africa-press.net\/congo-brazzaville\/photo\/culpac-des-humanitaires-pour-la-paix-en-presence-de-bintou-keita#respond"]}]},{"@type":"WebPage","@id":"https:\/\/www.africa-press.net\/congo-brazzaville\/photo\/culpac-des-humanitaires-pour-la-paix-en-presence-de-bintou-keita","url":"https:\/\/www.africa-press.net\/congo-brazzaville\/photo\/culpac-des-humanitaires-pour-la-paix-en-presence-de-bintou-keita","name":"Culpac : des humanitaires pour la paix en pr\u00e9sence de Bintou Keita - Congo Brazzaville","isPartOf":{"@id":"https:\/\/www.africa-press.net\/congo-brazzaville\/#website"},"primaryImageOfPage":{"@id":"https:\/\/www.africa-press.net\/congo-brazzaville\/photo\/culpac-des-humanitaires-pour-la-paix-en-presence-de-bintou-keita#primaryimage"},"image":{"@id":"https:\/\/www.africa-press.net\/congo-brazzaville\/photo\/culpac-des-humanitaires-pour-la-paix-en-presence-de-bintou-keita#primaryimage"},"thumbnailUrl":"https:\/\/static.africa-press.net\/centrafricaine\/sites\/51\/2021\/08\/img-61255bdb55aff.jpg","datePublished":"2021-08-24T21:16:51+00:00","author":{"@id":"https:\/\/www.africa-press.net\/congo-brazzaville\/#\/schema\/person\/2b1cf3cd81a31e3cd26889ca66d677f1"},"description":"Trois femmes et un homme ont \u00e9t\u00e9 sous les feux de la rampe au Conseil universel pour la paix des nations et des conti ...","breadcrumb":{"@id":"https:\/\/www.africa-press.net\/congo-brazzaville\/photo\/culpac-des-humanitaires-pour-la-paix-en-presence-de-bintou-keita#breadcrumb"},"inLanguage":"fr-FR","potentialAction":[{"@type":"ReadAction","target":["https:\/\/www.africa-press.net\/congo-brazzaville\/photo\/culpac-des-humanitaires-pour-la-paix-en-presence-de-bintou-keita"]}]},{"@type":"ImageObject","inLanguage":"fr-FR","@id":"https:\/\/www.africa-press.net\/congo-brazzaville\/photo\/culpac-des-humanitaires-pour-la-paix-en-presence-de-bintou-keita#primaryimage","url":"https:\/\/static.africa-press.net\/centrafricaine\/sites\/51\/2021\/08\/img-61255bdb55aff.jpg","contentUrl":"https:\/\/static.africa-press.net\/centrafricaine\/sites\/51\/2021\/08\/img-61255bdb55aff.jpg","width":1080,"height":809,"caption":"Culpac : des humanitaires pour la paix en pr\u00e9sence de Bintou Keita"},{"@type":"BreadcrumbList","@id":"https:\/\/www.africa-press.net\/congo-brazzaville\/photo\/culpac-des-humanitaires-pour-la-paix-en-presence-de-bintou-keita#breadcrumb","itemListElement":[{"@type":"ListItem","position":1,"name":"Accueil","item":"https:\/\/www.africa-press.net\/congo-brazzaville\/"},{"@type":"ListItem","position":2,"name":"Culpac : des humanitaires pour la paix en pr\u00e9sence de Bintou Keita"}]},{"@type":"WebSite","@id":"https:\/\/www.africa-press.net\/congo-brazzaville\/#website","url":"https:\/\/www.africa-press.net\/congo-brazzaville\/","name":"Congo Brazzaville","description":"Just another Africa News Agency Sites site","potentialAction":[{"@type":"SearchAction","target":{"@type":"EntryPoint","urlTemplate":"https:\/\/www.africa-press.net\/congo-brazzaville\/?s={search_term_string}"},"query-input":{"@type":"PropertyValueSpecification","valueRequired":true,"valueName":"search_term_string"}}],"inLanguage":"fr-FR"},{"@type":"Person","@id":"https:\/\/www.africa-press.net\/congo-brazzaville\/#\/schema\/person\/2b1cf3cd81a31e3cd26889ca66d677f1","name":"cfeditorfr"}]}},"_links":{"self":[{"href":"https:\/\/www.africa-press.net\/congo-brazzaville\/wp-json\/wp\/v2\/posts\/1336","targetHints":{"allow":["GET"]}}],"collection":[{"href":"https:\/\/www.africa-press.net\/congo-brazzaville\/wp-json\/wp\/v2\/posts"}],"about":[{"href":"https:\/\/www.africa-press.net\/congo-brazzaville\/wp-json\/wp\/v2\/types\/post"}],"author":[{"embeddable":true,"href":"https:\/\/www.africa-press.net\/congo-brazzaville\/wp-json\/wp\/v2\/users\/82"}],"replies":[{"embeddable":true,"href":"https:\/\/www.africa-press.net\/congo-brazzaville\/wp-json\/wp\/v2\/comments?post=1336"}],"version-history":[{"count":0,"href":"https:\/\/www.africa-press.net\/congo-brazzaville\/wp-json\/wp\/v2\/posts\/1336\/revisions"}],"wp:featuredmedia":[{"embeddable":true,"href":"https:\/\/www.africa-press.net\/congo-brazzaville\/wp-json\/wp\/v2\/media\/1335"}],"wp:attachment":[{"href":"https:\/\/www.africa-press.net\/congo-brazzaville\/wp-json\/wp\/v2\/media?parent=1336"}],"wp:term":[{"taxonomy":"category","embeddable":true,"href":"https:\/\/www.africa-press.net\/congo-brazzaville\/wp-json\/wp\/v2\/categories?post=1336"},{"taxonomy":"post_tag","embeddable":true,"href":"https:\/\/www.africa-press.net\/congo-brazzaville\/wp-json\/wp\/v2\/tags?post=1336"}],"curies":[{"name":"wp","href":"https:\/\/api.w.org\/{rel}","templated":true}]}}