{"id":13545,"date":"2023-01-21T12:41:44","date_gmt":"2023-01-21T12:41:44","guid":{"rendered":"https:\/\/www.africa-press.net\/congo-brazzaville\/politique\/environnement-denis-sassou-nguesso-invite-au-sommet-one-planet"},"modified":"2023-01-21T12:41:44","modified_gmt":"2023-01-21T12:41:44","slug":"environnement-denis-sassou-nguesso-invite-au-sommet-one-planet","status":"publish","type":"post","link":"https:\/\/www.africa-press.net\/congo-brazzaville\/politique\/environnement-denis-sassou-nguesso-invite-au-sommet-one-planet","title":{"rendered":"Environnement : Denis Sassou N\u2019Guesso invit\u00e9 au sommet One planet"},"content":{"rendered":"<p><span style=\"color: #ff6600\"><strong>Africa-Press &#8211; Congo Brazzaville. <\/strong><\/span><b>Le chef de l\u2019Etat, Denis Sassou N\u2019Guesso, a e\u0301change\u0301 le 19 janvier a\u0300 Brazzaville avec le ministre gabonais des Affaires e\u0301trange\u0300res, Michae\u0308l Moussa Adamo, porteur d\u2019un message du pre\u0301sident Ali Bongo Ondimba, peu avant sa mort .<\/b><\/p>\n<p>Au cours de leur entretien, Michae\u0308l Moussa Adamo a annonce\u0301 au chef de l\u2019Etat congolais son invitation a\u0300 prendre part au sommet One planet consacre\u0301 aux enjeux forestiers qui se tiendra en mars prochain a\u0300 Libreville, la capitale du gabon.<\/p>\n<p>\u00ab Libreville abrite du 1er au 2 mars prochain, conjointement avec la France, un sommet sur les fore\u0302ts et surtout le Bassin du Congo aussi. On ne peut pas parler du Bassin sans le Congo, le Gabon et la Re\u0301publique de\u0301mocratique du Congo. C\u2019est un sommet qui est conjointement organise\u0301 avec la France. Plusieurs chefs d\u2019Etat y participeront. La pre\u0301sence du pre\u0301sident Denis Sassou N\u2019Guesso est primordiale \u00bb, a de\u0301clare\u0301 le diplomate gabonais au sortir de l\u2019audience.<\/p>\n<p>Le sommet One planet sera notamment l\u2019occasion d\u2019avancer de manie\u0300re ambitieuse sur la pre\u0301servation des fore\u0302ts tropicales, qui sont au c\u0153ur des enjeux climat et biodiversite\u0301.<\/p>\n<p>Par ailleurs, Michae\u0308l Moussa Adamo a transmis au chef de l\u2019Etat congolais le message que son homologue gabonais, Ali Bongo Ondimba, lui a adresse\u0301.<\/p>\n<p>\u00ab C\u2019est un privile\u0300ge et un honneur d\u2019e\u0301changer pendant 1h 20 mn avec le pre\u0301sident de la Re\u0301publique, Denis Sassou N\u2019Guesso. Je suis porteur d\u2019un message de son homologue et fre\u0300re, le pre\u0301sident Ali Bongo Ondimba. Les relations entre le Congo et le Gabon ne peuvent e\u0302tre qu\u2019au beau fixe. Tout re\u0301unit, la famille, la ge\u0301ographie, les liens e\u0301ternels et permanents \u00bb, a assure\u0301 le ministre gabonais des Affaires e\u0301trange\u0300res.\r\n                <style type=\"text\/css\">\r\n                    \r\n                    #td_uid_1_69eda3dac32f5  .td-doubleSlider-2 .td-item1 {\r\n                        background: url(https:\/\/static.africa-press.net\/congo-brazzaville\/sites\/51\/2023\/01\/postMediaimg_30_1-63cbe00030bf7-80x60.jpg) 0 0 no-repeat;\r\n                    }\r\n                    #td_uid_1_69eda3dac32f5  .td-doubleSlider-2 .td-item2 {\r\n                        background: url(https:\/\/static.africa-press.net\/congo-brazzaville\/sites\/51\/2023\/01\/postMediaimg_30_2-63cbe01486709-80x60.jpg) 0 0 no-repeat;\r\n                    }\r\n                <\/style>\r\n\r\n                <div id=\"td_uid_1_69eda3dac32f5\" class=\"td-gallery td-slide-on-2-columns\">\r\n                    <div class=\"post_td_gallery\">\r\n                        <div class=\"td-gallery-slide-top\">\r\n                           <div class=\"td-gallery-title\"><\/div>\r\n\r\n                            <div class=\"td-gallery-controls-wrapper\">\r\n                                <div class=\"td-gallery-slide-count\"><span class=\"td-gallery-slide-item-focus\">1<\/span> de 2<\/div>\r\n                                <div class=\"td-gallery-slide-prev-next-but\">\r\n                                    <i class = \"td-icon-left doubleSliderPrevButton\"><\/i>\r\n                                    <i class = \"td-icon-right doubleSliderNextButton\"><\/i>\r\n                                <\/div>\r\n                            <\/div>\r\n                        <\/div>\r\n\r\n                        <div class = \"td-doubleSlider-1 \">\r\n                            <div class = \"td-slider\">\r\n                                \r\n                    <div class = \"td-slide-item td-item1\">\r\n                        <figure class=\"td-slide-galery-figure td-slide-popup-gallery\">\r\n                            <a class=\"slide-gallery-image-link\" href=\"https:\/\/static.africa-press.net\/congo-brazzaville\/sites\/51\/2023\/01\/postMediaimg_30_1-63cbe00030bf7.jpg\" title=\"postMediaimg_30_1-63cbe00030bf7\"  data-caption=\"\"  data-description=\"\">\r\n                                <img decoding=\"async\" src=\"https:\/\/static.africa-press.net\/congo-brazzaville\/sites\/51\/2023\/01\/postMediaimg_30_1-63cbe00030bf7.jpg\" srcset=\"https:\/\/static.africa-press.net\/congo-brazzaville\/sites\/51\/2023\/01\/postMediaimg_30_1-63cbe00030bf7.jpg 1080w, https:\/\/static.africa-press.net\/congo-brazzaville\/sites\/51\/2023\/01\/postMediaimg_30_1-63cbe00030bf7-300x200.jpg 300w, https:\/\/static.africa-press.net\/congo-brazzaville\/sites\/51\/2023\/01\/postMediaimg_30_1-63cbe00030bf7-1024x683.jpg 1024w, https:\/\/static.africa-press.net\/congo-brazzaville\/sites\/51\/2023\/01\/postMediaimg_30_1-63cbe00030bf7-768x512.jpg 768w\" sizes=\"(max-width: 1080px) 100vw, 1080px\" alt=\"\">\r\n                            <\/a>\r\n                            \r\n                        <\/figure>\r\n                    <\/div>\r\n                    <div class = \"td-slide-item td-item2\">\r\n                        <figure class=\"td-slide-galery-figure td-slide-popup-gallery\">\r\n                            <a class=\"slide-gallery-image-link\" href=\"https:\/\/static.africa-press.net\/congo-brazzaville\/sites\/51\/2023\/01\/postMediaimg_30_2-63cbe01486709.jpg\" title=\"postMediaimg_30_2-63cbe01486709\"  data-caption=\"\"  data-description=\"\">\r\n                                <img decoding=\"async\" src=\"https:\/\/static.africa-press.net\/congo-brazzaville\/sites\/51\/2023\/01\/postMediaimg_30_2-63cbe01486709.jpg\" srcset=\"https:\/\/static.africa-press.net\/congo-brazzaville\/sites\/51\/2023\/01\/postMediaimg_30_2-63cbe01486709.jpg 1080w, https:\/\/static.africa-press.net\/congo-brazzaville\/sites\/51\/2023\/01\/postMediaimg_30_2-63cbe01486709-300x200.jpg 300w, https:\/\/static.africa-press.net\/congo-brazzaville\/sites\/51\/2023\/01\/postMediaimg_30_2-63cbe01486709-1024x683.jpg 1024w, https:\/\/static.africa-press.net\/congo-brazzaville\/sites\/51\/2023\/01\/postMediaimg_30_2-63cbe01486709-768x512.jpg 768w\" sizes=\"(max-width: 1080px) 100vw, 1080px\" alt=\"\">\r\n                            <\/a>\r\n                            \r\n                        <\/figure>\r\n                    <\/div>\r\n                            <\/div>\r\n                        <\/div>\r\n\r\n                        <div class = \"td-doubleSlider-2\">\r\n                            <div class = \"td-slider\">\r\n                                \r\n                    <div class = \"td-button td-item1\">\r\n                        <div class = \"td-border\"><\/div>\r\n                    <\/div>\r\n                    <div class = \"td-button td-item2\">\r\n                        <div class = \"td-border\"><\/div>\r\n                    <\/div>\r\n                            <\/div>\r\n                        <\/div>\r\n\r\n                    <\/div>\r\n\r\n                <\/div>\r\n                <\/p>\n<p><strong>Pour plus d&rsquo;informations et d&rsquo;analyses sur la <a href=\"https:\/\/www.africa-press.net\/congo-brazzaville\">Congo Brazzaville<\/a>, suivez <a href=\"https:\/\/www.africa-press.net\/\">Africa-Press<\/a><\/strong><\/p>\n","protected":false},"excerpt":{"rendered":"<p>Africa-Press &#8211; Congo Brazzaville. Le chef de l\u2019Etat, Denis Sassou N\u2019Guesso, a e\u0301change\u0301 le 19 janvier a\u0300 Brazzaville avec le ministre gabonais des Affaires e\u0301trange\u0300res, Michae\u0308l Moussa Adamo, porteur d\u2019un message du pre\u0301sident Ali Bongo Ondimba, peu avant sa mort . Au cours de leur entretien, Michae\u0308l Moussa Adamo a annonce\u0301 au chef de l\u2019Etat [&hellip;]<\/p>\n","protected":false},"author":82,"featured_media":13544,"comment_status":"open","ping_status":"closed","sticky":false,"template":"","format":"standard","meta":{"footnotes":""},"categories":[8,2,20,10],"tags":[36,47,46],"class_list":["post-13545","post","type-post","status-publish","format-standard","has-post-thumbnail","hentry","category-photo","category-politique","category-top-nouvelles","category-toutes-les-actualites","tag-africa-press","tag-africa-press-congo-brazzaville","tag-congo-brazzaville"],"yoast_head":"<!-- This site is optimized with the Yoast SEO Premium plugin v26.1 (Yoast SEO v27.0) - https:\/\/yoast.com\/product\/yoast-seo-premium-wordpress\/ -->\n<title>Environnement : Denis Sassou N\u2019Guesso invit\u00e9 au sommet One planet - Congo Brazzaville<\/title>\n<meta name=\"robots\" content=\"index, follow, max-snippet:-1, max-image-preview:large, max-video-preview:-1\" \/>\n<link rel=\"canonical\" href=\"https:\/\/www.africa-press.net\/congo-brazzaville\/politique\/environnement-denis-sassou-nguesso-invite-au-sommet-one-planet\" \/>\n<meta property=\"og:locale\" content=\"fr_FR\" \/>\n<meta property=\"og:type\" content=\"article\" \/>\n<meta property=\"og:title\" content=\"Environnement : Denis Sassou N\u2019Guesso invit\u00e9 au sommet One planet\" \/>\n<meta property=\"og:description\" content=\"Africa-Press &#8211; Congo Brazzaville. Le chef de l\u2019Etat, Denis Sassou N\u2019Guesso, a e\u0301change\u0301 le 19 janvier a\u0300 Brazzaville avec le ministre gabonais des Affaires e\u0301trange\u0300res, Michae\u0308l Moussa Adamo, porteur d\u2019un message du pre\u0301sident Ali Bongo Ondimba, peu avant sa mort . Au cours de leur entretien, Michae\u0308l Moussa Adamo a annonce\u0301 au chef de l\u2019Etat [&hellip;]\" \/>\n<meta property=\"og:url\" content=\"https:\/\/www.africa-press.net\/congo-brazzaville\/politique\/environnement-denis-sassou-nguesso-invite-au-sommet-one-planet\" \/>\n<meta property=\"og:site_name\" content=\"Congo Brazzaville\" \/>\n<meta property=\"article:published_time\" content=\"2023-01-21T12:41:44+00:00\" \/>\n<meta property=\"og:image\" content=\"https:\/\/static.africa-press.net\/congo-brazzaville\/sites\/51\/2023\/01\/postMediaimg_30_1-63cbe00030bf7.jpg\" \/>\n<meta name=\"author\" content=\"cfeditorfr\" \/>\n<meta name=\"twitter:card\" content=\"summary_large_image\" \/>\n<meta name=\"twitter:label1\" content=\"\u00c9crit par\" \/>\n\t<meta name=\"twitter:data1\" content=\"cfeditorfr\" \/>\n\t<meta name=\"twitter:label2\" content=\"Dur\u00e9e de lecture estim\u00e9e\" \/>\n\t<meta name=\"twitter:data2\" content=\"2 minutes\" \/>\n<script type=\"application\/ld+json\" class=\"yoast-schema-graph\">{\"@context\":\"https:\/\/schema.org\",\"@graph\":[{\"@type\":\"Article\",\"@id\":\"https:\/\/www.africa-press.net\/congo-brazzaville\/politique\/environnement-denis-sassou-nguesso-invite-au-sommet-one-planet#article\",\"isPartOf\":{\"@id\":\"https:\/\/www.africa-press.net\/congo-brazzaville\/politique\/environnement-denis-sassou-nguesso-invite-au-sommet-one-planet\"},\"author\":{\"name\":\"cfeditorfr\",\"@id\":\"https:\/\/www.africa-press.net\/congo-brazzaville\/#\/schema\/person\/2b1cf3cd81a31e3cd26889ca66d677f1\"},\"headline\":\"Environnement : Denis Sassou N\u2019Guesso invit\u00e9 au sommet One planet\",\"datePublished\":\"2023-01-21T12:41:44+00:00\",\"mainEntityOfPage\":{\"@id\":\"https:\/\/www.africa-press.net\/congo-brazzaville\/politique\/environnement-denis-sassou-nguesso-invite-au-sommet-one-planet\"},\"wordCount\":348,\"commentCount\":0,\"image\":{\"@id\":\"https:\/\/www.africa-press.net\/congo-brazzaville\/politique\/environnement-denis-sassou-nguesso-invite-au-sommet-one-planet#primaryimage\"},\"thumbnailUrl\":\"https:\/\/static.africa-press.net\/congo-brazzaville\/sites\/51\/2023\/01\/postQueueImg_1674292319.23.jpg\",\"keywords\":[\"Africa Press\",\"Africa Press-Congo Brazzaville\",\"Congo Brazzaville\"],\"articleSection\":[\"Photo\",\"Politique\",\"Top Nouvelles\",\"Toutes les actualit\u00e9s\"],\"inLanguage\":\"fr-FR\",\"potentialAction\":[{\"@type\":\"CommentAction\",\"name\":\"Comment\",\"target\":[\"https:\/\/www.africa-press.net\/congo-brazzaville\/politique\/environnement-denis-sassou-nguesso-invite-au-sommet-one-planet#respond\"]}]},{\"@type\":\"WebPage\",\"@id\":\"https:\/\/www.africa-press.net\/congo-brazzaville\/politique\/environnement-denis-sassou-nguesso-invite-au-sommet-one-planet\",\"url\":\"https:\/\/www.africa-press.net\/congo-brazzaville\/politique\/environnement-denis-sassou-nguesso-invite-au-sommet-one-planet\",\"name\":\"Environnement : Denis Sassou N\u2019Guesso invit\u00e9 au sommet One planet - Congo Brazzaville\",\"isPartOf\":{\"@id\":\"https:\/\/www.africa-press.net\/congo-brazzaville\/#website\"},\"primaryImageOfPage\":{\"@id\":\"https:\/\/www.africa-press.net\/congo-brazzaville\/politique\/environnement-denis-sassou-nguesso-invite-au-sommet-one-planet#primaryimage\"},\"image\":{\"@id\":\"https:\/\/www.africa-press.net\/congo-brazzaville\/politique\/environnement-denis-sassou-nguesso-invite-au-sommet-one-planet#primaryimage\"},\"thumbnailUrl\":\"https:\/\/static.africa-press.net\/congo-brazzaville\/sites\/51\/2023\/01\/postQueueImg_1674292319.23.jpg\",\"datePublished\":\"2023-01-21T12:41:44+00:00\",\"author\":{\"@id\":\"https:\/\/www.africa-press.net\/congo-brazzaville\/#\/schema\/person\/2b1cf3cd81a31e3cd26889ca66d677f1\"},\"breadcrumb\":{\"@id\":\"https:\/\/www.africa-press.net\/congo-brazzaville\/politique\/environnement-denis-sassou-nguesso-invite-au-sommet-one-planet#breadcrumb\"},\"inLanguage\":\"fr-FR\",\"potentialAction\":[{\"@type\":\"ReadAction\",\"target\":[\"https:\/\/www.africa-press.net\/congo-brazzaville\/politique\/environnement-denis-sassou-nguesso-invite-au-sommet-one-planet\"]}]},{\"@type\":\"ImageObject\",\"inLanguage\":\"fr-FR\",\"@id\":\"https:\/\/www.africa-press.net\/congo-brazzaville\/politique\/environnement-denis-sassou-nguesso-invite-au-sommet-one-planet#primaryimage\",\"url\":\"https:\/\/static.africa-press.net\/congo-brazzaville\/sites\/51\/2023\/01\/postQueueImg_1674292319.23.jpg\",\"contentUrl\":\"https:\/\/static.africa-press.net\/congo-brazzaville\/sites\/51\/2023\/01\/postQueueImg_1674292319.23.jpg\",\"width\":1080,\"height\":720,\"caption\":\"Environnement : Denis Sassou N\u2019Guesso invit\u00e9 au sommet One planet\"},{\"@type\":\"BreadcrumbList\",\"@id\":\"https:\/\/www.africa-press.net\/congo-brazzaville\/politique\/environnement-denis-sassou-nguesso-invite-au-sommet-one-planet#breadcrumb\",\"itemListElement\":[{\"@type\":\"ListItem\",\"position\":1,\"name\":\"Accueil\",\"item\":\"https:\/\/www.africa-press.net\/congo-brazzaville\/\"},{\"@type\":\"ListItem\",\"position\":2,\"name\":\"Environnement : Denis Sassou N\u2019Guesso invit\u00e9 au sommet One planet\"}]},{\"@type\":\"WebSite\",\"@id\":\"https:\/\/www.africa-press.net\/congo-brazzaville\/#website\",\"url\":\"https:\/\/www.africa-press.net\/congo-brazzaville\/\",\"name\":\"Congo Brazzaville\",\"description\":\"Just another Africa News Agency Sites site\",\"potentialAction\":[{\"@type\":\"SearchAction\",\"target\":{\"@type\":\"EntryPoint\",\"urlTemplate\":\"https:\/\/www.africa-press.net\/congo-brazzaville\/?s={search_term_string}\"},\"query-input\":{\"@type\":\"PropertyValueSpecification\",\"valueRequired\":true,\"valueName\":\"search_term_string\"}}],\"inLanguage\":\"fr-FR\"},{\"@type\":\"Person\",\"@id\":\"https:\/\/www.africa-press.net\/congo-brazzaville\/#\/schema\/person\/2b1cf3cd81a31e3cd26889ca66d677f1\",\"name\":\"cfeditorfr\"}]}<\/script>\n<!-- \/ Yoast SEO Premium plugin. -->","yoast_head_json":{"title":"Environnement : Denis Sassou N\u2019Guesso invit\u00e9 au sommet One planet - Congo Brazzaville","robots":{"index":"index","follow":"follow","max-snippet":"max-snippet:-1","max-image-preview":"max-image-preview:large","max-video-preview":"max-video-preview:-1"},"canonical":"https:\/\/www.africa-press.net\/congo-brazzaville\/politique\/environnement-denis-sassou-nguesso-invite-au-sommet-one-planet","og_locale":"fr_FR","og_type":"article","og_title":"Environnement : Denis Sassou N\u2019Guesso invit\u00e9 au sommet One planet","og_description":"Africa-Press &#8211; Congo Brazzaville. Le chef de l\u2019Etat, Denis Sassou N\u2019Guesso, a e\u0301change\u0301 le 19 janvier a\u0300 Brazzaville avec le ministre gabonais des Affaires e\u0301trange\u0300res, Michae\u0308l Moussa Adamo, porteur d\u2019un message du pre\u0301sident Ali Bongo Ondimba, peu avant sa mort . Au cours de leur entretien, Michae\u0308l Moussa Adamo a annonce\u0301 au chef de l\u2019Etat [&hellip;]","og_url":"https:\/\/www.africa-press.net\/congo-brazzaville\/politique\/environnement-denis-sassou-nguesso-invite-au-sommet-one-planet","og_site_name":"Congo Brazzaville","article_published_time":"2023-01-21T12:41:44+00:00","og_image":[{"url":"https:\/\/static.africa-press.net\/congo-brazzaville\/sites\/51\/2023\/01\/postMediaimg_30_1-63cbe00030bf7.jpg","type":"","width":"","height":""}],"author":"cfeditorfr","twitter_card":"summary_large_image","twitter_misc":{"\u00c9crit par":"cfeditorfr","Dur\u00e9e de lecture estim\u00e9e":"2 minutes"},"schema":{"@context":"https:\/\/schema.org","@graph":[{"@type":"Article","@id":"https:\/\/www.africa-press.net\/congo-brazzaville\/politique\/environnement-denis-sassou-nguesso-invite-au-sommet-one-planet#article","isPartOf":{"@id":"https:\/\/www.africa-press.net\/congo-brazzaville\/politique\/environnement-denis-sassou-nguesso-invite-au-sommet-one-planet"},"author":{"name":"cfeditorfr","@id":"https:\/\/www.africa-press.net\/congo-brazzaville\/#\/schema\/person\/2b1cf3cd81a31e3cd26889ca66d677f1"},"headline":"Environnement : Denis Sassou N\u2019Guesso invit\u00e9 au sommet One planet","datePublished":"2023-01-21T12:41:44+00:00","mainEntityOfPage":{"@id":"https:\/\/www.africa-press.net\/congo-brazzaville\/politique\/environnement-denis-sassou-nguesso-invite-au-sommet-one-planet"},"wordCount":348,"commentCount":0,"image":{"@id":"https:\/\/www.africa-press.net\/congo-brazzaville\/politique\/environnement-denis-sassou-nguesso-invite-au-sommet-one-planet#primaryimage"},"thumbnailUrl":"https:\/\/static.africa-press.net\/congo-brazzaville\/sites\/51\/2023\/01\/postQueueImg_1674292319.23.jpg","keywords":["Africa Press","Africa Press-Congo Brazzaville","Congo Brazzaville"],"articleSection":["Photo","Politique","Top Nouvelles","Toutes les actualit\u00e9s"],"inLanguage":"fr-FR","potentialAction":[{"@type":"CommentAction","name":"Comment","target":["https:\/\/www.africa-press.net\/congo-brazzaville\/politique\/environnement-denis-sassou-nguesso-invite-au-sommet-one-planet#respond"]}]},{"@type":"WebPage","@id":"https:\/\/www.africa-press.net\/congo-brazzaville\/politique\/environnement-denis-sassou-nguesso-invite-au-sommet-one-planet","url":"https:\/\/www.africa-press.net\/congo-brazzaville\/politique\/environnement-denis-sassou-nguesso-invite-au-sommet-one-planet","name":"Environnement : Denis Sassou N\u2019Guesso invit\u00e9 au sommet One planet - Congo Brazzaville","isPartOf":{"@id":"https:\/\/www.africa-press.net\/congo-brazzaville\/#website"},"primaryImageOfPage":{"@id":"https:\/\/www.africa-press.net\/congo-brazzaville\/politique\/environnement-denis-sassou-nguesso-invite-au-sommet-one-planet#primaryimage"},"image":{"@id":"https:\/\/www.africa-press.net\/congo-brazzaville\/politique\/environnement-denis-sassou-nguesso-invite-au-sommet-one-planet#primaryimage"},"thumbnailUrl":"https:\/\/static.africa-press.net\/congo-brazzaville\/sites\/51\/2023\/01\/postQueueImg_1674292319.23.jpg","datePublished":"2023-01-21T12:41:44+00:00","author":{"@id":"https:\/\/www.africa-press.net\/congo-brazzaville\/#\/schema\/person\/2b1cf3cd81a31e3cd26889ca66d677f1"},"breadcrumb":{"@id":"https:\/\/www.africa-press.net\/congo-brazzaville\/politique\/environnement-denis-sassou-nguesso-invite-au-sommet-one-planet#breadcrumb"},"inLanguage":"fr-FR","potentialAction":[{"@type":"ReadAction","target":["https:\/\/www.africa-press.net\/congo-brazzaville\/politique\/environnement-denis-sassou-nguesso-invite-au-sommet-one-planet"]}]},{"@type":"ImageObject","inLanguage":"fr-FR","@id":"https:\/\/www.africa-press.net\/congo-brazzaville\/politique\/environnement-denis-sassou-nguesso-invite-au-sommet-one-planet#primaryimage","url":"https:\/\/static.africa-press.net\/congo-brazzaville\/sites\/51\/2023\/01\/postQueueImg_1674292319.23.jpg","contentUrl":"https:\/\/static.africa-press.net\/congo-brazzaville\/sites\/51\/2023\/01\/postQueueImg_1674292319.23.jpg","width":1080,"height":720,"caption":"Environnement : Denis Sassou N\u2019Guesso invit\u00e9 au sommet One planet"},{"@type":"BreadcrumbList","@id":"https:\/\/www.africa-press.net\/congo-brazzaville\/politique\/environnement-denis-sassou-nguesso-invite-au-sommet-one-planet#breadcrumb","itemListElement":[{"@type":"ListItem","position":1,"name":"Accueil","item":"https:\/\/www.africa-press.net\/congo-brazzaville\/"},{"@type":"ListItem","position":2,"name":"Environnement : Denis Sassou N\u2019Guesso invit\u00e9 au sommet One planet"}]},{"@type":"WebSite","@id":"https:\/\/www.africa-press.net\/congo-brazzaville\/#website","url":"https:\/\/www.africa-press.net\/congo-brazzaville\/","name":"Congo Brazzaville","description":"Just another Africa News Agency Sites site","potentialAction":[{"@type":"SearchAction","target":{"@type":"EntryPoint","urlTemplate":"https:\/\/www.africa-press.net\/congo-brazzaville\/?s={search_term_string}"},"query-input":{"@type":"PropertyValueSpecification","valueRequired":true,"valueName":"search_term_string"}}],"inLanguage":"fr-FR"},{"@type":"Person","@id":"https:\/\/www.africa-press.net\/congo-brazzaville\/#\/schema\/person\/2b1cf3cd81a31e3cd26889ca66d677f1","name":"cfeditorfr"}]}},"_links":{"self":[{"href":"https:\/\/www.africa-press.net\/congo-brazzaville\/wp-json\/wp\/v2\/posts\/13545","targetHints":{"allow":["GET"]}}],"collection":[{"href":"https:\/\/www.africa-press.net\/congo-brazzaville\/wp-json\/wp\/v2\/posts"}],"about":[{"href":"https:\/\/www.africa-press.net\/congo-brazzaville\/wp-json\/wp\/v2\/types\/post"}],"author":[{"embeddable":true,"href":"https:\/\/www.africa-press.net\/congo-brazzaville\/wp-json\/wp\/v2\/users\/82"}],"replies":[{"embeddable":true,"href":"https:\/\/www.africa-press.net\/congo-brazzaville\/wp-json\/wp\/v2\/comments?post=13545"}],"version-history":[{"count":0,"href":"https:\/\/www.africa-press.net\/congo-brazzaville\/wp-json\/wp\/v2\/posts\/13545\/revisions"}],"wp:featuredmedia":[{"embeddable":true,"href":"https:\/\/www.africa-press.net\/congo-brazzaville\/wp-json\/wp\/v2\/media\/13544"}],"wp:attachment":[{"href":"https:\/\/www.africa-press.net\/congo-brazzaville\/wp-json\/wp\/v2\/media?parent=13545"}],"wp:term":[{"taxonomy":"category","embeddable":true,"href":"https:\/\/www.africa-press.net\/congo-brazzaville\/wp-json\/wp\/v2\/categories?post=13545"},{"taxonomy":"post_tag","embeddable":true,"href":"https:\/\/www.africa-press.net\/congo-brazzaville\/wp-json\/wp\/v2\/tags?post=13545"}],"curies":[{"name":"wp","href":"https:\/\/api.w.org\/{rel}","templated":true}]}}