{"id":13547,"date":"2023-01-21T12:42:24","date_gmt":"2023-01-21T12:42:24","guid":{"rendered":"https:\/\/www.africa-press.net\/congo-brazzaville\/politique\/changement-climatique-le-fmi-invite-le-congo-a-plus-dinvestissement-dans-la-protection-de-lenvironnement"},"modified":"2023-01-21T12:42:24","modified_gmt":"2023-01-21T12:42:24","slug":"changement-climatique-le-fmi-invite-le-congo-a-plus-dinvestissement-dans-la-protection-de-lenvironnement","status":"publish","type":"post","link":"https:\/\/www.africa-press.net\/congo-brazzaville\/economie\/changement-climatique-le-fmi-invite-le-congo-a-plus-dinvestissement-dans-la-protection-de-lenvironnement","title":{"rendered":"Changement climatique : le FMI invite le Congo \u00e0 plus d&rsquo;investissement dans la protection de l&rsquo;environnement"},"content":{"rendered":"<p><span style=\"color: #ff6600\"><strong>Africa-Press &#8211; Congo Brazzaville. <\/strong><\/span><b>Lors d\u2019une audience, le 19 janvier a\u0300 Brazzaville, avec la ministre<\/b> <b>de<\/b> <b>l\u2019Environnement, du De\u0301veloppement durable et du Bassin du Congo, Arlette Soudan-Nonault,<\/b> <b>une de\u0301le\u0301gation du Fonds mone\u0301taire international ( FMI) a loue\u0301 le dynamisme du Congo dans la conservation de la nature. Leurs e\u0301changes ont e\u0301galement porte\u0301 sur la ne\u0301cessite\u0301 de renforcer la prise en compte des aspects lie\u0301s a\u0300 la protection de l&rsquo;environnement dans l&rsquo;exe\u0301cution des investissements publics.<\/b><\/p>\n<p>\u00ab Au cours de cet e\u0301change, nous avons parle\u0301 de l&rsquo;inte\u0301gration des e\u0301le\u0301ments relatifs au changement climatique dans la gestion des investissements publics . Nous avons e\u0301voque\u0301 le ro\u0302le imminent qui revient a\u0300 son ministe\u0300re dans ce domaine. Au nom de l&rsquo;institution que je repre\u0301sente, nous avons fait le point sur la ne\u0301cessite\u0301 d&rsquo;ame\u0301liorer la situation dans ce domaine. Cela demande un vrai engagement de la part des autorite\u0301s congolaises \u00bb, a explique\u0301 le chef de la de\u0301le\u0301gation, Claude Wend Ling.<\/p>\n<p>D&rsquo;apre\u0300s lui, tous les acteurs des investissements publics doivent s&rsquo;impliquer dans ce combat, puisque le FMI est disponible a\u0300 les aider sur la base des normes internationales. Il a, par ailleurs, loue\u0301 les efforts et le leadership du Congo dans la lutte contre le changement climatique ainsi que la protection de l&rsquo;environnement. Selon lui, cette dynamique devrait s&rsquo;intensifier.<\/p>\n<p><b>La Chine sensibilise\u0301e a\u0300 l&rsquo;organisation d&rsquo;un grand sommet a\u0300 Brazzaville<\/b><\/p>\n<p>Le me\u0302me jour, Arlette Soudan-Nonault a aussi e\u0301change\u0301 avec l&rsquo;ambassadeur de Chine au Congo, Ma Fulin. Ce dernier a rappele\u0301 les bonnes relations diplomatiques qui lient les deux pays et explique\u0301 l&rsquo;importance des projets communs, notamment dans le domaine de la conservation de la biodiversite\u0301. \u00ab Le Congo posse\u0300de un grand bassin et cela est un grand atout pour la plane\u0300te \u00bb, a-t-il reconnu.<\/p>\n<p>Ma Fulin a e\u0301te\u0301 e\u0301galement informe\u0301 de la tenue, en juin prochain, a\u0300 Brazzaville, du sommet des trois grands bassins forestiers de la plane\u0300te et la de\u0301cennie de l\u2019environnement. Il s&rsquo;agit du Bassin du Congo, de l\u2019Amazonie et celui du Borne\u0301o Me\u0301kong.<\/p>\n<p>Notons que ce sommet servira de cadre de concertation a\u0300 la cre\u0301ation d\u2019une coalition mondiale pour la protection de l\u2019environnement et de la biodiversite\u0301. Le second du genre, initie\u0301 par le chef de l\u2019Etat congolais, Denis Sassou N\u2019Guesso, apre\u0300s celui tenu du 31 mai au 3 juin 2011.<\/p>\n<p><strong>Pour plus d&rsquo;informations et d&rsquo;analyses sur la <a href=\"https:\/\/www.africa-press.net\/congo-brazzaville\">Congo Brazzaville<\/a>, suivez <a href=\"https:\/\/www.africa-press.net\/\">Africa-Press<\/a><\/strong><\/p>\n","protected":false},"excerpt":{"rendered":"<p>Africa-Press &#8211; Congo Brazzaville. Lors d\u2019une audience, le 19 janvier a\u0300 Brazzaville, avec la ministre de l\u2019Environnement, du De\u0301veloppement durable et du Bassin du Congo, Arlette Soudan-Nonault, une de\u0301le\u0301gation du Fonds mone\u0301taire international ( FMI) a loue\u0301 le dynamisme du Congo dans la conservation de la nature. Leurs e\u0301changes ont e\u0301galement porte\u0301 sur la ne\u0301cessite\u0301 [&hellip;]<\/p>\n","protected":false},"author":82,"featured_media":13546,"comment_status":"open","ping_status":"closed","sticky":false,"template":"","format":"standard","meta":{"footnotes":""},"categories":[3,10],"tags":[36,47,46],"class_list":["post-13547","post","type-post","status-publish","format-standard","has-post-thumbnail","hentry","category-economie","category-toutes-les-actualites","tag-africa-press","tag-africa-press-congo-brazzaville","tag-congo-brazzaville"],"yoast_head":"<!-- This site is optimized with the Yoast SEO Premium plugin v26.1 (Yoast SEO v27.0) - https:\/\/yoast.com\/product\/yoast-seo-premium-wordpress\/ -->\n<title>Changement climatique : le FMI invite le Congo \u00e0 plus d&#039;investissement dans la protection de l&#039;environnement - Congo Brazzaville<\/title>\n<meta name=\"robots\" content=\"index, follow, max-snippet:-1, max-image-preview:large, max-video-preview:-1\" \/>\n<link rel=\"canonical\" href=\"https:\/\/www.africa-press.net\/congo-brazzaville\/politique\/changement-climatique-le-fmi-invite-le-congo-a-plus-dinvestissement-dans-la-protection-de-lenvironnement\" \/>\n<meta property=\"og:locale\" content=\"fr_FR\" \/>\n<meta property=\"og:type\" content=\"article\" \/>\n<meta property=\"og:title\" content=\"Changement climatique : le FMI invite le Congo \u00e0 plus d&#039;investissement dans la protection de l&#039;environnement\" \/>\n<meta property=\"og:description\" content=\"Africa-Press &#8211; Congo Brazzaville. Lors d\u2019une audience, le 19 janvier a\u0300 Brazzaville, avec la ministre de l\u2019Environnement, du De\u0301veloppement durable et du Bassin du Congo, Arlette Soudan-Nonault, une de\u0301le\u0301gation du Fonds mone\u0301taire international ( FMI) a loue\u0301 le dynamisme du Congo dans la conservation de la nature. Leurs e\u0301changes ont e\u0301galement porte\u0301 sur la ne\u0301cessite\u0301 [&hellip;]\" \/>\n<meta property=\"og:url\" content=\"https:\/\/www.africa-press.net\/congo-brazzaville\/politique\/changement-climatique-le-fmi-invite-le-congo-a-plus-dinvestissement-dans-la-protection-de-lenvironnement\" \/>\n<meta property=\"og:site_name\" content=\"Congo Brazzaville\" \/>\n<meta property=\"article:published_time\" content=\"2023-01-21T12:42:24+00:00\" \/>\n<meta name=\"author\" content=\"cfeditorfr\" \/>\n<meta name=\"twitter:card\" content=\"summary_large_image\" \/>\n<meta name=\"twitter:label1\" content=\"\u00c9crit par\" \/>\n\t<meta name=\"twitter:data1\" content=\"cfeditorfr\" \/>\n\t<meta name=\"twitter:label2\" content=\"Dur\u00e9e de lecture estim\u00e9e\" \/>\n\t<meta name=\"twitter:data2\" content=\"2 minutes\" \/>\n<script type=\"application\/ld+json\" class=\"yoast-schema-graph\">{\"@context\":\"https:\/\/schema.org\",\"@graph\":[{\"@type\":\"Article\",\"@id\":\"https:\/\/www.africa-press.net\/congo-brazzaville\/politique\/changement-climatique-le-fmi-invite-le-congo-a-plus-dinvestissement-dans-la-protection-de-lenvironnement#article\",\"isPartOf\":{\"@id\":\"https:\/\/www.africa-press.net\/congo-brazzaville\/politique\/changement-climatique-le-fmi-invite-le-congo-a-plus-dinvestissement-dans-la-protection-de-lenvironnement\"},\"author\":{\"name\":\"cfeditorfr\",\"@id\":\"https:\/\/www.africa-press.net\/congo-brazzaville\/#\/schema\/person\/2b1cf3cd81a31e3cd26889ca66d677f1\"},\"headline\":\"Changement climatique : le FMI invite le Congo \u00e0 plus d&rsquo;investissement dans la protection de l&rsquo;environnement\",\"datePublished\":\"2023-01-21T12:42:24+00:00\",\"mainEntityOfPage\":{\"@id\":\"https:\/\/www.africa-press.net\/congo-brazzaville\/politique\/changement-climatique-le-fmi-invite-le-congo-a-plus-dinvestissement-dans-la-protection-de-lenvironnement\"},\"wordCount\":454,\"commentCount\":0,\"image\":{\"@id\":\"https:\/\/www.africa-press.net\/congo-brazzaville\/politique\/changement-climatique-le-fmi-invite-le-congo-a-plus-dinvestissement-dans-la-protection-de-lenvironnement#primaryimage\"},\"thumbnailUrl\":\"https:\/\/static.africa-press.net\/congo-brazzaville\/sites\/51\/2023\/01\/postQueueImg_1674292348.00.jpg\",\"keywords\":[\"Africa Press\",\"Africa Press-Congo Brazzaville\",\"Congo Brazzaville\"],\"articleSection\":[\"\u00c9conomie\",\"Toutes les actualit\u00e9s\"],\"inLanguage\":\"fr-FR\",\"potentialAction\":[{\"@type\":\"CommentAction\",\"name\":\"Comment\",\"target\":[\"https:\/\/www.africa-press.net\/congo-brazzaville\/politique\/changement-climatique-le-fmi-invite-le-congo-a-plus-dinvestissement-dans-la-protection-de-lenvironnement#respond\"]}]},{\"@type\":\"WebPage\",\"@id\":\"https:\/\/www.africa-press.net\/congo-brazzaville\/politique\/changement-climatique-le-fmi-invite-le-congo-a-plus-dinvestissement-dans-la-protection-de-lenvironnement\",\"url\":\"https:\/\/www.africa-press.net\/congo-brazzaville\/politique\/changement-climatique-le-fmi-invite-le-congo-a-plus-dinvestissement-dans-la-protection-de-lenvironnement\",\"name\":\"Changement climatique : le FMI invite le Congo \u00e0 plus d'investissement dans la protection de l'environnement - Congo Brazzaville\",\"isPartOf\":{\"@id\":\"https:\/\/www.africa-press.net\/congo-brazzaville\/#website\"},\"primaryImageOfPage\":{\"@id\":\"https:\/\/www.africa-press.net\/congo-brazzaville\/politique\/changement-climatique-le-fmi-invite-le-congo-a-plus-dinvestissement-dans-la-protection-de-lenvironnement#primaryimage\"},\"image\":{\"@id\":\"https:\/\/www.africa-press.net\/congo-brazzaville\/politique\/changement-climatique-le-fmi-invite-le-congo-a-plus-dinvestissement-dans-la-protection-de-lenvironnement#primaryimage\"},\"thumbnailUrl\":\"https:\/\/static.africa-press.net\/congo-brazzaville\/sites\/51\/2023\/01\/postQueueImg_1674292348.00.jpg\",\"datePublished\":\"2023-01-21T12:42:24+00:00\",\"author\":{\"@id\":\"https:\/\/www.africa-press.net\/congo-brazzaville\/#\/schema\/person\/2b1cf3cd81a31e3cd26889ca66d677f1\"},\"breadcrumb\":{\"@id\":\"https:\/\/www.africa-press.net\/congo-brazzaville\/politique\/changement-climatique-le-fmi-invite-le-congo-a-plus-dinvestissement-dans-la-protection-de-lenvironnement#breadcrumb\"},\"inLanguage\":\"fr-FR\",\"potentialAction\":[{\"@type\":\"ReadAction\",\"target\":[\"https:\/\/www.africa-press.net\/congo-brazzaville\/politique\/changement-climatique-le-fmi-invite-le-congo-a-plus-dinvestissement-dans-la-protection-de-lenvironnement\"]}]},{\"@type\":\"ImageObject\",\"inLanguage\":\"fr-FR\",\"@id\":\"https:\/\/www.africa-press.net\/congo-brazzaville\/politique\/changement-climatique-le-fmi-invite-le-congo-a-plus-dinvestissement-dans-la-protection-de-lenvironnement#primaryimage\",\"url\":\"https:\/\/static.africa-press.net\/congo-brazzaville\/sites\/51\/2023\/01\/postQueueImg_1674292348.00.jpg\",\"contentUrl\":\"https:\/\/static.africa-press.net\/congo-brazzaville\/sites\/51\/2023\/01\/postQueueImg_1674292348.00.jpg\",\"width\":1155,\"height\":768,\"caption\":\"Changement climatique : le FMI invite le Congo \u00e0 plus d'investissement dans la protection de l'environnement\"},{\"@type\":\"BreadcrumbList\",\"@id\":\"https:\/\/www.africa-press.net\/congo-brazzaville\/politique\/changement-climatique-le-fmi-invite-le-congo-a-plus-dinvestissement-dans-la-protection-de-lenvironnement#breadcrumb\",\"itemListElement\":[{\"@type\":\"ListItem\",\"position\":1,\"name\":\"Accueil\",\"item\":\"https:\/\/www.africa-press.net\/congo-brazzaville\/\"},{\"@type\":\"ListItem\",\"position\":2,\"name\":\"Changement climatique : le FMI invite le Congo \u00e0 plus d&rsquo;investissement dans la protection de l&rsquo;environnement\"}]},{\"@type\":\"WebSite\",\"@id\":\"https:\/\/www.africa-press.net\/congo-brazzaville\/#website\",\"url\":\"https:\/\/www.africa-press.net\/congo-brazzaville\/\",\"name\":\"Congo Brazzaville\",\"description\":\"Just another Africa News Agency Sites site\",\"potentialAction\":[{\"@type\":\"SearchAction\",\"target\":{\"@type\":\"EntryPoint\",\"urlTemplate\":\"https:\/\/www.africa-press.net\/congo-brazzaville\/?s={search_term_string}\"},\"query-input\":{\"@type\":\"PropertyValueSpecification\",\"valueRequired\":true,\"valueName\":\"search_term_string\"}}],\"inLanguage\":\"fr-FR\"},{\"@type\":\"Person\",\"@id\":\"https:\/\/www.africa-press.net\/congo-brazzaville\/#\/schema\/person\/2b1cf3cd81a31e3cd26889ca66d677f1\",\"name\":\"cfeditorfr\"}]}<\/script>\n<!-- \/ Yoast SEO Premium plugin. -->","yoast_head_json":{"title":"Changement climatique : le FMI invite le Congo \u00e0 plus d'investissement dans la protection de l'environnement - Congo Brazzaville","robots":{"index":"index","follow":"follow","max-snippet":"max-snippet:-1","max-image-preview":"max-image-preview:large","max-video-preview":"max-video-preview:-1"},"canonical":"https:\/\/www.africa-press.net\/congo-brazzaville\/politique\/changement-climatique-le-fmi-invite-le-congo-a-plus-dinvestissement-dans-la-protection-de-lenvironnement","og_locale":"fr_FR","og_type":"article","og_title":"Changement climatique : le FMI invite le Congo \u00e0 plus d'investissement dans la protection de l'environnement","og_description":"Africa-Press &#8211; Congo Brazzaville. Lors d\u2019une audience, le 19 janvier a\u0300 Brazzaville, avec la ministre de l\u2019Environnement, du De\u0301veloppement durable et du Bassin du Congo, Arlette Soudan-Nonault, une de\u0301le\u0301gation du Fonds mone\u0301taire international ( FMI) a loue\u0301 le dynamisme du Congo dans la conservation de la nature. Leurs e\u0301changes ont e\u0301galement porte\u0301 sur la ne\u0301cessite\u0301 [&hellip;]","og_url":"https:\/\/www.africa-press.net\/congo-brazzaville\/politique\/changement-climatique-le-fmi-invite-le-congo-a-plus-dinvestissement-dans-la-protection-de-lenvironnement","og_site_name":"Congo Brazzaville","article_published_time":"2023-01-21T12:42:24+00:00","author":"cfeditorfr","twitter_card":"summary_large_image","twitter_misc":{"\u00c9crit par":"cfeditorfr","Dur\u00e9e de lecture estim\u00e9e":"2 minutes"},"schema":{"@context":"https:\/\/schema.org","@graph":[{"@type":"Article","@id":"https:\/\/www.africa-press.net\/congo-brazzaville\/politique\/changement-climatique-le-fmi-invite-le-congo-a-plus-dinvestissement-dans-la-protection-de-lenvironnement#article","isPartOf":{"@id":"https:\/\/www.africa-press.net\/congo-brazzaville\/politique\/changement-climatique-le-fmi-invite-le-congo-a-plus-dinvestissement-dans-la-protection-de-lenvironnement"},"author":{"name":"cfeditorfr","@id":"https:\/\/www.africa-press.net\/congo-brazzaville\/#\/schema\/person\/2b1cf3cd81a31e3cd26889ca66d677f1"},"headline":"Changement climatique : le FMI invite le Congo \u00e0 plus d&rsquo;investissement dans la protection de l&rsquo;environnement","datePublished":"2023-01-21T12:42:24+00:00","mainEntityOfPage":{"@id":"https:\/\/www.africa-press.net\/congo-brazzaville\/politique\/changement-climatique-le-fmi-invite-le-congo-a-plus-dinvestissement-dans-la-protection-de-lenvironnement"},"wordCount":454,"commentCount":0,"image":{"@id":"https:\/\/www.africa-press.net\/congo-brazzaville\/politique\/changement-climatique-le-fmi-invite-le-congo-a-plus-dinvestissement-dans-la-protection-de-lenvironnement#primaryimage"},"thumbnailUrl":"https:\/\/static.africa-press.net\/congo-brazzaville\/sites\/51\/2023\/01\/postQueueImg_1674292348.00.jpg","keywords":["Africa Press","Africa Press-Congo Brazzaville","Congo Brazzaville"],"articleSection":["\u00c9conomie","Toutes les actualit\u00e9s"],"inLanguage":"fr-FR","potentialAction":[{"@type":"CommentAction","name":"Comment","target":["https:\/\/www.africa-press.net\/congo-brazzaville\/politique\/changement-climatique-le-fmi-invite-le-congo-a-plus-dinvestissement-dans-la-protection-de-lenvironnement#respond"]}]},{"@type":"WebPage","@id":"https:\/\/www.africa-press.net\/congo-brazzaville\/politique\/changement-climatique-le-fmi-invite-le-congo-a-plus-dinvestissement-dans-la-protection-de-lenvironnement","url":"https:\/\/www.africa-press.net\/congo-brazzaville\/politique\/changement-climatique-le-fmi-invite-le-congo-a-plus-dinvestissement-dans-la-protection-de-lenvironnement","name":"Changement climatique : le FMI invite le Congo \u00e0 plus d'investissement dans la protection de l'environnement - Congo Brazzaville","isPartOf":{"@id":"https:\/\/www.africa-press.net\/congo-brazzaville\/#website"},"primaryImageOfPage":{"@id":"https:\/\/www.africa-press.net\/congo-brazzaville\/politique\/changement-climatique-le-fmi-invite-le-congo-a-plus-dinvestissement-dans-la-protection-de-lenvironnement#primaryimage"},"image":{"@id":"https:\/\/www.africa-press.net\/congo-brazzaville\/politique\/changement-climatique-le-fmi-invite-le-congo-a-plus-dinvestissement-dans-la-protection-de-lenvironnement#primaryimage"},"thumbnailUrl":"https:\/\/static.africa-press.net\/congo-brazzaville\/sites\/51\/2023\/01\/postQueueImg_1674292348.00.jpg","datePublished":"2023-01-21T12:42:24+00:00","author":{"@id":"https:\/\/www.africa-press.net\/congo-brazzaville\/#\/schema\/person\/2b1cf3cd81a31e3cd26889ca66d677f1"},"breadcrumb":{"@id":"https:\/\/www.africa-press.net\/congo-brazzaville\/politique\/changement-climatique-le-fmi-invite-le-congo-a-plus-dinvestissement-dans-la-protection-de-lenvironnement#breadcrumb"},"inLanguage":"fr-FR","potentialAction":[{"@type":"ReadAction","target":["https:\/\/www.africa-press.net\/congo-brazzaville\/politique\/changement-climatique-le-fmi-invite-le-congo-a-plus-dinvestissement-dans-la-protection-de-lenvironnement"]}]},{"@type":"ImageObject","inLanguage":"fr-FR","@id":"https:\/\/www.africa-press.net\/congo-brazzaville\/politique\/changement-climatique-le-fmi-invite-le-congo-a-plus-dinvestissement-dans-la-protection-de-lenvironnement#primaryimage","url":"https:\/\/static.africa-press.net\/congo-brazzaville\/sites\/51\/2023\/01\/postQueueImg_1674292348.00.jpg","contentUrl":"https:\/\/static.africa-press.net\/congo-brazzaville\/sites\/51\/2023\/01\/postQueueImg_1674292348.00.jpg","width":1155,"height":768,"caption":"Changement climatique : le FMI invite le Congo \u00e0 plus d'investissement dans la protection de l'environnement"},{"@type":"BreadcrumbList","@id":"https:\/\/www.africa-press.net\/congo-brazzaville\/politique\/changement-climatique-le-fmi-invite-le-congo-a-plus-dinvestissement-dans-la-protection-de-lenvironnement#breadcrumb","itemListElement":[{"@type":"ListItem","position":1,"name":"Accueil","item":"https:\/\/www.africa-press.net\/congo-brazzaville\/"},{"@type":"ListItem","position":2,"name":"Changement climatique : le FMI invite le Congo \u00e0 plus d&rsquo;investissement dans la protection de l&rsquo;environnement"}]},{"@type":"WebSite","@id":"https:\/\/www.africa-press.net\/congo-brazzaville\/#website","url":"https:\/\/www.africa-press.net\/congo-brazzaville\/","name":"Congo Brazzaville","description":"Just another Africa News Agency Sites site","potentialAction":[{"@type":"SearchAction","target":{"@type":"EntryPoint","urlTemplate":"https:\/\/www.africa-press.net\/congo-brazzaville\/?s={search_term_string}"},"query-input":{"@type":"PropertyValueSpecification","valueRequired":true,"valueName":"search_term_string"}}],"inLanguage":"fr-FR"},{"@type":"Person","@id":"https:\/\/www.africa-press.net\/congo-brazzaville\/#\/schema\/person\/2b1cf3cd81a31e3cd26889ca66d677f1","name":"cfeditorfr"}]}},"_links":{"self":[{"href":"https:\/\/www.africa-press.net\/congo-brazzaville\/wp-json\/wp\/v2\/posts\/13547","targetHints":{"allow":["GET"]}}],"collection":[{"href":"https:\/\/www.africa-press.net\/congo-brazzaville\/wp-json\/wp\/v2\/posts"}],"about":[{"href":"https:\/\/www.africa-press.net\/congo-brazzaville\/wp-json\/wp\/v2\/types\/post"}],"author":[{"embeddable":true,"href":"https:\/\/www.africa-press.net\/congo-brazzaville\/wp-json\/wp\/v2\/users\/82"}],"replies":[{"embeddable":true,"href":"https:\/\/www.africa-press.net\/congo-brazzaville\/wp-json\/wp\/v2\/comments?post=13547"}],"version-history":[{"count":0,"href":"https:\/\/www.africa-press.net\/congo-brazzaville\/wp-json\/wp\/v2\/posts\/13547\/revisions"}],"wp:featuredmedia":[{"embeddable":true,"href":"https:\/\/www.africa-press.net\/congo-brazzaville\/wp-json\/wp\/v2\/media\/13546"}],"wp:attachment":[{"href":"https:\/\/www.africa-press.net\/congo-brazzaville\/wp-json\/wp\/v2\/media?parent=13547"}],"wp:term":[{"taxonomy":"category","embeddable":true,"href":"https:\/\/www.africa-press.net\/congo-brazzaville\/wp-json\/wp\/v2\/categories?post=13547"},{"taxonomy":"post_tag","embeddable":true,"href":"https:\/\/www.africa-press.net\/congo-brazzaville\/wp-json\/wp\/v2\/tags?post=13547"}],"curies":[{"name":"wp","href":"https:\/\/api.w.org\/{rel}","templated":true}]}}