{"id":13549,"date":"2023-01-21T12:42:41","date_gmt":"2023-01-21T12:42:41","guid":{"rendered":"https:\/\/www.africa-press.net\/congo-brazzaville\/politique\/environnement-le-pnud-va-aider-le-congo-a-proteger-ses-mangroves"},"modified":"2023-01-21T12:42:41","modified_gmt":"2023-01-21T12:42:41","slug":"environnement-le-pnud-va-aider-le-congo-a-proteger-ses-mangroves","status":"publish","type":"post","link":"https:\/\/www.africa-press.net\/congo-brazzaville\/toutes-les-actualites\/environnement-le-pnud-va-aider-le-congo-a-proteger-ses-mangroves","title":{"rendered":"Environnement : le Pnud va aider le Congo \u00e0 prot\u00e9ger ses mangroves"},"content":{"rendered":"<p><span style=\"color: #ff6600\"><strong>Africa-Press &#8211; Congo Brazzaville. <\/strong><\/span><b>Le repre\u0301sentant re\u0301sident du Programme des Nations unies pour le de\u0301veloppement (Pnud) au Congo, Maleye Diop, et la ministre de l\u2019Environnement, du De\u0301veloppement durable et du Bassin du Congo, Arlette Soudan-Nonault, ont de\u0301battu de la protection des mangroves, le 20 janvier a\u0300 Brazzaville, lors d\u2019une audience.<\/b><\/p>\n<p>La ministre de l\u2019Environnement, du De\u0301veloppement durable et du Bassin du Congo et le repre\u0301sentant re\u0301sident du Pnud ont de\u0301battu de trois sujets de grande importance dont l&rsquo;un sur la protection des mangroves au littoral de Pointe-Noire.<\/p>\n<p>A ce sujet, au regard de son importance dans la pre\u0301servation de l\u2019environnement, l\u2019agence onusienne s\u2019est engage\u0301e a\u0300 appuyer le Congo dans la protection des mangroves.<\/p>\n<p>\u00ab Avec la ministre de l\u2019Environnement, nous avons discute\u0301 d\u2019un certain nombre de projets inhe\u0301rents a\u0300 la pre\u0301servation des e\u0301cosyste\u0300mes marins. Nous avons e\u0301voque\u0301 notamment la ne\u0301cessite\u0301 de de\u0301velopper un projet de protection des mangroves sur le littoral \u00bb, a pre\u0301cise\u0301 le repre\u0301sentant re\u0301sident du Pnud au Congo, Maleye Diop.<\/p>\n<p>La mangrove est un e\u0301cosyste\u0300me de marais maritime incluant un groupement de ve\u0301ge\u0301taux spe\u0301cifiques, principalement ligneux, qui ne se de\u0301veloppe que dans la zone de balancement des mare\u0301es, sur des co\u0302tes basses des re\u0301gions tropicales. Riches en terme de biodiversite\u0301, mais menace\u0301es de par le monde, les mangroves sont un type d\u2019e\u0301cosyste\u0300me tre\u0300s important pour la conservation de diverses espe\u0300ces marines.<\/p>\n<p>D\u2019apre\u0300s les spe\u0301cialistes dans le domaine, il existe trois types de mangroves, a\u0300 savoir les pale\u0301tuviers blancs, noirs, rouges et les mangroves a\u0300 boutons.<\/p>\n<p>Arlette Soudan-Nonault et Maleye Diop ont e\u0301voque\u0301, ensuite, la conception d\u2019un autre projet sur la protection des tortues marines le long des co\u0302tes de l\u2019oce\u0301an Atlantique. Classe\u0301e elle aussi parmi des espe\u0300ces en danger, la tortue marine me\u0301rite une attention particulie\u0300re avec pour objectif de susciter sa valorisation e\u0301conomique.<\/p>\n<p>La ministre de l\u2019Environnement, du De\u0301veloppement durable et du Bassin du Congo et son interlocuteur ont aussi parle\u0301 de la protection de l\u2019environnement de manie\u0300re globale.<\/p>\n<p><strong>Pour plus d&rsquo;informations et d&rsquo;analyses sur la <a href=\"https:\/\/www.africa-press.net\/congo-brazzaville\">Congo Brazzaville<\/a>, suivez <a href=\"https:\/\/www.africa-press.net\/\">Africa-Press<\/a><\/strong><\/p>\n","protected":false},"excerpt":{"rendered":"<p>Africa-Press &#8211; Congo Brazzaville. Le repre\u0301sentant re\u0301sident du Programme des Nations unies pour le de\u0301veloppement (Pnud) au Congo, Maleye Diop, et la ministre de l\u2019Environnement, du De\u0301veloppement durable et du Bassin du Congo, Arlette Soudan-Nonault, ont de\u0301battu de la protection des mangroves, le 20 janvier a\u0300 Brazzaville, lors d\u2019une audience. La ministre de l\u2019Environnement, du [&hellip;]<\/p>\n","protected":false},"author":82,"featured_media":13548,"comment_status":"open","ping_status":"closed","sticky":false,"template":"","format":"standard","meta":{"footnotes":""},"categories":[21,10],"tags":[36,47,46],"class_list":["post-13549","post","type-post","status-publish","format-standard","has-post-thumbnail","hentry","category-communaute","category-toutes-les-actualites","tag-africa-press","tag-africa-press-congo-brazzaville","tag-congo-brazzaville"],"yoast_head":"<!-- This site is optimized with the Yoast SEO Premium plugin v26.1 (Yoast SEO v27.0) - https:\/\/yoast.com\/product\/yoast-seo-premium-wordpress\/ -->\n<title>Environnement : le Pnud va aider le Congo \u00e0 prot\u00e9ger ses mangroves - Congo Brazzaville<\/title>\n<meta name=\"robots\" content=\"index, follow, max-snippet:-1, max-image-preview:large, max-video-preview:-1\" \/>\n<link rel=\"canonical\" href=\"https:\/\/www.africa-press.net\/congo-brazzaville\/politique\/environnement-le-pnud-va-aider-le-congo-a-proteger-ses-mangroves\" \/>\n<meta property=\"og:locale\" content=\"fr_FR\" \/>\n<meta property=\"og:type\" content=\"article\" \/>\n<meta property=\"og:title\" content=\"Environnement : le Pnud va aider le Congo \u00e0 prot\u00e9ger ses mangroves\" \/>\n<meta property=\"og:description\" content=\"Africa-Press &#8211; Congo Brazzaville. Le repre\u0301sentant re\u0301sident du Programme des Nations unies pour le de\u0301veloppement (Pnud) au Congo, Maleye Diop, et la ministre de l\u2019Environnement, du De\u0301veloppement durable et du Bassin du Congo, Arlette Soudan-Nonault, ont de\u0301battu de la protection des mangroves, le 20 janvier a\u0300 Brazzaville, lors d\u2019une audience. La ministre de l\u2019Environnement, du [&hellip;]\" \/>\n<meta property=\"og:url\" content=\"https:\/\/www.africa-press.net\/congo-brazzaville\/politique\/environnement-le-pnud-va-aider-le-congo-a-proteger-ses-mangroves\" \/>\n<meta property=\"og:site_name\" content=\"Congo Brazzaville\" \/>\n<meta property=\"article:published_time\" content=\"2023-01-21T12:42:41+00:00\" \/>\n<meta name=\"author\" content=\"cfeditorfr\" \/>\n<meta name=\"twitter:card\" content=\"summary_large_image\" \/>\n<meta name=\"twitter:label1\" content=\"\u00c9crit par\" \/>\n\t<meta name=\"twitter:data1\" content=\"cfeditorfr\" \/>\n\t<meta name=\"twitter:label2\" content=\"Dur\u00e9e de lecture estim\u00e9e\" \/>\n\t<meta name=\"twitter:data2\" content=\"2 minutes\" \/>\n<script type=\"application\/ld+json\" class=\"yoast-schema-graph\">{\"@context\":\"https:\/\/schema.org\",\"@graph\":[{\"@type\":\"Article\",\"@id\":\"https:\/\/www.africa-press.net\/congo-brazzaville\/politique\/environnement-le-pnud-va-aider-le-congo-a-proteger-ses-mangroves#article\",\"isPartOf\":{\"@id\":\"https:\/\/www.africa-press.net\/congo-brazzaville\/politique\/environnement-le-pnud-va-aider-le-congo-a-proteger-ses-mangroves\"},\"author\":{\"name\":\"cfeditorfr\",\"@id\":\"https:\/\/www.africa-press.net\/congo-brazzaville\/#\/schema\/person\/2b1cf3cd81a31e3cd26889ca66d677f1\"},\"headline\":\"Environnement : le Pnud va aider le Congo \u00e0 prot\u00e9ger ses mangroves\",\"datePublished\":\"2023-01-21T12:42:41+00:00\",\"mainEntityOfPage\":{\"@id\":\"https:\/\/www.africa-press.net\/congo-brazzaville\/politique\/environnement-le-pnud-va-aider-le-congo-a-proteger-ses-mangroves\"},\"wordCount\":407,\"commentCount\":0,\"image\":{\"@id\":\"https:\/\/www.africa-press.net\/congo-brazzaville\/politique\/environnement-le-pnud-va-aider-le-congo-a-proteger-ses-mangroves#primaryimage\"},\"thumbnailUrl\":\"https:\/\/static.africa-press.net\/congo-brazzaville\/sites\/51\/2023\/01\/postQueueImg_1674292383.32.jpg\",\"keywords\":[\"Africa Press\",\"Africa Press-Congo Brazzaville\",\"Congo Brazzaville\"],\"articleSection\":[\"Communaut\u00e9\",\"Toutes les actualit\u00e9s\"],\"inLanguage\":\"fr-FR\",\"potentialAction\":[{\"@type\":\"CommentAction\",\"name\":\"Comment\",\"target\":[\"https:\/\/www.africa-press.net\/congo-brazzaville\/politique\/environnement-le-pnud-va-aider-le-congo-a-proteger-ses-mangroves#respond\"]}]},{\"@type\":\"WebPage\",\"@id\":\"https:\/\/www.africa-press.net\/congo-brazzaville\/politique\/environnement-le-pnud-va-aider-le-congo-a-proteger-ses-mangroves\",\"url\":\"https:\/\/www.africa-press.net\/congo-brazzaville\/politique\/environnement-le-pnud-va-aider-le-congo-a-proteger-ses-mangroves\",\"name\":\"Environnement : le Pnud va aider le Congo \u00e0 prot\u00e9ger ses mangroves - Congo Brazzaville\",\"isPartOf\":{\"@id\":\"https:\/\/www.africa-press.net\/congo-brazzaville\/#website\"},\"primaryImageOfPage\":{\"@id\":\"https:\/\/www.africa-press.net\/congo-brazzaville\/politique\/environnement-le-pnud-va-aider-le-congo-a-proteger-ses-mangroves#primaryimage\"},\"image\":{\"@id\":\"https:\/\/www.africa-press.net\/congo-brazzaville\/politique\/environnement-le-pnud-va-aider-le-congo-a-proteger-ses-mangroves#primaryimage\"},\"thumbnailUrl\":\"https:\/\/static.africa-press.net\/congo-brazzaville\/sites\/51\/2023\/01\/postQueueImg_1674292383.32.jpg\",\"datePublished\":\"2023-01-21T12:42:41+00:00\",\"author\":{\"@id\":\"https:\/\/www.africa-press.net\/congo-brazzaville\/#\/schema\/person\/2b1cf3cd81a31e3cd26889ca66d677f1\"},\"breadcrumb\":{\"@id\":\"https:\/\/www.africa-press.net\/congo-brazzaville\/politique\/environnement-le-pnud-va-aider-le-congo-a-proteger-ses-mangroves#breadcrumb\"},\"inLanguage\":\"fr-FR\",\"potentialAction\":[{\"@type\":\"ReadAction\",\"target\":[\"https:\/\/www.africa-press.net\/congo-brazzaville\/politique\/environnement-le-pnud-va-aider-le-congo-a-proteger-ses-mangroves\"]}]},{\"@type\":\"ImageObject\",\"inLanguage\":\"fr-FR\",\"@id\":\"https:\/\/www.africa-press.net\/congo-brazzaville\/politique\/environnement-le-pnud-va-aider-le-congo-a-proteger-ses-mangroves#primaryimage\",\"url\":\"https:\/\/static.africa-press.net\/congo-brazzaville\/sites\/51\/2023\/01\/postQueueImg_1674292383.32.jpg\",\"contentUrl\":\"https:\/\/static.africa-press.net\/congo-brazzaville\/sites\/51\/2023\/01\/postQueueImg_1674292383.32.jpg\",\"width\":1140,\"height\":570,\"caption\":\"Environnement : le Pnud va aider le Congo \u00e0 prot\u00e9ger ses mangroves\"},{\"@type\":\"BreadcrumbList\",\"@id\":\"https:\/\/www.africa-press.net\/congo-brazzaville\/politique\/environnement-le-pnud-va-aider-le-congo-a-proteger-ses-mangroves#breadcrumb\",\"itemListElement\":[{\"@type\":\"ListItem\",\"position\":1,\"name\":\"Accueil\",\"item\":\"https:\/\/www.africa-press.net\/congo-brazzaville\/\"},{\"@type\":\"ListItem\",\"position\":2,\"name\":\"Environnement : le Pnud va aider le Congo \u00e0 prot\u00e9ger ses mangroves\"}]},{\"@type\":\"WebSite\",\"@id\":\"https:\/\/www.africa-press.net\/congo-brazzaville\/#website\",\"url\":\"https:\/\/www.africa-press.net\/congo-brazzaville\/\",\"name\":\"Congo Brazzaville\",\"description\":\"Just another Africa News Agency Sites site\",\"potentialAction\":[{\"@type\":\"SearchAction\",\"target\":{\"@type\":\"EntryPoint\",\"urlTemplate\":\"https:\/\/www.africa-press.net\/congo-brazzaville\/?s={search_term_string}\"},\"query-input\":{\"@type\":\"PropertyValueSpecification\",\"valueRequired\":true,\"valueName\":\"search_term_string\"}}],\"inLanguage\":\"fr-FR\"},{\"@type\":\"Person\",\"@id\":\"https:\/\/www.africa-press.net\/congo-brazzaville\/#\/schema\/person\/2b1cf3cd81a31e3cd26889ca66d677f1\",\"name\":\"cfeditorfr\"}]}<\/script>\n<!-- \/ Yoast SEO Premium plugin. -->","yoast_head_json":{"title":"Environnement : le Pnud va aider le Congo \u00e0 prot\u00e9ger ses mangroves - Congo Brazzaville","robots":{"index":"index","follow":"follow","max-snippet":"max-snippet:-1","max-image-preview":"max-image-preview:large","max-video-preview":"max-video-preview:-1"},"canonical":"https:\/\/www.africa-press.net\/congo-brazzaville\/politique\/environnement-le-pnud-va-aider-le-congo-a-proteger-ses-mangroves","og_locale":"fr_FR","og_type":"article","og_title":"Environnement : le Pnud va aider le Congo \u00e0 prot\u00e9ger ses mangroves","og_description":"Africa-Press &#8211; Congo Brazzaville. Le repre\u0301sentant re\u0301sident du Programme des Nations unies pour le de\u0301veloppement (Pnud) au Congo, Maleye Diop, et la ministre de l\u2019Environnement, du De\u0301veloppement durable et du Bassin du Congo, Arlette Soudan-Nonault, ont de\u0301battu de la protection des mangroves, le 20 janvier a\u0300 Brazzaville, lors d\u2019une audience. La ministre de l\u2019Environnement, du [&hellip;]","og_url":"https:\/\/www.africa-press.net\/congo-brazzaville\/politique\/environnement-le-pnud-va-aider-le-congo-a-proteger-ses-mangroves","og_site_name":"Congo Brazzaville","article_published_time":"2023-01-21T12:42:41+00:00","author":"cfeditorfr","twitter_card":"summary_large_image","twitter_misc":{"\u00c9crit par":"cfeditorfr","Dur\u00e9e de lecture estim\u00e9e":"2 minutes"},"schema":{"@context":"https:\/\/schema.org","@graph":[{"@type":"Article","@id":"https:\/\/www.africa-press.net\/congo-brazzaville\/politique\/environnement-le-pnud-va-aider-le-congo-a-proteger-ses-mangroves#article","isPartOf":{"@id":"https:\/\/www.africa-press.net\/congo-brazzaville\/politique\/environnement-le-pnud-va-aider-le-congo-a-proteger-ses-mangroves"},"author":{"name":"cfeditorfr","@id":"https:\/\/www.africa-press.net\/congo-brazzaville\/#\/schema\/person\/2b1cf3cd81a31e3cd26889ca66d677f1"},"headline":"Environnement : le Pnud va aider le Congo \u00e0 prot\u00e9ger ses mangroves","datePublished":"2023-01-21T12:42:41+00:00","mainEntityOfPage":{"@id":"https:\/\/www.africa-press.net\/congo-brazzaville\/politique\/environnement-le-pnud-va-aider-le-congo-a-proteger-ses-mangroves"},"wordCount":407,"commentCount":0,"image":{"@id":"https:\/\/www.africa-press.net\/congo-brazzaville\/politique\/environnement-le-pnud-va-aider-le-congo-a-proteger-ses-mangroves#primaryimage"},"thumbnailUrl":"https:\/\/static.africa-press.net\/congo-brazzaville\/sites\/51\/2023\/01\/postQueueImg_1674292383.32.jpg","keywords":["Africa Press","Africa Press-Congo Brazzaville","Congo Brazzaville"],"articleSection":["Communaut\u00e9","Toutes les actualit\u00e9s"],"inLanguage":"fr-FR","potentialAction":[{"@type":"CommentAction","name":"Comment","target":["https:\/\/www.africa-press.net\/congo-brazzaville\/politique\/environnement-le-pnud-va-aider-le-congo-a-proteger-ses-mangroves#respond"]}]},{"@type":"WebPage","@id":"https:\/\/www.africa-press.net\/congo-brazzaville\/politique\/environnement-le-pnud-va-aider-le-congo-a-proteger-ses-mangroves","url":"https:\/\/www.africa-press.net\/congo-brazzaville\/politique\/environnement-le-pnud-va-aider-le-congo-a-proteger-ses-mangroves","name":"Environnement : le Pnud va aider le Congo \u00e0 prot\u00e9ger ses mangroves - Congo Brazzaville","isPartOf":{"@id":"https:\/\/www.africa-press.net\/congo-brazzaville\/#website"},"primaryImageOfPage":{"@id":"https:\/\/www.africa-press.net\/congo-brazzaville\/politique\/environnement-le-pnud-va-aider-le-congo-a-proteger-ses-mangroves#primaryimage"},"image":{"@id":"https:\/\/www.africa-press.net\/congo-brazzaville\/politique\/environnement-le-pnud-va-aider-le-congo-a-proteger-ses-mangroves#primaryimage"},"thumbnailUrl":"https:\/\/static.africa-press.net\/congo-brazzaville\/sites\/51\/2023\/01\/postQueueImg_1674292383.32.jpg","datePublished":"2023-01-21T12:42:41+00:00","author":{"@id":"https:\/\/www.africa-press.net\/congo-brazzaville\/#\/schema\/person\/2b1cf3cd81a31e3cd26889ca66d677f1"},"breadcrumb":{"@id":"https:\/\/www.africa-press.net\/congo-brazzaville\/politique\/environnement-le-pnud-va-aider-le-congo-a-proteger-ses-mangroves#breadcrumb"},"inLanguage":"fr-FR","potentialAction":[{"@type":"ReadAction","target":["https:\/\/www.africa-press.net\/congo-brazzaville\/politique\/environnement-le-pnud-va-aider-le-congo-a-proteger-ses-mangroves"]}]},{"@type":"ImageObject","inLanguage":"fr-FR","@id":"https:\/\/www.africa-press.net\/congo-brazzaville\/politique\/environnement-le-pnud-va-aider-le-congo-a-proteger-ses-mangroves#primaryimage","url":"https:\/\/static.africa-press.net\/congo-brazzaville\/sites\/51\/2023\/01\/postQueueImg_1674292383.32.jpg","contentUrl":"https:\/\/static.africa-press.net\/congo-brazzaville\/sites\/51\/2023\/01\/postQueueImg_1674292383.32.jpg","width":1140,"height":570,"caption":"Environnement : le Pnud va aider le Congo \u00e0 prot\u00e9ger ses mangroves"},{"@type":"BreadcrumbList","@id":"https:\/\/www.africa-press.net\/congo-brazzaville\/politique\/environnement-le-pnud-va-aider-le-congo-a-proteger-ses-mangroves#breadcrumb","itemListElement":[{"@type":"ListItem","position":1,"name":"Accueil","item":"https:\/\/www.africa-press.net\/congo-brazzaville\/"},{"@type":"ListItem","position":2,"name":"Environnement : le Pnud va aider le Congo \u00e0 prot\u00e9ger ses mangroves"}]},{"@type":"WebSite","@id":"https:\/\/www.africa-press.net\/congo-brazzaville\/#website","url":"https:\/\/www.africa-press.net\/congo-brazzaville\/","name":"Congo Brazzaville","description":"Just another Africa News Agency Sites site","potentialAction":[{"@type":"SearchAction","target":{"@type":"EntryPoint","urlTemplate":"https:\/\/www.africa-press.net\/congo-brazzaville\/?s={search_term_string}"},"query-input":{"@type":"PropertyValueSpecification","valueRequired":true,"valueName":"search_term_string"}}],"inLanguage":"fr-FR"},{"@type":"Person","@id":"https:\/\/www.africa-press.net\/congo-brazzaville\/#\/schema\/person\/2b1cf3cd81a31e3cd26889ca66d677f1","name":"cfeditorfr"}]}},"_links":{"self":[{"href":"https:\/\/www.africa-press.net\/congo-brazzaville\/wp-json\/wp\/v2\/posts\/13549","targetHints":{"allow":["GET"]}}],"collection":[{"href":"https:\/\/www.africa-press.net\/congo-brazzaville\/wp-json\/wp\/v2\/posts"}],"about":[{"href":"https:\/\/www.africa-press.net\/congo-brazzaville\/wp-json\/wp\/v2\/types\/post"}],"author":[{"embeddable":true,"href":"https:\/\/www.africa-press.net\/congo-brazzaville\/wp-json\/wp\/v2\/users\/82"}],"replies":[{"embeddable":true,"href":"https:\/\/www.africa-press.net\/congo-brazzaville\/wp-json\/wp\/v2\/comments?post=13549"}],"version-history":[{"count":0,"href":"https:\/\/www.africa-press.net\/congo-brazzaville\/wp-json\/wp\/v2\/posts\/13549\/revisions"}],"wp:featuredmedia":[{"embeddable":true,"href":"https:\/\/www.africa-press.net\/congo-brazzaville\/wp-json\/wp\/v2\/media\/13548"}],"wp:attachment":[{"href":"https:\/\/www.africa-press.net\/congo-brazzaville\/wp-json\/wp\/v2\/media?parent=13549"}],"wp:term":[{"taxonomy":"category","embeddable":true,"href":"https:\/\/www.africa-press.net\/congo-brazzaville\/wp-json\/wp\/v2\/categories?post=13549"},{"taxonomy":"post_tag","embeddable":true,"href":"https:\/\/www.africa-press.net\/congo-brazzaville\/wp-json\/wp\/v2\/tags?post=13549"}],"curies":[{"name":"wp","href":"https:\/\/api.w.org\/{rel}","templated":true}]}}