{"id":13553,"date":"2023-01-21T12:43:35","date_gmt":"2023-01-21T12:43:35","guid":{"rendered":"https:\/\/www.africa-press.net\/congo-brazzaville\/politique\/chan-2023-le-congo-quitte-la-competition"},"modified":"2023-01-21T12:43:35","modified_gmt":"2023-01-21T12:43:35","slug":"chan-2023-le-congo-quitte-la-competition","status":"publish","type":"post","link":"https:\/\/www.africa-press.net\/congo-brazzaville\/sports\/chan-2023-le-congo-quitte-la-competition","title":{"rendered":"Chan 2023\u00a0: le Congo quitte la comp\u00e9tition"},"content":{"rendered":"<p><span style=\"color: #ff6600\"><strong>Africa-Press &#8211; Congo Brazzaville. <\/strong><\/span>Les Diables rouges du Congo qui souhaitaient traverser les quarts de finale de la 7e e\u0301dition du Championnat d\u2019Afrique des nations(Chan), une compe\u0301tition re\u0301serve\u0301e aux joueurs locaux, l&rsquo;ont quitte\u0301e plus to\u0302t que pre\u0301vu.<\/p>\n<p>Apre\u0300s avoir perdu contre le Cameroun (1-0), le Congo a fait jeu e\u0301gal avec le Niger (0-0). Ce re\u0301sultat a balise\u0301 le chemin de son e\u0301limination dans ce groupe E ou\u0300 il n\u2019y a que trois e\u0301quipes pour une seule place qualificative. Ce sce\u0301nario laisse beaucoup de regrets aux hommes de Jean Elie Ngoya qui ont pousse\u0301 et se sont procure\u0301s de multiples occasions.<\/p>\n<p>La pression congolaise e\u0301tait visible durant tout le match. D\u2019ailleurs, Soussou e\u0301tait tout proche d\u2019ouvrir le score mais sa frappe, de\u0301vie\u0301e, allait heurter le poteau. Dans la foule\u0301e, la te\u0302te e\u0301crase\u0301e d\u2019Arnauvy Mombou e\u0301tait de\u0301tourne\u0301e par Mahamadou Djibo. Bissinga pensait enfin trouver la faille dans les dernie\u0300res minutes sur une superbe frappe croise\u0301e, mais son but e\u0301tait refuse\u0301 apre\u0300s recours a\u0300 la VAR en raison d\u2019un hors-jeu pre\u0301alable. En tout cas, c\u2019est fini pour le Congo.<\/p>\n<p>Le re\u0302ve de Jean Elie Ngoya d\u2019aller plus loin, comme lors des pre\u0301ce\u0301dentes e\u0301ditions, s\u2019est envole\u0301 sous ses yeux. Le Niger peut continuer a\u0300 re\u0302ver de la qualification en cas d\u2019exploit mardi face au Cameroun.<\/p>\n<p>Notons qu&rsquo;en quatre participations a\u0300 cette compe\u0301tition, la meilleure performance du Congo remonte a\u0300 2018 lorsqu&rsquo;il a atteint les quarts de finale.<\/p>\n<p><strong>Pour plus d&rsquo;informations et d&rsquo;analyses sur la <a href=\"https:\/\/www.africa-press.net\/congo-brazzaville\">Congo Brazzaville<\/a>, suivez <a href=\"https:\/\/www.africa-press.net\/\">Africa-Press<\/a><\/strong><\/p>\n","protected":false},"excerpt":{"rendered":"<p>Africa-Press &#8211; Congo Brazzaville. Les Diables rouges du Congo qui souhaitaient traverser les quarts de finale de la 7e e\u0301dition du Championnat d\u2019Afrique des nations(Chan), une compe\u0301tition re\u0301serve\u0301e aux joueurs locaux, l&rsquo;ont quitte\u0301e plus to\u0302t que pre\u0301vu. Apre\u0300s avoir perdu contre le Cameroun (1-0), le Congo a fait jeu e\u0301gal avec le Niger (0-0). Ce [&hellip;]<\/p>\n","protected":false},"author":82,"featured_media":13552,"comment_status":"open","ping_status":"closed","sticky":false,"template":"","format":"standard","meta":{"footnotes":""},"categories":[6,10],"tags":[36,47,46],"class_list":["post-13553","post","type-post","status-publish","format-standard","has-post-thumbnail","hentry","category-sports","category-toutes-les-actualites","tag-africa-press","tag-africa-press-congo-brazzaville","tag-congo-brazzaville"],"yoast_head":"<!-- This site is optimized with the Yoast SEO Premium plugin v26.1 (Yoast SEO v27.0) - https:\/\/yoast.com\/product\/yoast-seo-premium-wordpress\/ -->\n<title>Chan 2023\u00a0: le Congo quitte la comp\u00e9tition - Congo Brazzaville<\/title>\n<meta name=\"robots\" content=\"index, follow, max-snippet:-1, max-image-preview:large, max-video-preview:-1\" \/>\n<link rel=\"canonical\" href=\"https:\/\/www.africa-press.net\/congo-brazzaville\/politique\/chan-2023-le-congo-quitte-la-competition\" \/>\n<meta property=\"og:locale\" content=\"fr_FR\" \/>\n<meta property=\"og:type\" content=\"article\" \/>\n<meta property=\"og:title\" content=\"Chan 2023\u00a0: le Congo quitte la comp\u00e9tition\" \/>\n<meta property=\"og:description\" content=\"Africa-Press &#8211; Congo Brazzaville. Les Diables rouges du Congo qui souhaitaient traverser les quarts de finale de la 7e e\u0301dition du Championnat d\u2019Afrique des nations(Chan), une compe\u0301tition re\u0301serve\u0301e aux joueurs locaux, l&rsquo;ont quitte\u0301e plus to\u0302t que pre\u0301vu. Apre\u0300s avoir perdu contre le Cameroun (1-0), le Congo a fait jeu e\u0301gal avec le Niger (0-0). Ce [&hellip;]\" \/>\n<meta property=\"og:url\" content=\"https:\/\/www.africa-press.net\/congo-brazzaville\/politique\/chan-2023-le-congo-quitte-la-competition\" \/>\n<meta property=\"og:site_name\" content=\"Congo Brazzaville\" \/>\n<meta property=\"article:published_time\" content=\"2023-01-21T12:43:35+00:00\" \/>\n<meta name=\"author\" content=\"cfeditorfr\" \/>\n<meta name=\"twitter:card\" content=\"summary_large_image\" \/>\n<meta name=\"twitter:label1\" content=\"\u00c9crit par\" \/>\n\t<meta name=\"twitter:data1\" content=\"cfeditorfr\" \/>\n\t<meta name=\"twitter:label2\" content=\"Dur\u00e9e de lecture estim\u00e9e\" \/>\n\t<meta name=\"twitter:data2\" content=\"1 minute\" \/>\n<script type=\"application\/ld+json\" class=\"yoast-schema-graph\">{\"@context\":\"https:\/\/schema.org\",\"@graph\":[{\"@type\":\"Article\",\"@id\":\"https:\/\/www.africa-press.net\/congo-brazzaville\/politique\/chan-2023-le-congo-quitte-la-competition#article\",\"isPartOf\":{\"@id\":\"https:\/\/www.africa-press.net\/congo-brazzaville\/politique\/chan-2023-le-congo-quitte-la-competition\"},\"author\":{\"name\":\"cfeditorfr\",\"@id\":\"https:\/\/www.africa-press.net\/congo-brazzaville\/#\/schema\/person\/2b1cf3cd81a31e3cd26889ca66d677f1\"},\"headline\":\"Chan 2023\u00a0: le Congo quitte la comp\u00e9tition\",\"datePublished\":\"2023-01-21T12:43:35+00:00\",\"mainEntityOfPage\":{\"@id\":\"https:\/\/www.africa-press.net\/congo-brazzaville\/politique\/chan-2023-le-congo-quitte-la-competition\"},\"wordCount\":303,\"commentCount\":0,\"image\":{\"@id\":\"https:\/\/www.africa-press.net\/congo-brazzaville\/politique\/chan-2023-le-congo-quitte-la-competition#primaryimage\"},\"thumbnailUrl\":\"https:\/\/static.africa-press.net\/congo-brazzaville\/sites\/51\/2023\/01\/postQueueImg_1674292427.23.jpg\",\"keywords\":[\"Africa Press\",\"Africa Press-Congo Brazzaville\",\"Congo Brazzaville\"],\"articleSection\":[\"Sports\",\"Toutes les actualit\u00e9s\"],\"inLanguage\":\"fr-FR\",\"potentialAction\":[{\"@type\":\"CommentAction\",\"name\":\"Comment\",\"target\":[\"https:\/\/www.africa-press.net\/congo-brazzaville\/politique\/chan-2023-le-congo-quitte-la-competition#respond\"]}]},{\"@type\":\"WebPage\",\"@id\":\"https:\/\/www.africa-press.net\/congo-brazzaville\/politique\/chan-2023-le-congo-quitte-la-competition\",\"url\":\"https:\/\/www.africa-press.net\/congo-brazzaville\/politique\/chan-2023-le-congo-quitte-la-competition\",\"name\":\"Chan 2023\u00a0: le Congo quitte la comp\u00e9tition - Congo Brazzaville\",\"isPartOf\":{\"@id\":\"https:\/\/www.africa-press.net\/congo-brazzaville\/#website\"},\"primaryImageOfPage\":{\"@id\":\"https:\/\/www.africa-press.net\/congo-brazzaville\/politique\/chan-2023-le-congo-quitte-la-competition#primaryimage\"},\"image\":{\"@id\":\"https:\/\/www.africa-press.net\/congo-brazzaville\/politique\/chan-2023-le-congo-quitte-la-competition#primaryimage\"},\"thumbnailUrl\":\"https:\/\/static.africa-press.net\/congo-brazzaville\/sites\/51\/2023\/01\/postQueueImg_1674292427.23.jpg\",\"datePublished\":\"2023-01-21T12:43:35+00:00\",\"author\":{\"@id\":\"https:\/\/www.africa-press.net\/congo-brazzaville\/#\/schema\/person\/2b1cf3cd81a31e3cd26889ca66d677f1\"},\"breadcrumb\":{\"@id\":\"https:\/\/www.africa-press.net\/congo-brazzaville\/politique\/chan-2023-le-congo-quitte-la-competition#breadcrumb\"},\"inLanguage\":\"fr-FR\",\"potentialAction\":[{\"@type\":\"ReadAction\",\"target\":[\"https:\/\/www.africa-press.net\/congo-brazzaville\/politique\/chan-2023-le-congo-quitte-la-competition\"]}]},{\"@type\":\"ImageObject\",\"inLanguage\":\"fr-FR\",\"@id\":\"https:\/\/www.africa-press.net\/congo-brazzaville\/politique\/chan-2023-le-congo-quitte-la-competition#primaryimage\",\"url\":\"https:\/\/static.africa-press.net\/congo-brazzaville\/sites\/51\/2023\/01\/postQueueImg_1674292427.23.jpg\",\"contentUrl\":\"https:\/\/static.africa-press.net\/congo-brazzaville\/sites\/51\/2023\/01\/postQueueImg_1674292427.23.jpg\",\"width\":720,\"height\":405,\"caption\":\"Chan 2023\u00a0: le Congo quitte la comp\u00e9tition\"},{\"@type\":\"BreadcrumbList\",\"@id\":\"https:\/\/www.africa-press.net\/congo-brazzaville\/politique\/chan-2023-le-congo-quitte-la-competition#breadcrumb\",\"itemListElement\":[{\"@type\":\"ListItem\",\"position\":1,\"name\":\"Accueil\",\"item\":\"https:\/\/www.africa-press.net\/congo-brazzaville\/\"},{\"@type\":\"ListItem\",\"position\":2,\"name\":\"Chan 2023\u00a0: le Congo quitte la comp\u00e9tition\"}]},{\"@type\":\"WebSite\",\"@id\":\"https:\/\/www.africa-press.net\/congo-brazzaville\/#website\",\"url\":\"https:\/\/www.africa-press.net\/congo-brazzaville\/\",\"name\":\"Congo Brazzaville\",\"description\":\"Just another Africa News Agency Sites site\",\"potentialAction\":[{\"@type\":\"SearchAction\",\"target\":{\"@type\":\"EntryPoint\",\"urlTemplate\":\"https:\/\/www.africa-press.net\/congo-brazzaville\/?s={search_term_string}\"},\"query-input\":{\"@type\":\"PropertyValueSpecification\",\"valueRequired\":true,\"valueName\":\"search_term_string\"}}],\"inLanguage\":\"fr-FR\"},{\"@type\":\"Person\",\"@id\":\"https:\/\/www.africa-press.net\/congo-brazzaville\/#\/schema\/person\/2b1cf3cd81a31e3cd26889ca66d677f1\",\"name\":\"cfeditorfr\"}]}<\/script>\n<!-- \/ Yoast SEO Premium plugin. -->","yoast_head_json":{"title":"Chan 2023\u00a0: le Congo quitte la comp\u00e9tition - Congo Brazzaville","robots":{"index":"index","follow":"follow","max-snippet":"max-snippet:-1","max-image-preview":"max-image-preview:large","max-video-preview":"max-video-preview:-1"},"canonical":"https:\/\/www.africa-press.net\/congo-brazzaville\/politique\/chan-2023-le-congo-quitte-la-competition","og_locale":"fr_FR","og_type":"article","og_title":"Chan 2023\u00a0: le Congo quitte la comp\u00e9tition","og_description":"Africa-Press &#8211; Congo Brazzaville. Les Diables rouges du Congo qui souhaitaient traverser les quarts de finale de la 7e e\u0301dition du Championnat d\u2019Afrique des nations(Chan), une compe\u0301tition re\u0301serve\u0301e aux joueurs locaux, l&rsquo;ont quitte\u0301e plus to\u0302t que pre\u0301vu. Apre\u0300s avoir perdu contre le Cameroun (1-0), le Congo a fait jeu e\u0301gal avec le Niger (0-0). Ce [&hellip;]","og_url":"https:\/\/www.africa-press.net\/congo-brazzaville\/politique\/chan-2023-le-congo-quitte-la-competition","og_site_name":"Congo Brazzaville","article_published_time":"2023-01-21T12:43:35+00:00","author":"cfeditorfr","twitter_card":"summary_large_image","twitter_misc":{"\u00c9crit par":"cfeditorfr","Dur\u00e9e de lecture estim\u00e9e":"1 minute"},"schema":{"@context":"https:\/\/schema.org","@graph":[{"@type":"Article","@id":"https:\/\/www.africa-press.net\/congo-brazzaville\/politique\/chan-2023-le-congo-quitte-la-competition#article","isPartOf":{"@id":"https:\/\/www.africa-press.net\/congo-brazzaville\/politique\/chan-2023-le-congo-quitte-la-competition"},"author":{"name":"cfeditorfr","@id":"https:\/\/www.africa-press.net\/congo-brazzaville\/#\/schema\/person\/2b1cf3cd81a31e3cd26889ca66d677f1"},"headline":"Chan 2023\u00a0: le Congo quitte la comp\u00e9tition","datePublished":"2023-01-21T12:43:35+00:00","mainEntityOfPage":{"@id":"https:\/\/www.africa-press.net\/congo-brazzaville\/politique\/chan-2023-le-congo-quitte-la-competition"},"wordCount":303,"commentCount":0,"image":{"@id":"https:\/\/www.africa-press.net\/congo-brazzaville\/politique\/chan-2023-le-congo-quitte-la-competition#primaryimage"},"thumbnailUrl":"https:\/\/static.africa-press.net\/congo-brazzaville\/sites\/51\/2023\/01\/postQueueImg_1674292427.23.jpg","keywords":["Africa Press","Africa Press-Congo Brazzaville","Congo Brazzaville"],"articleSection":["Sports","Toutes les actualit\u00e9s"],"inLanguage":"fr-FR","potentialAction":[{"@type":"CommentAction","name":"Comment","target":["https:\/\/www.africa-press.net\/congo-brazzaville\/politique\/chan-2023-le-congo-quitte-la-competition#respond"]}]},{"@type":"WebPage","@id":"https:\/\/www.africa-press.net\/congo-brazzaville\/politique\/chan-2023-le-congo-quitte-la-competition","url":"https:\/\/www.africa-press.net\/congo-brazzaville\/politique\/chan-2023-le-congo-quitte-la-competition","name":"Chan 2023\u00a0: le Congo quitte la comp\u00e9tition - Congo Brazzaville","isPartOf":{"@id":"https:\/\/www.africa-press.net\/congo-brazzaville\/#website"},"primaryImageOfPage":{"@id":"https:\/\/www.africa-press.net\/congo-brazzaville\/politique\/chan-2023-le-congo-quitte-la-competition#primaryimage"},"image":{"@id":"https:\/\/www.africa-press.net\/congo-brazzaville\/politique\/chan-2023-le-congo-quitte-la-competition#primaryimage"},"thumbnailUrl":"https:\/\/static.africa-press.net\/congo-brazzaville\/sites\/51\/2023\/01\/postQueueImg_1674292427.23.jpg","datePublished":"2023-01-21T12:43:35+00:00","author":{"@id":"https:\/\/www.africa-press.net\/congo-brazzaville\/#\/schema\/person\/2b1cf3cd81a31e3cd26889ca66d677f1"},"breadcrumb":{"@id":"https:\/\/www.africa-press.net\/congo-brazzaville\/politique\/chan-2023-le-congo-quitte-la-competition#breadcrumb"},"inLanguage":"fr-FR","potentialAction":[{"@type":"ReadAction","target":["https:\/\/www.africa-press.net\/congo-brazzaville\/politique\/chan-2023-le-congo-quitte-la-competition"]}]},{"@type":"ImageObject","inLanguage":"fr-FR","@id":"https:\/\/www.africa-press.net\/congo-brazzaville\/politique\/chan-2023-le-congo-quitte-la-competition#primaryimage","url":"https:\/\/static.africa-press.net\/congo-brazzaville\/sites\/51\/2023\/01\/postQueueImg_1674292427.23.jpg","contentUrl":"https:\/\/static.africa-press.net\/congo-brazzaville\/sites\/51\/2023\/01\/postQueueImg_1674292427.23.jpg","width":720,"height":405,"caption":"Chan 2023\u00a0: le Congo quitte la comp\u00e9tition"},{"@type":"BreadcrumbList","@id":"https:\/\/www.africa-press.net\/congo-brazzaville\/politique\/chan-2023-le-congo-quitte-la-competition#breadcrumb","itemListElement":[{"@type":"ListItem","position":1,"name":"Accueil","item":"https:\/\/www.africa-press.net\/congo-brazzaville\/"},{"@type":"ListItem","position":2,"name":"Chan 2023\u00a0: le Congo quitte la comp\u00e9tition"}]},{"@type":"WebSite","@id":"https:\/\/www.africa-press.net\/congo-brazzaville\/#website","url":"https:\/\/www.africa-press.net\/congo-brazzaville\/","name":"Congo Brazzaville","description":"Just another Africa News Agency Sites site","potentialAction":[{"@type":"SearchAction","target":{"@type":"EntryPoint","urlTemplate":"https:\/\/www.africa-press.net\/congo-brazzaville\/?s={search_term_string}"},"query-input":{"@type":"PropertyValueSpecification","valueRequired":true,"valueName":"search_term_string"}}],"inLanguage":"fr-FR"},{"@type":"Person","@id":"https:\/\/www.africa-press.net\/congo-brazzaville\/#\/schema\/person\/2b1cf3cd81a31e3cd26889ca66d677f1","name":"cfeditorfr"}]}},"_links":{"self":[{"href":"https:\/\/www.africa-press.net\/congo-brazzaville\/wp-json\/wp\/v2\/posts\/13553","targetHints":{"allow":["GET"]}}],"collection":[{"href":"https:\/\/www.africa-press.net\/congo-brazzaville\/wp-json\/wp\/v2\/posts"}],"about":[{"href":"https:\/\/www.africa-press.net\/congo-brazzaville\/wp-json\/wp\/v2\/types\/post"}],"author":[{"embeddable":true,"href":"https:\/\/www.africa-press.net\/congo-brazzaville\/wp-json\/wp\/v2\/users\/82"}],"replies":[{"embeddable":true,"href":"https:\/\/www.africa-press.net\/congo-brazzaville\/wp-json\/wp\/v2\/comments?post=13553"}],"version-history":[{"count":0,"href":"https:\/\/www.africa-press.net\/congo-brazzaville\/wp-json\/wp\/v2\/posts\/13553\/revisions"}],"wp:featuredmedia":[{"embeddable":true,"href":"https:\/\/www.africa-press.net\/congo-brazzaville\/wp-json\/wp\/v2\/media\/13552"}],"wp:attachment":[{"href":"https:\/\/www.africa-press.net\/congo-brazzaville\/wp-json\/wp\/v2\/media?parent=13553"}],"wp:term":[{"taxonomy":"category","embeddable":true,"href":"https:\/\/www.africa-press.net\/congo-brazzaville\/wp-json\/wp\/v2\/categories?post=13553"},{"taxonomy":"post_tag","embeddable":true,"href":"https:\/\/www.africa-press.net\/congo-brazzaville\/wp-json\/wp\/v2\/tags?post=13553"}],"curies":[{"name":"wp","href":"https:\/\/api.w.org\/{rel}","templated":true}]}}