{"id":13557,"date":"2023-01-21T12:47:12","date_gmt":"2023-01-21T12:47:12","guid":{"rendered":"https:\/\/www.africa-press.net\/congo-brazzaville\/politique\/le-gouvernement-instruit-de-prendre-des-dispositions-suite-au-sabotage-de-la-fondeco"},"modified":"2023-01-21T12:47:12","modified_gmt":"2023-01-21T12:47:12","slug":"le-gouvernement-instruit-de-prendre-des-dispositions-suite-au-sabotage-de-la-fondeco","status":"publish","type":"post","link":"https:\/\/www.africa-press.net\/congo-brazzaville\/economie\/le-gouvernement-instruit-de-prendre-des-dispositions-suite-au-sabotage-de-la-fondeco","title":{"rendered":"le gouvernement instruit de prendre des dispositions suite au sabotage de la fondeco"},"content":{"rendered":"<p><span style=\"color: #ff6600\"><strong>Africa-Press &#8211; Congo Brazzaville. <\/strong><\/span><b>Le Chef de l\u2019Etat Denis Sassou N\u2019Guesso a instruit le 19 juin a\u0300 Brazzaville, le gouvernement de prendre des dispositions suites aux actes de sabotage perpe\u0301tre\u0301s aux installations l\u2019usine de la Fonderie du Congo (Fondeco), dont les installations ont e\u0301te\u0301 de\u0301sosse\u0301es a\u0300 80 %.<\/b><\/p>\n<p>Le Pre\u0301sident de la Re\u0301publique a instruit le gouvernement de prendre des mesures conservatoires imme\u0301diates concernant les personnes en de\u0301tention. S\u2019agissant du mate\u0301riel de\u0301sosse\u0301 a\u0300 80%, et transfe\u0301re\u0301 aux fonderies locales connues, le ministre de l\u2019inte\u0301rieur a e\u0301te\u0301 instruit pour que soient retrouve\u0301s les de\u0301linquants identifie\u0301s, y compris les receleurs e\u0301ventuels et d\u2019ordonner a\u0300 la force publique de proce\u0301der a\u0300 leur arrestation et la confiscation des biens en objet. Les sabotages e\u0301conomiques ainsi et du\u0302ment constate\u0301s, devront faire l\u2019objet de poursuites judiciaires conse\u0301quentes, a indique\u0301 le ministre des hydrocarbures dans le compte-rendu du conseil des ministres.<\/p>\n<p>Prenant acte et en soutenant fermement la volonte\u0301 gouvernementale de proce\u0301der a\u0300 une e\u0301valuation minutieuse des investissements e\u0301conomiques re\u0301alise\u0301s par l\u2019Etat, Denis Sassou N\u2019Guesso a somme\u0301 le gouvernement, s\u2019agissant de la situation de la socie\u0301te\u0301 FONDECO, de traiter avec rigueur les diffe\u0301rentes de\u0301faillances constate\u0301es a\u0300 plusieurs niveaux a\u0300 savoir, e\u0301conomique, financier, judiciaire et se\u0301curitaire<\/p>\n<p>Le Pre\u0301sident de la Re\u0301publique a ensuite instruit le Premier ministre de tenir sans de\u0301lai un conseil de cabinet consacre\u0301 exclusivement a\u0300 ce dossier pour que soient prises des mesures imme\u0301diates de sauvegarde essentielle des inte\u0301re\u0302ts des associe\u0301s et de l\u2019outil industriel re\u0301siduel.<\/p>\n<p>A propos des actions envisage\u0301es pour la socie\u0301te\u0301 Fondeco, il est demande\u0301 aux actionnaires de se prononcer sur la continuation ou non des activite\u0301s de la socie\u0301te\u0301. En ce qui concerne l\u2019Etat, la ne\u0301cessite\u0301 de de\u0301velopper une industrie de transformation des minerais de fer est une exigence renouvele\u0301e du Pre\u0301sident de la Re\u0301publique.<\/p>\n<p>Le rapport technique datant du mois d\u2019avril 2017, il ressort que l\u2019usine e\u0301tait acheve\u0301e a\u0300 plus de 98,5% et que les investissements re\u0301alise\u0301s, principalement finance\u0301s par le seul actionnaire Etat, se chiffreraient a\u0300 19,1 milliards de FCFA.<\/p>\n<p>Le cou\u0302t de la remise en e\u0301tat est e\u0301value\u0301 a\u0300 pre\u0300s de 7,5 milliards de FCFA d\u2019e\u0301poque, et a\u0300 10 milliards de FCFA courants, compte tenu de la flambe\u0301e des prix de l\u2019acier et du transport maritime. Ce constat est corrobore\u0301 par les conclusions du constat d\u2019huissier e\u0301mis par l\u2019Etude de Mai\u0302tre Rigobert Ndalou en date du 08 avril 2022. Au plan judiciaire, les proce\u0301dures en cours ont permis de placer 24 personnes en de\u0301tention pre\u0301ventive, au nombre desquelles des cadres dirigeants de la socie\u0301te\u0301 Fondeco, des agents de la Force publique, des agents e\u0301trangers (camerounais, chinois et indiens) et des sujets congolais.<\/p>\n<p>La Fondeco est une socie\u0301te\u0301 avec pour objet social, la commercialisation des fers a\u0300 be\u0301ton et produits de\u0301rive\u0301s a\u0300 partir des rebuts ferreux et des minerais de fer.<\/p>\n<p><strong>Pour plus d&rsquo;informations et d&rsquo;analyses sur la <a href=\"https:\/\/www.africa-press.net\/congo-brazzaville\">Congo Brazzaville<\/a>, suivez <a href=\"https:\/\/www.africa-press.net\/\">Africa-Press<\/a><\/strong><\/p>\n","protected":false},"excerpt":{"rendered":"<p>Africa-Press &#8211; Congo Brazzaville. Le Chef de l\u2019Etat Denis Sassou N\u2019Guesso a instruit le 19 juin a\u0300 Brazzaville, le gouvernement de prendre des dispositions suites aux actes de sabotage perpe\u0301tre\u0301s aux installations l\u2019usine de la Fonderie du Congo (Fondeco), dont les installations ont e\u0301te\u0301 de\u0301sosse\u0301es a\u0300 80 %. Le Pre\u0301sident de la Re\u0301publique a instruit [&hellip;]<\/p>\n","protected":false},"author":82,"featured_media":13556,"comment_status":"open","ping_status":"closed","sticky":false,"template":"","format":"standard","meta":{"footnotes":""},"categories":[3,10],"tags":[36,47,46],"class_list":["post-13557","post","type-post","status-publish","format-standard","has-post-thumbnail","hentry","category-economie","category-toutes-les-actualites","tag-africa-press","tag-africa-press-congo-brazzaville","tag-congo-brazzaville"],"yoast_head":"<!-- This site is optimized with the Yoast SEO Premium plugin v26.1 (Yoast SEO v27.0) - https:\/\/yoast.com\/product\/yoast-seo-premium-wordpress\/ -->\n<title>le gouvernement instruit de prendre des dispositions suite au sabotage de la fondeco - Congo Brazzaville<\/title>\n<meta name=\"robots\" content=\"index, follow, max-snippet:-1, max-image-preview:large, max-video-preview:-1\" \/>\n<link rel=\"canonical\" href=\"https:\/\/www.africa-press.net\/congo-brazzaville\/politique\/le-gouvernement-instruit-de-prendre-des-dispositions-suite-au-sabotage-de-la-fondeco\" \/>\n<meta property=\"og:locale\" content=\"fr_FR\" \/>\n<meta property=\"og:type\" content=\"article\" \/>\n<meta property=\"og:title\" content=\"le gouvernement instruit de prendre des dispositions suite au sabotage de la fondeco\" \/>\n<meta property=\"og:description\" content=\"Africa-Press &#8211; Congo Brazzaville. Le Chef de l\u2019Etat Denis Sassou N\u2019Guesso a instruit le 19 juin a\u0300 Brazzaville, le gouvernement de prendre des dispositions suites aux actes de sabotage perpe\u0301tre\u0301s aux installations l\u2019usine de la Fonderie du Congo (Fondeco), dont les installations ont e\u0301te\u0301 de\u0301sosse\u0301es a\u0300 80 %. Le Pre\u0301sident de la Re\u0301publique a instruit [&hellip;]\" \/>\n<meta property=\"og:url\" content=\"https:\/\/www.africa-press.net\/congo-brazzaville\/politique\/le-gouvernement-instruit-de-prendre-des-dispositions-suite-au-sabotage-de-la-fondeco\" \/>\n<meta property=\"og:site_name\" content=\"Congo Brazzaville\" \/>\n<meta property=\"article:published_time\" content=\"2023-01-21T12:47:12+00:00\" \/>\n<meta name=\"author\" content=\"cfeditorfr\" \/>\n<meta name=\"twitter:card\" content=\"summary_large_image\" \/>\n<meta name=\"twitter:label1\" content=\"\u00c9crit par\" \/>\n\t<meta name=\"twitter:data1\" content=\"cfeditorfr\" \/>\n\t<meta name=\"twitter:label2\" content=\"Dur\u00e9e de lecture estim\u00e9e\" \/>\n\t<meta name=\"twitter:data2\" content=\"3 minutes\" \/>\n<script type=\"application\/ld+json\" class=\"yoast-schema-graph\">{\"@context\":\"https:\/\/schema.org\",\"@graph\":[{\"@type\":\"Article\",\"@id\":\"https:\/\/www.africa-press.net\/congo-brazzaville\/politique\/le-gouvernement-instruit-de-prendre-des-dispositions-suite-au-sabotage-de-la-fondeco#article\",\"isPartOf\":{\"@id\":\"https:\/\/www.africa-press.net\/congo-brazzaville\/politique\/le-gouvernement-instruit-de-prendre-des-dispositions-suite-au-sabotage-de-la-fondeco\"},\"author\":{\"name\":\"cfeditorfr\",\"@id\":\"https:\/\/www.africa-press.net\/congo-brazzaville\/#\/schema\/person\/2b1cf3cd81a31e3cd26889ca66d677f1\"},\"headline\":\"le gouvernement instruit de prendre des dispositions suite au sabotage de la fondeco\",\"datePublished\":\"2023-01-21T12:47:12+00:00\",\"mainEntityOfPage\":{\"@id\":\"https:\/\/www.africa-press.net\/congo-brazzaville\/politique\/le-gouvernement-instruit-de-prendre-des-dispositions-suite-au-sabotage-de-la-fondeco\"},\"wordCount\":567,\"commentCount\":0,\"image\":{\"@id\":\"https:\/\/www.africa-press.net\/congo-brazzaville\/politique\/le-gouvernement-instruit-de-prendre-des-dispositions-suite-au-sabotage-de-la-fondeco#primaryimage\"},\"thumbnailUrl\":\"https:\/\/static.africa-press.net\/congo-brazzaville\/sites\/51\/2023\/01\/postQueueImg_1674292643.24.jpg\",\"keywords\":[\"Africa Press\",\"Africa Press-Congo Brazzaville\",\"Congo Brazzaville\"],\"articleSection\":[\"\u00c9conomie\",\"Toutes les actualit\u00e9s\"],\"inLanguage\":\"fr-FR\",\"potentialAction\":[{\"@type\":\"CommentAction\",\"name\":\"Comment\",\"target\":[\"https:\/\/www.africa-press.net\/congo-brazzaville\/politique\/le-gouvernement-instruit-de-prendre-des-dispositions-suite-au-sabotage-de-la-fondeco#respond\"]}]},{\"@type\":\"WebPage\",\"@id\":\"https:\/\/www.africa-press.net\/congo-brazzaville\/politique\/le-gouvernement-instruit-de-prendre-des-dispositions-suite-au-sabotage-de-la-fondeco\",\"url\":\"https:\/\/www.africa-press.net\/congo-brazzaville\/politique\/le-gouvernement-instruit-de-prendre-des-dispositions-suite-au-sabotage-de-la-fondeco\",\"name\":\"le gouvernement instruit de prendre des dispositions suite au sabotage de la fondeco - Congo Brazzaville\",\"isPartOf\":{\"@id\":\"https:\/\/www.africa-press.net\/congo-brazzaville\/#website\"},\"primaryImageOfPage\":{\"@id\":\"https:\/\/www.africa-press.net\/congo-brazzaville\/politique\/le-gouvernement-instruit-de-prendre-des-dispositions-suite-au-sabotage-de-la-fondeco#primaryimage\"},\"image\":{\"@id\":\"https:\/\/www.africa-press.net\/congo-brazzaville\/politique\/le-gouvernement-instruit-de-prendre-des-dispositions-suite-au-sabotage-de-la-fondeco#primaryimage\"},\"thumbnailUrl\":\"https:\/\/static.africa-press.net\/congo-brazzaville\/sites\/51\/2023\/01\/postQueueImg_1674292643.24.jpg\",\"datePublished\":\"2023-01-21T12:47:12+00:00\",\"author\":{\"@id\":\"https:\/\/www.africa-press.net\/congo-brazzaville\/#\/schema\/person\/2b1cf3cd81a31e3cd26889ca66d677f1\"},\"breadcrumb\":{\"@id\":\"https:\/\/www.africa-press.net\/congo-brazzaville\/politique\/le-gouvernement-instruit-de-prendre-des-dispositions-suite-au-sabotage-de-la-fondeco#breadcrumb\"},\"inLanguage\":\"fr-FR\",\"potentialAction\":[{\"@type\":\"ReadAction\",\"target\":[\"https:\/\/www.africa-press.net\/congo-brazzaville\/politique\/le-gouvernement-instruit-de-prendre-des-dispositions-suite-au-sabotage-de-la-fondeco\"]}]},{\"@type\":\"ImageObject\",\"inLanguage\":\"fr-FR\",\"@id\":\"https:\/\/www.africa-press.net\/congo-brazzaville\/politique\/le-gouvernement-instruit-de-prendre-des-dispositions-suite-au-sabotage-de-la-fondeco#primaryimage\",\"url\":\"https:\/\/static.africa-press.net\/congo-brazzaville\/sites\/51\/2023\/01\/postQueueImg_1674292643.24.jpg\",\"contentUrl\":\"https:\/\/static.africa-press.net\/congo-brazzaville\/sites\/51\/2023\/01\/postQueueImg_1674292643.24.jpg\",\"width\":933,\"height\":445,\"caption\":\"le gouvernement instruit de prendre des dispositions suite au sabotage de la fondeco\"},{\"@type\":\"BreadcrumbList\",\"@id\":\"https:\/\/www.africa-press.net\/congo-brazzaville\/politique\/le-gouvernement-instruit-de-prendre-des-dispositions-suite-au-sabotage-de-la-fondeco#breadcrumb\",\"itemListElement\":[{\"@type\":\"ListItem\",\"position\":1,\"name\":\"Accueil\",\"item\":\"https:\/\/www.africa-press.net\/congo-brazzaville\/\"},{\"@type\":\"ListItem\",\"position\":2,\"name\":\"le gouvernement instruit de prendre des dispositions suite au sabotage de la fondeco\"}]},{\"@type\":\"WebSite\",\"@id\":\"https:\/\/www.africa-press.net\/congo-brazzaville\/#website\",\"url\":\"https:\/\/www.africa-press.net\/congo-brazzaville\/\",\"name\":\"Congo Brazzaville\",\"description\":\"Just another Africa News Agency Sites site\",\"potentialAction\":[{\"@type\":\"SearchAction\",\"target\":{\"@type\":\"EntryPoint\",\"urlTemplate\":\"https:\/\/www.africa-press.net\/congo-brazzaville\/?s={search_term_string}\"},\"query-input\":{\"@type\":\"PropertyValueSpecification\",\"valueRequired\":true,\"valueName\":\"search_term_string\"}}],\"inLanguage\":\"fr-FR\"},{\"@type\":\"Person\",\"@id\":\"https:\/\/www.africa-press.net\/congo-brazzaville\/#\/schema\/person\/2b1cf3cd81a31e3cd26889ca66d677f1\",\"name\":\"cfeditorfr\"}]}<\/script>\n<!-- \/ Yoast SEO Premium plugin. -->","yoast_head_json":{"title":"le gouvernement instruit de prendre des dispositions suite au sabotage de la fondeco - Congo Brazzaville","robots":{"index":"index","follow":"follow","max-snippet":"max-snippet:-1","max-image-preview":"max-image-preview:large","max-video-preview":"max-video-preview:-1"},"canonical":"https:\/\/www.africa-press.net\/congo-brazzaville\/politique\/le-gouvernement-instruit-de-prendre-des-dispositions-suite-au-sabotage-de-la-fondeco","og_locale":"fr_FR","og_type":"article","og_title":"le gouvernement instruit de prendre des dispositions suite au sabotage de la fondeco","og_description":"Africa-Press &#8211; Congo Brazzaville. Le Chef de l\u2019Etat Denis Sassou N\u2019Guesso a instruit le 19 juin a\u0300 Brazzaville, le gouvernement de prendre des dispositions suites aux actes de sabotage perpe\u0301tre\u0301s aux installations l\u2019usine de la Fonderie du Congo (Fondeco), dont les installations ont e\u0301te\u0301 de\u0301sosse\u0301es a\u0300 80 %. Le Pre\u0301sident de la Re\u0301publique a instruit [&hellip;]","og_url":"https:\/\/www.africa-press.net\/congo-brazzaville\/politique\/le-gouvernement-instruit-de-prendre-des-dispositions-suite-au-sabotage-de-la-fondeco","og_site_name":"Congo Brazzaville","article_published_time":"2023-01-21T12:47:12+00:00","author":"cfeditorfr","twitter_card":"summary_large_image","twitter_misc":{"\u00c9crit par":"cfeditorfr","Dur\u00e9e de lecture estim\u00e9e":"3 minutes"},"schema":{"@context":"https:\/\/schema.org","@graph":[{"@type":"Article","@id":"https:\/\/www.africa-press.net\/congo-brazzaville\/politique\/le-gouvernement-instruit-de-prendre-des-dispositions-suite-au-sabotage-de-la-fondeco#article","isPartOf":{"@id":"https:\/\/www.africa-press.net\/congo-brazzaville\/politique\/le-gouvernement-instruit-de-prendre-des-dispositions-suite-au-sabotage-de-la-fondeco"},"author":{"name":"cfeditorfr","@id":"https:\/\/www.africa-press.net\/congo-brazzaville\/#\/schema\/person\/2b1cf3cd81a31e3cd26889ca66d677f1"},"headline":"le gouvernement instruit de prendre des dispositions suite au sabotage de la fondeco","datePublished":"2023-01-21T12:47:12+00:00","mainEntityOfPage":{"@id":"https:\/\/www.africa-press.net\/congo-brazzaville\/politique\/le-gouvernement-instruit-de-prendre-des-dispositions-suite-au-sabotage-de-la-fondeco"},"wordCount":567,"commentCount":0,"image":{"@id":"https:\/\/www.africa-press.net\/congo-brazzaville\/politique\/le-gouvernement-instruit-de-prendre-des-dispositions-suite-au-sabotage-de-la-fondeco#primaryimage"},"thumbnailUrl":"https:\/\/static.africa-press.net\/congo-brazzaville\/sites\/51\/2023\/01\/postQueueImg_1674292643.24.jpg","keywords":["Africa Press","Africa Press-Congo Brazzaville","Congo Brazzaville"],"articleSection":["\u00c9conomie","Toutes les actualit\u00e9s"],"inLanguage":"fr-FR","potentialAction":[{"@type":"CommentAction","name":"Comment","target":["https:\/\/www.africa-press.net\/congo-brazzaville\/politique\/le-gouvernement-instruit-de-prendre-des-dispositions-suite-au-sabotage-de-la-fondeco#respond"]}]},{"@type":"WebPage","@id":"https:\/\/www.africa-press.net\/congo-brazzaville\/politique\/le-gouvernement-instruit-de-prendre-des-dispositions-suite-au-sabotage-de-la-fondeco","url":"https:\/\/www.africa-press.net\/congo-brazzaville\/politique\/le-gouvernement-instruit-de-prendre-des-dispositions-suite-au-sabotage-de-la-fondeco","name":"le gouvernement instruit de prendre des dispositions suite au sabotage de la fondeco - Congo Brazzaville","isPartOf":{"@id":"https:\/\/www.africa-press.net\/congo-brazzaville\/#website"},"primaryImageOfPage":{"@id":"https:\/\/www.africa-press.net\/congo-brazzaville\/politique\/le-gouvernement-instruit-de-prendre-des-dispositions-suite-au-sabotage-de-la-fondeco#primaryimage"},"image":{"@id":"https:\/\/www.africa-press.net\/congo-brazzaville\/politique\/le-gouvernement-instruit-de-prendre-des-dispositions-suite-au-sabotage-de-la-fondeco#primaryimage"},"thumbnailUrl":"https:\/\/static.africa-press.net\/congo-brazzaville\/sites\/51\/2023\/01\/postQueueImg_1674292643.24.jpg","datePublished":"2023-01-21T12:47:12+00:00","author":{"@id":"https:\/\/www.africa-press.net\/congo-brazzaville\/#\/schema\/person\/2b1cf3cd81a31e3cd26889ca66d677f1"},"breadcrumb":{"@id":"https:\/\/www.africa-press.net\/congo-brazzaville\/politique\/le-gouvernement-instruit-de-prendre-des-dispositions-suite-au-sabotage-de-la-fondeco#breadcrumb"},"inLanguage":"fr-FR","potentialAction":[{"@type":"ReadAction","target":["https:\/\/www.africa-press.net\/congo-brazzaville\/politique\/le-gouvernement-instruit-de-prendre-des-dispositions-suite-au-sabotage-de-la-fondeco"]}]},{"@type":"ImageObject","inLanguage":"fr-FR","@id":"https:\/\/www.africa-press.net\/congo-brazzaville\/politique\/le-gouvernement-instruit-de-prendre-des-dispositions-suite-au-sabotage-de-la-fondeco#primaryimage","url":"https:\/\/static.africa-press.net\/congo-brazzaville\/sites\/51\/2023\/01\/postQueueImg_1674292643.24.jpg","contentUrl":"https:\/\/static.africa-press.net\/congo-brazzaville\/sites\/51\/2023\/01\/postQueueImg_1674292643.24.jpg","width":933,"height":445,"caption":"le gouvernement instruit de prendre des dispositions suite au sabotage de la fondeco"},{"@type":"BreadcrumbList","@id":"https:\/\/www.africa-press.net\/congo-brazzaville\/politique\/le-gouvernement-instruit-de-prendre-des-dispositions-suite-au-sabotage-de-la-fondeco#breadcrumb","itemListElement":[{"@type":"ListItem","position":1,"name":"Accueil","item":"https:\/\/www.africa-press.net\/congo-brazzaville\/"},{"@type":"ListItem","position":2,"name":"le gouvernement instruit de prendre des dispositions suite au sabotage de la fondeco"}]},{"@type":"WebSite","@id":"https:\/\/www.africa-press.net\/congo-brazzaville\/#website","url":"https:\/\/www.africa-press.net\/congo-brazzaville\/","name":"Congo Brazzaville","description":"Just another Africa News Agency Sites site","potentialAction":[{"@type":"SearchAction","target":{"@type":"EntryPoint","urlTemplate":"https:\/\/www.africa-press.net\/congo-brazzaville\/?s={search_term_string}"},"query-input":{"@type":"PropertyValueSpecification","valueRequired":true,"valueName":"search_term_string"}}],"inLanguage":"fr-FR"},{"@type":"Person","@id":"https:\/\/www.africa-press.net\/congo-brazzaville\/#\/schema\/person\/2b1cf3cd81a31e3cd26889ca66d677f1","name":"cfeditorfr"}]}},"_links":{"self":[{"href":"https:\/\/www.africa-press.net\/congo-brazzaville\/wp-json\/wp\/v2\/posts\/13557","targetHints":{"allow":["GET"]}}],"collection":[{"href":"https:\/\/www.africa-press.net\/congo-brazzaville\/wp-json\/wp\/v2\/posts"}],"about":[{"href":"https:\/\/www.africa-press.net\/congo-brazzaville\/wp-json\/wp\/v2\/types\/post"}],"author":[{"embeddable":true,"href":"https:\/\/www.africa-press.net\/congo-brazzaville\/wp-json\/wp\/v2\/users\/82"}],"replies":[{"embeddable":true,"href":"https:\/\/www.africa-press.net\/congo-brazzaville\/wp-json\/wp\/v2\/comments?post=13557"}],"version-history":[{"count":0,"href":"https:\/\/www.africa-press.net\/congo-brazzaville\/wp-json\/wp\/v2\/posts\/13557\/revisions"}],"wp:featuredmedia":[{"embeddable":true,"href":"https:\/\/www.africa-press.net\/congo-brazzaville\/wp-json\/wp\/v2\/media\/13556"}],"wp:attachment":[{"href":"https:\/\/www.africa-press.net\/congo-brazzaville\/wp-json\/wp\/v2\/media?parent=13557"}],"wp:term":[{"taxonomy":"category","embeddable":true,"href":"https:\/\/www.africa-press.net\/congo-brazzaville\/wp-json\/wp\/v2\/categories?post=13557"},{"taxonomy":"post_tag","embeddable":true,"href":"https:\/\/www.africa-press.net\/congo-brazzaville\/wp-json\/wp\/v2\/tags?post=13557"}],"curies":[{"name":"wp","href":"https:\/\/api.w.org\/{rel}","templated":true}]}}