{"id":13571,"date":"2023-01-21T17:47:04","date_gmt":"2023-01-21T17:47:04","guid":{"rendered":"https:\/\/www.africa-press.net\/congo-brazzaville\/politique\/formation-le-congo-va-se-doter-dun-institut-des-hautes-etudes-maritimes-et-fluviales"},"modified":"2023-01-21T18:45:38","modified_gmt":"2023-01-21T18:45:38","slug":"formation-le-congo-va-se-doter-dun-institut-des-hautes-etudes-maritimes-et-fluviales","status":"publish","type":"post","link":"https:\/\/www.africa-press.net\/congo-brazzaville\/economie\/formation-le-congo-va-se-doter-dun-institut-des-hautes-etudes-maritimes-et-fluviales","title":{"rendered":"Formation : le Congo va se doter d&rsquo;un institut des hautes \u00e9tudes maritimes et fluviales"},"content":{"rendered":"<p><span style=\"color: #ff6600\"><strong>Africa-Press &#8211; Congo Brazzaville. <\/strong><\/span><b>Le gouvernement a adopte\u0301, le 19 janvier a\u0300 Brazzaville, en Conseil des ministres, un projet de loi portant cre\u0301ation d\u2019un Institut des hautes e\u0301tudes maritimes et fluviales (IHEMF).<\/b><\/p>\n<p>L&rsquo;IHEMF sera un e\u0301tablissement public de formation dote\u0301 d\u2019une personnalite\u0301 morale et d\u2019une autonomie financie\u0300re. Celui-ci permettra de former les ressources humaines aux fins de contro\u0302ler, se\u0301curiser et prote\u0301ger les inte\u0301re\u0302ts strate\u0301giques de l\u2019Etat en mer et dans les eaux continentales.<\/p>\n<p>La cre\u0301ation d\u2019une telle structure de formation spe\u0301cialise\u0301e traduit la volonte\u0301 des pouvoirs publics de mieux pre\u0301server les e\u0301cosyste\u0300mes en milieu maritime et dans les eaux continentales au regard des enjeux de l\u2019heure, a\u0300 savoir le trafic illicite, les vols a\u0300 main arme\u0301e, le trafic des e\u0302tres humains, la piraterie, l\u2019exploitation ille\u0301gale des ressources, la pollution.<\/p>\n<p>Autant de de\u0301fis qui exigent une formation ade\u0301quate des cadres et agents e\u0301voluant dans les secteurs mais aussi des personnels charge\u0301s d\u2019en assurer la protection et la se\u0301curisation. Le Congo posse\u0300de une fac\u0327ade maritime de 170 km avec un port maritime en eau profonde classe\u0301 parmi les plus importants du golfe de Guine\u0301e.<\/p>\n<p>Le secre\u0301taire permanent du comite\u0301 interministe\u0301riel de l\u2019action de l\u2019Etat en mer et dans les eaux continentales, E\u0301ric Dibas-Franck, salue la de\u0301cision prise par le gouvernement de mettre sur pied l\u2019IHEMF. C\u2019est \u00ab une de\u0301cision a\u0300 saluer, car l\u2019action de l\u2019Etat en mer et dans les eaux continentales n\u2019est pas un catalogue d\u2019intentions \u00bb, dit-il.<\/p>\n<p>Et de poursuivre : \u00ab Pour qu\u2019elle soit efficace et pe\u0301renne, et afin que notre e\u0301conomie bleue soit durable et prospe\u0300re, il est de\u0301terminant que tous ceux qui concourent a\u0300 l\u2019action de l\u2019Etat en mer et dans les eaux continentales soient bien informe\u0301s. La formation e\u0301tant une condition sine qua non pour un de\u0301veloppement harmonieux \u00bb.<\/p>\n<p>Selon le gouvernement, l\u2019institut assurera une formation pe\u0301dagogique de tre\u0300s haut niveau aux personnels civils et de la force publique en matie\u0300re de lutte contre les phe\u0301nome\u0300nes d\u2019inse\u0301curite\u0301 maritime et fluviale, de risques se\u0301curitaires et des proble\u0301matiques environnementaux.<\/p>\n<p>Une fois l\u2019IHEMF mis en place, la Re\u0301publique du Congo sera le premier pays de l\u2019Afrique centrale a\u0300 disposer d\u2019une entite\u0301 de formation des cadres supe\u0301rieurs dans les domaines maritime et fluvial ou\u0300 transite une grande partie du commerce exte\u0301rieur et intra-communautaire.<\/p>\n<p>Notons que jusque-la\u0300, les pays francophones de la re\u0301gion d\u2019Afrique de l\u2019Ouest et du centre forment leurs ressortissants a\u0300 l\u2019Acade\u0301mie re\u0301gionale des sciences et techniques de la mer d\u2019Abidjan, en Co\u0302te d\u2019Ivoire, ou ailleurs.<\/p>\n<p><strong>Pour plus d&rsquo;informations et d&rsquo;analyses sur la <a href=\"https:\/\/www.africa-press.net\/congo-brazzaville\">Congo Brazzaville<\/a>, suivez <a href=\"https:\/\/www.africa-press.net\/\">Africa-Press<\/a><\/strong><\/p>\n","protected":false},"excerpt":{"rendered":"<p>Africa-Press &#8211; Congo Brazzaville. Le gouvernement a adopte\u0301, le 19 janvier a\u0300 Brazzaville, en Conseil des ministres, un projet de loi portant cre\u0301ation d\u2019un Institut des hautes e\u0301tudes maritimes et fluviales (IHEMF). L&rsquo;IHEMF sera un e\u0301tablissement public de formation dote\u0301 d\u2019une personnalite\u0301 morale et d\u2019une autonomie financie\u0300re. Celui-ci permettra de former les ressources humaines aux [&hellip;]<\/p>\n","protected":false},"author":82,"featured_media":13570,"comment_status":"open","ping_status":"closed","sticky":false,"template":"","format":"standard","meta":{"footnotes":""},"categories":[3,10],"tags":[36,47,46],"class_list":["post-13571","post","type-post","status-publish","format-standard","has-post-thumbnail","hentry","category-economie","category-toutes-les-actualites","tag-africa-press","tag-africa-press-congo-brazzaville","tag-congo-brazzaville"],"yoast_head":"<!-- This site is optimized with the Yoast SEO Premium plugin v26.1 (Yoast SEO v27.0) - https:\/\/yoast.com\/product\/yoast-seo-premium-wordpress\/ -->\n<title>Formation : le Congo va se doter d&#039;un institut des hautes \u00e9tudes maritimes et fluviales - Congo Brazzaville<\/title>\n<meta name=\"description\" content=\"Le gouvernement a adopte\u0301, le 19 janvier a\u0300 Brazzaville, en Conseil des ministres, un projet de loi portant cre\u0301ation ...\" \/>\n<meta name=\"robots\" content=\"index, follow, max-snippet:-1, max-image-preview:large, max-video-preview:-1\" \/>\n<link rel=\"canonical\" href=\"https:\/\/www.africa-press.net\/congo-brazzaville\/economie\/formation-le-congo-va-se-doter-dun-institut-des-hautes-etudes-maritimes-et-fluviales\" \/>\n<meta property=\"og:locale\" content=\"fr_FR\" \/>\n<meta property=\"og:type\" content=\"article\" \/>\n<meta property=\"og:title\" content=\"Formation : le Congo va se doter d&#039;un institut des hautes \u00e9tudes maritimes et fluviales\" \/>\n<meta property=\"og:description\" content=\"Le gouvernement a adopte\u0301, le 19 janvier a\u0300 Brazzaville, en Conseil des ministres, un projet de loi portant cre\u0301ation ...\" \/>\n<meta property=\"og:url\" content=\"https:\/\/www.africa-press.net\/congo-brazzaville\/economie\/formation-le-congo-va-se-doter-dun-institut-des-hautes-etudes-maritimes-et-fluviales\" \/>\n<meta property=\"og:site_name\" content=\"Congo Brazzaville\" \/>\n<meta property=\"article:published_time\" content=\"2023-01-21T17:47:04+00:00\" \/>\n<meta property=\"article:modified_time\" content=\"2023-01-21T18:45:38+00:00\" \/>\n<meta property=\"og:image\" content=\"https:\/\/static.africa-press.net\/congo-brazzaville\/sites\/51\/2023\/01\/postQueueImg_1674310628.73.jpg\" \/>\n\t<meta property=\"og:image:width\" content=\"1024\" \/>\n\t<meta property=\"og:image:height\" content=\"768\" \/>\n\t<meta property=\"og:image:type\" content=\"image\/jpeg\" \/>\n<meta name=\"author\" content=\"cfeditorfr\" \/>\n<meta name=\"twitter:card\" content=\"summary_large_image\" \/>\n<meta name=\"twitter:label1\" content=\"\u00c9crit par\" \/>\n\t<meta name=\"twitter:data1\" content=\"cfeditorfr\" \/>\n\t<meta name=\"twitter:label2\" content=\"Dur\u00e9e de lecture estim\u00e9e\" \/>\n\t<meta name=\"twitter:data2\" content=\"2 minutes\" \/>\n<script type=\"application\/ld+json\" class=\"yoast-schema-graph\">{\"@context\":\"https:\/\/schema.org\",\"@graph\":[{\"@type\":\"Article\",\"@id\":\"https:\/\/www.africa-press.net\/congo-brazzaville\/economie\/formation-le-congo-va-se-doter-dun-institut-des-hautes-etudes-maritimes-et-fluviales#article\",\"isPartOf\":{\"@id\":\"https:\/\/www.africa-press.net\/congo-brazzaville\/economie\/formation-le-congo-va-se-doter-dun-institut-des-hautes-etudes-maritimes-et-fluviales\"},\"author\":{\"name\":\"cfeditorfr\",\"@id\":\"https:\/\/www.africa-press.net\/congo-brazzaville\/#\/schema\/person\/2b1cf3cd81a31e3cd26889ca66d677f1\"},\"headline\":\"Formation : le Congo va se doter d&rsquo;un institut des hautes \u00e9tudes maritimes et fluviales\",\"datePublished\":\"2023-01-21T17:47:04+00:00\",\"dateModified\":\"2023-01-21T18:45:38+00:00\",\"mainEntityOfPage\":{\"@id\":\"https:\/\/www.africa-press.net\/congo-brazzaville\/economie\/formation-le-congo-va-se-doter-dun-institut-des-hautes-etudes-maritimes-et-fluviales\"},\"wordCount\":512,\"commentCount\":0,\"image\":{\"@id\":\"https:\/\/www.africa-press.net\/congo-brazzaville\/economie\/formation-le-congo-va-se-doter-dun-institut-des-hautes-etudes-maritimes-et-fluviales#primaryimage\"},\"thumbnailUrl\":\"https:\/\/static.africa-press.net\/congo-brazzaville\/sites\/51\/2023\/01\/postQueueImg_1674310628.73.jpg\",\"keywords\":[\"Africa Press\",\"Africa Press-Congo Brazzaville\",\"Congo Brazzaville\"],\"articleSection\":[\"\u00c9conomie\",\"Toutes les actualit\u00e9s\"],\"inLanguage\":\"fr-FR\",\"potentialAction\":[{\"@type\":\"CommentAction\",\"name\":\"Comment\",\"target\":[\"https:\/\/www.africa-press.net\/congo-brazzaville\/economie\/formation-le-congo-va-se-doter-dun-institut-des-hautes-etudes-maritimes-et-fluviales#respond\"]}]},{\"@type\":\"WebPage\",\"@id\":\"https:\/\/www.africa-press.net\/congo-brazzaville\/economie\/formation-le-congo-va-se-doter-dun-institut-des-hautes-etudes-maritimes-et-fluviales\",\"url\":\"https:\/\/www.africa-press.net\/congo-brazzaville\/economie\/formation-le-congo-va-se-doter-dun-institut-des-hautes-etudes-maritimes-et-fluviales\",\"name\":\"Formation : le Congo va se doter d'un institut des hautes \u00e9tudes maritimes et fluviales - Congo Brazzaville\",\"isPartOf\":{\"@id\":\"https:\/\/www.africa-press.net\/congo-brazzaville\/#website\"},\"primaryImageOfPage\":{\"@id\":\"https:\/\/www.africa-press.net\/congo-brazzaville\/economie\/formation-le-congo-va-se-doter-dun-institut-des-hautes-etudes-maritimes-et-fluviales#primaryimage\"},\"image\":{\"@id\":\"https:\/\/www.africa-press.net\/congo-brazzaville\/economie\/formation-le-congo-va-se-doter-dun-institut-des-hautes-etudes-maritimes-et-fluviales#primaryimage\"},\"thumbnailUrl\":\"https:\/\/static.africa-press.net\/congo-brazzaville\/sites\/51\/2023\/01\/postQueueImg_1674310628.73.jpg\",\"datePublished\":\"2023-01-21T17:47:04+00:00\",\"dateModified\":\"2023-01-21T18:45:38+00:00\",\"author\":{\"@id\":\"https:\/\/www.africa-press.net\/congo-brazzaville\/#\/schema\/person\/2b1cf3cd81a31e3cd26889ca66d677f1\"},\"description\":\"Le gouvernement a adopte\u0301, le 19 janvier a\u0300 Brazzaville, en Conseil des ministres, un projet de loi portant cre\u0301ation ...\",\"breadcrumb\":{\"@id\":\"https:\/\/www.africa-press.net\/congo-brazzaville\/economie\/formation-le-congo-va-se-doter-dun-institut-des-hautes-etudes-maritimes-et-fluviales#breadcrumb\"},\"inLanguage\":\"fr-FR\",\"potentialAction\":[{\"@type\":\"ReadAction\",\"target\":[\"https:\/\/www.africa-press.net\/congo-brazzaville\/economie\/formation-le-congo-va-se-doter-dun-institut-des-hautes-etudes-maritimes-et-fluviales\"]}]},{\"@type\":\"ImageObject\",\"inLanguage\":\"fr-FR\",\"@id\":\"https:\/\/www.africa-press.net\/congo-brazzaville\/economie\/formation-le-congo-va-se-doter-dun-institut-des-hautes-etudes-maritimes-et-fluviales#primaryimage\",\"url\":\"https:\/\/static.africa-press.net\/congo-brazzaville\/sites\/51\/2023\/01\/postQueueImg_1674310628.73.jpg\",\"contentUrl\":\"https:\/\/static.africa-press.net\/congo-brazzaville\/sites\/51\/2023\/01\/postQueueImg_1674310628.73.jpg\",\"width\":1024,\"height\":768,\"caption\":\"Formation : le Congo va se doter d'un institut des hautes \u00e9tudes maritimes et fluviales\"},{\"@type\":\"BreadcrumbList\",\"@id\":\"https:\/\/www.africa-press.net\/congo-brazzaville\/economie\/formation-le-congo-va-se-doter-dun-institut-des-hautes-etudes-maritimes-et-fluviales#breadcrumb\",\"itemListElement\":[{\"@type\":\"ListItem\",\"position\":1,\"name\":\"Accueil\",\"item\":\"https:\/\/www.africa-press.net\/congo-brazzaville\/\"},{\"@type\":\"ListItem\",\"position\":2,\"name\":\"Formation : le Congo va se doter d&rsquo;un institut des hautes \u00e9tudes maritimes et fluviales\"}]},{\"@type\":\"WebSite\",\"@id\":\"https:\/\/www.africa-press.net\/congo-brazzaville\/#website\",\"url\":\"https:\/\/www.africa-press.net\/congo-brazzaville\/\",\"name\":\"Congo Brazzaville\",\"description\":\"Just another Africa News Agency Sites site\",\"potentialAction\":[{\"@type\":\"SearchAction\",\"target\":{\"@type\":\"EntryPoint\",\"urlTemplate\":\"https:\/\/www.africa-press.net\/congo-brazzaville\/?s={search_term_string}\"},\"query-input\":{\"@type\":\"PropertyValueSpecification\",\"valueRequired\":true,\"valueName\":\"search_term_string\"}}],\"inLanguage\":\"fr-FR\"},{\"@type\":\"Person\",\"@id\":\"https:\/\/www.africa-press.net\/congo-brazzaville\/#\/schema\/person\/2b1cf3cd81a31e3cd26889ca66d677f1\",\"name\":\"cfeditorfr\"}]}<\/script>\n<!-- \/ Yoast SEO Premium plugin. -->","yoast_head_json":{"title":"Formation : le Congo va se doter d'un institut des hautes \u00e9tudes maritimes et fluviales - Congo Brazzaville","description":"Le gouvernement a adopte\u0301, le 19 janvier a\u0300 Brazzaville, en Conseil des ministres, un projet de loi portant cre\u0301ation ...","robots":{"index":"index","follow":"follow","max-snippet":"max-snippet:-1","max-image-preview":"max-image-preview:large","max-video-preview":"max-video-preview:-1"},"canonical":"https:\/\/www.africa-press.net\/congo-brazzaville\/economie\/formation-le-congo-va-se-doter-dun-institut-des-hautes-etudes-maritimes-et-fluviales","og_locale":"fr_FR","og_type":"article","og_title":"Formation : le Congo va se doter d'un institut des hautes \u00e9tudes maritimes et fluviales","og_description":"Le gouvernement a adopte\u0301, le 19 janvier a\u0300 Brazzaville, en Conseil des ministres, un projet de loi portant cre\u0301ation ...","og_url":"https:\/\/www.africa-press.net\/congo-brazzaville\/economie\/formation-le-congo-va-se-doter-dun-institut-des-hautes-etudes-maritimes-et-fluviales","og_site_name":"Congo Brazzaville","article_published_time":"2023-01-21T17:47:04+00:00","article_modified_time":"2023-01-21T18:45:38+00:00","og_image":[{"width":1024,"height":768,"url":"https:\/\/static.africa-press.net\/congo-brazzaville\/sites\/51\/2023\/01\/postQueueImg_1674310628.73.jpg","type":"image\/jpeg"}],"author":"cfeditorfr","twitter_card":"summary_large_image","twitter_misc":{"\u00c9crit par":"cfeditorfr","Dur\u00e9e de lecture estim\u00e9e":"2 minutes"},"schema":{"@context":"https:\/\/schema.org","@graph":[{"@type":"Article","@id":"https:\/\/www.africa-press.net\/congo-brazzaville\/economie\/formation-le-congo-va-se-doter-dun-institut-des-hautes-etudes-maritimes-et-fluviales#article","isPartOf":{"@id":"https:\/\/www.africa-press.net\/congo-brazzaville\/economie\/formation-le-congo-va-se-doter-dun-institut-des-hautes-etudes-maritimes-et-fluviales"},"author":{"name":"cfeditorfr","@id":"https:\/\/www.africa-press.net\/congo-brazzaville\/#\/schema\/person\/2b1cf3cd81a31e3cd26889ca66d677f1"},"headline":"Formation : le Congo va se doter d&rsquo;un institut des hautes \u00e9tudes maritimes et fluviales","datePublished":"2023-01-21T17:47:04+00:00","dateModified":"2023-01-21T18:45:38+00:00","mainEntityOfPage":{"@id":"https:\/\/www.africa-press.net\/congo-brazzaville\/economie\/formation-le-congo-va-se-doter-dun-institut-des-hautes-etudes-maritimes-et-fluviales"},"wordCount":512,"commentCount":0,"image":{"@id":"https:\/\/www.africa-press.net\/congo-brazzaville\/economie\/formation-le-congo-va-se-doter-dun-institut-des-hautes-etudes-maritimes-et-fluviales#primaryimage"},"thumbnailUrl":"https:\/\/static.africa-press.net\/congo-brazzaville\/sites\/51\/2023\/01\/postQueueImg_1674310628.73.jpg","keywords":["Africa Press","Africa Press-Congo Brazzaville","Congo Brazzaville"],"articleSection":["\u00c9conomie","Toutes les actualit\u00e9s"],"inLanguage":"fr-FR","potentialAction":[{"@type":"CommentAction","name":"Comment","target":["https:\/\/www.africa-press.net\/congo-brazzaville\/economie\/formation-le-congo-va-se-doter-dun-institut-des-hautes-etudes-maritimes-et-fluviales#respond"]}]},{"@type":"WebPage","@id":"https:\/\/www.africa-press.net\/congo-brazzaville\/economie\/formation-le-congo-va-se-doter-dun-institut-des-hautes-etudes-maritimes-et-fluviales","url":"https:\/\/www.africa-press.net\/congo-brazzaville\/economie\/formation-le-congo-va-se-doter-dun-institut-des-hautes-etudes-maritimes-et-fluviales","name":"Formation : le Congo va se doter d'un institut des hautes \u00e9tudes maritimes et fluviales - Congo Brazzaville","isPartOf":{"@id":"https:\/\/www.africa-press.net\/congo-brazzaville\/#website"},"primaryImageOfPage":{"@id":"https:\/\/www.africa-press.net\/congo-brazzaville\/economie\/formation-le-congo-va-se-doter-dun-institut-des-hautes-etudes-maritimes-et-fluviales#primaryimage"},"image":{"@id":"https:\/\/www.africa-press.net\/congo-brazzaville\/economie\/formation-le-congo-va-se-doter-dun-institut-des-hautes-etudes-maritimes-et-fluviales#primaryimage"},"thumbnailUrl":"https:\/\/static.africa-press.net\/congo-brazzaville\/sites\/51\/2023\/01\/postQueueImg_1674310628.73.jpg","datePublished":"2023-01-21T17:47:04+00:00","dateModified":"2023-01-21T18:45:38+00:00","author":{"@id":"https:\/\/www.africa-press.net\/congo-brazzaville\/#\/schema\/person\/2b1cf3cd81a31e3cd26889ca66d677f1"},"description":"Le gouvernement a adopte\u0301, le 19 janvier a\u0300 Brazzaville, en Conseil des ministres, un projet de loi portant cre\u0301ation ...","breadcrumb":{"@id":"https:\/\/www.africa-press.net\/congo-brazzaville\/economie\/formation-le-congo-va-se-doter-dun-institut-des-hautes-etudes-maritimes-et-fluviales#breadcrumb"},"inLanguage":"fr-FR","potentialAction":[{"@type":"ReadAction","target":["https:\/\/www.africa-press.net\/congo-brazzaville\/economie\/formation-le-congo-va-se-doter-dun-institut-des-hautes-etudes-maritimes-et-fluviales"]}]},{"@type":"ImageObject","inLanguage":"fr-FR","@id":"https:\/\/www.africa-press.net\/congo-brazzaville\/economie\/formation-le-congo-va-se-doter-dun-institut-des-hautes-etudes-maritimes-et-fluviales#primaryimage","url":"https:\/\/static.africa-press.net\/congo-brazzaville\/sites\/51\/2023\/01\/postQueueImg_1674310628.73.jpg","contentUrl":"https:\/\/static.africa-press.net\/congo-brazzaville\/sites\/51\/2023\/01\/postQueueImg_1674310628.73.jpg","width":1024,"height":768,"caption":"Formation : le Congo va se doter d'un institut des hautes \u00e9tudes maritimes et fluviales"},{"@type":"BreadcrumbList","@id":"https:\/\/www.africa-press.net\/congo-brazzaville\/economie\/formation-le-congo-va-se-doter-dun-institut-des-hautes-etudes-maritimes-et-fluviales#breadcrumb","itemListElement":[{"@type":"ListItem","position":1,"name":"Accueil","item":"https:\/\/www.africa-press.net\/congo-brazzaville\/"},{"@type":"ListItem","position":2,"name":"Formation : le Congo va se doter d&rsquo;un institut des hautes \u00e9tudes maritimes et fluviales"}]},{"@type":"WebSite","@id":"https:\/\/www.africa-press.net\/congo-brazzaville\/#website","url":"https:\/\/www.africa-press.net\/congo-brazzaville\/","name":"Congo Brazzaville","description":"Just another Africa News Agency Sites site","potentialAction":[{"@type":"SearchAction","target":{"@type":"EntryPoint","urlTemplate":"https:\/\/www.africa-press.net\/congo-brazzaville\/?s={search_term_string}"},"query-input":{"@type":"PropertyValueSpecification","valueRequired":true,"valueName":"search_term_string"}}],"inLanguage":"fr-FR"},{"@type":"Person","@id":"https:\/\/www.africa-press.net\/congo-brazzaville\/#\/schema\/person\/2b1cf3cd81a31e3cd26889ca66d677f1","name":"cfeditorfr"}]}},"_links":{"self":[{"href":"https:\/\/www.africa-press.net\/congo-brazzaville\/wp-json\/wp\/v2\/posts\/13571","targetHints":{"allow":["GET"]}}],"collection":[{"href":"https:\/\/www.africa-press.net\/congo-brazzaville\/wp-json\/wp\/v2\/posts"}],"about":[{"href":"https:\/\/www.africa-press.net\/congo-brazzaville\/wp-json\/wp\/v2\/types\/post"}],"author":[{"embeddable":true,"href":"https:\/\/www.africa-press.net\/congo-brazzaville\/wp-json\/wp\/v2\/users\/82"}],"replies":[{"embeddable":true,"href":"https:\/\/www.africa-press.net\/congo-brazzaville\/wp-json\/wp\/v2\/comments?post=13571"}],"version-history":[{"count":0,"href":"https:\/\/www.africa-press.net\/congo-brazzaville\/wp-json\/wp\/v2\/posts\/13571\/revisions"}],"wp:featuredmedia":[{"embeddable":true,"href":"https:\/\/www.africa-press.net\/congo-brazzaville\/wp-json\/wp\/v2\/media\/13570"}],"wp:attachment":[{"href":"https:\/\/www.africa-press.net\/congo-brazzaville\/wp-json\/wp\/v2\/media?parent=13571"}],"wp:term":[{"taxonomy":"category","embeddable":true,"href":"https:\/\/www.africa-press.net\/congo-brazzaville\/wp-json\/wp\/v2\/categories?post=13571"},{"taxonomy":"post_tag","embeddable":true,"href":"https:\/\/www.africa-press.net\/congo-brazzaville\/wp-json\/wp\/v2\/tags?post=13571"}],"curies":[{"name":"wp","href":"https:\/\/api.w.org\/{rel}","templated":true}]}}