{"id":13587,"date":"2023-01-21T17:48:02","date_gmt":"2023-01-21T17:48:02","guid":{"rendered":"https:\/\/www.africa-press.net\/congo-brazzaville\/politique\/transferts-dore-a-malte-nkounkou-a-saint-etienne-escartin-rentre-a-brest"},"modified":"2023-01-21T18:52:37","modified_gmt":"2023-01-21T18:52:37","slug":"transferts-dore-a-malte-nkounkou-a-saint-etienne-escartin-rentre-a-brest","status":"publish","type":"post","link":"https:\/\/www.africa-press.net\/congo-brazzaville\/sports\/transferts-dore-a-malte-nkounkou-a-saint-etienne-escartin-rentre-a-brest","title":{"rendered":"Transferts : Dor\u00e9 \u00e0 Malte, Nkounkou \u00e0 Saint-Etienne, Escartin rentre \u00e0 Brest"},"content":{"rendered":"<p><span style=\"color: #ff6600\"><strong>Africa-Press &#8211; Congo Brazzaville. <\/strong><\/span><b>Le late\u0301ral gauche franco-congolais de\u0301barque les Verts, l\u2019avant-centre de 34 ans arrive a\u0300 Malte et le jeune de\u0301fenseur central fait son retour a\u0300 Brest.<\/b><\/p>\n<p>Apre\u0300s une remise en forme du co\u0302te\u0301 de Saran (1 but en 8 matches de National 3), Fode\u0301 Dore\u0301 s\u2019est engage\u0301 jusqu\u2019en juin prochain en faveur du FC Mosta.<\/p>\n<p>L\u2019ancien acolyte de Bifouma sur le front de l\u2019attaque des Diables rouges va essayer de retrouver ses sensations dans un championnat professionnel, apre\u0300s une longue traverse\u0301e du de\u0301sert de\u0301bute\u0301e en juillet 2019.<\/p>\n<p>Arrive\u0301 a\u0300 Malte jeudi, le Brazzavillois n\u2019a pas perdu de temps : ce samedi, il e\u0301tait titulaire lors du de\u0301placement chez les Hibernians Paola.<\/p>\n<p>Niels Nkounka n\u2019aura pas non plus attendu longtemps pour faire ses de\u0301buts sous le maillot de Saint-Etienne. De\u0301barque\u0301 dans le Forez le 14 janvier, il a joue\u0301 16 minutes lundi soir lors de la victoire des Ste\u0301phanois a\u0300 Niort.<\/p>\n<p>Peu e\u0301panoui a\u0300 Cardiff ou\u0300 il e\u0301tait de\u0301ja\u0300 pre\u0302te\u0301 par Tottenham, le late\u0301ral gauche de 22 ans va terminer la saison a\u0300 Saint-Etienne, englue\u0301 dans les bas-fonds de la Ligue 2.<\/p>\n<p>L\u2019ancien Marseillais avait signe\u0301, a\u0300 la surprise ge\u0301ne\u0301rale, a\u0300 Everton en juillet 2020. Sous la houlette des coaches re\u0301pute\u0301s que sont Ancelotti, Benitez puis Lampard, le Franco-Congolais n\u2019a pas re\u0301ussi a\u0300 s\u2019imposer (7 apparitions en e\u0301quipe premie\u0300re).<\/p>\n<p>Et ses pre\u0302ts au Standard de Lie\u0300ge (25 apparitions en 2021-2022) puis au Pays de Galles (18 matches, 1 passe de\u0301cisive en Championship) n\u2019ont pas e\u0301te\u0301 plus concluants.<\/p>\n<p>En revanche, on sait ce qui motive le retour de pre\u0302t de Josue\u0301 Escartin ce vendredi 20 janvier.<\/p>\n<p>Le de\u0301fenseur central de 19 ans, ne\u0301 aux Aubrais d\u2019une me\u0300re congolaise, avait e\u0301te\u0301 pre\u0302te\u0301 en de\u0301but de saison a\u0300 Bastia-Borgo. En National 1, il a joue\u0301 12 matches, tous comme titulaire.<\/p>\n<p>Celui qui a signe\u0301 son premier contrat pro, jusqu\u2019en juin 2025, revient pre\u0301mature\u0301ment a\u0300 Brest, 17e et premier rele\u0301gable de Ligue 1, pour pallier nume\u0301riquement la blessure de Bryan Chardonnet, absent pour quelques matches en raison d\u2019une blessure musculaire a\u0300 la cuisse.<\/p>\n<p>Reste a\u0300 savoir s\u2019il sera dans le groupe finiste\u0301rien qui affrontera Lens ce dimanche en 16e de finale de la Coupe de France.<\/p>\n<p><strong>Pour plus d&rsquo;informations et d&rsquo;analyses sur la <a href=\"https:\/\/www.africa-press.net\/congo-brazzaville\">Congo Brazzaville<\/a>, suivez <a href=\"https:\/\/www.africa-press.net\/\">Africa-Press<\/a><\/strong><\/p>\n","protected":false},"excerpt":{"rendered":"<p>Africa-Press &#8211; Congo Brazzaville. Le late\u0301ral gauche franco-congolais de\u0301barque les Verts, l\u2019avant-centre de 34 ans arrive a\u0300 Malte et le jeune de\u0301fenseur central fait son retour a\u0300 Brest. Apre\u0300s une remise en forme du co\u0302te\u0301 de Saran (1 but en 8 matches de National 3), Fode\u0301 Dore\u0301 s\u2019est engage\u0301 jusqu\u2019en juin prochain en faveur du [&hellip;]<\/p>\n","protected":false},"author":82,"featured_media":13586,"comment_status":"open","ping_status":"closed","sticky":false,"template":"","format":"standard","meta":{"footnotes":""},"categories":[6,10],"tags":[36,47,46],"class_list":["post-13587","post","type-post","status-publish","format-standard","has-post-thumbnail","hentry","category-sports","category-toutes-les-actualites","tag-africa-press","tag-africa-press-congo-brazzaville","tag-congo-brazzaville"],"yoast_head":"<!-- This site is optimized with the Yoast SEO Premium plugin v26.1 (Yoast SEO v27.0) - https:\/\/yoast.com\/product\/yoast-seo-premium-wordpress\/ -->\n<title>Transferts : Dor\u00e9 \u00e0 Malte, Nkounkou \u00e0 Saint-Etienne, Escartin rentre \u00e0 Brest - Congo Brazzaville<\/title>\n<meta name=\"description\" content=\"Le late\u0301ral gauche franco-congolais de\u0301barque les Verts, l\u2019avant-centre de 34 ans arrive a\u0300 Malte et le jeune de\u0301fens ...\" \/>\n<meta name=\"robots\" content=\"index, follow, max-snippet:-1, max-image-preview:large, max-video-preview:-1\" \/>\n<link rel=\"canonical\" href=\"https:\/\/www.africa-press.net\/congo-brazzaville\/sports\/transferts-dore-a-malte-nkounkou-a-saint-etienne-escartin-rentre-a-brest\" \/>\n<meta property=\"og:locale\" content=\"fr_FR\" \/>\n<meta property=\"og:type\" content=\"article\" \/>\n<meta property=\"og:title\" content=\"Transferts : Dor\u00e9 \u00e0 Malte, Nkounkou \u00e0 Saint-Etienne, Escartin rentre \u00e0 Brest\" \/>\n<meta property=\"og:description\" content=\"Le late\u0301ral gauche franco-congolais de\u0301barque les Verts, l\u2019avant-centre de 34 ans arrive a\u0300 Malte et le jeune de\u0301fens ...\" \/>\n<meta property=\"og:url\" content=\"https:\/\/www.africa-press.net\/congo-brazzaville\/sports\/transferts-dore-a-malte-nkounkou-a-saint-etienne-escartin-rentre-a-brest\" \/>\n<meta property=\"og:site_name\" content=\"Congo Brazzaville\" \/>\n<meta property=\"article:published_time\" content=\"2023-01-21T17:48:02+00:00\" \/>\n<meta property=\"article:modified_time\" content=\"2023-01-21T18:52:37+00:00\" \/>\n<meta property=\"og:image\" content=\"https:\/\/static.africa-press.net\/congo-brazzaville\/sites\/51\/2023\/01\/postQueueImg_1674310701.00.jpg\" \/>\n\t<meta property=\"og:image:width\" content=\"1280\" \/>\n\t<meta property=\"og:image:height\" content=\"720\" \/>\n\t<meta property=\"og:image:type\" content=\"image\/jpeg\" \/>\n<meta name=\"author\" content=\"cfeditorfr\" \/>\n<meta name=\"twitter:card\" content=\"summary_large_image\" \/>\n<meta name=\"twitter:label1\" content=\"\u00c9crit par\" \/>\n\t<meta name=\"twitter:data1\" content=\"cfeditorfr\" \/>\n\t<meta name=\"twitter:label2\" content=\"Dur\u00e9e de lecture estim\u00e9e\" \/>\n\t<meta name=\"twitter:data2\" content=\"2 minutes\" \/>\n<script type=\"application\/ld+json\" class=\"yoast-schema-graph\">{\"@context\":\"https:\/\/schema.org\",\"@graph\":[{\"@type\":\"Article\",\"@id\":\"https:\/\/www.africa-press.net\/congo-brazzaville\/sports\/transferts-dore-a-malte-nkounkou-a-saint-etienne-escartin-rentre-a-brest#article\",\"isPartOf\":{\"@id\":\"https:\/\/www.africa-press.net\/congo-brazzaville\/sports\/transferts-dore-a-malte-nkounkou-a-saint-etienne-escartin-rentre-a-brest\"},\"author\":{\"name\":\"cfeditorfr\",\"@id\":\"https:\/\/www.africa-press.net\/congo-brazzaville\/#\/schema\/person\/2b1cf3cd81a31e3cd26889ca66d677f1\"},\"headline\":\"Transferts : Dor\u00e9 \u00e0 Malte, Nkounkou \u00e0 Saint-Etienne, Escartin rentre \u00e0 Brest\",\"datePublished\":\"2023-01-21T17:48:02+00:00\",\"dateModified\":\"2023-01-21T18:52:37+00:00\",\"mainEntityOfPage\":{\"@id\":\"https:\/\/www.africa-press.net\/congo-brazzaville\/sports\/transferts-dore-a-malte-nkounkou-a-saint-etienne-escartin-rentre-a-brest\"},\"wordCount\":420,\"commentCount\":0,\"image\":{\"@id\":\"https:\/\/www.africa-press.net\/congo-brazzaville\/sports\/transferts-dore-a-malte-nkounkou-a-saint-etienne-escartin-rentre-a-brest#primaryimage\"},\"thumbnailUrl\":\"https:\/\/static.africa-press.net\/congo-brazzaville\/sites\/51\/2023\/01\/postQueueImg_1674310701.00.jpg\",\"keywords\":[\"Africa Press\",\"Africa Press-Congo Brazzaville\",\"Congo Brazzaville\"],\"articleSection\":[\"Sports\",\"Toutes les actualit\u00e9s\"],\"inLanguage\":\"fr-FR\",\"potentialAction\":[{\"@type\":\"CommentAction\",\"name\":\"Comment\",\"target\":[\"https:\/\/www.africa-press.net\/congo-brazzaville\/sports\/transferts-dore-a-malte-nkounkou-a-saint-etienne-escartin-rentre-a-brest#respond\"]}]},{\"@type\":\"WebPage\",\"@id\":\"https:\/\/www.africa-press.net\/congo-brazzaville\/sports\/transferts-dore-a-malte-nkounkou-a-saint-etienne-escartin-rentre-a-brest\",\"url\":\"https:\/\/www.africa-press.net\/congo-brazzaville\/sports\/transferts-dore-a-malte-nkounkou-a-saint-etienne-escartin-rentre-a-brest\",\"name\":\"Transferts : Dor\u00e9 \u00e0 Malte, Nkounkou \u00e0 Saint-Etienne, Escartin rentre \u00e0 Brest - Congo Brazzaville\",\"isPartOf\":{\"@id\":\"https:\/\/www.africa-press.net\/congo-brazzaville\/#website\"},\"primaryImageOfPage\":{\"@id\":\"https:\/\/www.africa-press.net\/congo-brazzaville\/sports\/transferts-dore-a-malte-nkounkou-a-saint-etienne-escartin-rentre-a-brest#primaryimage\"},\"image\":{\"@id\":\"https:\/\/www.africa-press.net\/congo-brazzaville\/sports\/transferts-dore-a-malte-nkounkou-a-saint-etienne-escartin-rentre-a-brest#primaryimage\"},\"thumbnailUrl\":\"https:\/\/static.africa-press.net\/congo-brazzaville\/sites\/51\/2023\/01\/postQueueImg_1674310701.00.jpg\",\"datePublished\":\"2023-01-21T17:48:02+00:00\",\"dateModified\":\"2023-01-21T18:52:37+00:00\",\"author\":{\"@id\":\"https:\/\/www.africa-press.net\/congo-brazzaville\/#\/schema\/person\/2b1cf3cd81a31e3cd26889ca66d677f1\"},\"description\":\"Le late\u0301ral gauche franco-congolais de\u0301barque les Verts, l\u2019avant-centre de 34 ans arrive a\u0300 Malte et le jeune de\u0301fens ...\",\"breadcrumb\":{\"@id\":\"https:\/\/www.africa-press.net\/congo-brazzaville\/sports\/transferts-dore-a-malte-nkounkou-a-saint-etienne-escartin-rentre-a-brest#breadcrumb\"},\"inLanguage\":\"fr-FR\",\"potentialAction\":[{\"@type\":\"ReadAction\",\"target\":[\"https:\/\/www.africa-press.net\/congo-brazzaville\/sports\/transferts-dore-a-malte-nkounkou-a-saint-etienne-escartin-rentre-a-brest\"]}]},{\"@type\":\"ImageObject\",\"inLanguage\":\"fr-FR\",\"@id\":\"https:\/\/www.africa-press.net\/congo-brazzaville\/sports\/transferts-dore-a-malte-nkounkou-a-saint-etienne-escartin-rentre-a-brest#primaryimage\",\"url\":\"https:\/\/static.africa-press.net\/congo-brazzaville\/sites\/51\/2023\/01\/postQueueImg_1674310701.00.jpg\",\"contentUrl\":\"https:\/\/static.africa-press.net\/congo-brazzaville\/sites\/51\/2023\/01\/postQueueImg_1674310701.00.jpg\",\"width\":1280,\"height\":720,\"caption\":\"Transferts : Dor\u00e9 \u00e0 Malte, Nkounkou \u00e0 Saint-Etienne, Escartin rentre \u00e0 Brest\"},{\"@type\":\"BreadcrumbList\",\"@id\":\"https:\/\/www.africa-press.net\/congo-brazzaville\/sports\/transferts-dore-a-malte-nkounkou-a-saint-etienne-escartin-rentre-a-brest#breadcrumb\",\"itemListElement\":[{\"@type\":\"ListItem\",\"position\":1,\"name\":\"Accueil\",\"item\":\"https:\/\/www.africa-press.net\/congo-brazzaville\/\"},{\"@type\":\"ListItem\",\"position\":2,\"name\":\"Transferts : Dor\u00e9 \u00e0 Malte, Nkounkou \u00e0 Saint-Etienne, Escartin rentre \u00e0 Brest\"}]},{\"@type\":\"WebSite\",\"@id\":\"https:\/\/www.africa-press.net\/congo-brazzaville\/#website\",\"url\":\"https:\/\/www.africa-press.net\/congo-brazzaville\/\",\"name\":\"Congo Brazzaville\",\"description\":\"Just another Africa News Agency Sites site\",\"potentialAction\":[{\"@type\":\"SearchAction\",\"target\":{\"@type\":\"EntryPoint\",\"urlTemplate\":\"https:\/\/www.africa-press.net\/congo-brazzaville\/?s={search_term_string}\"},\"query-input\":{\"@type\":\"PropertyValueSpecification\",\"valueRequired\":true,\"valueName\":\"search_term_string\"}}],\"inLanguage\":\"fr-FR\"},{\"@type\":\"Person\",\"@id\":\"https:\/\/www.africa-press.net\/congo-brazzaville\/#\/schema\/person\/2b1cf3cd81a31e3cd26889ca66d677f1\",\"name\":\"cfeditorfr\"}]}<\/script>\n<!-- \/ Yoast SEO Premium plugin. -->","yoast_head_json":{"title":"Transferts : Dor\u00e9 \u00e0 Malte, Nkounkou \u00e0 Saint-Etienne, Escartin rentre \u00e0 Brest - Congo Brazzaville","description":"Le late\u0301ral gauche franco-congolais de\u0301barque les Verts, l\u2019avant-centre de 34 ans arrive a\u0300 Malte et le jeune de\u0301fens ...","robots":{"index":"index","follow":"follow","max-snippet":"max-snippet:-1","max-image-preview":"max-image-preview:large","max-video-preview":"max-video-preview:-1"},"canonical":"https:\/\/www.africa-press.net\/congo-brazzaville\/sports\/transferts-dore-a-malte-nkounkou-a-saint-etienne-escartin-rentre-a-brest","og_locale":"fr_FR","og_type":"article","og_title":"Transferts : Dor\u00e9 \u00e0 Malte, Nkounkou \u00e0 Saint-Etienne, Escartin rentre \u00e0 Brest","og_description":"Le late\u0301ral gauche franco-congolais de\u0301barque les Verts, l\u2019avant-centre de 34 ans arrive a\u0300 Malte et le jeune de\u0301fens ...","og_url":"https:\/\/www.africa-press.net\/congo-brazzaville\/sports\/transferts-dore-a-malte-nkounkou-a-saint-etienne-escartin-rentre-a-brest","og_site_name":"Congo Brazzaville","article_published_time":"2023-01-21T17:48:02+00:00","article_modified_time":"2023-01-21T18:52:37+00:00","og_image":[{"width":1280,"height":720,"url":"https:\/\/static.africa-press.net\/congo-brazzaville\/sites\/51\/2023\/01\/postQueueImg_1674310701.00.jpg","type":"image\/jpeg"}],"author":"cfeditorfr","twitter_card":"summary_large_image","twitter_misc":{"\u00c9crit par":"cfeditorfr","Dur\u00e9e de lecture estim\u00e9e":"2 minutes"},"schema":{"@context":"https:\/\/schema.org","@graph":[{"@type":"Article","@id":"https:\/\/www.africa-press.net\/congo-brazzaville\/sports\/transferts-dore-a-malte-nkounkou-a-saint-etienne-escartin-rentre-a-brest#article","isPartOf":{"@id":"https:\/\/www.africa-press.net\/congo-brazzaville\/sports\/transferts-dore-a-malte-nkounkou-a-saint-etienne-escartin-rentre-a-brest"},"author":{"name":"cfeditorfr","@id":"https:\/\/www.africa-press.net\/congo-brazzaville\/#\/schema\/person\/2b1cf3cd81a31e3cd26889ca66d677f1"},"headline":"Transferts : Dor\u00e9 \u00e0 Malte, Nkounkou \u00e0 Saint-Etienne, Escartin rentre \u00e0 Brest","datePublished":"2023-01-21T17:48:02+00:00","dateModified":"2023-01-21T18:52:37+00:00","mainEntityOfPage":{"@id":"https:\/\/www.africa-press.net\/congo-brazzaville\/sports\/transferts-dore-a-malte-nkounkou-a-saint-etienne-escartin-rentre-a-brest"},"wordCount":420,"commentCount":0,"image":{"@id":"https:\/\/www.africa-press.net\/congo-brazzaville\/sports\/transferts-dore-a-malte-nkounkou-a-saint-etienne-escartin-rentre-a-brest#primaryimage"},"thumbnailUrl":"https:\/\/static.africa-press.net\/congo-brazzaville\/sites\/51\/2023\/01\/postQueueImg_1674310701.00.jpg","keywords":["Africa Press","Africa Press-Congo Brazzaville","Congo Brazzaville"],"articleSection":["Sports","Toutes les actualit\u00e9s"],"inLanguage":"fr-FR","potentialAction":[{"@type":"CommentAction","name":"Comment","target":["https:\/\/www.africa-press.net\/congo-brazzaville\/sports\/transferts-dore-a-malte-nkounkou-a-saint-etienne-escartin-rentre-a-brest#respond"]}]},{"@type":"WebPage","@id":"https:\/\/www.africa-press.net\/congo-brazzaville\/sports\/transferts-dore-a-malte-nkounkou-a-saint-etienne-escartin-rentre-a-brest","url":"https:\/\/www.africa-press.net\/congo-brazzaville\/sports\/transferts-dore-a-malte-nkounkou-a-saint-etienne-escartin-rentre-a-brest","name":"Transferts : Dor\u00e9 \u00e0 Malte, Nkounkou \u00e0 Saint-Etienne, Escartin rentre \u00e0 Brest - Congo Brazzaville","isPartOf":{"@id":"https:\/\/www.africa-press.net\/congo-brazzaville\/#website"},"primaryImageOfPage":{"@id":"https:\/\/www.africa-press.net\/congo-brazzaville\/sports\/transferts-dore-a-malte-nkounkou-a-saint-etienne-escartin-rentre-a-brest#primaryimage"},"image":{"@id":"https:\/\/www.africa-press.net\/congo-brazzaville\/sports\/transferts-dore-a-malte-nkounkou-a-saint-etienne-escartin-rentre-a-brest#primaryimage"},"thumbnailUrl":"https:\/\/static.africa-press.net\/congo-brazzaville\/sites\/51\/2023\/01\/postQueueImg_1674310701.00.jpg","datePublished":"2023-01-21T17:48:02+00:00","dateModified":"2023-01-21T18:52:37+00:00","author":{"@id":"https:\/\/www.africa-press.net\/congo-brazzaville\/#\/schema\/person\/2b1cf3cd81a31e3cd26889ca66d677f1"},"description":"Le late\u0301ral gauche franco-congolais de\u0301barque les Verts, l\u2019avant-centre de 34 ans arrive a\u0300 Malte et le jeune de\u0301fens ...","breadcrumb":{"@id":"https:\/\/www.africa-press.net\/congo-brazzaville\/sports\/transferts-dore-a-malte-nkounkou-a-saint-etienne-escartin-rentre-a-brest#breadcrumb"},"inLanguage":"fr-FR","potentialAction":[{"@type":"ReadAction","target":["https:\/\/www.africa-press.net\/congo-brazzaville\/sports\/transferts-dore-a-malte-nkounkou-a-saint-etienne-escartin-rentre-a-brest"]}]},{"@type":"ImageObject","inLanguage":"fr-FR","@id":"https:\/\/www.africa-press.net\/congo-brazzaville\/sports\/transferts-dore-a-malte-nkounkou-a-saint-etienne-escartin-rentre-a-brest#primaryimage","url":"https:\/\/static.africa-press.net\/congo-brazzaville\/sites\/51\/2023\/01\/postQueueImg_1674310701.00.jpg","contentUrl":"https:\/\/static.africa-press.net\/congo-brazzaville\/sites\/51\/2023\/01\/postQueueImg_1674310701.00.jpg","width":1280,"height":720,"caption":"Transferts : Dor\u00e9 \u00e0 Malte, Nkounkou \u00e0 Saint-Etienne, Escartin rentre \u00e0 Brest"},{"@type":"BreadcrumbList","@id":"https:\/\/www.africa-press.net\/congo-brazzaville\/sports\/transferts-dore-a-malte-nkounkou-a-saint-etienne-escartin-rentre-a-brest#breadcrumb","itemListElement":[{"@type":"ListItem","position":1,"name":"Accueil","item":"https:\/\/www.africa-press.net\/congo-brazzaville\/"},{"@type":"ListItem","position":2,"name":"Transferts : Dor\u00e9 \u00e0 Malte, Nkounkou \u00e0 Saint-Etienne, Escartin rentre \u00e0 Brest"}]},{"@type":"WebSite","@id":"https:\/\/www.africa-press.net\/congo-brazzaville\/#website","url":"https:\/\/www.africa-press.net\/congo-brazzaville\/","name":"Congo Brazzaville","description":"Just another Africa News Agency Sites site","potentialAction":[{"@type":"SearchAction","target":{"@type":"EntryPoint","urlTemplate":"https:\/\/www.africa-press.net\/congo-brazzaville\/?s={search_term_string}"},"query-input":{"@type":"PropertyValueSpecification","valueRequired":true,"valueName":"search_term_string"}}],"inLanguage":"fr-FR"},{"@type":"Person","@id":"https:\/\/www.africa-press.net\/congo-brazzaville\/#\/schema\/person\/2b1cf3cd81a31e3cd26889ca66d677f1","name":"cfeditorfr"}]}},"_links":{"self":[{"href":"https:\/\/www.africa-press.net\/congo-brazzaville\/wp-json\/wp\/v2\/posts\/13587","targetHints":{"allow":["GET"]}}],"collection":[{"href":"https:\/\/www.africa-press.net\/congo-brazzaville\/wp-json\/wp\/v2\/posts"}],"about":[{"href":"https:\/\/www.africa-press.net\/congo-brazzaville\/wp-json\/wp\/v2\/types\/post"}],"author":[{"embeddable":true,"href":"https:\/\/www.africa-press.net\/congo-brazzaville\/wp-json\/wp\/v2\/users\/82"}],"replies":[{"embeddable":true,"href":"https:\/\/www.africa-press.net\/congo-brazzaville\/wp-json\/wp\/v2\/comments?post=13587"}],"version-history":[{"count":0,"href":"https:\/\/www.africa-press.net\/congo-brazzaville\/wp-json\/wp\/v2\/posts\/13587\/revisions"}],"wp:featuredmedia":[{"embeddable":true,"href":"https:\/\/www.africa-press.net\/congo-brazzaville\/wp-json\/wp\/v2\/media\/13586"}],"wp:attachment":[{"href":"https:\/\/www.africa-press.net\/congo-brazzaville\/wp-json\/wp\/v2\/media?parent=13587"}],"wp:term":[{"taxonomy":"category","embeddable":true,"href":"https:\/\/www.africa-press.net\/congo-brazzaville\/wp-json\/wp\/v2\/categories?post=13587"},{"taxonomy":"post_tag","embeddable":true,"href":"https:\/\/www.africa-press.net\/congo-brazzaville\/wp-json\/wp\/v2\/tags?post=13587"}],"curies":[{"name":"wp","href":"https:\/\/api.w.org\/{rel}","templated":true}]}}