{"id":13592,"date":"2023-01-22T11:55:46","date_gmt":"2023-01-22T11:55:46","guid":{"rendered":"https:\/\/www.africa-press.net\/congo-brazzaville\/politique\/leglise-assemblee-de-dieu-du-congo-adopte-son-programme-dactivites-2023"},"modified":"2023-01-22T11:55:46","modified_gmt":"2023-01-22T11:55:46","slug":"leglise-assemblee-de-dieu-du-congo-adopte-son-programme-dactivites-2023","status":"publish","type":"post","link":"https:\/\/www.africa-press.net\/congo-brazzaville\/politique\/leglise-assemblee-de-dieu-du-congo-adopte-son-programme-dactivites-2023","title":{"rendered":"l\u2019\u00e9glise \u00ab assembl\u00e9e de dieu du congo \u00bb adopte son programme d\u2019activit\u00e9s 2023"},"content":{"rendered":"<p><span style=\"color: #ff6600\"><strong>Africa-Press &#8211; Congo Brazzaville. <\/strong><\/span><b>Les ministres de l\u2019Assemble\u0301e de Dieu du Congo (ADC) ont proce\u0301de\u0301 le 21 janvier a\u0300 Brazzaville a\u0300 l\u2019adoption du programme d\u2019activite\u0301s, que cette e\u0301glise entend exe\u0301cuter au cours de l\u2019anne\u0301e 2023, en vue de sa bonne marche.<\/b><\/p>\n<p>\u00ab Le programme que nous avons pour cette anne\u0301e s\u2019e\u0301tend sur plusieurs points a\u0300 savoir entre autres la construction des temples a\u0300 l\u2019inte\u0301rieur du pays, les descentes a\u0300 l\u2019inte\u0301rieur du pays, l\u2019e\u0301vange\u0301lisation, les ordinations, la descente de l\u2019apo\u0302tre dans les Assemble\u0301es de Brazzaville . Nous voulons offrir a\u0300 nos Assemble\u0301es de l\u2019inte\u0301rieur les me\u0302mes cadres que nous pouvons trouver a\u0300 Brazzaville. Le programme de cette anne\u0301e, est beaucoup plus pointu que celui de l\u2019anne\u0301e dernie\u0300re \u00bb, a releve\u0301 le secre\u0301taire ge\u0301ne\u0301ral adjoint du bureau ADC, Vianney Andzi, lors de l\u2019adoption du programme d\u2019activite\u0301s 2023 de l\u2019ADC.<\/p>\n<p>Cette nouvelle anne\u0301e est place\u0301e sous le signe d\u2019une anne\u0301e de l\u2019excellence a fait savoir un membre du bureau ADC, Yvette Etsoue\u0301. \u00ab Selon la vision que Dieu a donne\u0301 a\u0300 son serviteur l\u2019Apo\u0302tre E\u0301mile Itoua ; cette anne\u0301e est une anne\u0301e de l\u2019excellence ou nous allons beaucoup travailler. Les descentes qui seront faites a\u0300 travers le pays visent a\u0300 e\u0301vange\u0301liser les fide\u0300les, a\u0300 former les serviteurs de Dieu qui sont dans les de\u0301partements et a\u0300 e\u0301tablir la bonne organisation de ces communaute\u0301s \u00bb, a-t-elle indique\u0301.<\/p>\n<p>Le pre\u0301sident des Assemble\u0301es de Dieu du Congo a demande\u0301 a\u0300 ses serviteurs de s\u2019engager afin de parvenir a\u0300 la re\u0301alisation des objectifs de\u0301finis pour cette nouvelle anne\u0301e. \u00ab Que Tout ce que nous avons arre\u0302te\u0301 dans le programme d\u2019activite\u0301s 2023 soit exe\u0301cute\u0301. Que notre engagement pris pour l\u2019effectivite\u0301 de ces actions ne change pas au cours de l\u2019anne\u0301e \u00bb, a souhaite\u0301 le pre\u0301sident des ADC, L\u2019apo\u0302tre E\u0301mile Itoua.<\/p>\n<p><strong>Pour plus d&rsquo;informations et d&rsquo;analyses sur la <a href=\"https:\/\/www.africa-press.net\/congo-brazzaville\">Congo Brazzaville<\/a>, suivez <a href=\"https:\/\/www.africa-press.net\/\">Africa-Press<\/a><\/strong><\/p>\n","protected":false},"excerpt":{"rendered":"<p>Africa-Press &#8211; Congo Brazzaville. Les ministres de l\u2019Assemble\u0301e de Dieu du Congo (ADC) ont proce\u0301de\u0301 le 21 janvier a\u0300 Brazzaville a\u0300 l\u2019adoption du programme d\u2019activite\u0301s, que cette e\u0301glise entend exe\u0301cuter au cours de l\u2019anne\u0301e 2023, en vue de sa bonne marche. \u00ab Le programme que nous avons pour cette anne\u0301e s\u2019e\u0301tend sur plusieurs points a\u0300 [&hellip;]<\/p>\n","protected":false},"author":82,"featured_media":13591,"comment_status":"open","ping_status":"closed","sticky":false,"template":"","format":"standard","meta":{"footnotes":""},"categories":[2,10],"tags":[36,47,46],"class_list":["post-13592","post","type-post","status-publish","format-standard","has-post-thumbnail","hentry","category-politique","category-toutes-les-actualites","tag-africa-press","tag-africa-press-congo-brazzaville","tag-congo-brazzaville"],"yoast_head":"<!-- This site is optimized with the Yoast SEO Premium plugin v26.1 (Yoast SEO v27.0) - https:\/\/yoast.com\/product\/yoast-seo-premium-wordpress\/ -->\n<title>l\u2019\u00e9glise \u00ab assembl\u00e9e de dieu du congo \u00bb adopte son programme d\u2019activit\u00e9s 2023 - Congo Brazzaville<\/title>\n<meta name=\"robots\" content=\"index, follow, max-snippet:-1, max-image-preview:large, max-video-preview:-1\" \/>\n<link rel=\"canonical\" href=\"https:\/\/www.africa-press.net\/congo-brazzaville\/politique\/leglise-assemblee-de-dieu-du-congo-adopte-son-programme-dactivites-2023\" \/>\n<meta property=\"og:locale\" content=\"fr_FR\" \/>\n<meta property=\"og:type\" content=\"article\" \/>\n<meta property=\"og:title\" content=\"l\u2019\u00e9glise \u00ab assembl\u00e9e de dieu du congo \u00bb adopte son programme d\u2019activit\u00e9s 2023\" \/>\n<meta property=\"og:description\" content=\"Africa-Press &#8211; Congo Brazzaville. Les ministres de l\u2019Assemble\u0301e de Dieu du Congo (ADC) ont proce\u0301de\u0301 le 21 janvier a\u0300 Brazzaville a\u0300 l\u2019adoption du programme d\u2019activite\u0301s, que cette e\u0301glise entend exe\u0301cuter au cours de l\u2019anne\u0301e 2023, en vue de sa bonne marche. \u00ab Le programme que nous avons pour cette anne\u0301e s\u2019e\u0301tend sur plusieurs points a\u0300 [&hellip;]\" \/>\n<meta property=\"og:url\" content=\"https:\/\/www.africa-press.net\/congo-brazzaville\/politique\/leglise-assemblee-de-dieu-du-congo-adopte-son-programme-dactivites-2023\" \/>\n<meta property=\"og:site_name\" content=\"Congo Brazzaville\" \/>\n<meta property=\"article:published_time\" content=\"2023-01-22T11:55:46+00:00\" \/>\n<meta name=\"author\" content=\"cfeditorfr\" \/>\n<meta name=\"twitter:card\" content=\"summary_large_image\" \/>\n<meta name=\"twitter:label1\" content=\"\u00c9crit par\" \/>\n\t<meta name=\"twitter:data1\" content=\"cfeditorfr\" \/>\n\t<meta name=\"twitter:label2\" content=\"Dur\u00e9e de lecture estim\u00e9e\" \/>\n\t<meta name=\"twitter:data2\" content=\"2 minutes\" \/>\n<script type=\"application\/ld+json\" class=\"yoast-schema-graph\">{\"@context\":\"https:\/\/schema.org\",\"@graph\":[{\"@type\":\"Article\",\"@id\":\"https:\/\/www.africa-press.net\/congo-brazzaville\/politique\/leglise-assemblee-de-dieu-du-congo-adopte-son-programme-dactivites-2023#article\",\"isPartOf\":{\"@id\":\"https:\/\/www.africa-press.net\/congo-brazzaville\/politique\/leglise-assemblee-de-dieu-du-congo-adopte-son-programme-dactivites-2023\"},\"author\":{\"name\":\"cfeditorfr\",\"@id\":\"https:\/\/www.africa-press.net\/congo-brazzaville\/#\/schema\/person\/2b1cf3cd81a31e3cd26889ca66d677f1\"},\"headline\":\"l\u2019\u00e9glise \u00ab assembl\u00e9e de dieu du congo \u00bb adopte son programme d\u2019activit\u00e9s 2023\",\"datePublished\":\"2023-01-22T11:55:46+00:00\",\"mainEntityOfPage\":{\"@id\":\"https:\/\/www.africa-press.net\/congo-brazzaville\/politique\/leglise-assemblee-de-dieu-du-congo-adopte-son-programme-dactivites-2023\"},\"wordCount\":379,\"commentCount\":0,\"image\":{\"@id\":\"https:\/\/www.africa-press.net\/congo-brazzaville\/politique\/leglise-assemblee-de-dieu-du-congo-adopte-son-programme-dactivites-2023#primaryimage\"},\"thumbnailUrl\":\"https:\/\/static.africa-press.net\/congo-brazzaville\/sites\/51\/2023\/01\/postQueueImg_1674376009.92.jpg\",\"keywords\":[\"Africa Press\",\"Africa Press-Congo Brazzaville\",\"Congo Brazzaville\"],\"articleSection\":[\"Politique\",\"Toutes les actualit\u00e9s\"],\"inLanguage\":\"fr-FR\",\"potentialAction\":[{\"@type\":\"CommentAction\",\"name\":\"Comment\",\"target\":[\"https:\/\/www.africa-press.net\/congo-brazzaville\/politique\/leglise-assemblee-de-dieu-du-congo-adopte-son-programme-dactivites-2023#respond\"]}]},{\"@type\":\"WebPage\",\"@id\":\"https:\/\/www.africa-press.net\/congo-brazzaville\/politique\/leglise-assemblee-de-dieu-du-congo-adopte-son-programme-dactivites-2023\",\"url\":\"https:\/\/www.africa-press.net\/congo-brazzaville\/politique\/leglise-assemblee-de-dieu-du-congo-adopte-son-programme-dactivites-2023\",\"name\":\"l\u2019\u00e9glise \u00ab assembl\u00e9e de dieu du congo \u00bb adopte son programme d\u2019activit\u00e9s 2023 - Congo Brazzaville\",\"isPartOf\":{\"@id\":\"https:\/\/www.africa-press.net\/congo-brazzaville\/#website\"},\"primaryImageOfPage\":{\"@id\":\"https:\/\/www.africa-press.net\/congo-brazzaville\/politique\/leglise-assemblee-de-dieu-du-congo-adopte-son-programme-dactivites-2023#primaryimage\"},\"image\":{\"@id\":\"https:\/\/www.africa-press.net\/congo-brazzaville\/politique\/leglise-assemblee-de-dieu-du-congo-adopte-son-programme-dactivites-2023#primaryimage\"},\"thumbnailUrl\":\"https:\/\/static.africa-press.net\/congo-brazzaville\/sites\/51\/2023\/01\/postQueueImg_1674376009.92.jpg\",\"datePublished\":\"2023-01-22T11:55:46+00:00\",\"author\":{\"@id\":\"https:\/\/www.africa-press.net\/congo-brazzaville\/#\/schema\/person\/2b1cf3cd81a31e3cd26889ca66d677f1\"},\"breadcrumb\":{\"@id\":\"https:\/\/www.africa-press.net\/congo-brazzaville\/politique\/leglise-assemblee-de-dieu-du-congo-adopte-son-programme-dactivites-2023#breadcrumb\"},\"inLanguage\":\"fr-FR\",\"potentialAction\":[{\"@type\":\"ReadAction\",\"target\":[\"https:\/\/www.africa-press.net\/congo-brazzaville\/politique\/leglise-assemblee-de-dieu-du-congo-adopte-son-programme-dactivites-2023\"]}]},{\"@type\":\"ImageObject\",\"inLanguage\":\"fr-FR\",\"@id\":\"https:\/\/www.africa-press.net\/congo-brazzaville\/politique\/leglise-assemblee-de-dieu-du-congo-adopte-son-programme-dactivites-2023#primaryimage\",\"url\":\"https:\/\/static.africa-press.net\/congo-brazzaville\/sites\/51\/2023\/01\/postQueueImg_1674376009.92.jpg\",\"contentUrl\":\"https:\/\/static.africa-press.net\/congo-brazzaville\/sites\/51\/2023\/01\/postQueueImg_1674376009.92.jpg\",\"width\":771,\"height\":441,\"caption\":\"l\u2019\u00e9glise \u00ab assembl\u00e9e de dieu du congo \u00bb adopte son programme d\u2019activit\u00e9s 2023\"},{\"@type\":\"BreadcrumbList\",\"@id\":\"https:\/\/www.africa-press.net\/congo-brazzaville\/politique\/leglise-assemblee-de-dieu-du-congo-adopte-son-programme-dactivites-2023#breadcrumb\",\"itemListElement\":[{\"@type\":\"ListItem\",\"position\":1,\"name\":\"Accueil\",\"item\":\"https:\/\/www.africa-press.net\/congo-brazzaville\/\"},{\"@type\":\"ListItem\",\"position\":2,\"name\":\"l\u2019\u00e9glise \u00ab assembl\u00e9e de dieu du congo \u00bb adopte son programme d\u2019activit\u00e9s 2023\"}]},{\"@type\":\"WebSite\",\"@id\":\"https:\/\/www.africa-press.net\/congo-brazzaville\/#website\",\"url\":\"https:\/\/www.africa-press.net\/congo-brazzaville\/\",\"name\":\"Congo Brazzaville\",\"description\":\"Just another Africa News Agency Sites site\",\"potentialAction\":[{\"@type\":\"SearchAction\",\"target\":{\"@type\":\"EntryPoint\",\"urlTemplate\":\"https:\/\/www.africa-press.net\/congo-brazzaville\/?s={search_term_string}\"},\"query-input\":{\"@type\":\"PropertyValueSpecification\",\"valueRequired\":true,\"valueName\":\"search_term_string\"}}],\"inLanguage\":\"fr-FR\"},{\"@type\":\"Person\",\"@id\":\"https:\/\/www.africa-press.net\/congo-brazzaville\/#\/schema\/person\/2b1cf3cd81a31e3cd26889ca66d677f1\",\"name\":\"cfeditorfr\"}]}<\/script>\n<!-- \/ Yoast SEO Premium plugin. -->","yoast_head_json":{"title":"l\u2019\u00e9glise \u00ab assembl\u00e9e de dieu du congo \u00bb adopte son programme d\u2019activit\u00e9s 2023 - Congo Brazzaville","robots":{"index":"index","follow":"follow","max-snippet":"max-snippet:-1","max-image-preview":"max-image-preview:large","max-video-preview":"max-video-preview:-1"},"canonical":"https:\/\/www.africa-press.net\/congo-brazzaville\/politique\/leglise-assemblee-de-dieu-du-congo-adopte-son-programme-dactivites-2023","og_locale":"fr_FR","og_type":"article","og_title":"l\u2019\u00e9glise \u00ab assembl\u00e9e de dieu du congo \u00bb adopte son programme d\u2019activit\u00e9s 2023","og_description":"Africa-Press &#8211; Congo Brazzaville. Les ministres de l\u2019Assemble\u0301e de Dieu du Congo (ADC) ont proce\u0301de\u0301 le 21 janvier a\u0300 Brazzaville a\u0300 l\u2019adoption du programme d\u2019activite\u0301s, que cette e\u0301glise entend exe\u0301cuter au cours de l\u2019anne\u0301e 2023, en vue de sa bonne marche. \u00ab Le programme que nous avons pour cette anne\u0301e s\u2019e\u0301tend sur plusieurs points a\u0300 [&hellip;]","og_url":"https:\/\/www.africa-press.net\/congo-brazzaville\/politique\/leglise-assemblee-de-dieu-du-congo-adopte-son-programme-dactivites-2023","og_site_name":"Congo Brazzaville","article_published_time":"2023-01-22T11:55:46+00:00","author":"cfeditorfr","twitter_card":"summary_large_image","twitter_misc":{"\u00c9crit par":"cfeditorfr","Dur\u00e9e de lecture estim\u00e9e":"2 minutes"},"schema":{"@context":"https:\/\/schema.org","@graph":[{"@type":"Article","@id":"https:\/\/www.africa-press.net\/congo-brazzaville\/politique\/leglise-assemblee-de-dieu-du-congo-adopte-son-programme-dactivites-2023#article","isPartOf":{"@id":"https:\/\/www.africa-press.net\/congo-brazzaville\/politique\/leglise-assemblee-de-dieu-du-congo-adopte-son-programme-dactivites-2023"},"author":{"name":"cfeditorfr","@id":"https:\/\/www.africa-press.net\/congo-brazzaville\/#\/schema\/person\/2b1cf3cd81a31e3cd26889ca66d677f1"},"headline":"l\u2019\u00e9glise \u00ab assembl\u00e9e de dieu du congo \u00bb adopte son programme d\u2019activit\u00e9s 2023","datePublished":"2023-01-22T11:55:46+00:00","mainEntityOfPage":{"@id":"https:\/\/www.africa-press.net\/congo-brazzaville\/politique\/leglise-assemblee-de-dieu-du-congo-adopte-son-programme-dactivites-2023"},"wordCount":379,"commentCount":0,"image":{"@id":"https:\/\/www.africa-press.net\/congo-brazzaville\/politique\/leglise-assemblee-de-dieu-du-congo-adopte-son-programme-dactivites-2023#primaryimage"},"thumbnailUrl":"https:\/\/static.africa-press.net\/congo-brazzaville\/sites\/51\/2023\/01\/postQueueImg_1674376009.92.jpg","keywords":["Africa Press","Africa Press-Congo Brazzaville","Congo Brazzaville"],"articleSection":["Politique","Toutes les actualit\u00e9s"],"inLanguage":"fr-FR","potentialAction":[{"@type":"CommentAction","name":"Comment","target":["https:\/\/www.africa-press.net\/congo-brazzaville\/politique\/leglise-assemblee-de-dieu-du-congo-adopte-son-programme-dactivites-2023#respond"]}]},{"@type":"WebPage","@id":"https:\/\/www.africa-press.net\/congo-brazzaville\/politique\/leglise-assemblee-de-dieu-du-congo-adopte-son-programme-dactivites-2023","url":"https:\/\/www.africa-press.net\/congo-brazzaville\/politique\/leglise-assemblee-de-dieu-du-congo-adopte-son-programme-dactivites-2023","name":"l\u2019\u00e9glise \u00ab assembl\u00e9e de dieu du congo \u00bb adopte son programme d\u2019activit\u00e9s 2023 - Congo Brazzaville","isPartOf":{"@id":"https:\/\/www.africa-press.net\/congo-brazzaville\/#website"},"primaryImageOfPage":{"@id":"https:\/\/www.africa-press.net\/congo-brazzaville\/politique\/leglise-assemblee-de-dieu-du-congo-adopte-son-programme-dactivites-2023#primaryimage"},"image":{"@id":"https:\/\/www.africa-press.net\/congo-brazzaville\/politique\/leglise-assemblee-de-dieu-du-congo-adopte-son-programme-dactivites-2023#primaryimage"},"thumbnailUrl":"https:\/\/static.africa-press.net\/congo-brazzaville\/sites\/51\/2023\/01\/postQueueImg_1674376009.92.jpg","datePublished":"2023-01-22T11:55:46+00:00","author":{"@id":"https:\/\/www.africa-press.net\/congo-brazzaville\/#\/schema\/person\/2b1cf3cd81a31e3cd26889ca66d677f1"},"breadcrumb":{"@id":"https:\/\/www.africa-press.net\/congo-brazzaville\/politique\/leglise-assemblee-de-dieu-du-congo-adopte-son-programme-dactivites-2023#breadcrumb"},"inLanguage":"fr-FR","potentialAction":[{"@type":"ReadAction","target":["https:\/\/www.africa-press.net\/congo-brazzaville\/politique\/leglise-assemblee-de-dieu-du-congo-adopte-son-programme-dactivites-2023"]}]},{"@type":"ImageObject","inLanguage":"fr-FR","@id":"https:\/\/www.africa-press.net\/congo-brazzaville\/politique\/leglise-assemblee-de-dieu-du-congo-adopte-son-programme-dactivites-2023#primaryimage","url":"https:\/\/static.africa-press.net\/congo-brazzaville\/sites\/51\/2023\/01\/postQueueImg_1674376009.92.jpg","contentUrl":"https:\/\/static.africa-press.net\/congo-brazzaville\/sites\/51\/2023\/01\/postQueueImg_1674376009.92.jpg","width":771,"height":441,"caption":"l\u2019\u00e9glise \u00ab assembl\u00e9e de dieu du congo \u00bb adopte son programme d\u2019activit\u00e9s 2023"},{"@type":"BreadcrumbList","@id":"https:\/\/www.africa-press.net\/congo-brazzaville\/politique\/leglise-assemblee-de-dieu-du-congo-adopte-son-programme-dactivites-2023#breadcrumb","itemListElement":[{"@type":"ListItem","position":1,"name":"Accueil","item":"https:\/\/www.africa-press.net\/congo-brazzaville\/"},{"@type":"ListItem","position":2,"name":"l\u2019\u00e9glise \u00ab assembl\u00e9e de dieu du congo \u00bb adopte son programme d\u2019activit\u00e9s 2023"}]},{"@type":"WebSite","@id":"https:\/\/www.africa-press.net\/congo-brazzaville\/#website","url":"https:\/\/www.africa-press.net\/congo-brazzaville\/","name":"Congo Brazzaville","description":"Just another Africa News Agency Sites site","potentialAction":[{"@type":"SearchAction","target":{"@type":"EntryPoint","urlTemplate":"https:\/\/www.africa-press.net\/congo-brazzaville\/?s={search_term_string}"},"query-input":{"@type":"PropertyValueSpecification","valueRequired":true,"valueName":"search_term_string"}}],"inLanguage":"fr-FR"},{"@type":"Person","@id":"https:\/\/www.africa-press.net\/congo-brazzaville\/#\/schema\/person\/2b1cf3cd81a31e3cd26889ca66d677f1","name":"cfeditorfr"}]}},"_links":{"self":[{"href":"https:\/\/www.africa-press.net\/congo-brazzaville\/wp-json\/wp\/v2\/posts\/13592","targetHints":{"allow":["GET"]}}],"collection":[{"href":"https:\/\/www.africa-press.net\/congo-brazzaville\/wp-json\/wp\/v2\/posts"}],"about":[{"href":"https:\/\/www.africa-press.net\/congo-brazzaville\/wp-json\/wp\/v2\/types\/post"}],"author":[{"embeddable":true,"href":"https:\/\/www.africa-press.net\/congo-brazzaville\/wp-json\/wp\/v2\/users\/82"}],"replies":[{"embeddable":true,"href":"https:\/\/www.africa-press.net\/congo-brazzaville\/wp-json\/wp\/v2\/comments?post=13592"}],"version-history":[{"count":0,"href":"https:\/\/www.africa-press.net\/congo-brazzaville\/wp-json\/wp\/v2\/posts\/13592\/revisions"}],"wp:featuredmedia":[{"embeddable":true,"href":"https:\/\/www.africa-press.net\/congo-brazzaville\/wp-json\/wp\/v2\/media\/13591"}],"wp:attachment":[{"href":"https:\/\/www.africa-press.net\/congo-brazzaville\/wp-json\/wp\/v2\/media?parent=13592"}],"wp:term":[{"taxonomy":"category","embeddable":true,"href":"https:\/\/www.africa-press.net\/congo-brazzaville\/wp-json\/wp\/v2\/categories?post=13592"},{"taxonomy":"post_tag","embeddable":true,"href":"https:\/\/www.africa-press.net\/congo-brazzaville\/wp-json\/wp\/v2\/tags?post=13592"}],"curies":[{"name":"wp","href":"https:\/\/api.w.org\/{rel}","templated":true}]}}