{"id":13596,"date":"2023-01-22T11:57:14","date_gmt":"2023-01-22T11:57:14","guid":{"rendered":"https:\/\/www.africa-press.net\/congo-brazzaville\/politique\/claude-coelho-installe-dans-ses-fonctions-de-batonnier-national-de-lordre-des-avocats"},"modified":"2023-01-22T11:57:14","modified_gmt":"2023-01-22T11:57:14","slug":"claude-coelho-installe-dans-ses-fonctions-de-batonnier-national-de-lordre-des-avocats","status":"publish","type":"post","link":"https:\/\/www.africa-press.net\/congo-brazzaville\/politique\/claude-coelho-installe-dans-ses-fonctions-de-batonnier-national-de-lordre-des-avocats","title":{"rendered":"claude coelho install\u00e9 dans ses fonctions de b\u00e2tonnier national de l\u2019ordre des avocats"},"content":{"rendered":"<p><span style=\"color: #ff6600\"><strong>Africa-Press &#8211; Congo Brazzaville. <\/strong><\/span><b>Le ba\u0302tonnier national de l\u2019ordre des avocats, Claude Coelho a indique\u0301 le 20 janvier a\u0300 Brazzaville que les actions de sa nouvelle mandature seront plus focalise\u0301es sur la formation originelle des avocats et la modernisation de l\u2019ordre des avocats.<\/b><\/p>\n<p>\u00ab C\u2019est a\u0300 nous tous d\u2019insuffler un nouveau souffle a\u0300 l\u2019ordre des avocats. L\u2019ordre est a\u0300 vous et l\u2019ordre c\u2019est vous, il est donc essentiel de re\u0301former et de moderniser notre ordre, cela suppose de la transparence qui devrait e\u0302tre une fac\u0327on de communiquer et d\u2019agir. Dore\u0301navant nous mettrons en place une commission de re\u0301forme et modernisation de l\u2019ordre pour cibler les re\u0301formes, de\u0301poussie\u0301rer le re\u0300glement inte\u0301rieur de notre ordre. Nous allons e\u0301galement nous appliquer pour e\u0302tre digne de nos ambitions de faciliter le quotidien de l\u2019avocat et de lui assurer un meilleur futur \u00bb, a indique\u0301 le ba\u0302tonnier national de l\u2019ordre des avocats, Claude Coelho lors de son installation a\u0300 la te\u0302te de cette organisation des avocats.<\/p>\n<p>Le ba\u0302tonnier qui entend travailler en cohe\u0301sion pour l\u2019avenir de l\u2019ordre des avocats a rappele\u0301 qu\u2019il y a plusieurs de\u0301fis a\u0300 relever. Entre autres, la se\u0301curite\u0301 juridique et judiciaire, la re\u0301vision des textes de l\u2019ordre des avocats et la formation des jeunes avocats. \u00ab Je saurai compter sur vous, chers confre\u0300res et cons\u0153urs, pour parvenir aux re\u0301sultats attendus a\u0300 la fin de mon mandat \u00bb, a-t-il ajoute\u0301.<\/p>\n<p>De son cote\u0301, le 1er pre\u0301sident de la cour supre\u0302me Henri Bouka a invite\u0301 le ba\u0302tonnier re\u0301e\u0301lu a\u0300 \u0153uvrer pour une justice juste, en ade\u0301quation avec les lois du pays en matie\u0300re de justice. \u00ab Votre ro\u0302le est imminent dans la construction de l\u2019e\u0301tat de droit, dans la protection des liberte\u0301s individuelles, dans la se\u0301curite\u0301 juridique et judiciaire, dans l\u2019e\u0301galite\u0301 de tous, dans l\u2019attractivite\u0301 e\u0301conomique du pays. Nous devons tous nous impliquer, avocats et magistrats, afin d\u2019e\u0302tre a\u0300 la hauteur de nos missions pour une justice juste\u00bb, a martele\u0301 Henri Bouka.<\/p>\n<p>Au cours de cette ce\u0301re\u0301monie d\u2019installation, le ba\u0302tonnier national re\u0301e\u0301lu, Claude Coelho a rec\u0327u la toque, le ba\u0302ton, le marteau et la loi 26- 92 et le re\u0300glement inte\u0301rieur de l\u2019ordre des avocats, symbole de son intronisation a\u0300 la te\u0302te de cette institution d\u2019avocats qu\u2019 il dirigera pendant 2 ans.<\/p>\n<p><strong>Pour plus d&rsquo;informations et d&rsquo;analyses sur la <a href=\"https:\/\/www.africa-press.net\/congo-brazzaville\">Congo Brazzaville<\/a>, suivez <a href=\"https:\/\/www.africa-press.net\/\">Africa-Press<\/a><\/strong><\/p>\n","protected":false},"excerpt":{"rendered":"<p>Africa-Press &#8211; Congo Brazzaville. Le ba\u0302tonnier national de l\u2019ordre des avocats, Claude Coelho a indique\u0301 le 20 janvier a\u0300 Brazzaville que les actions de sa nouvelle mandature seront plus focalise\u0301es sur la formation originelle des avocats et la modernisation de l\u2019ordre des avocats. \u00ab C\u2019est a\u0300 nous tous d\u2019insuffler un nouveau souffle a\u0300 l\u2019ordre des [&hellip;]<\/p>\n","protected":false},"author":82,"featured_media":13595,"comment_status":"open","ping_status":"closed","sticky":false,"template":"","format":"standard","meta":{"footnotes":""},"categories":[2,10],"tags":[36,47,46],"class_list":["post-13596","post","type-post","status-publish","format-standard","has-post-thumbnail","hentry","category-politique","category-toutes-les-actualites","tag-africa-press","tag-africa-press-congo-brazzaville","tag-congo-brazzaville"],"yoast_head":"<!-- This site is optimized with the Yoast SEO Premium plugin v26.1 (Yoast SEO v27.0) - https:\/\/yoast.com\/product\/yoast-seo-premium-wordpress\/ -->\n<title>claude coelho install\u00e9 dans ses fonctions de b\u00e2tonnier national de l\u2019ordre des avocats - Congo Brazzaville<\/title>\n<meta name=\"robots\" content=\"index, follow, max-snippet:-1, max-image-preview:large, max-video-preview:-1\" \/>\n<link rel=\"canonical\" href=\"https:\/\/www.africa-press.net\/congo-brazzaville\/politique\/claude-coelho-installe-dans-ses-fonctions-de-batonnier-national-de-lordre-des-avocats\" \/>\n<meta property=\"og:locale\" content=\"fr_FR\" \/>\n<meta property=\"og:type\" content=\"article\" \/>\n<meta property=\"og:title\" content=\"claude coelho install\u00e9 dans ses fonctions de b\u00e2tonnier national de l\u2019ordre des avocats\" \/>\n<meta property=\"og:description\" content=\"Africa-Press &#8211; Congo Brazzaville. Le ba\u0302tonnier national de l\u2019ordre des avocats, Claude Coelho a indique\u0301 le 20 janvier a\u0300 Brazzaville que les actions de sa nouvelle mandature seront plus focalise\u0301es sur la formation originelle des avocats et la modernisation de l\u2019ordre des avocats. \u00ab C\u2019est a\u0300 nous tous d\u2019insuffler un nouveau souffle a\u0300 l\u2019ordre des [&hellip;]\" \/>\n<meta property=\"og:url\" content=\"https:\/\/www.africa-press.net\/congo-brazzaville\/politique\/claude-coelho-installe-dans-ses-fonctions-de-batonnier-national-de-lordre-des-avocats\" \/>\n<meta property=\"og:site_name\" content=\"Congo Brazzaville\" \/>\n<meta property=\"article:published_time\" content=\"2023-01-22T11:57:14+00:00\" \/>\n<meta name=\"author\" content=\"cfeditorfr\" \/>\n<meta name=\"twitter:card\" content=\"summary_large_image\" \/>\n<meta name=\"twitter:label1\" content=\"\u00c9crit par\" \/>\n\t<meta name=\"twitter:data1\" content=\"cfeditorfr\" \/>\n\t<meta name=\"twitter:label2\" content=\"Dur\u00e9e de lecture estim\u00e9e\" \/>\n\t<meta name=\"twitter:data2\" content=\"2 minutes\" \/>\n<script type=\"application\/ld+json\" class=\"yoast-schema-graph\">{\"@context\":\"https:\/\/schema.org\",\"@graph\":[{\"@type\":\"Article\",\"@id\":\"https:\/\/www.africa-press.net\/congo-brazzaville\/politique\/claude-coelho-installe-dans-ses-fonctions-de-batonnier-national-de-lordre-des-avocats#article\",\"isPartOf\":{\"@id\":\"https:\/\/www.africa-press.net\/congo-brazzaville\/politique\/claude-coelho-installe-dans-ses-fonctions-de-batonnier-national-de-lordre-des-avocats\"},\"author\":{\"name\":\"cfeditorfr\",\"@id\":\"https:\/\/www.africa-press.net\/congo-brazzaville\/#\/schema\/person\/2b1cf3cd81a31e3cd26889ca66d677f1\"},\"headline\":\"claude coelho install\u00e9 dans ses fonctions de b\u00e2tonnier national de l\u2019ordre des avocats\",\"datePublished\":\"2023-01-22T11:57:14+00:00\",\"mainEntityOfPage\":{\"@id\":\"https:\/\/www.africa-press.net\/congo-brazzaville\/politique\/claude-coelho-installe-dans-ses-fonctions-de-batonnier-national-de-lordre-des-avocats\"},\"wordCount\":460,\"commentCount\":0,\"image\":{\"@id\":\"https:\/\/www.africa-press.net\/congo-brazzaville\/politique\/claude-coelho-installe-dans-ses-fonctions-de-batonnier-national-de-lordre-des-avocats#primaryimage\"},\"thumbnailUrl\":\"https:\/\/static.africa-press.net\/congo-brazzaville\/sites\/51\/2023\/01\/postQueueImg_1674376042.83.jpg\",\"keywords\":[\"Africa Press\",\"Africa Press-Congo Brazzaville\",\"Congo Brazzaville\"],\"articleSection\":[\"Politique\",\"Toutes les actualit\u00e9s\"],\"inLanguage\":\"fr-FR\",\"potentialAction\":[{\"@type\":\"CommentAction\",\"name\":\"Comment\",\"target\":[\"https:\/\/www.africa-press.net\/congo-brazzaville\/politique\/claude-coelho-installe-dans-ses-fonctions-de-batonnier-national-de-lordre-des-avocats#respond\"]}]},{\"@type\":\"WebPage\",\"@id\":\"https:\/\/www.africa-press.net\/congo-brazzaville\/politique\/claude-coelho-installe-dans-ses-fonctions-de-batonnier-national-de-lordre-des-avocats\",\"url\":\"https:\/\/www.africa-press.net\/congo-brazzaville\/politique\/claude-coelho-installe-dans-ses-fonctions-de-batonnier-national-de-lordre-des-avocats\",\"name\":\"claude coelho install\u00e9 dans ses fonctions de b\u00e2tonnier national de l\u2019ordre des avocats - Congo Brazzaville\",\"isPartOf\":{\"@id\":\"https:\/\/www.africa-press.net\/congo-brazzaville\/#website\"},\"primaryImageOfPage\":{\"@id\":\"https:\/\/www.africa-press.net\/congo-brazzaville\/politique\/claude-coelho-installe-dans-ses-fonctions-de-batonnier-national-de-lordre-des-avocats#primaryimage\"},\"image\":{\"@id\":\"https:\/\/www.africa-press.net\/congo-brazzaville\/politique\/claude-coelho-installe-dans-ses-fonctions-de-batonnier-national-de-lordre-des-avocats#primaryimage\"},\"thumbnailUrl\":\"https:\/\/static.africa-press.net\/congo-brazzaville\/sites\/51\/2023\/01\/postQueueImg_1674376042.83.jpg\",\"datePublished\":\"2023-01-22T11:57:14+00:00\",\"author\":{\"@id\":\"https:\/\/www.africa-press.net\/congo-brazzaville\/#\/schema\/person\/2b1cf3cd81a31e3cd26889ca66d677f1\"},\"breadcrumb\":{\"@id\":\"https:\/\/www.africa-press.net\/congo-brazzaville\/politique\/claude-coelho-installe-dans-ses-fonctions-de-batonnier-national-de-lordre-des-avocats#breadcrumb\"},\"inLanguage\":\"fr-FR\",\"potentialAction\":[{\"@type\":\"ReadAction\",\"target\":[\"https:\/\/www.africa-press.net\/congo-brazzaville\/politique\/claude-coelho-installe-dans-ses-fonctions-de-batonnier-national-de-lordre-des-avocats\"]}]},{\"@type\":\"ImageObject\",\"inLanguage\":\"fr-FR\",\"@id\":\"https:\/\/www.africa-press.net\/congo-brazzaville\/politique\/claude-coelho-installe-dans-ses-fonctions-de-batonnier-national-de-lordre-des-avocats#primaryimage\",\"url\":\"https:\/\/static.africa-press.net\/congo-brazzaville\/sites\/51\/2023\/01\/postQueueImg_1674376042.83.jpg\",\"contentUrl\":\"https:\/\/static.africa-press.net\/congo-brazzaville\/sites\/51\/2023\/01\/postQueueImg_1674376042.83.jpg\",\"width\":933,\"height\":445,\"caption\":\"claude coelho install\u00e9 dans ses fonctions de b\u00e2tonnier national de l\u2019ordre des avocats\"},{\"@type\":\"BreadcrumbList\",\"@id\":\"https:\/\/www.africa-press.net\/congo-brazzaville\/politique\/claude-coelho-installe-dans-ses-fonctions-de-batonnier-national-de-lordre-des-avocats#breadcrumb\",\"itemListElement\":[{\"@type\":\"ListItem\",\"position\":1,\"name\":\"Accueil\",\"item\":\"https:\/\/www.africa-press.net\/congo-brazzaville\/\"},{\"@type\":\"ListItem\",\"position\":2,\"name\":\"claude coelho install\u00e9 dans ses fonctions de b\u00e2tonnier national de l\u2019ordre des avocats\"}]},{\"@type\":\"WebSite\",\"@id\":\"https:\/\/www.africa-press.net\/congo-brazzaville\/#website\",\"url\":\"https:\/\/www.africa-press.net\/congo-brazzaville\/\",\"name\":\"Congo Brazzaville\",\"description\":\"Just another Africa News Agency Sites site\",\"potentialAction\":[{\"@type\":\"SearchAction\",\"target\":{\"@type\":\"EntryPoint\",\"urlTemplate\":\"https:\/\/www.africa-press.net\/congo-brazzaville\/?s={search_term_string}\"},\"query-input\":{\"@type\":\"PropertyValueSpecification\",\"valueRequired\":true,\"valueName\":\"search_term_string\"}}],\"inLanguage\":\"fr-FR\"},{\"@type\":\"Person\",\"@id\":\"https:\/\/www.africa-press.net\/congo-brazzaville\/#\/schema\/person\/2b1cf3cd81a31e3cd26889ca66d677f1\",\"name\":\"cfeditorfr\"}]}<\/script>\n<!-- \/ Yoast SEO Premium plugin. -->","yoast_head_json":{"title":"claude coelho install\u00e9 dans ses fonctions de b\u00e2tonnier national de l\u2019ordre des avocats - Congo Brazzaville","robots":{"index":"index","follow":"follow","max-snippet":"max-snippet:-1","max-image-preview":"max-image-preview:large","max-video-preview":"max-video-preview:-1"},"canonical":"https:\/\/www.africa-press.net\/congo-brazzaville\/politique\/claude-coelho-installe-dans-ses-fonctions-de-batonnier-national-de-lordre-des-avocats","og_locale":"fr_FR","og_type":"article","og_title":"claude coelho install\u00e9 dans ses fonctions de b\u00e2tonnier national de l\u2019ordre des avocats","og_description":"Africa-Press &#8211; Congo Brazzaville. Le ba\u0302tonnier national de l\u2019ordre des avocats, Claude Coelho a indique\u0301 le 20 janvier a\u0300 Brazzaville que les actions de sa nouvelle mandature seront plus focalise\u0301es sur la formation originelle des avocats et la modernisation de l\u2019ordre des avocats. \u00ab C\u2019est a\u0300 nous tous d\u2019insuffler un nouveau souffle a\u0300 l\u2019ordre des [&hellip;]","og_url":"https:\/\/www.africa-press.net\/congo-brazzaville\/politique\/claude-coelho-installe-dans-ses-fonctions-de-batonnier-national-de-lordre-des-avocats","og_site_name":"Congo Brazzaville","article_published_time":"2023-01-22T11:57:14+00:00","author":"cfeditorfr","twitter_card":"summary_large_image","twitter_misc":{"\u00c9crit par":"cfeditorfr","Dur\u00e9e de lecture estim\u00e9e":"2 minutes"},"schema":{"@context":"https:\/\/schema.org","@graph":[{"@type":"Article","@id":"https:\/\/www.africa-press.net\/congo-brazzaville\/politique\/claude-coelho-installe-dans-ses-fonctions-de-batonnier-national-de-lordre-des-avocats#article","isPartOf":{"@id":"https:\/\/www.africa-press.net\/congo-brazzaville\/politique\/claude-coelho-installe-dans-ses-fonctions-de-batonnier-national-de-lordre-des-avocats"},"author":{"name":"cfeditorfr","@id":"https:\/\/www.africa-press.net\/congo-brazzaville\/#\/schema\/person\/2b1cf3cd81a31e3cd26889ca66d677f1"},"headline":"claude coelho install\u00e9 dans ses fonctions de b\u00e2tonnier national de l\u2019ordre des avocats","datePublished":"2023-01-22T11:57:14+00:00","mainEntityOfPage":{"@id":"https:\/\/www.africa-press.net\/congo-brazzaville\/politique\/claude-coelho-installe-dans-ses-fonctions-de-batonnier-national-de-lordre-des-avocats"},"wordCount":460,"commentCount":0,"image":{"@id":"https:\/\/www.africa-press.net\/congo-brazzaville\/politique\/claude-coelho-installe-dans-ses-fonctions-de-batonnier-national-de-lordre-des-avocats#primaryimage"},"thumbnailUrl":"https:\/\/static.africa-press.net\/congo-brazzaville\/sites\/51\/2023\/01\/postQueueImg_1674376042.83.jpg","keywords":["Africa Press","Africa Press-Congo Brazzaville","Congo Brazzaville"],"articleSection":["Politique","Toutes les actualit\u00e9s"],"inLanguage":"fr-FR","potentialAction":[{"@type":"CommentAction","name":"Comment","target":["https:\/\/www.africa-press.net\/congo-brazzaville\/politique\/claude-coelho-installe-dans-ses-fonctions-de-batonnier-national-de-lordre-des-avocats#respond"]}]},{"@type":"WebPage","@id":"https:\/\/www.africa-press.net\/congo-brazzaville\/politique\/claude-coelho-installe-dans-ses-fonctions-de-batonnier-national-de-lordre-des-avocats","url":"https:\/\/www.africa-press.net\/congo-brazzaville\/politique\/claude-coelho-installe-dans-ses-fonctions-de-batonnier-national-de-lordre-des-avocats","name":"claude coelho install\u00e9 dans ses fonctions de b\u00e2tonnier national de l\u2019ordre des avocats - Congo Brazzaville","isPartOf":{"@id":"https:\/\/www.africa-press.net\/congo-brazzaville\/#website"},"primaryImageOfPage":{"@id":"https:\/\/www.africa-press.net\/congo-brazzaville\/politique\/claude-coelho-installe-dans-ses-fonctions-de-batonnier-national-de-lordre-des-avocats#primaryimage"},"image":{"@id":"https:\/\/www.africa-press.net\/congo-brazzaville\/politique\/claude-coelho-installe-dans-ses-fonctions-de-batonnier-national-de-lordre-des-avocats#primaryimage"},"thumbnailUrl":"https:\/\/static.africa-press.net\/congo-brazzaville\/sites\/51\/2023\/01\/postQueueImg_1674376042.83.jpg","datePublished":"2023-01-22T11:57:14+00:00","author":{"@id":"https:\/\/www.africa-press.net\/congo-brazzaville\/#\/schema\/person\/2b1cf3cd81a31e3cd26889ca66d677f1"},"breadcrumb":{"@id":"https:\/\/www.africa-press.net\/congo-brazzaville\/politique\/claude-coelho-installe-dans-ses-fonctions-de-batonnier-national-de-lordre-des-avocats#breadcrumb"},"inLanguage":"fr-FR","potentialAction":[{"@type":"ReadAction","target":["https:\/\/www.africa-press.net\/congo-brazzaville\/politique\/claude-coelho-installe-dans-ses-fonctions-de-batonnier-national-de-lordre-des-avocats"]}]},{"@type":"ImageObject","inLanguage":"fr-FR","@id":"https:\/\/www.africa-press.net\/congo-brazzaville\/politique\/claude-coelho-installe-dans-ses-fonctions-de-batonnier-national-de-lordre-des-avocats#primaryimage","url":"https:\/\/static.africa-press.net\/congo-brazzaville\/sites\/51\/2023\/01\/postQueueImg_1674376042.83.jpg","contentUrl":"https:\/\/static.africa-press.net\/congo-brazzaville\/sites\/51\/2023\/01\/postQueueImg_1674376042.83.jpg","width":933,"height":445,"caption":"claude coelho install\u00e9 dans ses fonctions de b\u00e2tonnier national de l\u2019ordre des avocats"},{"@type":"BreadcrumbList","@id":"https:\/\/www.africa-press.net\/congo-brazzaville\/politique\/claude-coelho-installe-dans-ses-fonctions-de-batonnier-national-de-lordre-des-avocats#breadcrumb","itemListElement":[{"@type":"ListItem","position":1,"name":"Accueil","item":"https:\/\/www.africa-press.net\/congo-brazzaville\/"},{"@type":"ListItem","position":2,"name":"claude coelho install\u00e9 dans ses fonctions de b\u00e2tonnier national de l\u2019ordre des avocats"}]},{"@type":"WebSite","@id":"https:\/\/www.africa-press.net\/congo-brazzaville\/#website","url":"https:\/\/www.africa-press.net\/congo-brazzaville\/","name":"Congo Brazzaville","description":"Just another Africa News Agency Sites site","potentialAction":[{"@type":"SearchAction","target":{"@type":"EntryPoint","urlTemplate":"https:\/\/www.africa-press.net\/congo-brazzaville\/?s={search_term_string}"},"query-input":{"@type":"PropertyValueSpecification","valueRequired":true,"valueName":"search_term_string"}}],"inLanguage":"fr-FR"},{"@type":"Person","@id":"https:\/\/www.africa-press.net\/congo-brazzaville\/#\/schema\/person\/2b1cf3cd81a31e3cd26889ca66d677f1","name":"cfeditorfr"}]}},"_links":{"self":[{"href":"https:\/\/www.africa-press.net\/congo-brazzaville\/wp-json\/wp\/v2\/posts\/13596","targetHints":{"allow":["GET"]}}],"collection":[{"href":"https:\/\/www.africa-press.net\/congo-brazzaville\/wp-json\/wp\/v2\/posts"}],"about":[{"href":"https:\/\/www.africa-press.net\/congo-brazzaville\/wp-json\/wp\/v2\/types\/post"}],"author":[{"embeddable":true,"href":"https:\/\/www.africa-press.net\/congo-brazzaville\/wp-json\/wp\/v2\/users\/82"}],"replies":[{"embeddable":true,"href":"https:\/\/www.africa-press.net\/congo-brazzaville\/wp-json\/wp\/v2\/comments?post=13596"}],"version-history":[{"count":0,"href":"https:\/\/www.africa-press.net\/congo-brazzaville\/wp-json\/wp\/v2\/posts\/13596\/revisions"}],"wp:featuredmedia":[{"embeddable":true,"href":"https:\/\/www.africa-press.net\/congo-brazzaville\/wp-json\/wp\/v2\/media\/13595"}],"wp:attachment":[{"href":"https:\/\/www.africa-press.net\/congo-brazzaville\/wp-json\/wp\/v2\/media?parent=13596"}],"wp:term":[{"taxonomy":"category","embeddable":true,"href":"https:\/\/www.africa-press.net\/congo-brazzaville\/wp-json\/wp\/v2\/categories?post=13596"},{"taxonomy":"post_tag","embeddable":true,"href":"https:\/\/www.africa-press.net\/congo-brazzaville\/wp-json\/wp\/v2\/tags?post=13596"}],"curies":[{"name":"wp","href":"https:\/\/api.w.org\/{rel}","templated":true}]}}