{"id":13625,"date":"2023-01-23T12:35:19","date_gmt":"2023-01-23T12:35:19","guid":{"rendered":"https:\/\/www.africa-press.net\/congo-brazzaville\/politique\/defense-le-colonel-lezin-doucel-biere-ngali-a-la-tete-de-la-zone-militaire-n-8"},"modified":"2023-01-23T12:35:19","modified_gmt":"2023-01-23T12:35:19","slug":"defense-le-colonel-lezin-doucel-biere-ngali-a-la-tete-de-la-zone-militaire-n-8","status":"publish","type":"post","link":"https:\/\/www.africa-press.net\/congo-brazzaville\/toutes-les-actualites\/defense-le-colonel-lezin-doucel-biere-ngali-a-la-tete-de-la-zone-militaire-n-8","title":{"rendered":"D\u00e9fense : le colonel Lezin Doucel Bier\u00e9-Ngali \u00e0 la t\u00eate de la zone militaire n\u00b0 8"},"content":{"rendered":"<p><span style=\"color: #ff6600\"><strong>Africa-Press &#8211; Congo Brazzaville. <\/strong><\/span>Le colonel Lezin Doucel Biere\u0301-Ngali a e\u0301te\u0301 officiellement installe\u0301 dans ses fonctions de commandant de zone militaire de de\u0301fense n\u00b08, Kinkala, dans le de\u0301partement du Pool, le 21 janvier par le chef d\u2019e\u0301tat-major ge\u0301ne\u0301ral des Forces arme\u0301es congolaises, le ge\u0301ne\u0301ral de division, Guy Blanchard Okoi\u0308. L\u2019officier promu succe\u0300de au colonel Basile Boka, devenant ainsi le cinquie\u0300me commandant de cette zone militaire de de\u0301fense.<\/p>\n<p>\u00ab Connaissant l\u2019environnement, la se\u0301curite\u0301 et la discipline sont la priorite\u0301 comme l\u2019avait recommande\u0301 le chef supre\u0302me des arme\u0301es lors du re\u0301veillon d\u2019armes en de\u0301cembre 2022 \u00bb, a indique\u0301 le colonel Lezin Doucel Biere\u0301-Ngali, apre\u0300s sa prise de fonction.<\/p>\n<p>Donnant des orientations a\u0300 la force publique pour l\u2019anne\u0301e 2023, le chef supre\u0302me des arme\u0301es, Denis Sassou N\u2019Guesso, avait, en effet, indique\u0301 que la discipline est la force principale des arme\u0301es, en appelant a\u0300 la prise en main des hommes a\u0300 tous les niveaux e\u0301tant donne\u0301 que le me\u0301tier exige la rigueur dans un monde difficile ou\u0300 les arme\u0301es doivent e\u0302tre pre\u0302tes a\u0300 toute e\u0301ventualite\u0301. L\u2019action du nouveau commandant de zone militaire de de\u0301fense n\u00b08 obe\u0301it donc a\u0300 ces instructions.<\/p>\n<p>Avant d\u2019acce\u0301der a\u0300 la te\u0302te du commandement de cette zone militaire de de\u0301fense, le colonel Lezin Doucel Biere\u0301-Ngali a assume\u0301 plusieurs fonctions au sein des Forces arme\u0301es congolaises dont celle de chef d\u2019e\u0301tat-major interarme\u0301es de la zone militaire de de\u0301fense n\u00b09, Brazzaville.<\/p>\n<p><strong>Pour plus d&rsquo;informations et d&rsquo;analyses sur la <a href=\"https:\/\/www.africa-press.net\/congo-brazzaville\">Congo Brazzaville<\/a>, suivez <a href=\"https:\/\/www.africa-press.net\/\">Africa-Press<\/a><\/strong><\/p>\n","protected":false},"excerpt":{"rendered":"<p>Africa-Press &#8211; Congo Brazzaville. Le colonel Lezin Doucel Biere\u0301-Ngali a e\u0301te\u0301 officiellement installe\u0301 dans ses fonctions de commandant de zone militaire de de\u0301fense n\u00b08, Kinkala, dans le de\u0301partement du Pool, le 21 janvier par le chef d\u2019e\u0301tat-major ge\u0301ne\u0301ral des Forces arme\u0301es congolaises, le ge\u0301ne\u0301ral de division, Guy Blanchard Okoi\u0308. L\u2019officier promu succe\u0300de au colonel Basile [&hellip;]<\/p>\n","protected":false},"author":82,"featured_media":13624,"comment_status":"open","ping_status":"closed","sticky":false,"template":"","format":"standard","meta":{"footnotes":""},"categories":[21,10],"tags":[36,47,46],"class_list":["post-13625","post","type-post","status-publish","format-standard","has-post-thumbnail","hentry","category-communaute","category-toutes-les-actualites","tag-africa-press","tag-africa-press-congo-brazzaville","tag-congo-brazzaville"],"yoast_head":"<!-- This site is optimized with the Yoast SEO Premium plugin v26.1 (Yoast SEO v27.0) - https:\/\/yoast.com\/product\/yoast-seo-premium-wordpress\/ -->\n<title>D\u00e9fense : le colonel Lezin Doucel Bier\u00e9-Ngali \u00e0 la t\u00eate de la zone militaire n\u00b0 8 - Congo Brazzaville<\/title>\n<meta name=\"robots\" content=\"index, follow, max-snippet:-1, max-image-preview:large, max-video-preview:-1\" \/>\n<link rel=\"canonical\" href=\"https:\/\/www.africa-press.net\/congo-brazzaville\/politique\/defense-le-colonel-lezin-doucel-biere-ngali-a-la-tete-de-la-zone-militaire-n-8\" \/>\n<meta property=\"og:locale\" content=\"fr_FR\" \/>\n<meta property=\"og:type\" content=\"article\" \/>\n<meta property=\"og:title\" content=\"D\u00e9fense : le colonel Lezin Doucel Bier\u00e9-Ngali \u00e0 la t\u00eate de la zone militaire n\u00b0 8\" \/>\n<meta property=\"og:description\" content=\"Africa-Press &#8211; Congo Brazzaville. Le colonel Lezin Doucel Biere\u0301-Ngali a e\u0301te\u0301 officiellement installe\u0301 dans ses fonctions de commandant de zone militaire de de\u0301fense n\u00b08, Kinkala, dans le de\u0301partement du Pool, le 21 janvier par le chef d\u2019e\u0301tat-major ge\u0301ne\u0301ral des Forces arme\u0301es congolaises, le ge\u0301ne\u0301ral de division, Guy Blanchard Okoi\u0308. L\u2019officier promu succe\u0300de au colonel Basile [&hellip;]\" \/>\n<meta property=\"og:url\" content=\"https:\/\/www.africa-press.net\/congo-brazzaville\/politique\/defense-le-colonel-lezin-doucel-biere-ngali-a-la-tete-de-la-zone-militaire-n-8\" \/>\n<meta property=\"og:site_name\" content=\"Congo Brazzaville\" \/>\n<meta property=\"article:published_time\" content=\"2023-01-23T12:35:19+00:00\" \/>\n<meta name=\"author\" content=\"cfeditorfr\" \/>\n<meta name=\"twitter:card\" content=\"summary_large_image\" \/>\n<meta name=\"twitter:label1\" content=\"\u00c9crit par\" \/>\n\t<meta name=\"twitter:data1\" content=\"cfeditorfr\" \/>\n\t<meta name=\"twitter:label2\" content=\"Dur\u00e9e de lecture estim\u00e9e\" \/>\n\t<meta name=\"twitter:data2\" content=\"1 minute\" \/>\n<script type=\"application\/ld+json\" class=\"yoast-schema-graph\">{\"@context\":\"https:\/\/schema.org\",\"@graph\":[{\"@type\":\"Article\",\"@id\":\"https:\/\/www.africa-press.net\/congo-brazzaville\/politique\/defense-le-colonel-lezin-doucel-biere-ngali-a-la-tete-de-la-zone-militaire-n-8#article\",\"isPartOf\":{\"@id\":\"https:\/\/www.africa-press.net\/congo-brazzaville\/politique\/defense-le-colonel-lezin-doucel-biere-ngali-a-la-tete-de-la-zone-militaire-n-8\"},\"author\":{\"name\":\"cfeditorfr\",\"@id\":\"https:\/\/www.africa-press.net\/congo-brazzaville\/#\/schema\/person\/2b1cf3cd81a31e3cd26889ca66d677f1\"},\"headline\":\"D\u00e9fense : le colonel Lezin Doucel Bier\u00e9-Ngali \u00e0 la t\u00eate de la zone militaire n\u00b0 8\",\"datePublished\":\"2023-01-23T12:35:19+00:00\",\"mainEntityOfPage\":{\"@id\":\"https:\/\/www.africa-press.net\/congo-brazzaville\/politique\/defense-le-colonel-lezin-doucel-biere-ngali-a-la-tete-de-la-zone-militaire-n-8\"},\"wordCount\":302,\"commentCount\":0,\"image\":{\"@id\":\"https:\/\/www.africa-press.net\/congo-brazzaville\/politique\/defense-le-colonel-lezin-doucel-biere-ngali-a-la-tete-de-la-zone-militaire-n-8#primaryimage\"},\"thumbnailUrl\":\"https:\/\/static.africa-press.net\/congo-brazzaville\/sites\/51\/2023\/01\/postQueueImg_1674464728.09.jpg\",\"keywords\":[\"Africa Press\",\"Africa Press-Congo Brazzaville\",\"Congo Brazzaville\"],\"articleSection\":[\"Communaut\u00e9\",\"Toutes les actualit\u00e9s\"],\"inLanguage\":\"fr-FR\",\"potentialAction\":[{\"@type\":\"CommentAction\",\"name\":\"Comment\",\"target\":[\"https:\/\/www.africa-press.net\/congo-brazzaville\/politique\/defense-le-colonel-lezin-doucel-biere-ngali-a-la-tete-de-la-zone-militaire-n-8#respond\"]}]},{\"@type\":\"WebPage\",\"@id\":\"https:\/\/www.africa-press.net\/congo-brazzaville\/politique\/defense-le-colonel-lezin-doucel-biere-ngali-a-la-tete-de-la-zone-militaire-n-8\",\"url\":\"https:\/\/www.africa-press.net\/congo-brazzaville\/politique\/defense-le-colonel-lezin-doucel-biere-ngali-a-la-tete-de-la-zone-militaire-n-8\",\"name\":\"D\u00e9fense : le colonel Lezin Doucel Bier\u00e9-Ngali \u00e0 la t\u00eate de la zone militaire n\u00b0 8 - Congo Brazzaville\",\"isPartOf\":{\"@id\":\"https:\/\/www.africa-press.net\/congo-brazzaville\/#website\"},\"primaryImageOfPage\":{\"@id\":\"https:\/\/www.africa-press.net\/congo-brazzaville\/politique\/defense-le-colonel-lezin-doucel-biere-ngali-a-la-tete-de-la-zone-militaire-n-8#primaryimage\"},\"image\":{\"@id\":\"https:\/\/www.africa-press.net\/congo-brazzaville\/politique\/defense-le-colonel-lezin-doucel-biere-ngali-a-la-tete-de-la-zone-militaire-n-8#primaryimage\"},\"thumbnailUrl\":\"https:\/\/static.africa-press.net\/congo-brazzaville\/sites\/51\/2023\/01\/postQueueImg_1674464728.09.jpg\",\"datePublished\":\"2023-01-23T12:35:19+00:00\",\"author\":{\"@id\":\"https:\/\/www.africa-press.net\/congo-brazzaville\/#\/schema\/person\/2b1cf3cd81a31e3cd26889ca66d677f1\"},\"breadcrumb\":{\"@id\":\"https:\/\/www.africa-press.net\/congo-brazzaville\/politique\/defense-le-colonel-lezin-doucel-biere-ngali-a-la-tete-de-la-zone-militaire-n-8#breadcrumb\"},\"inLanguage\":\"fr-FR\",\"potentialAction\":[{\"@type\":\"ReadAction\",\"target\":[\"https:\/\/www.africa-press.net\/congo-brazzaville\/politique\/defense-le-colonel-lezin-doucel-biere-ngali-a-la-tete-de-la-zone-militaire-n-8\"]}]},{\"@type\":\"ImageObject\",\"inLanguage\":\"fr-FR\",\"@id\":\"https:\/\/www.africa-press.net\/congo-brazzaville\/politique\/defense-le-colonel-lezin-doucel-biere-ngali-a-la-tete-de-la-zone-militaire-n-8#primaryimage\",\"url\":\"https:\/\/static.africa-press.net\/congo-brazzaville\/sites\/51\/2023\/01\/postQueueImg_1674464728.09.jpg\",\"contentUrl\":\"https:\/\/static.africa-press.net\/congo-brazzaville\/sites\/51\/2023\/01\/postQueueImg_1674464728.09.jpg\",\"width\":1080,\"height\":720,\"caption\":\"D\u00e9fense : le colonel Lezin Doucel Bier\u00e9-Ngali \u00e0 la t\u00eate de la zone militaire n\u00b0 8\"},{\"@type\":\"BreadcrumbList\",\"@id\":\"https:\/\/www.africa-press.net\/congo-brazzaville\/politique\/defense-le-colonel-lezin-doucel-biere-ngali-a-la-tete-de-la-zone-militaire-n-8#breadcrumb\",\"itemListElement\":[{\"@type\":\"ListItem\",\"position\":1,\"name\":\"Accueil\",\"item\":\"https:\/\/www.africa-press.net\/congo-brazzaville\/\"},{\"@type\":\"ListItem\",\"position\":2,\"name\":\"D\u00e9fense : le colonel Lezin Doucel Bier\u00e9-Ngali \u00e0 la t\u00eate de la zone militaire n\u00b0 8\"}]},{\"@type\":\"WebSite\",\"@id\":\"https:\/\/www.africa-press.net\/congo-brazzaville\/#website\",\"url\":\"https:\/\/www.africa-press.net\/congo-brazzaville\/\",\"name\":\"Congo Brazzaville\",\"description\":\"Just another Africa News Agency Sites site\",\"potentialAction\":[{\"@type\":\"SearchAction\",\"target\":{\"@type\":\"EntryPoint\",\"urlTemplate\":\"https:\/\/www.africa-press.net\/congo-brazzaville\/?s={search_term_string}\"},\"query-input\":{\"@type\":\"PropertyValueSpecification\",\"valueRequired\":true,\"valueName\":\"search_term_string\"}}],\"inLanguage\":\"fr-FR\"},{\"@type\":\"Person\",\"@id\":\"https:\/\/www.africa-press.net\/congo-brazzaville\/#\/schema\/person\/2b1cf3cd81a31e3cd26889ca66d677f1\",\"name\":\"cfeditorfr\"}]}<\/script>\n<!-- \/ Yoast SEO Premium plugin. -->","yoast_head_json":{"title":"D\u00e9fense : le colonel Lezin Doucel Bier\u00e9-Ngali \u00e0 la t\u00eate de la zone militaire n\u00b0 8 - Congo Brazzaville","robots":{"index":"index","follow":"follow","max-snippet":"max-snippet:-1","max-image-preview":"max-image-preview:large","max-video-preview":"max-video-preview:-1"},"canonical":"https:\/\/www.africa-press.net\/congo-brazzaville\/politique\/defense-le-colonel-lezin-doucel-biere-ngali-a-la-tete-de-la-zone-militaire-n-8","og_locale":"fr_FR","og_type":"article","og_title":"D\u00e9fense : le colonel Lezin Doucel Bier\u00e9-Ngali \u00e0 la t\u00eate de la zone militaire n\u00b0 8","og_description":"Africa-Press &#8211; Congo Brazzaville. Le colonel Lezin Doucel Biere\u0301-Ngali a e\u0301te\u0301 officiellement installe\u0301 dans ses fonctions de commandant de zone militaire de de\u0301fense n\u00b08, Kinkala, dans le de\u0301partement du Pool, le 21 janvier par le chef d\u2019e\u0301tat-major ge\u0301ne\u0301ral des Forces arme\u0301es congolaises, le ge\u0301ne\u0301ral de division, Guy Blanchard Okoi\u0308. L\u2019officier promu succe\u0300de au colonel Basile [&hellip;]","og_url":"https:\/\/www.africa-press.net\/congo-brazzaville\/politique\/defense-le-colonel-lezin-doucel-biere-ngali-a-la-tete-de-la-zone-militaire-n-8","og_site_name":"Congo Brazzaville","article_published_time":"2023-01-23T12:35:19+00:00","author":"cfeditorfr","twitter_card":"summary_large_image","twitter_misc":{"\u00c9crit par":"cfeditorfr","Dur\u00e9e de lecture estim\u00e9e":"1 minute"},"schema":{"@context":"https:\/\/schema.org","@graph":[{"@type":"Article","@id":"https:\/\/www.africa-press.net\/congo-brazzaville\/politique\/defense-le-colonel-lezin-doucel-biere-ngali-a-la-tete-de-la-zone-militaire-n-8#article","isPartOf":{"@id":"https:\/\/www.africa-press.net\/congo-brazzaville\/politique\/defense-le-colonel-lezin-doucel-biere-ngali-a-la-tete-de-la-zone-militaire-n-8"},"author":{"name":"cfeditorfr","@id":"https:\/\/www.africa-press.net\/congo-brazzaville\/#\/schema\/person\/2b1cf3cd81a31e3cd26889ca66d677f1"},"headline":"D\u00e9fense : le colonel Lezin Doucel Bier\u00e9-Ngali \u00e0 la t\u00eate de la zone militaire n\u00b0 8","datePublished":"2023-01-23T12:35:19+00:00","mainEntityOfPage":{"@id":"https:\/\/www.africa-press.net\/congo-brazzaville\/politique\/defense-le-colonel-lezin-doucel-biere-ngali-a-la-tete-de-la-zone-militaire-n-8"},"wordCount":302,"commentCount":0,"image":{"@id":"https:\/\/www.africa-press.net\/congo-brazzaville\/politique\/defense-le-colonel-lezin-doucel-biere-ngali-a-la-tete-de-la-zone-militaire-n-8#primaryimage"},"thumbnailUrl":"https:\/\/static.africa-press.net\/congo-brazzaville\/sites\/51\/2023\/01\/postQueueImg_1674464728.09.jpg","keywords":["Africa Press","Africa Press-Congo Brazzaville","Congo Brazzaville"],"articleSection":["Communaut\u00e9","Toutes les actualit\u00e9s"],"inLanguage":"fr-FR","potentialAction":[{"@type":"CommentAction","name":"Comment","target":["https:\/\/www.africa-press.net\/congo-brazzaville\/politique\/defense-le-colonel-lezin-doucel-biere-ngali-a-la-tete-de-la-zone-militaire-n-8#respond"]}]},{"@type":"WebPage","@id":"https:\/\/www.africa-press.net\/congo-brazzaville\/politique\/defense-le-colonel-lezin-doucel-biere-ngali-a-la-tete-de-la-zone-militaire-n-8","url":"https:\/\/www.africa-press.net\/congo-brazzaville\/politique\/defense-le-colonel-lezin-doucel-biere-ngali-a-la-tete-de-la-zone-militaire-n-8","name":"D\u00e9fense : le colonel Lezin Doucel Bier\u00e9-Ngali \u00e0 la t\u00eate de la zone militaire n\u00b0 8 - Congo Brazzaville","isPartOf":{"@id":"https:\/\/www.africa-press.net\/congo-brazzaville\/#website"},"primaryImageOfPage":{"@id":"https:\/\/www.africa-press.net\/congo-brazzaville\/politique\/defense-le-colonel-lezin-doucel-biere-ngali-a-la-tete-de-la-zone-militaire-n-8#primaryimage"},"image":{"@id":"https:\/\/www.africa-press.net\/congo-brazzaville\/politique\/defense-le-colonel-lezin-doucel-biere-ngali-a-la-tete-de-la-zone-militaire-n-8#primaryimage"},"thumbnailUrl":"https:\/\/static.africa-press.net\/congo-brazzaville\/sites\/51\/2023\/01\/postQueueImg_1674464728.09.jpg","datePublished":"2023-01-23T12:35:19+00:00","author":{"@id":"https:\/\/www.africa-press.net\/congo-brazzaville\/#\/schema\/person\/2b1cf3cd81a31e3cd26889ca66d677f1"},"breadcrumb":{"@id":"https:\/\/www.africa-press.net\/congo-brazzaville\/politique\/defense-le-colonel-lezin-doucel-biere-ngali-a-la-tete-de-la-zone-militaire-n-8#breadcrumb"},"inLanguage":"fr-FR","potentialAction":[{"@type":"ReadAction","target":["https:\/\/www.africa-press.net\/congo-brazzaville\/politique\/defense-le-colonel-lezin-doucel-biere-ngali-a-la-tete-de-la-zone-militaire-n-8"]}]},{"@type":"ImageObject","inLanguage":"fr-FR","@id":"https:\/\/www.africa-press.net\/congo-brazzaville\/politique\/defense-le-colonel-lezin-doucel-biere-ngali-a-la-tete-de-la-zone-militaire-n-8#primaryimage","url":"https:\/\/static.africa-press.net\/congo-brazzaville\/sites\/51\/2023\/01\/postQueueImg_1674464728.09.jpg","contentUrl":"https:\/\/static.africa-press.net\/congo-brazzaville\/sites\/51\/2023\/01\/postQueueImg_1674464728.09.jpg","width":1080,"height":720,"caption":"D\u00e9fense : le colonel Lezin Doucel Bier\u00e9-Ngali \u00e0 la t\u00eate de la zone militaire n\u00b0 8"},{"@type":"BreadcrumbList","@id":"https:\/\/www.africa-press.net\/congo-brazzaville\/politique\/defense-le-colonel-lezin-doucel-biere-ngali-a-la-tete-de-la-zone-militaire-n-8#breadcrumb","itemListElement":[{"@type":"ListItem","position":1,"name":"Accueil","item":"https:\/\/www.africa-press.net\/congo-brazzaville\/"},{"@type":"ListItem","position":2,"name":"D\u00e9fense : le colonel Lezin Doucel Bier\u00e9-Ngali \u00e0 la t\u00eate de la zone militaire n\u00b0 8"}]},{"@type":"WebSite","@id":"https:\/\/www.africa-press.net\/congo-brazzaville\/#website","url":"https:\/\/www.africa-press.net\/congo-brazzaville\/","name":"Congo Brazzaville","description":"Just another Africa News Agency Sites site","potentialAction":[{"@type":"SearchAction","target":{"@type":"EntryPoint","urlTemplate":"https:\/\/www.africa-press.net\/congo-brazzaville\/?s={search_term_string}"},"query-input":{"@type":"PropertyValueSpecification","valueRequired":true,"valueName":"search_term_string"}}],"inLanguage":"fr-FR"},{"@type":"Person","@id":"https:\/\/www.africa-press.net\/congo-brazzaville\/#\/schema\/person\/2b1cf3cd81a31e3cd26889ca66d677f1","name":"cfeditorfr"}]}},"_links":{"self":[{"href":"https:\/\/www.africa-press.net\/congo-brazzaville\/wp-json\/wp\/v2\/posts\/13625","targetHints":{"allow":["GET"]}}],"collection":[{"href":"https:\/\/www.africa-press.net\/congo-brazzaville\/wp-json\/wp\/v2\/posts"}],"about":[{"href":"https:\/\/www.africa-press.net\/congo-brazzaville\/wp-json\/wp\/v2\/types\/post"}],"author":[{"embeddable":true,"href":"https:\/\/www.africa-press.net\/congo-brazzaville\/wp-json\/wp\/v2\/users\/82"}],"replies":[{"embeddable":true,"href":"https:\/\/www.africa-press.net\/congo-brazzaville\/wp-json\/wp\/v2\/comments?post=13625"}],"version-history":[{"count":0,"href":"https:\/\/www.africa-press.net\/congo-brazzaville\/wp-json\/wp\/v2\/posts\/13625\/revisions"}],"wp:featuredmedia":[{"embeddable":true,"href":"https:\/\/www.africa-press.net\/congo-brazzaville\/wp-json\/wp\/v2\/media\/13624"}],"wp:attachment":[{"href":"https:\/\/www.africa-press.net\/congo-brazzaville\/wp-json\/wp\/v2\/media?parent=13625"}],"wp:term":[{"taxonomy":"category","embeddable":true,"href":"https:\/\/www.africa-press.net\/congo-brazzaville\/wp-json\/wp\/v2\/categories?post=13625"},{"taxonomy":"post_tag","embeddable":true,"href":"https:\/\/www.africa-press.net\/congo-brazzaville\/wp-json\/wp\/v2\/tags?post=13625"}],"curies":[{"name":"wp","href":"https:\/\/api.w.org\/{rel}","templated":true}]}}