{"id":13627,"date":"2023-01-23T12:35:33","date_gmt":"2023-01-23T12:35:33","guid":{"rendered":"https:\/\/www.africa-press.net\/congo-brazzaville\/politique\/diaspora-lassociation-perspective-congo-a-nantes"},"modified":"2023-01-23T12:35:33","modified_gmt":"2023-01-23T12:35:33","slug":"diaspora-lassociation-perspective-congo-a-nantes","status":"publish","type":"post","link":"https:\/\/www.africa-press.net\/congo-brazzaville\/toutes-les-actualites\/diaspora-lassociation-perspective-congo-a-nantes","title":{"rendered":"Diaspora : l&rsquo;association Perspective Congo \u00e0 Nantes"},"content":{"rendered":"<p><span style=\"color: #ff6600\"><strong>Africa-Press &#8211; Congo Brazzaville. <\/strong><\/span><b>Le temps d\u2019une mission ministe\u0301rielle conduite par Lydie Pongault, les membres de l\u2019association Perspective Congo rappellent leur attachement au pays par la diversification de projets de\u0301ja\u0300 re\u0301alise\u0301s ou a\u0300 re\u0301aliser dans le cadre de la coope\u0301ration de\u0301centralise\u0301e depuis Nantes, en France, d\u2019ordre historique, culturel mais aussi e\u0301conomique.<\/b><\/p>\n<p>A\u0300 l\u2019occasion de la mission ministe\u0301rielle dans leur localite\u0301 d\u2019accueil en France, les membres de Perspective Congo ont rappele\u0301 les grandes lignes a\u0300 la ministre de l\u2019Industrie culturelle, touristique, artistique et des Loisirs, Lydie Pongault, a\u0300 l\u2019issue de sa rencontre avec l\u2019ancien Premier ministre, pre\u0301sident de la Fondation pour la me\u0301moire de l\u2019esclavage, Marc Ayrault.<\/p>\n<p>Tre\u0300s honore\u0301s par la visite de la ministre a\u0300 Nantes, ils ont exprime\u0301 leur re\u0301elle volonte\u0301 de se faire connai\u0302tre par les institutions congolaises afin de mener a\u0300 bien des projets de de\u0301veloppement vers le Congo.<\/p>\n<p>L\u2019association organisera le Festival Tuseo a\u0300 Nantes. \u00ab Puisqu\u2019il s\u2019agit de la culture, nous avons invite\u0301 la ministre de tutelle et espe\u0301rons qu\u2019elle rehaussera de sa pre\u0301sence ce rendez-vous en novembre prochain \u00bb, a confie\u0301 Corin Ndiri, vice-pre\u0301sident de l\u2019association.<\/p>\n<p>Au demeurant, en 2007, les fondateurs de Perspective Congo s\u2019e\u0301taient inspire\u0301s de \u00ab\u00a0Nouveaux outils de mise en cohe\u0301rence de la coope\u0301ration de\u0301centralise\u0301e\u00a0\u00bb propose\u0301s par l\u2019ancien ministre Brice Hortefeux.<\/p>\n<p>Cette nouvelle vision des enjeux de la coope\u0301ration de\u0301centralise\u0301e, incitant, entre autres, les binationaux a\u0300 porter un regard de de\u0301veloppement vers leur pays d\u2019origine, avait permis a\u0300 Carl Kilo et bien d\u2019autres Congolais et amis du Congo a\u0300 cre\u0301er une vitrine dispose\u0301e a\u0300 jouer un ro\u0302le pilote vis-a\u0300-vis de leur pays d\u2019accueil et leur pays d\u2019origine.<\/p>\n<p>En commenc\u0327ant par la culture, Perspective Congo a organise\u0301 pour la premie\u0300re fois a\u0300 Nantes, du 10 au 12 septembre 2009, \u00ab\u00a0Les journe\u0301es culturelles du Congo Brazzaville\u00a0\u00bb avec la pre\u0301sence de l\u2019e\u0301crivain Alain Mabanckou, prix Renaudot 2006, et de l\u2019artiste Rhode Bath-Sche\u0301ba Makoumbou pour l\u2019exposition de ses peintures et sculptures.<\/p>\n<p>De par sa fonction, le Dr Cle\u0301ment Ikapi, pre\u0301sident de l\u2019association, a mene\u0301 une mission sanitaire lors de l&rsquo;explosion du de\u0301po\u0302t d&rsquo;armes de Mpila du 4 mars 2012 a\u0300 Brazzaville, dans le quartier du premier camp re\u0301giment blinde\u0301 de Mpila des Forces arme\u0301es congolaises. Dans le me\u0302me cadre sanitaire, plusieurs consultations gratuites ont e\u0301te\u0301 effectue\u0301es a\u0300 Dolisie, comptes rendus de missions a\u0300 l\u2019appui de\u0301pose\u0301s a\u0300 la direction ge\u0301ne\u0301rale de la sante\u0301 du Congo.<\/p>\n<p>Pour e\u0301largir l\u2019e\u0301ventail des actions de coope\u0301ration, des lyce\u0301ens franc\u0327ais se sont rendus a\u0300 Loudima, au Congo, pour l&rsquo;e\u0301change d&rsquo;expe\u0301riences et de savoir-faire sur un mode de re\u0301ciprocite\u0301 afin de mener les recherches sur la fermentation des sols.<\/p>\n<p><strong>Pour plus d&rsquo;informations et d&rsquo;analyses sur la <a href=\"https:\/\/www.africa-press.net\/congo-brazzaville\">Congo Brazzaville<\/a>, suivez <a href=\"https:\/\/www.africa-press.net\/\">Africa-Press<\/a><\/strong><\/p>\n","protected":false},"excerpt":{"rendered":"<p>Africa-Press &#8211; Congo Brazzaville. Le temps d\u2019une mission ministe\u0301rielle conduite par Lydie Pongault, les membres de l\u2019association Perspective Congo rappellent leur attachement au pays par la diversification de projets de\u0301ja\u0300 re\u0301alise\u0301s ou a\u0300 re\u0301aliser dans le cadre de la coope\u0301ration de\u0301centralise\u0301e depuis Nantes, en France, d\u2019ordre historique, culturel mais aussi e\u0301conomique. A\u0300 l\u2019occasion de la [&hellip;]<\/p>\n","protected":false},"author":82,"featured_media":13626,"comment_status":"open","ping_status":"closed","sticky":false,"template":"","format":"standard","meta":{"footnotes":""},"categories":[21,10],"tags":[36,47,46],"class_list":["post-13627","post","type-post","status-publish","format-standard","has-post-thumbnail","hentry","category-communaute","category-toutes-les-actualites","tag-africa-press","tag-africa-press-congo-brazzaville","tag-congo-brazzaville"],"yoast_head":"<!-- This site is optimized with the Yoast SEO Premium plugin v26.1 (Yoast SEO v27.0) - https:\/\/yoast.com\/product\/yoast-seo-premium-wordpress\/ -->\n<title>Diaspora : l&#039;association Perspective Congo \u00e0 Nantes - Congo Brazzaville<\/title>\n<meta name=\"robots\" content=\"index, follow, max-snippet:-1, max-image-preview:large, max-video-preview:-1\" \/>\n<link rel=\"canonical\" href=\"https:\/\/www.africa-press.net\/congo-brazzaville\/politique\/diaspora-lassociation-perspective-congo-a-nantes\" \/>\n<meta property=\"og:locale\" content=\"fr_FR\" \/>\n<meta property=\"og:type\" content=\"article\" \/>\n<meta property=\"og:title\" content=\"Diaspora : l&#039;association Perspective Congo \u00e0 Nantes\" \/>\n<meta property=\"og:description\" content=\"Africa-Press &#8211; Congo Brazzaville. Le temps d\u2019une mission ministe\u0301rielle conduite par Lydie Pongault, les membres de l\u2019association Perspective Congo rappellent leur attachement au pays par la diversification de projets de\u0301ja\u0300 re\u0301alise\u0301s ou a\u0300 re\u0301aliser dans le cadre de la coope\u0301ration de\u0301centralise\u0301e depuis Nantes, en France, d\u2019ordre historique, culturel mais aussi e\u0301conomique. A\u0300 l\u2019occasion de la [&hellip;]\" \/>\n<meta property=\"og:url\" content=\"https:\/\/www.africa-press.net\/congo-brazzaville\/politique\/diaspora-lassociation-perspective-congo-a-nantes\" \/>\n<meta property=\"og:site_name\" content=\"Congo Brazzaville\" \/>\n<meta property=\"article:published_time\" content=\"2023-01-23T12:35:33+00:00\" \/>\n<meta name=\"author\" content=\"cfeditorfr\" \/>\n<meta name=\"twitter:card\" content=\"summary_large_image\" \/>\n<meta name=\"twitter:label1\" content=\"\u00c9crit par\" \/>\n\t<meta name=\"twitter:data1\" content=\"cfeditorfr\" \/>\n\t<meta name=\"twitter:label2\" content=\"Dur\u00e9e de lecture estim\u00e9e\" \/>\n\t<meta name=\"twitter:data2\" content=\"3 minutes\" \/>\n<script type=\"application\/ld+json\" class=\"yoast-schema-graph\">{\"@context\":\"https:\/\/schema.org\",\"@graph\":[{\"@type\":\"Article\",\"@id\":\"https:\/\/www.africa-press.net\/congo-brazzaville\/politique\/diaspora-lassociation-perspective-congo-a-nantes#article\",\"isPartOf\":{\"@id\":\"https:\/\/www.africa-press.net\/congo-brazzaville\/politique\/diaspora-lassociation-perspective-congo-a-nantes\"},\"author\":{\"name\":\"cfeditorfr\",\"@id\":\"https:\/\/www.africa-press.net\/congo-brazzaville\/#\/schema\/person\/2b1cf3cd81a31e3cd26889ca66d677f1\"},\"headline\":\"Diaspora : l&rsquo;association Perspective Congo \u00e0 Nantes\",\"datePublished\":\"2023-01-23T12:35:33+00:00\",\"mainEntityOfPage\":{\"@id\":\"https:\/\/www.africa-press.net\/congo-brazzaville\/politique\/diaspora-lassociation-perspective-congo-a-nantes\"},\"wordCount\":529,\"commentCount\":0,\"image\":{\"@id\":\"https:\/\/www.africa-press.net\/congo-brazzaville\/politique\/diaspora-lassociation-perspective-congo-a-nantes#primaryimage\"},\"thumbnailUrl\":\"https:\/\/static.africa-press.net\/congo-brazzaville\/sites\/51\/2023\/01\/postQueueImg_1674464740.98.jpg\",\"keywords\":[\"Africa Press\",\"Africa Press-Congo Brazzaville\",\"Congo Brazzaville\"],\"articleSection\":[\"Communaut\u00e9\",\"Toutes les actualit\u00e9s\"],\"inLanguage\":\"fr-FR\",\"potentialAction\":[{\"@type\":\"CommentAction\",\"name\":\"Comment\",\"target\":[\"https:\/\/www.africa-press.net\/congo-brazzaville\/politique\/diaspora-lassociation-perspective-congo-a-nantes#respond\"]}]},{\"@type\":\"WebPage\",\"@id\":\"https:\/\/www.africa-press.net\/congo-brazzaville\/politique\/diaspora-lassociation-perspective-congo-a-nantes\",\"url\":\"https:\/\/www.africa-press.net\/congo-brazzaville\/politique\/diaspora-lassociation-perspective-congo-a-nantes\",\"name\":\"Diaspora : l'association Perspective Congo \u00e0 Nantes - Congo Brazzaville\",\"isPartOf\":{\"@id\":\"https:\/\/www.africa-press.net\/congo-brazzaville\/#website\"},\"primaryImageOfPage\":{\"@id\":\"https:\/\/www.africa-press.net\/congo-brazzaville\/politique\/diaspora-lassociation-perspective-congo-a-nantes#primaryimage\"},\"image\":{\"@id\":\"https:\/\/www.africa-press.net\/congo-brazzaville\/politique\/diaspora-lassociation-perspective-congo-a-nantes#primaryimage\"},\"thumbnailUrl\":\"https:\/\/static.africa-press.net\/congo-brazzaville\/sites\/51\/2023\/01\/postQueueImg_1674464740.98.jpg\",\"datePublished\":\"2023-01-23T12:35:33+00:00\",\"author\":{\"@id\":\"https:\/\/www.africa-press.net\/congo-brazzaville\/#\/schema\/person\/2b1cf3cd81a31e3cd26889ca66d677f1\"},\"breadcrumb\":{\"@id\":\"https:\/\/www.africa-press.net\/congo-brazzaville\/politique\/diaspora-lassociation-perspective-congo-a-nantes#breadcrumb\"},\"inLanguage\":\"fr-FR\",\"potentialAction\":[{\"@type\":\"ReadAction\",\"target\":[\"https:\/\/www.africa-press.net\/congo-brazzaville\/politique\/diaspora-lassociation-perspective-congo-a-nantes\"]}]},{\"@type\":\"ImageObject\",\"inLanguage\":\"fr-FR\",\"@id\":\"https:\/\/www.africa-press.net\/congo-brazzaville\/politique\/diaspora-lassociation-perspective-congo-a-nantes#primaryimage\",\"url\":\"https:\/\/static.africa-press.net\/congo-brazzaville\/sites\/51\/2023\/01\/postQueueImg_1674464740.98.jpg\",\"contentUrl\":\"https:\/\/static.africa-press.net\/congo-brazzaville\/sites\/51\/2023\/01\/postQueueImg_1674464740.98.jpg\",\"width\":800,\"height\":416,\"caption\":\"Diaspora : l'association Perspective Congo \u00e0 Nantes\"},{\"@type\":\"BreadcrumbList\",\"@id\":\"https:\/\/www.africa-press.net\/congo-brazzaville\/politique\/diaspora-lassociation-perspective-congo-a-nantes#breadcrumb\",\"itemListElement\":[{\"@type\":\"ListItem\",\"position\":1,\"name\":\"Accueil\",\"item\":\"https:\/\/www.africa-press.net\/congo-brazzaville\/\"},{\"@type\":\"ListItem\",\"position\":2,\"name\":\"Diaspora : l&rsquo;association Perspective Congo \u00e0 Nantes\"}]},{\"@type\":\"WebSite\",\"@id\":\"https:\/\/www.africa-press.net\/congo-brazzaville\/#website\",\"url\":\"https:\/\/www.africa-press.net\/congo-brazzaville\/\",\"name\":\"Congo Brazzaville\",\"description\":\"Just another Africa News Agency Sites site\",\"potentialAction\":[{\"@type\":\"SearchAction\",\"target\":{\"@type\":\"EntryPoint\",\"urlTemplate\":\"https:\/\/www.africa-press.net\/congo-brazzaville\/?s={search_term_string}\"},\"query-input\":{\"@type\":\"PropertyValueSpecification\",\"valueRequired\":true,\"valueName\":\"search_term_string\"}}],\"inLanguage\":\"fr-FR\"},{\"@type\":\"Person\",\"@id\":\"https:\/\/www.africa-press.net\/congo-brazzaville\/#\/schema\/person\/2b1cf3cd81a31e3cd26889ca66d677f1\",\"name\":\"cfeditorfr\"}]}<\/script>\n<!-- \/ Yoast SEO Premium plugin. -->","yoast_head_json":{"title":"Diaspora : l'association Perspective Congo \u00e0 Nantes - Congo Brazzaville","robots":{"index":"index","follow":"follow","max-snippet":"max-snippet:-1","max-image-preview":"max-image-preview:large","max-video-preview":"max-video-preview:-1"},"canonical":"https:\/\/www.africa-press.net\/congo-brazzaville\/politique\/diaspora-lassociation-perspective-congo-a-nantes","og_locale":"fr_FR","og_type":"article","og_title":"Diaspora : l'association Perspective Congo \u00e0 Nantes","og_description":"Africa-Press &#8211; Congo Brazzaville. Le temps d\u2019une mission ministe\u0301rielle conduite par Lydie Pongault, les membres de l\u2019association Perspective Congo rappellent leur attachement au pays par la diversification de projets de\u0301ja\u0300 re\u0301alise\u0301s ou a\u0300 re\u0301aliser dans le cadre de la coope\u0301ration de\u0301centralise\u0301e depuis Nantes, en France, d\u2019ordre historique, culturel mais aussi e\u0301conomique. A\u0300 l\u2019occasion de la [&hellip;]","og_url":"https:\/\/www.africa-press.net\/congo-brazzaville\/politique\/diaspora-lassociation-perspective-congo-a-nantes","og_site_name":"Congo Brazzaville","article_published_time":"2023-01-23T12:35:33+00:00","author":"cfeditorfr","twitter_card":"summary_large_image","twitter_misc":{"\u00c9crit par":"cfeditorfr","Dur\u00e9e de lecture estim\u00e9e":"3 minutes"},"schema":{"@context":"https:\/\/schema.org","@graph":[{"@type":"Article","@id":"https:\/\/www.africa-press.net\/congo-brazzaville\/politique\/diaspora-lassociation-perspective-congo-a-nantes#article","isPartOf":{"@id":"https:\/\/www.africa-press.net\/congo-brazzaville\/politique\/diaspora-lassociation-perspective-congo-a-nantes"},"author":{"name":"cfeditorfr","@id":"https:\/\/www.africa-press.net\/congo-brazzaville\/#\/schema\/person\/2b1cf3cd81a31e3cd26889ca66d677f1"},"headline":"Diaspora : l&rsquo;association Perspective Congo \u00e0 Nantes","datePublished":"2023-01-23T12:35:33+00:00","mainEntityOfPage":{"@id":"https:\/\/www.africa-press.net\/congo-brazzaville\/politique\/diaspora-lassociation-perspective-congo-a-nantes"},"wordCount":529,"commentCount":0,"image":{"@id":"https:\/\/www.africa-press.net\/congo-brazzaville\/politique\/diaspora-lassociation-perspective-congo-a-nantes#primaryimage"},"thumbnailUrl":"https:\/\/static.africa-press.net\/congo-brazzaville\/sites\/51\/2023\/01\/postQueueImg_1674464740.98.jpg","keywords":["Africa Press","Africa Press-Congo Brazzaville","Congo Brazzaville"],"articleSection":["Communaut\u00e9","Toutes les actualit\u00e9s"],"inLanguage":"fr-FR","potentialAction":[{"@type":"CommentAction","name":"Comment","target":["https:\/\/www.africa-press.net\/congo-brazzaville\/politique\/diaspora-lassociation-perspective-congo-a-nantes#respond"]}]},{"@type":"WebPage","@id":"https:\/\/www.africa-press.net\/congo-brazzaville\/politique\/diaspora-lassociation-perspective-congo-a-nantes","url":"https:\/\/www.africa-press.net\/congo-brazzaville\/politique\/diaspora-lassociation-perspective-congo-a-nantes","name":"Diaspora : l'association Perspective Congo \u00e0 Nantes - Congo Brazzaville","isPartOf":{"@id":"https:\/\/www.africa-press.net\/congo-brazzaville\/#website"},"primaryImageOfPage":{"@id":"https:\/\/www.africa-press.net\/congo-brazzaville\/politique\/diaspora-lassociation-perspective-congo-a-nantes#primaryimage"},"image":{"@id":"https:\/\/www.africa-press.net\/congo-brazzaville\/politique\/diaspora-lassociation-perspective-congo-a-nantes#primaryimage"},"thumbnailUrl":"https:\/\/static.africa-press.net\/congo-brazzaville\/sites\/51\/2023\/01\/postQueueImg_1674464740.98.jpg","datePublished":"2023-01-23T12:35:33+00:00","author":{"@id":"https:\/\/www.africa-press.net\/congo-brazzaville\/#\/schema\/person\/2b1cf3cd81a31e3cd26889ca66d677f1"},"breadcrumb":{"@id":"https:\/\/www.africa-press.net\/congo-brazzaville\/politique\/diaspora-lassociation-perspective-congo-a-nantes#breadcrumb"},"inLanguage":"fr-FR","potentialAction":[{"@type":"ReadAction","target":["https:\/\/www.africa-press.net\/congo-brazzaville\/politique\/diaspora-lassociation-perspective-congo-a-nantes"]}]},{"@type":"ImageObject","inLanguage":"fr-FR","@id":"https:\/\/www.africa-press.net\/congo-brazzaville\/politique\/diaspora-lassociation-perspective-congo-a-nantes#primaryimage","url":"https:\/\/static.africa-press.net\/congo-brazzaville\/sites\/51\/2023\/01\/postQueueImg_1674464740.98.jpg","contentUrl":"https:\/\/static.africa-press.net\/congo-brazzaville\/sites\/51\/2023\/01\/postQueueImg_1674464740.98.jpg","width":800,"height":416,"caption":"Diaspora : l'association Perspective Congo \u00e0 Nantes"},{"@type":"BreadcrumbList","@id":"https:\/\/www.africa-press.net\/congo-brazzaville\/politique\/diaspora-lassociation-perspective-congo-a-nantes#breadcrumb","itemListElement":[{"@type":"ListItem","position":1,"name":"Accueil","item":"https:\/\/www.africa-press.net\/congo-brazzaville\/"},{"@type":"ListItem","position":2,"name":"Diaspora : l&rsquo;association Perspective Congo \u00e0 Nantes"}]},{"@type":"WebSite","@id":"https:\/\/www.africa-press.net\/congo-brazzaville\/#website","url":"https:\/\/www.africa-press.net\/congo-brazzaville\/","name":"Congo Brazzaville","description":"Just another Africa News Agency Sites site","potentialAction":[{"@type":"SearchAction","target":{"@type":"EntryPoint","urlTemplate":"https:\/\/www.africa-press.net\/congo-brazzaville\/?s={search_term_string}"},"query-input":{"@type":"PropertyValueSpecification","valueRequired":true,"valueName":"search_term_string"}}],"inLanguage":"fr-FR"},{"@type":"Person","@id":"https:\/\/www.africa-press.net\/congo-brazzaville\/#\/schema\/person\/2b1cf3cd81a31e3cd26889ca66d677f1","name":"cfeditorfr"}]}},"_links":{"self":[{"href":"https:\/\/www.africa-press.net\/congo-brazzaville\/wp-json\/wp\/v2\/posts\/13627","targetHints":{"allow":["GET"]}}],"collection":[{"href":"https:\/\/www.africa-press.net\/congo-brazzaville\/wp-json\/wp\/v2\/posts"}],"about":[{"href":"https:\/\/www.africa-press.net\/congo-brazzaville\/wp-json\/wp\/v2\/types\/post"}],"author":[{"embeddable":true,"href":"https:\/\/www.africa-press.net\/congo-brazzaville\/wp-json\/wp\/v2\/users\/82"}],"replies":[{"embeddable":true,"href":"https:\/\/www.africa-press.net\/congo-brazzaville\/wp-json\/wp\/v2\/comments?post=13627"}],"version-history":[{"count":0,"href":"https:\/\/www.africa-press.net\/congo-brazzaville\/wp-json\/wp\/v2\/posts\/13627\/revisions"}],"wp:featuredmedia":[{"embeddable":true,"href":"https:\/\/www.africa-press.net\/congo-brazzaville\/wp-json\/wp\/v2\/media\/13626"}],"wp:attachment":[{"href":"https:\/\/www.africa-press.net\/congo-brazzaville\/wp-json\/wp\/v2\/media?parent=13627"}],"wp:term":[{"taxonomy":"category","embeddable":true,"href":"https:\/\/www.africa-press.net\/congo-brazzaville\/wp-json\/wp\/v2\/categories?post=13627"},{"taxonomy":"post_tag","embeddable":true,"href":"https:\/\/www.africa-press.net\/congo-brazzaville\/wp-json\/wp\/v2\/tags?post=13627"}],"curies":[{"name":"wp","href":"https:\/\/api.w.org\/{rel}","templated":true}]}}