{"id":13629,"date":"2023-01-23T12:35:44","date_gmt":"2023-01-23T12:35:44","guid":{"rendered":"https:\/\/www.africa-press.net\/congo-brazzaville\/politique\/diaspora-congolaise-en-france-le-collectif-officialise-ses-organes-statutaires"},"modified":"2023-01-23T12:35:44","modified_gmt":"2023-01-23T12:35:44","slug":"diaspora-congolaise-en-france-le-collectif-officialise-ses-organes-statutaires","status":"publish","type":"post","link":"https:\/\/www.africa-press.net\/congo-brazzaville\/politique\/diaspora-congolaise-en-france-le-collectif-officialise-ses-organes-statutaires","title":{"rendered":"Diaspora  congolaise en France: le Collectif officialise ses organes statutaires"},"content":{"rendered":"<p><span style=\"color: #ff6600\"><strong>Africa-Press &#8211; Congo Brazzaville. <\/strong><\/span><b>Au processus de mutation entame\u0301 par l\u2019ancien collectif \u00ab\u00a0Les combattants\u00a0\u00bb succe\u0300de la normalisation statutaire du Collectif de la diaspora. Une assemble\u0301e constitutive scelle la proce\u0301dure de cette nouvelle structure des Congolais de l\u2019e\u0301tranger.<\/b><\/p>\n<p>Pour poursuivre le processus de dialogue re\u0301publicain initie\u0301 par la diaspora et concre\u0301tise\u0301 a\u0300 Paris, le 9 octobre dernier, entre les institutions re\u0301publicaines du Congo, repre\u0301sente\u0301es par le ministre Jean-Dominique Okemba, et le Collectif de la diaspora, un bureau exe\u0301cutif a e\u0301te\u0301 rendu public le 22 janvier lors d\u2019une assemble\u0301e constitutive tenue dans la re\u0301gion parisienne.<\/p>\n<p>Dans son allocution protocolaire, Rostel Bakwa, reconduit au poste de pre\u0301sident du Collectif, a remercie\u0301 l\u2019assistance venue en nombre en bravant les intempe\u0301ries. Il a tenu a\u0300 adresser ses vifs remerciements et sa profonde gratitude aux autorite\u0301s congolaises qui n&rsquo;ont me\u0301nage\u0301 aucun effort pour leur soutien et leur coope\u0301ration en vue de l\u2019aboutissement de cette assemble\u0301e constitutive. Et de confier : \u00ab J&rsquo;en suis certain, cela produira un impact conside\u0301rable sur la notorie\u0301te\u0301 de notre collectif \u00bb.<\/p>\n<p>Le pre\u0301sident du Collectif a eu des mots de reconnaissance et sympathie a\u0300 l\u2019e\u0301gard de ses \u00ab\u00a0compagnons de la premie\u0300re heure\u00a0\u00bb qui ont compris l\u2019enjeu et qui les ont rejoints pour accompagner efficacement, autour de sa modeste personne, le projet vers les fonts baptismaux.<\/p>\n<p>\u00ab Leur accompagnement irre\u0301prochable et l&rsquo;inte\u0301re\u0302t grandissant qu&rsquo;ils ont porte\u0301 a\u0300 la mise sur pied de cette \u0153uvre grandiose, ba\u0302tie au prix de mille sacrifices, me\u0301rite d&rsquo;e\u0302tre souligne\u0301 tre\u0300s clairement \u00bb, a-t-il rappele\u0301.<\/p>\n<p>Il a fait remarquer e\u0301galement, dans son allocution, que le tableau ge\u0301ne\u0301ral de la diaspora congolaise dans sa lecture sommaire montre a\u0300 l\u2019e\u0301vidence l&rsquo;incapacite\u0301 re\u0301currente de la communaute\u0301 a\u0300 faire face aux proble\u0300mes quotidiens auxquels elle est confronte\u0301e, comparant au passage la diaspora congolaise, avant la cre\u0301ation du collectif, a\u0300 une maison, ou pluto\u0302t a\u0300 une assemble\u0301e ou\u0300 chacun veut commander, mais ou\u0300, de ce fait, il est bien difficile de s&rsquo;entendre !<\/p>\n<p>De ce fait, il a justifie\u0301 la cre\u0301ation a\u0300 temps du collectif des forces vives de la diaspora. \u00ab Il vient donc a\u0300 point nomme\u0301 et obe\u0301i\u0308t a\u0300 la volonte\u0301 de promouvoir l&rsquo;inte\u0301gration des Congolais, tant a\u0300 l&rsquo;e\u0301tranger qu&rsquo;a\u0300 l&rsquo;inte\u0301rieur de notre pays, ainsi que la solidarite\u0301, la concorde nationale sans oublier les vertus cardinales du dialogue \u00bb, a-t-il explique\u0301.<\/p>\n<p>En ade\u0301quation et selon les attentes du chef de l&rsquo;E\u0301tat, Denis Sassou N\u2019Guesso, en ce qui concerne le \u00ab\u00a0vivre ensemble de tous les Congolais\u00a0\u00bb ou\u0300 qu\u2019ils re\u0301sident, Rostel Bakwa et son Collectif ont opte\u0301 pour jouir de la capacite\u0301 a\u0300 combattre de manie\u0300re de\u0301finitive ces regrettables habitudes qui perdurent encore : la violence gratuite entre citoyens d&rsquo;un me\u0302me pays, la division tribale comme moyen de chantage et de manipulation des esprits, l&rsquo;incapacite\u0301 d&rsquo;entreprendre par la communaute\u0301 pour la communaute\u0301 et au profit de l&rsquo;inte\u0301re\u0302t ge\u0301ne\u0301ral.<\/p>\n<p>Il a pre\u0301cise\u0301 que l&rsquo;agenda du Collectif, au cours de cette anne\u0301e 2023, porte essentiellement sur une volonte\u0301 commune d&rsquo;apporter des solutions concre\u0300tes avec ce\u0301le\u0301rite\u0301 et invite\u0301 les membres du tout nouveau bureau \u00ab a\u0300 se mettre au travail et a\u0300 se tenir pre\u0302ts pour les batailles futures dont les victoires certaines seront inscrites au tableau d&rsquo;honneur de la Re\u0301publique du Congo \u00bb.<\/p>\n<p>Pour conclure, il a rassure\u0301 la diaspora en promettant qu&rsquo; \u00ab a\u0300 l\u2019issue de cette assemble\u0301e constitutive, les conclusions feront l&rsquo;objet d&rsquo;un usage au service de l&rsquo;inte\u0301gration de notre communaute\u0301 \u00bb.<\/p>\n<p>Pre\u0301sident : Rostel Bakwa ;<\/p>\n<p>Vice-pre\u0301sident : Marie France Edzoutsa;<\/p>\n<p>Secre\u0301taire ge\u0301ne\u0301ral : Lionel Gamba ;<\/p>\n<p>Secre\u0301taire ge\u0301ne\u0301ral adjoint : Christell Malonga ;<\/p>\n<p>Porte-parole : Anicet Ngoma ;<\/p>\n<p>Porte-parole adjoint : pasteur Israe\u0308l Noumazalay;<\/p>\n<p>Tre\u0301sorie\u0300re : Lamare ne\u0301e Mimi Bobot.<\/p>\n<p><strong>Pour plus d&rsquo;informations et d&rsquo;analyses sur la <a href=\"https:\/\/www.africa-press.net\/congo-brazzaville\">Congo Brazzaville<\/a>, suivez <a href=\"https:\/\/www.africa-press.net\/\">Africa-Press<\/a><\/strong><\/p>\n","protected":false},"excerpt":{"rendered":"<p>Africa-Press &#8211; Congo Brazzaville. Au processus de mutation entame\u0301 par l\u2019ancien collectif \u00ab\u00a0Les combattants\u00a0\u00bb succe\u0300de la normalisation statutaire du Collectif de la diaspora. Une assemble\u0301e constitutive scelle la proce\u0301dure de cette nouvelle structure des Congolais de l\u2019e\u0301tranger. Pour poursuivre le processus de dialogue re\u0301publicain initie\u0301 par la diaspora et concre\u0301tise\u0301 a\u0300 Paris, le 9 octobre [&hellip;]<\/p>\n","protected":false},"author":82,"featured_media":13628,"comment_status":"open","ping_status":"closed","sticky":false,"template":"","format":"standard","meta":{"footnotes":""},"categories":[2,10],"tags":[36,47,46],"class_list":["post-13629","post","type-post","status-publish","format-standard","has-post-thumbnail","hentry","category-politique","category-toutes-les-actualites","tag-africa-press","tag-africa-press-congo-brazzaville","tag-congo-brazzaville"],"yoast_head":"<!-- This site is optimized with the Yoast SEO Premium plugin v26.1 (Yoast SEO v27.0) - https:\/\/yoast.com\/product\/yoast-seo-premium-wordpress\/ -->\n<title>Diaspora congolaise en France: le Collectif officialise ses organes statutaires - Congo Brazzaville<\/title>\n<meta name=\"robots\" content=\"index, follow, max-snippet:-1, max-image-preview:large, max-video-preview:-1\" \/>\n<link rel=\"canonical\" href=\"https:\/\/www.africa-press.net\/congo-brazzaville\/politique\/diaspora-congolaise-en-france-le-collectif-officialise-ses-organes-statutaires\" \/>\n<meta property=\"og:locale\" content=\"fr_FR\" \/>\n<meta property=\"og:type\" content=\"article\" \/>\n<meta property=\"og:title\" content=\"Diaspora congolaise en France: le Collectif officialise ses organes statutaires\" \/>\n<meta property=\"og:description\" content=\"Africa-Press &#8211; Congo Brazzaville. Au processus de mutation entame\u0301 par l\u2019ancien collectif \u00ab\u00a0Les combattants\u00a0\u00bb succe\u0300de la normalisation statutaire du Collectif de la diaspora. Une assemble\u0301e constitutive scelle la proce\u0301dure de cette nouvelle structure des Congolais de l\u2019e\u0301tranger. Pour poursuivre le processus de dialogue re\u0301publicain initie\u0301 par la diaspora et concre\u0301tise\u0301 a\u0300 Paris, le 9 octobre [&hellip;]\" \/>\n<meta property=\"og:url\" content=\"https:\/\/www.africa-press.net\/congo-brazzaville\/politique\/diaspora-congolaise-en-france-le-collectif-officialise-ses-organes-statutaires\" \/>\n<meta property=\"og:site_name\" content=\"Congo Brazzaville\" \/>\n<meta property=\"article:published_time\" content=\"2023-01-23T12:35:44+00:00\" \/>\n<meta name=\"author\" content=\"cfeditorfr\" \/>\n<meta name=\"twitter:card\" content=\"summary_large_image\" \/>\n<meta name=\"twitter:label1\" content=\"\u00c9crit par\" \/>\n\t<meta name=\"twitter:data1\" content=\"cfeditorfr\" \/>\n\t<meta name=\"twitter:label2\" content=\"Dur\u00e9e de lecture estim\u00e9e\" \/>\n\t<meta name=\"twitter:data2\" content=\"3 minutes\" \/>\n<script type=\"application\/ld+json\" class=\"yoast-schema-graph\">{\"@context\":\"https:\/\/schema.org\",\"@graph\":[{\"@type\":\"Article\",\"@id\":\"https:\/\/www.africa-press.net\/congo-brazzaville\/politique\/diaspora-congolaise-en-france-le-collectif-officialise-ses-organes-statutaires#article\",\"isPartOf\":{\"@id\":\"https:\/\/www.africa-press.net\/congo-brazzaville\/politique\/diaspora-congolaise-en-france-le-collectif-officialise-ses-organes-statutaires\"},\"author\":{\"name\":\"cfeditorfr\",\"@id\":\"https:\/\/www.africa-press.net\/congo-brazzaville\/#\/schema\/person\/2b1cf3cd81a31e3cd26889ca66d677f1\"},\"headline\":\"Diaspora congolaise en France: le Collectif officialise ses organes statutaires\",\"datePublished\":\"2023-01-23T12:35:44+00:00\",\"mainEntityOfPage\":{\"@id\":\"https:\/\/www.africa-press.net\/congo-brazzaville\/politique\/diaspora-congolaise-en-france-le-collectif-officialise-ses-organes-statutaires\"},\"wordCount\":706,\"commentCount\":0,\"image\":{\"@id\":\"https:\/\/www.africa-press.net\/congo-brazzaville\/politique\/diaspora-congolaise-en-france-le-collectif-officialise-ses-organes-statutaires#primaryimage\"},\"thumbnailUrl\":\"https:\/\/static.africa-press.net\/congo-brazzaville\/sites\/51\/2023\/01\/postQueueImg_1674464758.79.jpg\",\"keywords\":[\"Africa Press\",\"Africa Press-Congo Brazzaville\",\"Congo Brazzaville\"],\"articleSection\":[\"Politique\",\"Toutes les actualit\u00e9s\"],\"inLanguage\":\"fr-FR\",\"potentialAction\":[{\"@type\":\"CommentAction\",\"name\":\"Comment\",\"target\":[\"https:\/\/www.africa-press.net\/congo-brazzaville\/politique\/diaspora-congolaise-en-france-le-collectif-officialise-ses-organes-statutaires#respond\"]}]},{\"@type\":\"WebPage\",\"@id\":\"https:\/\/www.africa-press.net\/congo-brazzaville\/politique\/diaspora-congolaise-en-france-le-collectif-officialise-ses-organes-statutaires\",\"url\":\"https:\/\/www.africa-press.net\/congo-brazzaville\/politique\/diaspora-congolaise-en-france-le-collectif-officialise-ses-organes-statutaires\",\"name\":\"Diaspora congolaise en France: le Collectif officialise ses organes statutaires - Congo Brazzaville\",\"isPartOf\":{\"@id\":\"https:\/\/www.africa-press.net\/congo-brazzaville\/#website\"},\"primaryImageOfPage\":{\"@id\":\"https:\/\/www.africa-press.net\/congo-brazzaville\/politique\/diaspora-congolaise-en-france-le-collectif-officialise-ses-organes-statutaires#primaryimage\"},\"image\":{\"@id\":\"https:\/\/www.africa-press.net\/congo-brazzaville\/politique\/diaspora-congolaise-en-france-le-collectif-officialise-ses-organes-statutaires#primaryimage\"},\"thumbnailUrl\":\"https:\/\/static.africa-press.net\/congo-brazzaville\/sites\/51\/2023\/01\/postQueueImg_1674464758.79.jpg\",\"datePublished\":\"2023-01-23T12:35:44+00:00\",\"author\":{\"@id\":\"https:\/\/www.africa-press.net\/congo-brazzaville\/#\/schema\/person\/2b1cf3cd81a31e3cd26889ca66d677f1\"},\"breadcrumb\":{\"@id\":\"https:\/\/www.africa-press.net\/congo-brazzaville\/politique\/diaspora-congolaise-en-france-le-collectif-officialise-ses-organes-statutaires#breadcrumb\"},\"inLanguage\":\"fr-FR\",\"potentialAction\":[{\"@type\":\"ReadAction\",\"target\":[\"https:\/\/www.africa-press.net\/congo-brazzaville\/politique\/diaspora-congolaise-en-france-le-collectif-officialise-ses-organes-statutaires\"]}]},{\"@type\":\"ImageObject\",\"inLanguage\":\"fr-FR\",\"@id\":\"https:\/\/www.africa-press.net\/congo-brazzaville\/politique\/diaspora-congolaise-en-france-le-collectif-officialise-ses-organes-statutaires#primaryimage\",\"url\":\"https:\/\/static.africa-press.net\/congo-brazzaville\/sites\/51\/2023\/01\/postQueueImg_1674464758.79.jpg\",\"contentUrl\":\"https:\/\/static.africa-press.net\/congo-brazzaville\/sites\/51\/2023\/01\/postQueueImg_1674464758.79.jpg\",\"width\":800,\"height\":465,\"caption\":\"Diaspora congolaise en France: le Collectif officialise ses organes statutaires\"},{\"@type\":\"BreadcrumbList\",\"@id\":\"https:\/\/www.africa-press.net\/congo-brazzaville\/politique\/diaspora-congolaise-en-france-le-collectif-officialise-ses-organes-statutaires#breadcrumb\",\"itemListElement\":[{\"@type\":\"ListItem\",\"position\":1,\"name\":\"Accueil\",\"item\":\"https:\/\/www.africa-press.net\/congo-brazzaville\/\"},{\"@type\":\"ListItem\",\"position\":2,\"name\":\"Diaspora congolaise en France: le Collectif officialise ses organes statutaires\"}]},{\"@type\":\"WebSite\",\"@id\":\"https:\/\/www.africa-press.net\/congo-brazzaville\/#website\",\"url\":\"https:\/\/www.africa-press.net\/congo-brazzaville\/\",\"name\":\"Congo Brazzaville\",\"description\":\"Just another Africa News Agency Sites site\",\"potentialAction\":[{\"@type\":\"SearchAction\",\"target\":{\"@type\":\"EntryPoint\",\"urlTemplate\":\"https:\/\/www.africa-press.net\/congo-brazzaville\/?s={search_term_string}\"},\"query-input\":{\"@type\":\"PropertyValueSpecification\",\"valueRequired\":true,\"valueName\":\"search_term_string\"}}],\"inLanguage\":\"fr-FR\"},{\"@type\":\"Person\",\"@id\":\"https:\/\/www.africa-press.net\/congo-brazzaville\/#\/schema\/person\/2b1cf3cd81a31e3cd26889ca66d677f1\",\"name\":\"cfeditorfr\"}]}<\/script>\n<!-- \/ Yoast SEO Premium plugin. -->","yoast_head_json":{"title":"Diaspora congolaise en France: le Collectif officialise ses organes statutaires - Congo Brazzaville","robots":{"index":"index","follow":"follow","max-snippet":"max-snippet:-1","max-image-preview":"max-image-preview:large","max-video-preview":"max-video-preview:-1"},"canonical":"https:\/\/www.africa-press.net\/congo-brazzaville\/politique\/diaspora-congolaise-en-france-le-collectif-officialise-ses-organes-statutaires","og_locale":"fr_FR","og_type":"article","og_title":"Diaspora congolaise en France: le Collectif officialise ses organes statutaires","og_description":"Africa-Press &#8211; Congo Brazzaville. Au processus de mutation entame\u0301 par l\u2019ancien collectif \u00ab\u00a0Les combattants\u00a0\u00bb succe\u0300de la normalisation statutaire du Collectif de la diaspora. Une assemble\u0301e constitutive scelle la proce\u0301dure de cette nouvelle structure des Congolais de l\u2019e\u0301tranger. Pour poursuivre le processus de dialogue re\u0301publicain initie\u0301 par la diaspora et concre\u0301tise\u0301 a\u0300 Paris, le 9 octobre [&hellip;]","og_url":"https:\/\/www.africa-press.net\/congo-brazzaville\/politique\/diaspora-congolaise-en-france-le-collectif-officialise-ses-organes-statutaires","og_site_name":"Congo Brazzaville","article_published_time":"2023-01-23T12:35:44+00:00","author":"cfeditorfr","twitter_card":"summary_large_image","twitter_misc":{"\u00c9crit par":"cfeditorfr","Dur\u00e9e de lecture estim\u00e9e":"3 minutes"},"schema":{"@context":"https:\/\/schema.org","@graph":[{"@type":"Article","@id":"https:\/\/www.africa-press.net\/congo-brazzaville\/politique\/diaspora-congolaise-en-france-le-collectif-officialise-ses-organes-statutaires#article","isPartOf":{"@id":"https:\/\/www.africa-press.net\/congo-brazzaville\/politique\/diaspora-congolaise-en-france-le-collectif-officialise-ses-organes-statutaires"},"author":{"name":"cfeditorfr","@id":"https:\/\/www.africa-press.net\/congo-brazzaville\/#\/schema\/person\/2b1cf3cd81a31e3cd26889ca66d677f1"},"headline":"Diaspora congolaise en France: le Collectif officialise ses organes statutaires","datePublished":"2023-01-23T12:35:44+00:00","mainEntityOfPage":{"@id":"https:\/\/www.africa-press.net\/congo-brazzaville\/politique\/diaspora-congolaise-en-france-le-collectif-officialise-ses-organes-statutaires"},"wordCount":706,"commentCount":0,"image":{"@id":"https:\/\/www.africa-press.net\/congo-brazzaville\/politique\/diaspora-congolaise-en-france-le-collectif-officialise-ses-organes-statutaires#primaryimage"},"thumbnailUrl":"https:\/\/static.africa-press.net\/congo-brazzaville\/sites\/51\/2023\/01\/postQueueImg_1674464758.79.jpg","keywords":["Africa Press","Africa Press-Congo Brazzaville","Congo Brazzaville"],"articleSection":["Politique","Toutes les actualit\u00e9s"],"inLanguage":"fr-FR","potentialAction":[{"@type":"CommentAction","name":"Comment","target":["https:\/\/www.africa-press.net\/congo-brazzaville\/politique\/diaspora-congolaise-en-france-le-collectif-officialise-ses-organes-statutaires#respond"]}]},{"@type":"WebPage","@id":"https:\/\/www.africa-press.net\/congo-brazzaville\/politique\/diaspora-congolaise-en-france-le-collectif-officialise-ses-organes-statutaires","url":"https:\/\/www.africa-press.net\/congo-brazzaville\/politique\/diaspora-congolaise-en-france-le-collectif-officialise-ses-organes-statutaires","name":"Diaspora congolaise en France: le Collectif officialise ses organes statutaires - Congo Brazzaville","isPartOf":{"@id":"https:\/\/www.africa-press.net\/congo-brazzaville\/#website"},"primaryImageOfPage":{"@id":"https:\/\/www.africa-press.net\/congo-brazzaville\/politique\/diaspora-congolaise-en-france-le-collectif-officialise-ses-organes-statutaires#primaryimage"},"image":{"@id":"https:\/\/www.africa-press.net\/congo-brazzaville\/politique\/diaspora-congolaise-en-france-le-collectif-officialise-ses-organes-statutaires#primaryimage"},"thumbnailUrl":"https:\/\/static.africa-press.net\/congo-brazzaville\/sites\/51\/2023\/01\/postQueueImg_1674464758.79.jpg","datePublished":"2023-01-23T12:35:44+00:00","author":{"@id":"https:\/\/www.africa-press.net\/congo-brazzaville\/#\/schema\/person\/2b1cf3cd81a31e3cd26889ca66d677f1"},"breadcrumb":{"@id":"https:\/\/www.africa-press.net\/congo-brazzaville\/politique\/diaspora-congolaise-en-france-le-collectif-officialise-ses-organes-statutaires#breadcrumb"},"inLanguage":"fr-FR","potentialAction":[{"@type":"ReadAction","target":["https:\/\/www.africa-press.net\/congo-brazzaville\/politique\/diaspora-congolaise-en-france-le-collectif-officialise-ses-organes-statutaires"]}]},{"@type":"ImageObject","inLanguage":"fr-FR","@id":"https:\/\/www.africa-press.net\/congo-brazzaville\/politique\/diaspora-congolaise-en-france-le-collectif-officialise-ses-organes-statutaires#primaryimage","url":"https:\/\/static.africa-press.net\/congo-brazzaville\/sites\/51\/2023\/01\/postQueueImg_1674464758.79.jpg","contentUrl":"https:\/\/static.africa-press.net\/congo-brazzaville\/sites\/51\/2023\/01\/postQueueImg_1674464758.79.jpg","width":800,"height":465,"caption":"Diaspora congolaise en France: le Collectif officialise ses organes statutaires"},{"@type":"BreadcrumbList","@id":"https:\/\/www.africa-press.net\/congo-brazzaville\/politique\/diaspora-congolaise-en-france-le-collectif-officialise-ses-organes-statutaires#breadcrumb","itemListElement":[{"@type":"ListItem","position":1,"name":"Accueil","item":"https:\/\/www.africa-press.net\/congo-brazzaville\/"},{"@type":"ListItem","position":2,"name":"Diaspora congolaise en France: le Collectif officialise ses organes statutaires"}]},{"@type":"WebSite","@id":"https:\/\/www.africa-press.net\/congo-brazzaville\/#website","url":"https:\/\/www.africa-press.net\/congo-brazzaville\/","name":"Congo Brazzaville","description":"Just another Africa News Agency Sites site","potentialAction":[{"@type":"SearchAction","target":{"@type":"EntryPoint","urlTemplate":"https:\/\/www.africa-press.net\/congo-brazzaville\/?s={search_term_string}"},"query-input":{"@type":"PropertyValueSpecification","valueRequired":true,"valueName":"search_term_string"}}],"inLanguage":"fr-FR"},{"@type":"Person","@id":"https:\/\/www.africa-press.net\/congo-brazzaville\/#\/schema\/person\/2b1cf3cd81a31e3cd26889ca66d677f1","name":"cfeditorfr"}]}},"_links":{"self":[{"href":"https:\/\/www.africa-press.net\/congo-brazzaville\/wp-json\/wp\/v2\/posts\/13629","targetHints":{"allow":["GET"]}}],"collection":[{"href":"https:\/\/www.africa-press.net\/congo-brazzaville\/wp-json\/wp\/v2\/posts"}],"about":[{"href":"https:\/\/www.africa-press.net\/congo-brazzaville\/wp-json\/wp\/v2\/types\/post"}],"author":[{"embeddable":true,"href":"https:\/\/www.africa-press.net\/congo-brazzaville\/wp-json\/wp\/v2\/users\/82"}],"replies":[{"embeddable":true,"href":"https:\/\/www.africa-press.net\/congo-brazzaville\/wp-json\/wp\/v2\/comments?post=13629"}],"version-history":[{"count":0,"href":"https:\/\/www.africa-press.net\/congo-brazzaville\/wp-json\/wp\/v2\/posts\/13629\/revisions"}],"wp:featuredmedia":[{"embeddable":true,"href":"https:\/\/www.africa-press.net\/congo-brazzaville\/wp-json\/wp\/v2\/media\/13628"}],"wp:attachment":[{"href":"https:\/\/www.africa-press.net\/congo-brazzaville\/wp-json\/wp\/v2\/media?parent=13629"}],"wp:term":[{"taxonomy":"category","embeddable":true,"href":"https:\/\/www.africa-press.net\/congo-brazzaville\/wp-json\/wp\/v2\/categories?post=13629"},{"taxonomy":"post_tag","embeddable":true,"href":"https:\/\/www.africa-press.net\/congo-brazzaville\/wp-json\/wp\/v2\/tags?post=13629"}],"curies":[{"name":"wp","href":"https:\/\/api.w.org\/{rel}","templated":true}]}}