{"id":13631,"date":"2023-01-23T12:36:06","date_gmt":"2023-01-23T12:36:06","guid":{"rendered":"https:\/\/www.africa-press.net\/congo-brazzaville\/politique\/technologies-linclusion-numerique-un-piler-de-developpement-economique-au-congo"},"modified":"2023-01-23T12:36:06","modified_gmt":"2023-01-23T12:36:06","slug":"technologies-linclusion-numerique-un-piler-de-developpement-economique-au-congo","status":"publish","type":"post","link":"https:\/\/www.africa-press.net\/congo-brazzaville\/economie\/technologies-linclusion-numerique-un-piler-de-developpement-economique-au-congo","title":{"rendered":"Technologies : l&rsquo;inclusion num\u00e9rique, un piler de d\u00e9veloppement \u00e9conomique au Congo"},"content":{"rendered":"<p><span style=\"color: #ff6600\"><strong>Africa-Press &#8211; Congo Brazzaville. <\/strong><\/span><b>L\u2019association les Universite\u0301s du nume\u0301rique (Univ 2.0) a tenu, le week-end dernier a\u0300 Brazzaville, sa sixie\u0300me e\u0301dition. Il en est ressorti des de\u0301bats anime\u0301s par des experts que l\u2019inclusion nume\u0301rique constitue un facteur inde\u0301niable du de\u0301veloppement e\u0301conomique du Congo.<\/b><\/p>\n<p>La sixie\u0300me e\u0301dition de Univ 2.0 s\u2019est tenue sur le the\u0300me \u00ab L\u2019inclusion nume\u0301rique : de\u0301fis et perspectives pour un meilleur de\u0301veloppement e\u0301conomique \u00bb. Des experts du domaine, des partenaires, des responsables administratifs et une foule d\u2019e\u0301tudiants ont participe\u0301 a\u0300 la ce\u0301re\u0301monie pre\u0301side\u0301e par le ministre de tutelle, Le\u0301on Juste Ibombo.<\/p>\n<p>Dans les e\u0301changes, les sachants ont de\u0301battu des enjeux de l\u2019inclusion nume\u0301rique dans le de\u0301veloppement e\u0301conomique au Congo ainsi que des de\u0301fis que le pays doit relever pour atteindre cet objectif.<\/p>\n<p>\u00ab La sixie\u0300me e\u0301dition de Univ 2.0 s\u2019est focalise\u0301e sur l\u2019inclusion nume\u0301rique, conside\u0301re\u0301e comme l\u2019un des piliers de de\u0301veloppement e\u0301conomique du Congo. Il s\u2019est agi de faire le point des politiques que le gouvernement a mises en place, avec l\u2019appui des acteurs de la socie\u0301te\u0301 civile, pour faciliter a\u0300 tout Congolais l\u2019acce\u0300s au nume\u0301rique \u00bb, a souligne\u0301 Antonin Bossoto, manager exe\u0301cutif de Univ 2.0.<\/p>\n<p>Ayant connu la participation massive des e\u0301tudiants, en majorite\u0301 ceux du parcours Sciences et techniques de la communication, cette e\u0301dition a e\u0301te\u0301 aussi l&rsquo;occasion de sensibiliser ces derniers a\u0300 l\u2019usage des nouvelles technologies du nume\u0301rique. L\u2019objectif e\u0301tant de leur donner des notions de base dans le domaine pouvant les aider a\u0300 bien poursuivre leur parcours universitaire.<\/p>\n<p>Pour le ministre des Postes, des Te\u0301le\u0301communications et de l\u2019Economie nume\u0301rique, des programmes inhe\u0301rents a\u0300 booster l\u2019acce\u0300s des Congolais a\u0300 Internet a\u0300 haut de\u0301bit dans des zones rurales ont e\u0301te\u0301 mis en place ainsi que la construction des infrastructures de te\u0301le\u0301communications.<\/p>\n<p>\u00ab Nous pouvons nous re\u0301jouir de ce qu\u2019en deux ans d\u2019exercice du Fonds d\u2019acce\u0300s pour le service universel des communications e\u0301lectroniques, nous avons pu connecter 150 localite\u0301s ainsi que 19 e\u0301tablissements universitaires et scolaires au re\u0301seau de te\u0301le\u0301communications et communications e\u0301lectroniques. Notre ambition est d\u2019apporter les communications e\u0301lectroniques a\u0300 tous les Congolais, partout ou\u0300 ils se trouvent a\u0300 travers le pays \u00bb, a assure\u0301 Le\u0301on Juste Ibombo.<\/p>\n<p>Il a fait savoir que le gouvernement a mis en place une strate\u0301gie nationale de de\u0301veloppement de l\u2019e\u0301conomie nume\u0301rique appele\u0301e Congo vision 2025, visant a\u0300 digitaliser les services publics.<\/p>\n<p><strong>Pour plus d&rsquo;informations et d&rsquo;analyses sur la <a href=\"https:\/\/www.africa-press.net\/congo-brazzaville\">Congo Brazzaville<\/a>, suivez <a href=\"https:\/\/www.africa-press.net\/\">Africa-Press<\/a><\/strong><\/p>\n","protected":false},"excerpt":{"rendered":"<p>Africa-Press &#8211; Congo Brazzaville. L\u2019association les Universite\u0301s du nume\u0301rique (Univ 2.0) a tenu, le week-end dernier a\u0300 Brazzaville, sa sixie\u0300me e\u0301dition. Il en est ressorti des de\u0301bats anime\u0301s par des experts que l\u2019inclusion nume\u0301rique constitue un facteur inde\u0301niable du de\u0301veloppement e\u0301conomique du Congo. La sixie\u0300me e\u0301dition de Univ 2.0 s\u2019est tenue sur le the\u0300me \u00ab [&hellip;]<\/p>\n","protected":false},"author":82,"featured_media":13630,"comment_status":"open","ping_status":"closed","sticky":false,"template":"","format":"standard","meta":{"footnotes":""},"categories":[3,10],"tags":[36,47,46],"class_list":["post-13631","post","type-post","status-publish","format-standard","has-post-thumbnail","hentry","category-economie","category-toutes-les-actualites","tag-africa-press","tag-africa-press-congo-brazzaville","tag-congo-brazzaville"],"yoast_head":"<!-- This site is optimized with the Yoast SEO Premium plugin v26.1 (Yoast SEO v27.0) - https:\/\/yoast.com\/product\/yoast-seo-premium-wordpress\/ -->\n<title>Technologies : l&#039;inclusion num\u00e9rique, un piler de d\u00e9veloppement \u00e9conomique au Congo - Congo Brazzaville<\/title>\n<meta name=\"robots\" content=\"index, follow, max-snippet:-1, max-image-preview:large, max-video-preview:-1\" \/>\n<link rel=\"canonical\" href=\"https:\/\/www.africa-press.net\/congo-brazzaville\/politique\/technologies-linclusion-numerique-un-piler-de-developpement-economique-au-congo\" \/>\n<meta property=\"og:locale\" content=\"fr_FR\" \/>\n<meta property=\"og:type\" content=\"article\" \/>\n<meta property=\"og:title\" content=\"Technologies : l&#039;inclusion num\u00e9rique, un piler de d\u00e9veloppement \u00e9conomique au Congo\" \/>\n<meta property=\"og:description\" content=\"Africa-Press &#8211; Congo Brazzaville. L\u2019association les Universite\u0301s du nume\u0301rique (Univ 2.0) a tenu, le week-end dernier a\u0300 Brazzaville, sa sixie\u0300me e\u0301dition. Il en est ressorti des de\u0301bats anime\u0301s par des experts que l\u2019inclusion nume\u0301rique constitue un facteur inde\u0301niable du de\u0301veloppement e\u0301conomique du Congo. La sixie\u0300me e\u0301dition de Univ 2.0 s\u2019est tenue sur le the\u0300me \u00ab [&hellip;]\" \/>\n<meta property=\"og:url\" content=\"https:\/\/www.africa-press.net\/congo-brazzaville\/politique\/technologies-linclusion-numerique-un-piler-de-developpement-economique-au-congo\" \/>\n<meta property=\"og:site_name\" content=\"Congo Brazzaville\" \/>\n<meta property=\"article:published_time\" content=\"2023-01-23T12:36:06+00:00\" \/>\n<meta name=\"author\" content=\"cfeditorfr\" \/>\n<meta name=\"twitter:card\" content=\"summary_large_image\" \/>\n<meta name=\"twitter:label1\" content=\"\u00c9crit par\" \/>\n\t<meta name=\"twitter:data1\" content=\"cfeditorfr\" \/>\n\t<meta name=\"twitter:label2\" content=\"Dur\u00e9e de lecture estim\u00e9e\" \/>\n\t<meta name=\"twitter:data2\" content=\"2 minutes\" \/>\n<script type=\"application\/ld+json\" class=\"yoast-schema-graph\">{\"@context\":\"https:\/\/schema.org\",\"@graph\":[{\"@type\":\"Article\",\"@id\":\"https:\/\/www.africa-press.net\/congo-brazzaville\/politique\/technologies-linclusion-numerique-un-piler-de-developpement-economique-au-congo#article\",\"isPartOf\":{\"@id\":\"https:\/\/www.africa-press.net\/congo-brazzaville\/politique\/technologies-linclusion-numerique-un-piler-de-developpement-economique-au-congo\"},\"author\":{\"name\":\"cfeditorfr\",\"@id\":\"https:\/\/www.africa-press.net\/congo-brazzaville\/#\/schema\/person\/2b1cf3cd81a31e3cd26889ca66d677f1\"},\"headline\":\"Technologies : l&rsquo;inclusion num\u00e9rique, un piler de d\u00e9veloppement \u00e9conomique au Congo\",\"datePublished\":\"2023-01-23T12:36:06+00:00\",\"mainEntityOfPage\":{\"@id\":\"https:\/\/www.africa-press.net\/congo-brazzaville\/politique\/technologies-linclusion-numerique-un-piler-de-developpement-economique-au-congo\"},\"wordCount\":487,\"commentCount\":0,\"image\":{\"@id\":\"https:\/\/www.africa-press.net\/congo-brazzaville\/politique\/technologies-linclusion-numerique-un-piler-de-developpement-economique-au-congo#primaryimage\"},\"thumbnailUrl\":\"https:\/\/static.africa-press.net\/congo-brazzaville\/sites\/51\/2023\/01\/postQueueImg_1674464777.11.jpg\",\"keywords\":[\"Africa Press\",\"Africa Press-Congo Brazzaville\",\"Congo Brazzaville\"],\"articleSection\":[\"\u00c9conomie\",\"Toutes les actualit\u00e9s\"],\"inLanguage\":\"fr-FR\",\"potentialAction\":[{\"@type\":\"CommentAction\",\"name\":\"Comment\",\"target\":[\"https:\/\/www.africa-press.net\/congo-brazzaville\/politique\/technologies-linclusion-numerique-un-piler-de-developpement-economique-au-congo#respond\"]}]},{\"@type\":\"WebPage\",\"@id\":\"https:\/\/www.africa-press.net\/congo-brazzaville\/politique\/technologies-linclusion-numerique-un-piler-de-developpement-economique-au-congo\",\"url\":\"https:\/\/www.africa-press.net\/congo-brazzaville\/politique\/technologies-linclusion-numerique-un-piler-de-developpement-economique-au-congo\",\"name\":\"Technologies : l'inclusion num\u00e9rique, un piler de d\u00e9veloppement \u00e9conomique au Congo - Congo Brazzaville\",\"isPartOf\":{\"@id\":\"https:\/\/www.africa-press.net\/congo-brazzaville\/#website\"},\"primaryImageOfPage\":{\"@id\":\"https:\/\/www.africa-press.net\/congo-brazzaville\/politique\/technologies-linclusion-numerique-un-piler-de-developpement-economique-au-congo#primaryimage\"},\"image\":{\"@id\":\"https:\/\/www.africa-press.net\/congo-brazzaville\/politique\/technologies-linclusion-numerique-un-piler-de-developpement-economique-au-congo#primaryimage\"},\"thumbnailUrl\":\"https:\/\/static.africa-press.net\/congo-brazzaville\/sites\/51\/2023\/01\/postQueueImg_1674464777.11.jpg\",\"datePublished\":\"2023-01-23T12:36:06+00:00\",\"author\":{\"@id\":\"https:\/\/www.africa-press.net\/congo-brazzaville\/#\/schema\/person\/2b1cf3cd81a31e3cd26889ca66d677f1\"},\"breadcrumb\":{\"@id\":\"https:\/\/www.africa-press.net\/congo-brazzaville\/politique\/technologies-linclusion-numerique-un-piler-de-developpement-economique-au-congo#breadcrumb\"},\"inLanguage\":\"fr-FR\",\"potentialAction\":[{\"@type\":\"ReadAction\",\"target\":[\"https:\/\/www.africa-press.net\/congo-brazzaville\/politique\/technologies-linclusion-numerique-un-piler-de-developpement-economique-au-congo\"]}]},{\"@type\":\"ImageObject\",\"inLanguage\":\"fr-FR\",\"@id\":\"https:\/\/www.africa-press.net\/congo-brazzaville\/politique\/technologies-linclusion-numerique-un-piler-de-developpement-economique-au-congo#primaryimage\",\"url\":\"https:\/\/static.africa-press.net\/congo-brazzaville\/sites\/51\/2023\/01\/postQueueImg_1674464777.11.jpg\",\"contentUrl\":\"https:\/\/static.africa-press.net\/congo-brazzaville\/sites\/51\/2023\/01\/postQueueImg_1674464777.11.jpg\",\"width\":720,\"height\":405,\"caption\":\"Technologies : l'inclusion num\u00e9rique, un piler de d\u00e9veloppement \u00e9conomique au Congo\"},{\"@type\":\"BreadcrumbList\",\"@id\":\"https:\/\/www.africa-press.net\/congo-brazzaville\/politique\/technologies-linclusion-numerique-un-piler-de-developpement-economique-au-congo#breadcrumb\",\"itemListElement\":[{\"@type\":\"ListItem\",\"position\":1,\"name\":\"Accueil\",\"item\":\"https:\/\/www.africa-press.net\/congo-brazzaville\/\"},{\"@type\":\"ListItem\",\"position\":2,\"name\":\"Technologies : l&rsquo;inclusion num\u00e9rique, un piler de d\u00e9veloppement \u00e9conomique au Congo\"}]},{\"@type\":\"WebSite\",\"@id\":\"https:\/\/www.africa-press.net\/congo-brazzaville\/#website\",\"url\":\"https:\/\/www.africa-press.net\/congo-brazzaville\/\",\"name\":\"Congo Brazzaville\",\"description\":\"Just another Africa News Agency Sites site\",\"potentialAction\":[{\"@type\":\"SearchAction\",\"target\":{\"@type\":\"EntryPoint\",\"urlTemplate\":\"https:\/\/www.africa-press.net\/congo-brazzaville\/?s={search_term_string}\"},\"query-input\":{\"@type\":\"PropertyValueSpecification\",\"valueRequired\":true,\"valueName\":\"search_term_string\"}}],\"inLanguage\":\"fr-FR\"},{\"@type\":\"Person\",\"@id\":\"https:\/\/www.africa-press.net\/congo-brazzaville\/#\/schema\/person\/2b1cf3cd81a31e3cd26889ca66d677f1\",\"name\":\"cfeditorfr\"}]}<\/script>\n<!-- \/ Yoast SEO Premium plugin. -->","yoast_head_json":{"title":"Technologies : l'inclusion num\u00e9rique, un piler de d\u00e9veloppement \u00e9conomique au Congo - Congo Brazzaville","robots":{"index":"index","follow":"follow","max-snippet":"max-snippet:-1","max-image-preview":"max-image-preview:large","max-video-preview":"max-video-preview:-1"},"canonical":"https:\/\/www.africa-press.net\/congo-brazzaville\/politique\/technologies-linclusion-numerique-un-piler-de-developpement-economique-au-congo","og_locale":"fr_FR","og_type":"article","og_title":"Technologies : l'inclusion num\u00e9rique, un piler de d\u00e9veloppement \u00e9conomique au Congo","og_description":"Africa-Press &#8211; Congo Brazzaville. L\u2019association les Universite\u0301s du nume\u0301rique (Univ 2.0) a tenu, le week-end dernier a\u0300 Brazzaville, sa sixie\u0300me e\u0301dition. Il en est ressorti des de\u0301bats anime\u0301s par des experts que l\u2019inclusion nume\u0301rique constitue un facteur inde\u0301niable du de\u0301veloppement e\u0301conomique du Congo. La sixie\u0300me e\u0301dition de Univ 2.0 s\u2019est tenue sur le the\u0300me \u00ab [&hellip;]","og_url":"https:\/\/www.africa-press.net\/congo-brazzaville\/politique\/technologies-linclusion-numerique-un-piler-de-developpement-economique-au-congo","og_site_name":"Congo Brazzaville","article_published_time":"2023-01-23T12:36:06+00:00","author":"cfeditorfr","twitter_card":"summary_large_image","twitter_misc":{"\u00c9crit par":"cfeditorfr","Dur\u00e9e de lecture estim\u00e9e":"2 minutes"},"schema":{"@context":"https:\/\/schema.org","@graph":[{"@type":"Article","@id":"https:\/\/www.africa-press.net\/congo-brazzaville\/politique\/technologies-linclusion-numerique-un-piler-de-developpement-economique-au-congo#article","isPartOf":{"@id":"https:\/\/www.africa-press.net\/congo-brazzaville\/politique\/technologies-linclusion-numerique-un-piler-de-developpement-economique-au-congo"},"author":{"name":"cfeditorfr","@id":"https:\/\/www.africa-press.net\/congo-brazzaville\/#\/schema\/person\/2b1cf3cd81a31e3cd26889ca66d677f1"},"headline":"Technologies : l&rsquo;inclusion num\u00e9rique, un piler de d\u00e9veloppement \u00e9conomique au Congo","datePublished":"2023-01-23T12:36:06+00:00","mainEntityOfPage":{"@id":"https:\/\/www.africa-press.net\/congo-brazzaville\/politique\/technologies-linclusion-numerique-un-piler-de-developpement-economique-au-congo"},"wordCount":487,"commentCount":0,"image":{"@id":"https:\/\/www.africa-press.net\/congo-brazzaville\/politique\/technologies-linclusion-numerique-un-piler-de-developpement-economique-au-congo#primaryimage"},"thumbnailUrl":"https:\/\/static.africa-press.net\/congo-brazzaville\/sites\/51\/2023\/01\/postQueueImg_1674464777.11.jpg","keywords":["Africa Press","Africa Press-Congo Brazzaville","Congo Brazzaville"],"articleSection":["\u00c9conomie","Toutes les actualit\u00e9s"],"inLanguage":"fr-FR","potentialAction":[{"@type":"CommentAction","name":"Comment","target":["https:\/\/www.africa-press.net\/congo-brazzaville\/politique\/technologies-linclusion-numerique-un-piler-de-developpement-economique-au-congo#respond"]}]},{"@type":"WebPage","@id":"https:\/\/www.africa-press.net\/congo-brazzaville\/politique\/technologies-linclusion-numerique-un-piler-de-developpement-economique-au-congo","url":"https:\/\/www.africa-press.net\/congo-brazzaville\/politique\/technologies-linclusion-numerique-un-piler-de-developpement-economique-au-congo","name":"Technologies : l'inclusion num\u00e9rique, un piler de d\u00e9veloppement \u00e9conomique au Congo - Congo Brazzaville","isPartOf":{"@id":"https:\/\/www.africa-press.net\/congo-brazzaville\/#website"},"primaryImageOfPage":{"@id":"https:\/\/www.africa-press.net\/congo-brazzaville\/politique\/technologies-linclusion-numerique-un-piler-de-developpement-economique-au-congo#primaryimage"},"image":{"@id":"https:\/\/www.africa-press.net\/congo-brazzaville\/politique\/technologies-linclusion-numerique-un-piler-de-developpement-economique-au-congo#primaryimage"},"thumbnailUrl":"https:\/\/static.africa-press.net\/congo-brazzaville\/sites\/51\/2023\/01\/postQueueImg_1674464777.11.jpg","datePublished":"2023-01-23T12:36:06+00:00","author":{"@id":"https:\/\/www.africa-press.net\/congo-brazzaville\/#\/schema\/person\/2b1cf3cd81a31e3cd26889ca66d677f1"},"breadcrumb":{"@id":"https:\/\/www.africa-press.net\/congo-brazzaville\/politique\/technologies-linclusion-numerique-un-piler-de-developpement-economique-au-congo#breadcrumb"},"inLanguage":"fr-FR","potentialAction":[{"@type":"ReadAction","target":["https:\/\/www.africa-press.net\/congo-brazzaville\/politique\/technologies-linclusion-numerique-un-piler-de-developpement-economique-au-congo"]}]},{"@type":"ImageObject","inLanguage":"fr-FR","@id":"https:\/\/www.africa-press.net\/congo-brazzaville\/politique\/technologies-linclusion-numerique-un-piler-de-developpement-economique-au-congo#primaryimage","url":"https:\/\/static.africa-press.net\/congo-brazzaville\/sites\/51\/2023\/01\/postQueueImg_1674464777.11.jpg","contentUrl":"https:\/\/static.africa-press.net\/congo-brazzaville\/sites\/51\/2023\/01\/postQueueImg_1674464777.11.jpg","width":720,"height":405,"caption":"Technologies : l'inclusion num\u00e9rique, un piler de d\u00e9veloppement \u00e9conomique au Congo"},{"@type":"BreadcrumbList","@id":"https:\/\/www.africa-press.net\/congo-brazzaville\/politique\/technologies-linclusion-numerique-un-piler-de-developpement-economique-au-congo#breadcrumb","itemListElement":[{"@type":"ListItem","position":1,"name":"Accueil","item":"https:\/\/www.africa-press.net\/congo-brazzaville\/"},{"@type":"ListItem","position":2,"name":"Technologies : l&rsquo;inclusion num\u00e9rique, un piler de d\u00e9veloppement \u00e9conomique au Congo"}]},{"@type":"WebSite","@id":"https:\/\/www.africa-press.net\/congo-brazzaville\/#website","url":"https:\/\/www.africa-press.net\/congo-brazzaville\/","name":"Congo Brazzaville","description":"Just another Africa News Agency Sites site","potentialAction":[{"@type":"SearchAction","target":{"@type":"EntryPoint","urlTemplate":"https:\/\/www.africa-press.net\/congo-brazzaville\/?s={search_term_string}"},"query-input":{"@type":"PropertyValueSpecification","valueRequired":true,"valueName":"search_term_string"}}],"inLanguage":"fr-FR"},{"@type":"Person","@id":"https:\/\/www.africa-press.net\/congo-brazzaville\/#\/schema\/person\/2b1cf3cd81a31e3cd26889ca66d677f1","name":"cfeditorfr"}]}},"_links":{"self":[{"href":"https:\/\/www.africa-press.net\/congo-brazzaville\/wp-json\/wp\/v2\/posts\/13631","targetHints":{"allow":["GET"]}}],"collection":[{"href":"https:\/\/www.africa-press.net\/congo-brazzaville\/wp-json\/wp\/v2\/posts"}],"about":[{"href":"https:\/\/www.africa-press.net\/congo-brazzaville\/wp-json\/wp\/v2\/types\/post"}],"author":[{"embeddable":true,"href":"https:\/\/www.africa-press.net\/congo-brazzaville\/wp-json\/wp\/v2\/users\/82"}],"replies":[{"embeddable":true,"href":"https:\/\/www.africa-press.net\/congo-brazzaville\/wp-json\/wp\/v2\/comments?post=13631"}],"version-history":[{"count":0,"href":"https:\/\/www.africa-press.net\/congo-brazzaville\/wp-json\/wp\/v2\/posts\/13631\/revisions"}],"wp:featuredmedia":[{"embeddable":true,"href":"https:\/\/www.africa-press.net\/congo-brazzaville\/wp-json\/wp\/v2\/media\/13630"}],"wp:attachment":[{"href":"https:\/\/www.africa-press.net\/congo-brazzaville\/wp-json\/wp\/v2\/media?parent=13631"}],"wp:term":[{"taxonomy":"category","embeddable":true,"href":"https:\/\/www.africa-press.net\/congo-brazzaville\/wp-json\/wp\/v2\/categories?post=13631"},{"taxonomy":"post_tag","embeddable":true,"href":"https:\/\/www.africa-press.net\/congo-brazzaville\/wp-json\/wp\/v2\/tags?post=13631"}],"curies":[{"name":"wp","href":"https:\/\/api.w.org\/{rel}","templated":true}]}}