{"id":13636,"date":"2023-01-23T21:02:58","date_gmt":"2023-01-23T21:02:58","guid":{"rendered":"https:\/\/www.africa-press.net\/congo-brazzaville\/politique\/action-de-letat-en-mer-eric-dibas-franck-officiellement-installe-dans-ses-fonctions"},"modified":"2023-01-23T23:01:39","modified_gmt":"2023-01-23T23:01:39","slug":"action-de-letat-en-mer-eric-dibas-franck-officiellement-installe-dans-ses-fonctions","status":"publish","type":"post","link":"https:\/\/www.africa-press.net\/congo-brazzaville\/economie\/action-de-letat-en-mer-eric-dibas-franck-officiellement-installe-dans-ses-fonctions","title":{"rendered":"Action de l\u2019Etat en mer : \u00c9ric Dibas-Franck officiellement install\u00e9 dans ses fonctions"},"content":{"rendered":"<p><span style=\"color: #ff6600\"><strong>Africa-Press &#8211; Congo Brazzaville. <\/strong><\/span>Le Premier ministre, Anatole Collinet Makosso, a officiellement installe\u0301 le 20 janvier a\u0300 Brazzaville le nouveau secre\u0301taire permanent du comite\u0301 interministe\u0301riel de l\u2019action de l\u2019Etat en mer et dans les eaux continentales, E\u0301ric Dibas-Franck, nomme\u0301 par de\u0301cret pre\u0301sidentiel le 31 octobre 2022, avant de le pre\u0301senter aux membres du gouvernement.<\/p>\n<p>Apre\u0300s avoir pris ses nouvelles fonctions, le promu a traduit sa reconnaissance \u00ab infinie \u00bb au pre\u0301sident de la Re\u0301publique et au Premier ministre pour la confiance place\u0301e en sa \u00ab modeste \u00bb personne.<\/p>\n<p>\u00ab C\u2019est un sentiment de responsabilite\u0301 qui m\u2019anime au moment ou\u0300 je suis installe\u0301 dans mes fonctions de secre\u0301taire permanent du comite\u0301 interministe\u0301riel de l\u2019action de l\u2019Etat en mer et dans les eaux continentales. Je vais simplement dire et affirmer toute ma de\u0301termination pour que les fruits tiennent les promesses de bonnes fleurs.<\/p>\n<p>Nous sommes a\u0300 la ta\u0302che, jugez-moi aux re\u0301sultats \u00bb, a de\u0301clare\u0301 E\u0301ric Dibas-Franck, invitant les diffe\u0301rents acteurs a\u0300 poursuivre \u00ab la marche maritime et fluviale du Congo pour une e\u0301conomie bleue, durable et prospe\u0300re \u00bb.<\/p>\n<p>Le Comite\u0301 interministe\u0301riel a e\u0301te\u0301 cre\u0301e\u0301 pour ge\u0301rer avec efficience les activite\u0301s de l\u2019Etat en mer et dans les eaux continentales, conforme\u0301ment a\u0300 l\u2019architecture de Yaounde\u0301 de juin 2013, relative a\u0300 la su\u0302rete\u0301 et a\u0300 la se\u0301curite\u0301 maritime dans le golfe de Guine\u0301e et a\u0300 la Convention des Nations unies sur le droit de la mer de 1982.<\/p>\n<p>Il a, entre autres, missions de veiller a\u0300 la protection des inte\u0301re\u0302ts nationaux strate\u0301giques dans le domaine maritime et fluviolagunaire; traiter des proble\u0301matiques de l\u2019action de l\u2019Etat en mer et dans les eaux continentales ; prote\u0301ger l\u2019environnement et lutter contre les pollutions.<\/p>\n<p>Il est aussi charge\u0301 de la se\u0301curisation de la navigation et de l\u2019assistance des navires et des bateaux ; de la su\u0302rete\u0301 et de la se\u0301curite\u0301 maritime et fluviale, de la lutte contre les trafics et pe\u0302che illicite, de la piraterie maritime, de la lutte contre l\u2019immigration clandestine, de la criminalite\u0301 en mer et dans les eaux continentales.<\/p>\n<p><strong>Pour plus d&rsquo;informations et d&rsquo;analyses sur la <a href=\"https:\/\/www.africa-press.net\/congo-brazzaville\">Congo Brazzaville<\/a>, suivez <a href=\"https:\/\/www.africa-press.net\/\">Africa-Press<\/a><\/strong><\/p>\n","protected":false},"excerpt":{"rendered":"<p>Africa-Press &#8211; Congo Brazzaville. Le Premier ministre, Anatole Collinet Makosso, a officiellement installe\u0301 le 20 janvier a\u0300 Brazzaville le nouveau secre\u0301taire permanent du comite\u0301 interministe\u0301riel de l\u2019action de l\u2019Etat en mer et dans les eaux continentales, E\u0301ric Dibas-Franck, nomme\u0301 par de\u0301cret pre\u0301sidentiel le 31 octobre 2022, avant de le pre\u0301senter aux membres du gouvernement. Apre\u0300s [&hellip;]<\/p>\n","protected":false},"author":82,"featured_media":13635,"comment_status":"open","ping_status":"closed","sticky":false,"template":"","format":"standard","meta":{"footnotes":""},"categories":[3,10],"tags":[36,47,46],"class_list":["post-13636","post","type-post","status-publish","format-standard","has-post-thumbnail","hentry","category-economie","category-toutes-les-actualites","tag-africa-press","tag-africa-press-congo-brazzaville","tag-congo-brazzaville"],"yoast_head":"<!-- This site is optimized with the Yoast SEO Premium plugin v26.1 (Yoast SEO v27.0) - https:\/\/yoast.com\/product\/yoast-seo-premium-wordpress\/ -->\n<title>Action de l\u2019Etat en mer : \u00c9ric Dibas-Franck officiellement install\u00e9 dans ses fonctions - Congo Brazzaville<\/title>\n<meta name=\"description\" content=\"Le Premier ministre, Anatole Collinet Makosso, a officiellement installe\u0301 le 20 janvier a\u0300 Brazzaville le nouveau secre\u0301 ...\" \/>\n<meta name=\"robots\" content=\"index, follow, max-snippet:-1, max-image-preview:large, max-video-preview:-1\" \/>\n<link rel=\"canonical\" href=\"https:\/\/www.africa-press.net\/congo-brazzaville\/economie\/action-de-letat-en-mer-eric-dibas-franck-officiellement-installe-dans-ses-fonctions\" \/>\n<meta property=\"og:locale\" content=\"fr_FR\" \/>\n<meta property=\"og:type\" content=\"article\" \/>\n<meta property=\"og:title\" content=\"Action de l\u2019Etat en mer : \u00c9ric Dibas-Franck officiellement install\u00e9 dans ses fonctions\" \/>\n<meta property=\"og:description\" content=\"Le Premier ministre, Anatole Collinet Makosso, a officiellement installe\u0301 le 20 janvier a\u0300 Brazzaville le nouveau secre\u0301 ...\" \/>\n<meta property=\"og:url\" content=\"https:\/\/www.africa-press.net\/congo-brazzaville\/economie\/action-de-letat-en-mer-eric-dibas-franck-officiellement-installe-dans-ses-fonctions\" \/>\n<meta property=\"og:site_name\" content=\"Congo Brazzaville\" \/>\n<meta property=\"article:published_time\" content=\"2023-01-23T21:02:58+00:00\" \/>\n<meta property=\"article:modified_time\" content=\"2023-01-23T23:01:39+00:00\" \/>\n<meta property=\"og:image\" content=\"https:\/\/static.africa-press.net\/congo-brazzaville\/sites\/51\/2023\/01\/postQueueImg_1674495186.01.jpg\" \/>\n\t<meta property=\"og:image:width\" content=\"1280\" \/>\n\t<meta property=\"og:image:height\" content=\"853\" \/>\n\t<meta property=\"og:image:type\" content=\"image\/jpeg\" \/>\n<meta name=\"author\" content=\"cfeditorfr\" \/>\n<meta name=\"twitter:card\" content=\"summary_large_image\" \/>\n<meta name=\"twitter:label1\" content=\"\u00c9crit par\" \/>\n\t<meta name=\"twitter:data1\" content=\"cfeditorfr\" \/>\n\t<meta name=\"twitter:label2\" content=\"Dur\u00e9e de lecture estim\u00e9e\" \/>\n\t<meta name=\"twitter:data2\" content=\"2 minutes\" \/>\n<script type=\"application\/ld+json\" class=\"yoast-schema-graph\">{\"@context\":\"https:\/\/schema.org\",\"@graph\":[{\"@type\":\"Article\",\"@id\":\"https:\/\/www.africa-press.net\/congo-brazzaville\/economie\/action-de-letat-en-mer-eric-dibas-franck-officiellement-installe-dans-ses-fonctions#article\",\"isPartOf\":{\"@id\":\"https:\/\/www.africa-press.net\/congo-brazzaville\/economie\/action-de-letat-en-mer-eric-dibas-franck-officiellement-installe-dans-ses-fonctions\"},\"author\":{\"name\":\"cfeditorfr\",\"@id\":\"https:\/\/www.africa-press.net\/congo-brazzaville\/#\/schema\/person\/2b1cf3cd81a31e3cd26889ca66d677f1\"},\"headline\":\"Action de l\u2019Etat en mer : \u00c9ric Dibas-Franck officiellement install\u00e9 dans ses fonctions\",\"datePublished\":\"2023-01-23T21:02:58+00:00\",\"dateModified\":\"2023-01-23T23:01:39+00:00\",\"mainEntityOfPage\":{\"@id\":\"https:\/\/www.africa-press.net\/congo-brazzaville\/economie\/action-de-letat-en-mer-eric-dibas-franck-officiellement-installe-dans-ses-fonctions\"},\"wordCount\":396,\"commentCount\":0,\"image\":{\"@id\":\"https:\/\/www.africa-press.net\/congo-brazzaville\/economie\/action-de-letat-en-mer-eric-dibas-franck-officiellement-installe-dans-ses-fonctions#primaryimage\"},\"thumbnailUrl\":\"https:\/\/static.africa-press.net\/congo-brazzaville\/sites\/51\/2023\/01\/postQueueImg_1674495186.01.jpg\",\"keywords\":[\"Africa Press\",\"Africa Press-Congo Brazzaville\",\"Congo Brazzaville\"],\"articleSection\":[\"\u00c9conomie\",\"Toutes les actualit\u00e9s\"],\"inLanguage\":\"fr-FR\",\"potentialAction\":[{\"@type\":\"CommentAction\",\"name\":\"Comment\",\"target\":[\"https:\/\/www.africa-press.net\/congo-brazzaville\/economie\/action-de-letat-en-mer-eric-dibas-franck-officiellement-installe-dans-ses-fonctions#respond\"]}]},{\"@type\":\"WebPage\",\"@id\":\"https:\/\/www.africa-press.net\/congo-brazzaville\/economie\/action-de-letat-en-mer-eric-dibas-franck-officiellement-installe-dans-ses-fonctions\",\"url\":\"https:\/\/www.africa-press.net\/congo-brazzaville\/economie\/action-de-letat-en-mer-eric-dibas-franck-officiellement-installe-dans-ses-fonctions\",\"name\":\"Action de l\u2019Etat en mer : \u00c9ric Dibas-Franck officiellement install\u00e9 dans ses fonctions - Congo Brazzaville\",\"isPartOf\":{\"@id\":\"https:\/\/www.africa-press.net\/congo-brazzaville\/#website\"},\"primaryImageOfPage\":{\"@id\":\"https:\/\/www.africa-press.net\/congo-brazzaville\/economie\/action-de-letat-en-mer-eric-dibas-franck-officiellement-installe-dans-ses-fonctions#primaryimage\"},\"image\":{\"@id\":\"https:\/\/www.africa-press.net\/congo-brazzaville\/economie\/action-de-letat-en-mer-eric-dibas-franck-officiellement-installe-dans-ses-fonctions#primaryimage\"},\"thumbnailUrl\":\"https:\/\/static.africa-press.net\/congo-brazzaville\/sites\/51\/2023\/01\/postQueueImg_1674495186.01.jpg\",\"datePublished\":\"2023-01-23T21:02:58+00:00\",\"dateModified\":\"2023-01-23T23:01:39+00:00\",\"author\":{\"@id\":\"https:\/\/www.africa-press.net\/congo-brazzaville\/#\/schema\/person\/2b1cf3cd81a31e3cd26889ca66d677f1\"},\"description\":\"Le Premier ministre, Anatole Collinet Makosso, a officiellement installe\u0301 le 20 janvier a\u0300 Brazzaville le nouveau secre\u0301 ...\",\"breadcrumb\":{\"@id\":\"https:\/\/www.africa-press.net\/congo-brazzaville\/economie\/action-de-letat-en-mer-eric-dibas-franck-officiellement-installe-dans-ses-fonctions#breadcrumb\"},\"inLanguage\":\"fr-FR\",\"potentialAction\":[{\"@type\":\"ReadAction\",\"target\":[\"https:\/\/www.africa-press.net\/congo-brazzaville\/economie\/action-de-letat-en-mer-eric-dibas-franck-officiellement-installe-dans-ses-fonctions\"]}]},{\"@type\":\"ImageObject\",\"inLanguage\":\"fr-FR\",\"@id\":\"https:\/\/www.africa-press.net\/congo-brazzaville\/economie\/action-de-letat-en-mer-eric-dibas-franck-officiellement-installe-dans-ses-fonctions#primaryimage\",\"url\":\"https:\/\/static.africa-press.net\/congo-brazzaville\/sites\/51\/2023\/01\/postQueueImg_1674495186.01.jpg\",\"contentUrl\":\"https:\/\/static.africa-press.net\/congo-brazzaville\/sites\/51\/2023\/01\/postQueueImg_1674495186.01.jpg\",\"width\":1280,\"height\":853,\"caption\":\"Action de l\u2019Etat en mer : \u00c9ric Dibas-Franck officiellement install\u00e9 dans ses fonctions\"},{\"@type\":\"BreadcrumbList\",\"@id\":\"https:\/\/www.africa-press.net\/congo-brazzaville\/economie\/action-de-letat-en-mer-eric-dibas-franck-officiellement-installe-dans-ses-fonctions#breadcrumb\",\"itemListElement\":[{\"@type\":\"ListItem\",\"position\":1,\"name\":\"Accueil\",\"item\":\"https:\/\/www.africa-press.net\/congo-brazzaville\/\"},{\"@type\":\"ListItem\",\"position\":2,\"name\":\"Action de l\u2019Etat en mer : \u00c9ric Dibas-Franck officiellement install\u00e9 dans ses fonctions\"}]},{\"@type\":\"WebSite\",\"@id\":\"https:\/\/www.africa-press.net\/congo-brazzaville\/#website\",\"url\":\"https:\/\/www.africa-press.net\/congo-brazzaville\/\",\"name\":\"Congo Brazzaville\",\"description\":\"Just another Africa News Agency Sites site\",\"potentialAction\":[{\"@type\":\"SearchAction\",\"target\":{\"@type\":\"EntryPoint\",\"urlTemplate\":\"https:\/\/www.africa-press.net\/congo-brazzaville\/?s={search_term_string}\"},\"query-input\":{\"@type\":\"PropertyValueSpecification\",\"valueRequired\":true,\"valueName\":\"search_term_string\"}}],\"inLanguage\":\"fr-FR\"},{\"@type\":\"Person\",\"@id\":\"https:\/\/www.africa-press.net\/congo-brazzaville\/#\/schema\/person\/2b1cf3cd81a31e3cd26889ca66d677f1\",\"name\":\"cfeditorfr\"}]}<\/script>\n<!-- \/ Yoast SEO Premium plugin. -->","yoast_head_json":{"title":"Action de l\u2019Etat en mer : \u00c9ric Dibas-Franck officiellement install\u00e9 dans ses fonctions - Congo Brazzaville","description":"Le Premier ministre, Anatole Collinet Makosso, a officiellement installe\u0301 le 20 janvier a\u0300 Brazzaville le nouveau secre\u0301 ...","robots":{"index":"index","follow":"follow","max-snippet":"max-snippet:-1","max-image-preview":"max-image-preview:large","max-video-preview":"max-video-preview:-1"},"canonical":"https:\/\/www.africa-press.net\/congo-brazzaville\/economie\/action-de-letat-en-mer-eric-dibas-franck-officiellement-installe-dans-ses-fonctions","og_locale":"fr_FR","og_type":"article","og_title":"Action de l\u2019Etat en mer : \u00c9ric Dibas-Franck officiellement install\u00e9 dans ses fonctions","og_description":"Le Premier ministre, Anatole Collinet Makosso, a officiellement installe\u0301 le 20 janvier a\u0300 Brazzaville le nouveau secre\u0301 ...","og_url":"https:\/\/www.africa-press.net\/congo-brazzaville\/economie\/action-de-letat-en-mer-eric-dibas-franck-officiellement-installe-dans-ses-fonctions","og_site_name":"Congo Brazzaville","article_published_time":"2023-01-23T21:02:58+00:00","article_modified_time":"2023-01-23T23:01:39+00:00","og_image":[{"width":1280,"height":853,"url":"https:\/\/static.africa-press.net\/congo-brazzaville\/sites\/51\/2023\/01\/postQueueImg_1674495186.01.jpg","type":"image\/jpeg"}],"author":"cfeditorfr","twitter_card":"summary_large_image","twitter_misc":{"\u00c9crit par":"cfeditorfr","Dur\u00e9e de lecture estim\u00e9e":"2 minutes"},"schema":{"@context":"https:\/\/schema.org","@graph":[{"@type":"Article","@id":"https:\/\/www.africa-press.net\/congo-brazzaville\/economie\/action-de-letat-en-mer-eric-dibas-franck-officiellement-installe-dans-ses-fonctions#article","isPartOf":{"@id":"https:\/\/www.africa-press.net\/congo-brazzaville\/economie\/action-de-letat-en-mer-eric-dibas-franck-officiellement-installe-dans-ses-fonctions"},"author":{"name":"cfeditorfr","@id":"https:\/\/www.africa-press.net\/congo-brazzaville\/#\/schema\/person\/2b1cf3cd81a31e3cd26889ca66d677f1"},"headline":"Action de l\u2019Etat en mer : \u00c9ric Dibas-Franck officiellement install\u00e9 dans ses fonctions","datePublished":"2023-01-23T21:02:58+00:00","dateModified":"2023-01-23T23:01:39+00:00","mainEntityOfPage":{"@id":"https:\/\/www.africa-press.net\/congo-brazzaville\/economie\/action-de-letat-en-mer-eric-dibas-franck-officiellement-installe-dans-ses-fonctions"},"wordCount":396,"commentCount":0,"image":{"@id":"https:\/\/www.africa-press.net\/congo-brazzaville\/economie\/action-de-letat-en-mer-eric-dibas-franck-officiellement-installe-dans-ses-fonctions#primaryimage"},"thumbnailUrl":"https:\/\/static.africa-press.net\/congo-brazzaville\/sites\/51\/2023\/01\/postQueueImg_1674495186.01.jpg","keywords":["Africa Press","Africa Press-Congo Brazzaville","Congo Brazzaville"],"articleSection":["\u00c9conomie","Toutes les actualit\u00e9s"],"inLanguage":"fr-FR","potentialAction":[{"@type":"CommentAction","name":"Comment","target":["https:\/\/www.africa-press.net\/congo-brazzaville\/economie\/action-de-letat-en-mer-eric-dibas-franck-officiellement-installe-dans-ses-fonctions#respond"]}]},{"@type":"WebPage","@id":"https:\/\/www.africa-press.net\/congo-brazzaville\/economie\/action-de-letat-en-mer-eric-dibas-franck-officiellement-installe-dans-ses-fonctions","url":"https:\/\/www.africa-press.net\/congo-brazzaville\/economie\/action-de-letat-en-mer-eric-dibas-franck-officiellement-installe-dans-ses-fonctions","name":"Action de l\u2019Etat en mer : \u00c9ric Dibas-Franck officiellement install\u00e9 dans ses fonctions - Congo Brazzaville","isPartOf":{"@id":"https:\/\/www.africa-press.net\/congo-brazzaville\/#website"},"primaryImageOfPage":{"@id":"https:\/\/www.africa-press.net\/congo-brazzaville\/economie\/action-de-letat-en-mer-eric-dibas-franck-officiellement-installe-dans-ses-fonctions#primaryimage"},"image":{"@id":"https:\/\/www.africa-press.net\/congo-brazzaville\/economie\/action-de-letat-en-mer-eric-dibas-franck-officiellement-installe-dans-ses-fonctions#primaryimage"},"thumbnailUrl":"https:\/\/static.africa-press.net\/congo-brazzaville\/sites\/51\/2023\/01\/postQueueImg_1674495186.01.jpg","datePublished":"2023-01-23T21:02:58+00:00","dateModified":"2023-01-23T23:01:39+00:00","author":{"@id":"https:\/\/www.africa-press.net\/congo-brazzaville\/#\/schema\/person\/2b1cf3cd81a31e3cd26889ca66d677f1"},"description":"Le Premier ministre, Anatole Collinet Makosso, a officiellement installe\u0301 le 20 janvier a\u0300 Brazzaville le nouveau secre\u0301 ...","breadcrumb":{"@id":"https:\/\/www.africa-press.net\/congo-brazzaville\/economie\/action-de-letat-en-mer-eric-dibas-franck-officiellement-installe-dans-ses-fonctions#breadcrumb"},"inLanguage":"fr-FR","potentialAction":[{"@type":"ReadAction","target":["https:\/\/www.africa-press.net\/congo-brazzaville\/economie\/action-de-letat-en-mer-eric-dibas-franck-officiellement-installe-dans-ses-fonctions"]}]},{"@type":"ImageObject","inLanguage":"fr-FR","@id":"https:\/\/www.africa-press.net\/congo-brazzaville\/economie\/action-de-letat-en-mer-eric-dibas-franck-officiellement-installe-dans-ses-fonctions#primaryimage","url":"https:\/\/static.africa-press.net\/congo-brazzaville\/sites\/51\/2023\/01\/postQueueImg_1674495186.01.jpg","contentUrl":"https:\/\/static.africa-press.net\/congo-brazzaville\/sites\/51\/2023\/01\/postQueueImg_1674495186.01.jpg","width":1280,"height":853,"caption":"Action de l\u2019Etat en mer : \u00c9ric Dibas-Franck officiellement install\u00e9 dans ses fonctions"},{"@type":"BreadcrumbList","@id":"https:\/\/www.africa-press.net\/congo-brazzaville\/economie\/action-de-letat-en-mer-eric-dibas-franck-officiellement-installe-dans-ses-fonctions#breadcrumb","itemListElement":[{"@type":"ListItem","position":1,"name":"Accueil","item":"https:\/\/www.africa-press.net\/congo-brazzaville\/"},{"@type":"ListItem","position":2,"name":"Action de l\u2019Etat en mer : \u00c9ric Dibas-Franck officiellement install\u00e9 dans ses fonctions"}]},{"@type":"WebSite","@id":"https:\/\/www.africa-press.net\/congo-brazzaville\/#website","url":"https:\/\/www.africa-press.net\/congo-brazzaville\/","name":"Congo Brazzaville","description":"Just another Africa News Agency Sites site","potentialAction":[{"@type":"SearchAction","target":{"@type":"EntryPoint","urlTemplate":"https:\/\/www.africa-press.net\/congo-brazzaville\/?s={search_term_string}"},"query-input":{"@type":"PropertyValueSpecification","valueRequired":true,"valueName":"search_term_string"}}],"inLanguage":"fr-FR"},{"@type":"Person","@id":"https:\/\/www.africa-press.net\/congo-brazzaville\/#\/schema\/person\/2b1cf3cd81a31e3cd26889ca66d677f1","name":"cfeditorfr"}]}},"_links":{"self":[{"href":"https:\/\/www.africa-press.net\/congo-brazzaville\/wp-json\/wp\/v2\/posts\/13636","targetHints":{"allow":["GET"]}}],"collection":[{"href":"https:\/\/www.africa-press.net\/congo-brazzaville\/wp-json\/wp\/v2\/posts"}],"about":[{"href":"https:\/\/www.africa-press.net\/congo-brazzaville\/wp-json\/wp\/v2\/types\/post"}],"author":[{"embeddable":true,"href":"https:\/\/www.africa-press.net\/congo-brazzaville\/wp-json\/wp\/v2\/users\/82"}],"replies":[{"embeddable":true,"href":"https:\/\/www.africa-press.net\/congo-brazzaville\/wp-json\/wp\/v2\/comments?post=13636"}],"version-history":[{"count":0,"href":"https:\/\/www.africa-press.net\/congo-brazzaville\/wp-json\/wp\/v2\/posts\/13636\/revisions"}],"wp:featuredmedia":[{"embeddable":true,"href":"https:\/\/www.africa-press.net\/congo-brazzaville\/wp-json\/wp\/v2\/media\/13635"}],"wp:attachment":[{"href":"https:\/\/www.africa-press.net\/congo-brazzaville\/wp-json\/wp\/v2\/media?parent=13636"}],"wp:term":[{"taxonomy":"category","embeddable":true,"href":"https:\/\/www.africa-press.net\/congo-brazzaville\/wp-json\/wp\/v2\/categories?post=13636"},{"taxonomy":"post_tag","embeddable":true,"href":"https:\/\/www.africa-press.net\/congo-brazzaville\/wp-json\/wp\/v2\/tags?post=13636"}],"curies":[{"name":"wp","href":"https:\/\/api.w.org\/{rel}","templated":true}]}}