{"id":13639,"date":"2023-01-23T21:03:08","date_gmt":"2023-01-23T21:03:08","guid":{"rendered":"https:\/\/www.africa-press.net\/congo-brazzaville\/politique\/credit-bail-la-bpc-et-sages-international-groupe-lies-par-un-partenariat"},"modified":"2023-01-23T23:03:18","modified_gmt":"2023-01-23T23:03:18","slug":"credit-bail-la-bpc-et-sages-international-groupe-lies-par-un-partenariat","status":"publish","type":"post","link":"https:\/\/www.africa-press.net\/congo-brazzaville\/economie\/credit-bail-la-bpc-et-sages-international-groupe-lies-par-un-partenariat","title":{"rendered":"Cr\u00e9dit-bail : la BPC et Sages international groupe li\u00e9s par un partenariat"},"content":{"rendered":"<p><span style=\"color: #ff6600\"><strong>Africa-Press &#8211; Congo Brazzaville. <\/strong><\/span><b>Le directeur ge\u0301ne\u0301ral de la Banque postale du Congo (BPC), Calixte Bernard Tabangoli,<\/b> <b>a signe\u0301, le 23 janvier a\u0300 Brazzaville, une convention de collaboration avec le groupe Sages international repre\u0301sente\u0301 par son directeur associe\u0301, Jean-Denis Larradet. Ce partenariat permettra aux deux structures de faciliter la formation des agents ainsi que l\u2019exe\u0301cution du nouveau produit de la BPC, le cre\u0301dit-bail.<\/b><\/p>\n<p>La mise en \u0153uvre de la convention va aider la BPC a\u0300 imple\u0301menter, dans ses diffe\u0301rentes agences, le service cre\u0301dit-bail qui permettra aux entreprises d\u2019acheter leurs e\u0301quipements sans passer par des cre\u0301dits classiques. Le lancement du cre\u0301dit-bail par la BPC fait suite a\u0300 la promulgation, en 2021 par le pre\u0301sident de la Re\u0301publique, de la loi encadrant l\u2019exe\u0301cution de ce syste\u0300me de financement.<\/p>\n<p>Selon Calixte Bernard Tabangoli, la convention qui vient d\u2019e\u0302tre officialise\u0301e garantit, entres autres, des sessions de formation au profit des agents de la banque qu\u2019il dirige, son accompagnement technique et financie\u0300re.<\/p>\n<p>\u00ab C\u2019est a\u0300 la faveur de la promulgation par le pre\u0301sident Denis Sassou N\u2019Guesso de la loi n\u00b0055-2021 du 31 de\u0301cembre 2021 re\u0301gissant le cre\u0301dit-bail au Congo que la Banque postale s\u2019est re\u0301solue a\u0300 offrir a\u0300 sa cliente\u0300le le cre\u0301dit-bail qui est un mode de financement alternatif garantissant plusieurs avantages pour les petites entreprises. C\u2019est une manie\u0300re pour nous de re\u0301pondre aux missions de la BPC. L\u2019expertise de Sages international va beaucoup nous aider dans la mise en \u0153uvre de ce nouveau produit. Apre\u0300s l\u2019activite\u0301 d\u2019affacturage dont la BPC est le leader au Congo, ce partenariat vient renforcer nos diffe\u0301rents services \u00bb, a-t-il indique\u0301.<\/p>\n<p>A en croire Jean-Denis Larradet, la BPC a le vent en poupe pour be\u0301ne\u0301ficier de l\u2019appui de Sages international. Il estime que ce groupe re\u0301pond aux besoins d\u2019investissement et d\u2019accompagnement des entreprises qui re\u0301pondent efficacement aux proble\u0300mes de la socie\u0301te\u0301.<\/p>\n<p>Cre\u0301dit-bail est, en effet, un processus devant permettre aux clients de la BPC n\u2019ayant pas des moyens financiers conse\u0301quents a\u0300 pouvoir re\u0301aliser leur projet. En terme simple, le cre\u0301dit-bail est une allocation vente puisqu\u2019il permet aux ope\u0301rateurs e\u0301conomiques, par exemple, d\u2019obtenir du mate\u0301riel ne\u0301cessaire pour leur travail dont ils restituent ou acquie\u0300rent le bien a\u0300 la fin du re\u0300glement du cre\u0301dit.<\/p>\n<p><strong>Pour plus d&rsquo;informations et d&rsquo;analyses sur la <a href=\"https:\/\/www.africa-press.net\/congo-brazzaville\">Congo Brazzaville<\/a>, suivez <a href=\"https:\/\/www.africa-press.net\/\">Africa-Press<\/a><\/strong><\/p>\n","protected":false},"excerpt":{"rendered":"<p>Africa-Press &#8211; Congo Brazzaville. Le directeur ge\u0301ne\u0301ral de la Banque postale du Congo (BPC), Calixte Bernard Tabangoli, a signe\u0301, le 23 janvier a\u0300 Brazzaville, une convention de collaboration avec le groupe Sages international repre\u0301sente\u0301 par son directeur associe\u0301, Jean-Denis Larradet. Ce partenariat permettra aux deux structures de faciliter la formation des agents ainsi que l\u2019exe\u0301cution [&hellip;]<\/p>\n","protected":false},"author":82,"featured_media":13638,"comment_status":"open","ping_status":"closed","sticky":false,"template":"","format":"standard","meta":{"footnotes":""},"categories":[3,10],"tags":[36,47,46],"class_list":["post-13639","post","type-post","status-publish","format-standard","has-post-thumbnail","hentry","category-economie","category-toutes-les-actualites","tag-africa-press","tag-africa-press-congo-brazzaville","tag-congo-brazzaville"],"yoast_head":"<!-- This site is optimized with the Yoast SEO Premium plugin v26.1 (Yoast SEO v27.0) - https:\/\/yoast.com\/product\/yoast-seo-premium-wordpress\/ -->\n<title>Cr\u00e9dit-bail : la BPC et Sages international groupe li\u00e9s par un partenariat - Congo Brazzaville<\/title>\n<meta name=\"description\" content=\"Le directeur ge\u0301ne\u0301ral de la Banque postale du Congo (BPC), Calixte Bernard Tabangoli, a signe\u0301, le 23 janvier ...\" \/>\n<meta name=\"robots\" content=\"index, follow, max-snippet:-1, max-image-preview:large, max-video-preview:-1\" \/>\n<link rel=\"canonical\" href=\"https:\/\/www.africa-press.net\/congo-brazzaville\/economie\/credit-bail-la-bpc-et-sages-international-groupe-lies-par-un-partenariat\" \/>\n<meta property=\"og:locale\" content=\"fr_FR\" \/>\n<meta property=\"og:type\" content=\"article\" \/>\n<meta property=\"og:title\" content=\"Cr\u00e9dit-bail : la BPC et Sages international groupe li\u00e9s par un partenariat\" \/>\n<meta property=\"og:description\" content=\"Le directeur ge\u0301ne\u0301ral de la Banque postale du Congo (BPC), Calixte Bernard Tabangoli, a signe\u0301, le 23 janvier ...\" \/>\n<meta property=\"og:url\" content=\"https:\/\/www.africa-press.net\/congo-brazzaville\/economie\/credit-bail-la-bpc-et-sages-international-groupe-lies-par-un-partenariat\" \/>\n<meta property=\"og:site_name\" content=\"Congo Brazzaville\" \/>\n<meta property=\"article:published_time\" content=\"2023-01-23T21:03:08+00:00\" \/>\n<meta property=\"article:modified_time\" content=\"2023-01-23T23:03:18+00:00\" \/>\n<meta property=\"og:image\" content=\"https:\/\/static.africa-press.net\/congo-brazzaville\/sites\/51\/2023\/01\/postQueueImg_1674495190.90.jpg\" \/>\n\t<meta property=\"og:image:width\" content=\"1155\" \/>\n\t<meta property=\"og:image:height\" content=\"768\" \/>\n\t<meta property=\"og:image:type\" content=\"image\/jpeg\" \/>\n<meta name=\"author\" content=\"cfeditorfr\" \/>\n<meta name=\"twitter:card\" content=\"summary_large_image\" \/>\n<meta name=\"twitter:label1\" content=\"\u00c9crit par\" \/>\n\t<meta name=\"twitter:data1\" content=\"cfeditorfr\" \/>\n\t<meta name=\"twitter:label2\" content=\"Dur\u00e9e de lecture estim\u00e9e\" \/>\n\t<meta name=\"twitter:data2\" content=\"2 minutes\" \/>\n<script type=\"application\/ld+json\" class=\"yoast-schema-graph\">{\"@context\":\"https:\/\/schema.org\",\"@graph\":[{\"@type\":\"Article\",\"@id\":\"https:\/\/www.africa-press.net\/congo-brazzaville\/economie\/credit-bail-la-bpc-et-sages-international-groupe-lies-par-un-partenariat#article\",\"isPartOf\":{\"@id\":\"https:\/\/www.africa-press.net\/congo-brazzaville\/economie\/credit-bail-la-bpc-et-sages-international-groupe-lies-par-un-partenariat\"},\"author\":{\"name\":\"cfeditorfr\",\"@id\":\"https:\/\/www.africa-press.net\/congo-brazzaville\/#\/schema\/person\/2b1cf3cd81a31e3cd26889ca66d677f1\"},\"headline\":\"Cr\u00e9dit-bail : la BPC et Sages international groupe li\u00e9s par un partenariat\",\"datePublished\":\"2023-01-23T21:03:08+00:00\",\"dateModified\":\"2023-01-23T23:03:18+00:00\",\"mainEntityOfPage\":{\"@id\":\"https:\/\/www.africa-press.net\/congo-brazzaville\/economie\/credit-bail-la-bpc-et-sages-international-groupe-lies-par-un-partenariat\"},\"wordCount\":447,\"commentCount\":0,\"image\":{\"@id\":\"https:\/\/www.africa-press.net\/congo-brazzaville\/economie\/credit-bail-la-bpc-et-sages-international-groupe-lies-par-un-partenariat#primaryimage\"},\"thumbnailUrl\":\"https:\/\/static.africa-press.net\/congo-brazzaville\/sites\/51\/2023\/01\/postQueueImg_1674495190.90.jpg\",\"keywords\":[\"Africa Press\",\"Africa Press-Congo Brazzaville\",\"Congo Brazzaville\"],\"articleSection\":[\"\u00c9conomie\",\"Toutes les actualit\u00e9s\"],\"inLanguage\":\"fr-FR\",\"potentialAction\":[{\"@type\":\"CommentAction\",\"name\":\"Comment\",\"target\":[\"https:\/\/www.africa-press.net\/congo-brazzaville\/economie\/credit-bail-la-bpc-et-sages-international-groupe-lies-par-un-partenariat#respond\"]}]},{\"@type\":\"WebPage\",\"@id\":\"https:\/\/www.africa-press.net\/congo-brazzaville\/economie\/credit-bail-la-bpc-et-sages-international-groupe-lies-par-un-partenariat\",\"url\":\"https:\/\/www.africa-press.net\/congo-brazzaville\/economie\/credit-bail-la-bpc-et-sages-international-groupe-lies-par-un-partenariat\",\"name\":\"Cr\u00e9dit-bail : la BPC et Sages international groupe li\u00e9s par un partenariat - Congo Brazzaville\",\"isPartOf\":{\"@id\":\"https:\/\/www.africa-press.net\/congo-brazzaville\/#website\"},\"primaryImageOfPage\":{\"@id\":\"https:\/\/www.africa-press.net\/congo-brazzaville\/economie\/credit-bail-la-bpc-et-sages-international-groupe-lies-par-un-partenariat#primaryimage\"},\"image\":{\"@id\":\"https:\/\/www.africa-press.net\/congo-brazzaville\/economie\/credit-bail-la-bpc-et-sages-international-groupe-lies-par-un-partenariat#primaryimage\"},\"thumbnailUrl\":\"https:\/\/static.africa-press.net\/congo-brazzaville\/sites\/51\/2023\/01\/postQueueImg_1674495190.90.jpg\",\"datePublished\":\"2023-01-23T21:03:08+00:00\",\"dateModified\":\"2023-01-23T23:03:18+00:00\",\"author\":{\"@id\":\"https:\/\/www.africa-press.net\/congo-brazzaville\/#\/schema\/person\/2b1cf3cd81a31e3cd26889ca66d677f1\"},\"description\":\"Le directeur ge\u0301ne\u0301ral de la Banque postale du Congo (BPC), Calixte Bernard Tabangoli, a signe\u0301, le 23 janvier ...\",\"breadcrumb\":{\"@id\":\"https:\/\/www.africa-press.net\/congo-brazzaville\/economie\/credit-bail-la-bpc-et-sages-international-groupe-lies-par-un-partenariat#breadcrumb\"},\"inLanguage\":\"fr-FR\",\"potentialAction\":[{\"@type\":\"ReadAction\",\"target\":[\"https:\/\/www.africa-press.net\/congo-brazzaville\/economie\/credit-bail-la-bpc-et-sages-international-groupe-lies-par-un-partenariat\"]}]},{\"@type\":\"ImageObject\",\"inLanguage\":\"fr-FR\",\"@id\":\"https:\/\/www.africa-press.net\/congo-brazzaville\/economie\/credit-bail-la-bpc-et-sages-international-groupe-lies-par-un-partenariat#primaryimage\",\"url\":\"https:\/\/static.africa-press.net\/congo-brazzaville\/sites\/51\/2023\/01\/postQueueImg_1674495190.90.jpg\",\"contentUrl\":\"https:\/\/static.africa-press.net\/congo-brazzaville\/sites\/51\/2023\/01\/postQueueImg_1674495190.90.jpg\",\"width\":1155,\"height\":768,\"caption\":\"Cr\u00e9dit-bail : la BPC et Sages international groupe li\u00e9s par un partenariat\"},{\"@type\":\"BreadcrumbList\",\"@id\":\"https:\/\/www.africa-press.net\/congo-brazzaville\/economie\/credit-bail-la-bpc-et-sages-international-groupe-lies-par-un-partenariat#breadcrumb\",\"itemListElement\":[{\"@type\":\"ListItem\",\"position\":1,\"name\":\"Accueil\",\"item\":\"https:\/\/www.africa-press.net\/congo-brazzaville\/\"},{\"@type\":\"ListItem\",\"position\":2,\"name\":\"Cr\u00e9dit-bail : la BPC et Sages international groupe li\u00e9s par un partenariat\"}]},{\"@type\":\"WebSite\",\"@id\":\"https:\/\/www.africa-press.net\/congo-brazzaville\/#website\",\"url\":\"https:\/\/www.africa-press.net\/congo-brazzaville\/\",\"name\":\"Congo Brazzaville\",\"description\":\"Just another Africa News Agency Sites site\",\"potentialAction\":[{\"@type\":\"SearchAction\",\"target\":{\"@type\":\"EntryPoint\",\"urlTemplate\":\"https:\/\/www.africa-press.net\/congo-brazzaville\/?s={search_term_string}\"},\"query-input\":{\"@type\":\"PropertyValueSpecification\",\"valueRequired\":true,\"valueName\":\"search_term_string\"}}],\"inLanguage\":\"fr-FR\"},{\"@type\":\"Person\",\"@id\":\"https:\/\/www.africa-press.net\/congo-brazzaville\/#\/schema\/person\/2b1cf3cd81a31e3cd26889ca66d677f1\",\"name\":\"cfeditorfr\"}]}<\/script>\n<!-- \/ Yoast SEO Premium plugin. -->","yoast_head_json":{"title":"Cr\u00e9dit-bail : la BPC et Sages international groupe li\u00e9s par un partenariat - Congo Brazzaville","description":"Le directeur ge\u0301ne\u0301ral de la Banque postale du Congo (BPC), Calixte Bernard Tabangoli, a signe\u0301, le 23 janvier ...","robots":{"index":"index","follow":"follow","max-snippet":"max-snippet:-1","max-image-preview":"max-image-preview:large","max-video-preview":"max-video-preview:-1"},"canonical":"https:\/\/www.africa-press.net\/congo-brazzaville\/economie\/credit-bail-la-bpc-et-sages-international-groupe-lies-par-un-partenariat","og_locale":"fr_FR","og_type":"article","og_title":"Cr\u00e9dit-bail : la BPC et Sages international groupe li\u00e9s par un partenariat","og_description":"Le directeur ge\u0301ne\u0301ral de la Banque postale du Congo (BPC), Calixte Bernard Tabangoli, a signe\u0301, le 23 janvier ...","og_url":"https:\/\/www.africa-press.net\/congo-brazzaville\/economie\/credit-bail-la-bpc-et-sages-international-groupe-lies-par-un-partenariat","og_site_name":"Congo Brazzaville","article_published_time":"2023-01-23T21:03:08+00:00","article_modified_time":"2023-01-23T23:03:18+00:00","og_image":[{"width":1155,"height":768,"url":"https:\/\/static.africa-press.net\/congo-brazzaville\/sites\/51\/2023\/01\/postQueueImg_1674495190.90.jpg","type":"image\/jpeg"}],"author":"cfeditorfr","twitter_card":"summary_large_image","twitter_misc":{"\u00c9crit par":"cfeditorfr","Dur\u00e9e de lecture estim\u00e9e":"2 minutes"},"schema":{"@context":"https:\/\/schema.org","@graph":[{"@type":"Article","@id":"https:\/\/www.africa-press.net\/congo-brazzaville\/economie\/credit-bail-la-bpc-et-sages-international-groupe-lies-par-un-partenariat#article","isPartOf":{"@id":"https:\/\/www.africa-press.net\/congo-brazzaville\/economie\/credit-bail-la-bpc-et-sages-international-groupe-lies-par-un-partenariat"},"author":{"name":"cfeditorfr","@id":"https:\/\/www.africa-press.net\/congo-brazzaville\/#\/schema\/person\/2b1cf3cd81a31e3cd26889ca66d677f1"},"headline":"Cr\u00e9dit-bail : la BPC et Sages international groupe li\u00e9s par un partenariat","datePublished":"2023-01-23T21:03:08+00:00","dateModified":"2023-01-23T23:03:18+00:00","mainEntityOfPage":{"@id":"https:\/\/www.africa-press.net\/congo-brazzaville\/economie\/credit-bail-la-bpc-et-sages-international-groupe-lies-par-un-partenariat"},"wordCount":447,"commentCount":0,"image":{"@id":"https:\/\/www.africa-press.net\/congo-brazzaville\/economie\/credit-bail-la-bpc-et-sages-international-groupe-lies-par-un-partenariat#primaryimage"},"thumbnailUrl":"https:\/\/static.africa-press.net\/congo-brazzaville\/sites\/51\/2023\/01\/postQueueImg_1674495190.90.jpg","keywords":["Africa Press","Africa Press-Congo Brazzaville","Congo Brazzaville"],"articleSection":["\u00c9conomie","Toutes les actualit\u00e9s"],"inLanguage":"fr-FR","potentialAction":[{"@type":"CommentAction","name":"Comment","target":["https:\/\/www.africa-press.net\/congo-brazzaville\/economie\/credit-bail-la-bpc-et-sages-international-groupe-lies-par-un-partenariat#respond"]}]},{"@type":"WebPage","@id":"https:\/\/www.africa-press.net\/congo-brazzaville\/economie\/credit-bail-la-bpc-et-sages-international-groupe-lies-par-un-partenariat","url":"https:\/\/www.africa-press.net\/congo-brazzaville\/economie\/credit-bail-la-bpc-et-sages-international-groupe-lies-par-un-partenariat","name":"Cr\u00e9dit-bail : la BPC et Sages international groupe li\u00e9s par un partenariat - Congo Brazzaville","isPartOf":{"@id":"https:\/\/www.africa-press.net\/congo-brazzaville\/#website"},"primaryImageOfPage":{"@id":"https:\/\/www.africa-press.net\/congo-brazzaville\/economie\/credit-bail-la-bpc-et-sages-international-groupe-lies-par-un-partenariat#primaryimage"},"image":{"@id":"https:\/\/www.africa-press.net\/congo-brazzaville\/economie\/credit-bail-la-bpc-et-sages-international-groupe-lies-par-un-partenariat#primaryimage"},"thumbnailUrl":"https:\/\/static.africa-press.net\/congo-brazzaville\/sites\/51\/2023\/01\/postQueueImg_1674495190.90.jpg","datePublished":"2023-01-23T21:03:08+00:00","dateModified":"2023-01-23T23:03:18+00:00","author":{"@id":"https:\/\/www.africa-press.net\/congo-brazzaville\/#\/schema\/person\/2b1cf3cd81a31e3cd26889ca66d677f1"},"description":"Le directeur ge\u0301ne\u0301ral de la Banque postale du Congo (BPC), Calixte Bernard Tabangoli, a signe\u0301, le 23 janvier ...","breadcrumb":{"@id":"https:\/\/www.africa-press.net\/congo-brazzaville\/economie\/credit-bail-la-bpc-et-sages-international-groupe-lies-par-un-partenariat#breadcrumb"},"inLanguage":"fr-FR","potentialAction":[{"@type":"ReadAction","target":["https:\/\/www.africa-press.net\/congo-brazzaville\/economie\/credit-bail-la-bpc-et-sages-international-groupe-lies-par-un-partenariat"]}]},{"@type":"ImageObject","inLanguage":"fr-FR","@id":"https:\/\/www.africa-press.net\/congo-brazzaville\/economie\/credit-bail-la-bpc-et-sages-international-groupe-lies-par-un-partenariat#primaryimage","url":"https:\/\/static.africa-press.net\/congo-brazzaville\/sites\/51\/2023\/01\/postQueueImg_1674495190.90.jpg","contentUrl":"https:\/\/static.africa-press.net\/congo-brazzaville\/sites\/51\/2023\/01\/postQueueImg_1674495190.90.jpg","width":1155,"height":768,"caption":"Cr\u00e9dit-bail : la BPC et Sages international groupe li\u00e9s par un partenariat"},{"@type":"BreadcrumbList","@id":"https:\/\/www.africa-press.net\/congo-brazzaville\/economie\/credit-bail-la-bpc-et-sages-international-groupe-lies-par-un-partenariat#breadcrumb","itemListElement":[{"@type":"ListItem","position":1,"name":"Accueil","item":"https:\/\/www.africa-press.net\/congo-brazzaville\/"},{"@type":"ListItem","position":2,"name":"Cr\u00e9dit-bail : la BPC et Sages international groupe li\u00e9s par un partenariat"}]},{"@type":"WebSite","@id":"https:\/\/www.africa-press.net\/congo-brazzaville\/#website","url":"https:\/\/www.africa-press.net\/congo-brazzaville\/","name":"Congo Brazzaville","description":"Just another Africa News Agency Sites site","potentialAction":[{"@type":"SearchAction","target":{"@type":"EntryPoint","urlTemplate":"https:\/\/www.africa-press.net\/congo-brazzaville\/?s={search_term_string}"},"query-input":{"@type":"PropertyValueSpecification","valueRequired":true,"valueName":"search_term_string"}}],"inLanguage":"fr-FR"},{"@type":"Person","@id":"https:\/\/www.africa-press.net\/congo-brazzaville\/#\/schema\/person\/2b1cf3cd81a31e3cd26889ca66d677f1","name":"cfeditorfr"}]}},"_links":{"self":[{"href":"https:\/\/www.africa-press.net\/congo-brazzaville\/wp-json\/wp\/v2\/posts\/13639","targetHints":{"allow":["GET"]}}],"collection":[{"href":"https:\/\/www.africa-press.net\/congo-brazzaville\/wp-json\/wp\/v2\/posts"}],"about":[{"href":"https:\/\/www.africa-press.net\/congo-brazzaville\/wp-json\/wp\/v2\/types\/post"}],"author":[{"embeddable":true,"href":"https:\/\/www.africa-press.net\/congo-brazzaville\/wp-json\/wp\/v2\/users\/82"}],"replies":[{"embeddable":true,"href":"https:\/\/www.africa-press.net\/congo-brazzaville\/wp-json\/wp\/v2\/comments?post=13639"}],"version-history":[{"count":0,"href":"https:\/\/www.africa-press.net\/congo-brazzaville\/wp-json\/wp\/v2\/posts\/13639\/revisions"}],"wp:featuredmedia":[{"embeddable":true,"href":"https:\/\/www.africa-press.net\/congo-brazzaville\/wp-json\/wp\/v2\/media\/13638"}],"wp:attachment":[{"href":"https:\/\/www.africa-press.net\/congo-brazzaville\/wp-json\/wp\/v2\/media?parent=13639"}],"wp:term":[{"taxonomy":"category","embeddable":true,"href":"https:\/\/www.africa-press.net\/congo-brazzaville\/wp-json\/wp\/v2\/categories?post=13639"},{"taxonomy":"post_tag","embeddable":true,"href":"https:\/\/www.africa-press.net\/congo-brazzaville\/wp-json\/wp\/v2\/tags?post=13639"}],"curies":[{"name":"wp","href":"https:\/\/api.w.org\/{rel}","templated":true}]}}