{"id":13642,"date":"2023-01-23T21:03:28","date_gmt":"2023-01-23T21:03:28","guid":{"rendered":"https:\/\/www.africa-press.net\/congo-brazzaville\/politique\/football-le-week-end-des-diables-rouges-et-des-congolais-de-la-diaspora-en-france-4"},"modified":"2023-01-23T23:04:48","modified_gmt":"2023-01-23T23:04:48","slug":"football-le-week-end-des-diables-rouges-et-des-congolais-de-la-diaspora-en-france-4","status":"publish","type":"post","link":"https:\/\/www.africa-press.net\/congo-brazzaville\/sports\/football-le-week-end-des-diables-rouges-et-des-congolais-de-la-diaspora-en-france-4","title":{"rendered":"Football: le week-end des Diables rouges et des Congolais de la diaspora en France"},"content":{"rendered":"<p><span style=\"color: #ff6600\"><strong>Africa-Press &#8211; Congo Brazzaville. <\/strong><\/span>Sans Fernand Mayembo, a\u0300 l\u2019infirmerie, mais avec Bevic Moussiti Oko titulaire en pointe, Ajaccio est e\u0301limine\u0301 a\u0300 Toulouse (0-2). Sevre\u0301 de ballon puis remplace\u0301 a\u0300 la 73e min.<\/p>\n<p>Chrislain Matsima est reste\u0301 sur le banc lors de la qualification de Lorient a\u0300 Bastia (1-1, puis 4-1 aux tirs au but). Pas de Kamal Bafounta, cantonne\u0301 a\u0300 l\u2019e\u0301quipe re\u0301serve depuis son arrive\u0301e (11 matches de N2).<\/p>\n<p>C\u0327a ne passe pas pour Pau et Mons Bassouamina, de\u0301faits a\u0300 Lille (0-2). L\u2019international congolais a e\u0301te\u0301 remplace\u0301 a\u0300 la 72e min.<\/p>\n<p>Bryan Passi, titulaire, et Niort sont balaye\u0301s par Auxerre (0-4). L\u2019AJA sans aucun Congolais sur la feuille de match (Pereira, Boue\u0301kou, Mayela, Ngatta, Massinou Nkouba, tous absents).<\/p>\n<p>Pas d\u2019exploit pour le Petit poucet, le Strasbourg-Koeningshoffen, battu a\u0300 la Meinau par Angers (0-1). Bridges Loumouamou Ngobouma e\u0301tait titulaire au poste de late\u0301ral gauche.<\/p>\n<p>Bradley Locko est entre\u0301 a\u0300 la 66e mn lors de la victoire de Reims aux Herbiers (3-0). Sa deuxie\u0300me apparition en 2023, alors qu\u2019il avait enchai\u0302ne\u0301 les titularisations jusqu\u2019a\u0300 la tre\u0302ve lie\u0301e au Mondial 2022.<\/p>\n<p>Rodez rame mais arrache son ticket pour les 8es sur le terrain de Grasse (0-0, 5-4). Loris Mouyokolo e\u0301tait aligne\u0301 au poste d\u2019axial gauche dans la de\u0301fense a\u0300 trois. Supple\u0301e\u0301 a\u0300 la 56e min.<\/p>\n<p>Vierzon contrarie la hie\u0301rarchie sur le terrain du Puy. Le pensionnaire de N3 bat celui de N2 aux tirs au but (5-3, apre\u0300s un score vierge). Titulaire dans l\u2019axe, Yannis M\u2019Bemba a manque\u0301 son tir au but. Dorian Mayanith, lui, est reste\u0301 sur le banc.<\/p>\n<p>En phase de reprise, Ke\u0301vin Mouanga n\u2019a pas participe\u0301 a\u0300 la difficile qualification d\u2019Annecy a\u0300 Belfort (1-1, 4-3).<\/p>\n<p>Brest est e\u0301limine\u0301 par Lens (1-3). Josue\u0301 Escartin n\u2019e\u0301tait pas dans le groupe breton, tandis que Brice Samba, titulaire en Ligue 1, a laisse\u0301 sa place a\u0300 Leca au nom de l\u2019alternance.<\/p>\n<p>Melvin Douniama n\u2019e\u0301tait pas dans le groupe du Paris FC, facile vainqueur sur le terrain de Chamalie\u0300res (4-0).<\/p>\n<p><strong>Pour plus d&rsquo;informations et d&rsquo;analyses sur la <a href=\"https:\/\/www.africa-press.net\/congo-brazzaville\">Congo Brazzaville<\/a>, suivez <a href=\"https:\/\/www.africa-press.net\/\">Africa-Press<\/a><\/strong><\/p>\n","protected":false},"excerpt":{"rendered":"<p>Africa-Press &#8211; Congo Brazzaville. Sans Fernand Mayembo, a\u0300 l\u2019infirmerie, mais avec Bevic Moussiti Oko titulaire en pointe, Ajaccio est e\u0301limine\u0301 a\u0300 Toulouse (0-2). Sevre\u0301 de ballon puis remplace\u0301 a\u0300 la 73e min. Chrislain Matsima est reste\u0301 sur le banc lors de la qualification de Lorient a\u0300 Bastia (1-1, puis 4-1 aux tirs au but). Pas [&hellip;]<\/p>\n","protected":false},"author":82,"featured_media":13641,"comment_status":"open","ping_status":"closed","sticky":false,"template":"","format":"standard","meta":{"footnotes":""},"categories":[6,10],"tags":[36,47,46],"class_list":["post-13642","post","type-post","status-publish","format-standard","has-post-thumbnail","hentry","category-sports","category-toutes-les-actualites","tag-africa-press","tag-africa-press-congo-brazzaville","tag-congo-brazzaville"],"yoast_head":"<!-- This site is optimized with the Yoast SEO Premium plugin v26.1 (Yoast SEO v27.0) - https:\/\/yoast.com\/product\/yoast-seo-premium-wordpress\/ -->\n<title>Football: le week-end des Diables rouges et des Congolais de la diaspora en France - Congo Brazzaville<\/title>\n<meta name=\"description\" content=\"Sans Fernand Mayembo, a\u0300 l\u2019infirmerie, mais avec Bevic Moussiti Oko titulaire en pointe, Ajaccio est e\u0301limine\u0301 a\u0300 Toulou ...\" \/>\n<meta name=\"robots\" content=\"index, follow, max-snippet:-1, max-image-preview:large, max-video-preview:-1\" \/>\n<link rel=\"canonical\" href=\"https:\/\/www.africa-press.net\/congo-brazzaville\/sports\/football-le-week-end-des-diables-rouges-et-des-congolais-de-la-diaspora-en-france-4\" \/>\n<meta property=\"og:locale\" content=\"fr_FR\" \/>\n<meta property=\"og:type\" content=\"article\" \/>\n<meta property=\"og:title\" content=\"Football: le week-end des Diables rouges et des Congolais de la diaspora en France\" \/>\n<meta property=\"og:description\" content=\"Sans Fernand Mayembo, a\u0300 l\u2019infirmerie, mais avec Bevic Moussiti Oko titulaire en pointe, Ajaccio est e\u0301limine\u0301 a\u0300 Toulou ...\" \/>\n<meta property=\"og:url\" content=\"https:\/\/www.africa-press.net\/congo-brazzaville\/sports\/football-le-week-end-des-diables-rouges-et-des-congolais-de-la-diaspora-en-france-4\" \/>\n<meta property=\"og:site_name\" content=\"Congo Brazzaville\" \/>\n<meta property=\"article:published_time\" content=\"2023-01-23T21:03:28+00:00\" \/>\n<meta property=\"article:modified_time\" content=\"2023-01-23T23:04:48+00:00\" \/>\n<meta property=\"og:image\" content=\"https:\/\/static.africa-press.net\/congo-brazzaville\/sites\/51\/2023\/01\/postQueueImg_1674495323.03.jpg\" \/>\n\t<meta property=\"og:image:width\" content=\"1280\" \/>\n\t<meta property=\"og:image:height\" content=\"720\" \/>\n\t<meta property=\"og:image:type\" content=\"image\/jpeg\" \/>\n<meta name=\"author\" content=\"cfeditorfr\" \/>\n<meta name=\"twitter:card\" content=\"summary_large_image\" \/>\n<meta name=\"twitter:label1\" content=\"\u00c9crit par\" \/>\n\t<meta name=\"twitter:data1\" content=\"cfeditorfr\" \/>\n\t<meta name=\"twitter:label2\" content=\"Dur\u00e9e de lecture estim\u00e9e\" \/>\n\t<meta name=\"twitter:data2\" content=\"2 minutes\" \/>\n<script type=\"application\/ld+json\" class=\"yoast-schema-graph\">{\"@context\":\"https:\/\/schema.org\",\"@graph\":[{\"@type\":\"Article\",\"@id\":\"https:\/\/www.africa-press.net\/congo-brazzaville\/sports\/football-le-week-end-des-diables-rouges-et-des-congolais-de-la-diaspora-en-france-4#article\",\"isPartOf\":{\"@id\":\"https:\/\/www.africa-press.net\/congo-brazzaville\/sports\/football-le-week-end-des-diables-rouges-et-des-congolais-de-la-diaspora-en-france-4\"},\"author\":{\"name\":\"cfeditorfr\",\"@id\":\"https:\/\/www.africa-press.net\/congo-brazzaville\/#\/schema\/person\/2b1cf3cd81a31e3cd26889ca66d677f1\"},\"headline\":\"Football: le week-end des Diables rouges et des Congolais de la diaspora en France\",\"datePublished\":\"2023-01-23T21:03:28+00:00\",\"dateModified\":\"2023-01-23T23:04:48+00:00\",\"mainEntityOfPage\":{\"@id\":\"https:\/\/www.africa-press.net\/congo-brazzaville\/sports\/football-le-week-end-des-diables-rouges-et-des-congolais-de-la-diaspora-en-france-4\"},\"wordCount\":388,\"commentCount\":0,\"image\":{\"@id\":\"https:\/\/www.africa-press.net\/congo-brazzaville\/sports\/football-le-week-end-des-diables-rouges-et-des-congolais-de-la-diaspora-en-france-4#primaryimage\"},\"thumbnailUrl\":\"https:\/\/static.africa-press.net\/congo-brazzaville\/sites\/51\/2023\/01\/postQueueImg_1674495323.03.jpg\",\"keywords\":[\"Africa Press\",\"Africa Press-Congo Brazzaville\",\"Congo Brazzaville\"],\"articleSection\":[\"Sports\",\"Toutes les actualit\u00e9s\"],\"inLanguage\":\"fr-FR\",\"potentialAction\":[{\"@type\":\"CommentAction\",\"name\":\"Comment\",\"target\":[\"https:\/\/www.africa-press.net\/congo-brazzaville\/sports\/football-le-week-end-des-diables-rouges-et-des-congolais-de-la-diaspora-en-france-4#respond\"]}]},{\"@type\":\"WebPage\",\"@id\":\"https:\/\/www.africa-press.net\/congo-brazzaville\/sports\/football-le-week-end-des-diables-rouges-et-des-congolais-de-la-diaspora-en-france-4\",\"url\":\"https:\/\/www.africa-press.net\/congo-brazzaville\/sports\/football-le-week-end-des-diables-rouges-et-des-congolais-de-la-diaspora-en-france-4\",\"name\":\"Football: le week-end des Diables rouges et des Congolais de la diaspora en France - Congo Brazzaville\",\"isPartOf\":{\"@id\":\"https:\/\/www.africa-press.net\/congo-brazzaville\/#website\"},\"primaryImageOfPage\":{\"@id\":\"https:\/\/www.africa-press.net\/congo-brazzaville\/sports\/football-le-week-end-des-diables-rouges-et-des-congolais-de-la-diaspora-en-france-4#primaryimage\"},\"image\":{\"@id\":\"https:\/\/www.africa-press.net\/congo-brazzaville\/sports\/football-le-week-end-des-diables-rouges-et-des-congolais-de-la-diaspora-en-france-4#primaryimage\"},\"thumbnailUrl\":\"https:\/\/static.africa-press.net\/congo-brazzaville\/sites\/51\/2023\/01\/postQueueImg_1674495323.03.jpg\",\"datePublished\":\"2023-01-23T21:03:28+00:00\",\"dateModified\":\"2023-01-23T23:04:48+00:00\",\"author\":{\"@id\":\"https:\/\/www.africa-press.net\/congo-brazzaville\/#\/schema\/person\/2b1cf3cd81a31e3cd26889ca66d677f1\"},\"description\":\"Sans Fernand Mayembo, a\u0300 l\u2019infirmerie, mais avec Bevic Moussiti Oko titulaire en pointe, Ajaccio est e\u0301limine\u0301 a\u0300 Toulou ...\",\"breadcrumb\":{\"@id\":\"https:\/\/www.africa-press.net\/congo-brazzaville\/sports\/football-le-week-end-des-diables-rouges-et-des-congolais-de-la-diaspora-en-france-4#breadcrumb\"},\"inLanguage\":\"fr-FR\",\"potentialAction\":[{\"@type\":\"ReadAction\",\"target\":[\"https:\/\/www.africa-press.net\/congo-brazzaville\/sports\/football-le-week-end-des-diables-rouges-et-des-congolais-de-la-diaspora-en-france-4\"]}]},{\"@type\":\"ImageObject\",\"inLanguage\":\"fr-FR\",\"@id\":\"https:\/\/www.africa-press.net\/congo-brazzaville\/sports\/football-le-week-end-des-diables-rouges-et-des-congolais-de-la-diaspora-en-france-4#primaryimage\",\"url\":\"https:\/\/static.africa-press.net\/congo-brazzaville\/sites\/51\/2023\/01\/postQueueImg_1674495323.03.jpg\",\"contentUrl\":\"https:\/\/static.africa-press.net\/congo-brazzaville\/sites\/51\/2023\/01\/postQueueImg_1674495323.03.jpg\",\"width\":1280,\"height\":720,\"caption\":\"Football: le week-end des Diables rouges et des Congolais de la diaspora en France\"},{\"@type\":\"BreadcrumbList\",\"@id\":\"https:\/\/www.africa-press.net\/congo-brazzaville\/sports\/football-le-week-end-des-diables-rouges-et-des-congolais-de-la-diaspora-en-france-4#breadcrumb\",\"itemListElement\":[{\"@type\":\"ListItem\",\"position\":1,\"name\":\"Accueil\",\"item\":\"https:\/\/www.africa-press.net\/congo-brazzaville\/\"},{\"@type\":\"ListItem\",\"position\":2,\"name\":\"Football: le week-end des Diables rouges et des Congolais de la diaspora en France\"}]},{\"@type\":\"WebSite\",\"@id\":\"https:\/\/www.africa-press.net\/congo-brazzaville\/#website\",\"url\":\"https:\/\/www.africa-press.net\/congo-brazzaville\/\",\"name\":\"Congo Brazzaville\",\"description\":\"Just another Africa News Agency Sites site\",\"potentialAction\":[{\"@type\":\"SearchAction\",\"target\":{\"@type\":\"EntryPoint\",\"urlTemplate\":\"https:\/\/www.africa-press.net\/congo-brazzaville\/?s={search_term_string}\"},\"query-input\":{\"@type\":\"PropertyValueSpecification\",\"valueRequired\":true,\"valueName\":\"search_term_string\"}}],\"inLanguage\":\"fr-FR\"},{\"@type\":\"Person\",\"@id\":\"https:\/\/www.africa-press.net\/congo-brazzaville\/#\/schema\/person\/2b1cf3cd81a31e3cd26889ca66d677f1\",\"name\":\"cfeditorfr\"}]}<\/script>\n<!-- \/ Yoast SEO Premium plugin. -->","yoast_head_json":{"title":"Football: le week-end des Diables rouges et des Congolais de la diaspora en France - Congo Brazzaville","description":"Sans Fernand Mayembo, a\u0300 l\u2019infirmerie, mais avec Bevic Moussiti Oko titulaire en pointe, Ajaccio est e\u0301limine\u0301 a\u0300 Toulou ...","robots":{"index":"index","follow":"follow","max-snippet":"max-snippet:-1","max-image-preview":"max-image-preview:large","max-video-preview":"max-video-preview:-1"},"canonical":"https:\/\/www.africa-press.net\/congo-brazzaville\/sports\/football-le-week-end-des-diables-rouges-et-des-congolais-de-la-diaspora-en-france-4","og_locale":"fr_FR","og_type":"article","og_title":"Football: le week-end des Diables rouges et des Congolais de la diaspora en France","og_description":"Sans Fernand Mayembo, a\u0300 l\u2019infirmerie, mais avec Bevic Moussiti Oko titulaire en pointe, Ajaccio est e\u0301limine\u0301 a\u0300 Toulou ...","og_url":"https:\/\/www.africa-press.net\/congo-brazzaville\/sports\/football-le-week-end-des-diables-rouges-et-des-congolais-de-la-diaspora-en-france-4","og_site_name":"Congo Brazzaville","article_published_time":"2023-01-23T21:03:28+00:00","article_modified_time":"2023-01-23T23:04:48+00:00","og_image":[{"width":1280,"height":720,"url":"https:\/\/static.africa-press.net\/congo-brazzaville\/sites\/51\/2023\/01\/postQueueImg_1674495323.03.jpg","type":"image\/jpeg"}],"author":"cfeditorfr","twitter_card":"summary_large_image","twitter_misc":{"\u00c9crit par":"cfeditorfr","Dur\u00e9e de lecture estim\u00e9e":"2 minutes"},"schema":{"@context":"https:\/\/schema.org","@graph":[{"@type":"Article","@id":"https:\/\/www.africa-press.net\/congo-brazzaville\/sports\/football-le-week-end-des-diables-rouges-et-des-congolais-de-la-diaspora-en-france-4#article","isPartOf":{"@id":"https:\/\/www.africa-press.net\/congo-brazzaville\/sports\/football-le-week-end-des-diables-rouges-et-des-congolais-de-la-diaspora-en-france-4"},"author":{"name":"cfeditorfr","@id":"https:\/\/www.africa-press.net\/congo-brazzaville\/#\/schema\/person\/2b1cf3cd81a31e3cd26889ca66d677f1"},"headline":"Football: le week-end des Diables rouges et des Congolais de la diaspora en France","datePublished":"2023-01-23T21:03:28+00:00","dateModified":"2023-01-23T23:04:48+00:00","mainEntityOfPage":{"@id":"https:\/\/www.africa-press.net\/congo-brazzaville\/sports\/football-le-week-end-des-diables-rouges-et-des-congolais-de-la-diaspora-en-france-4"},"wordCount":388,"commentCount":0,"image":{"@id":"https:\/\/www.africa-press.net\/congo-brazzaville\/sports\/football-le-week-end-des-diables-rouges-et-des-congolais-de-la-diaspora-en-france-4#primaryimage"},"thumbnailUrl":"https:\/\/static.africa-press.net\/congo-brazzaville\/sites\/51\/2023\/01\/postQueueImg_1674495323.03.jpg","keywords":["Africa Press","Africa Press-Congo Brazzaville","Congo Brazzaville"],"articleSection":["Sports","Toutes les actualit\u00e9s"],"inLanguage":"fr-FR","potentialAction":[{"@type":"CommentAction","name":"Comment","target":["https:\/\/www.africa-press.net\/congo-brazzaville\/sports\/football-le-week-end-des-diables-rouges-et-des-congolais-de-la-diaspora-en-france-4#respond"]}]},{"@type":"WebPage","@id":"https:\/\/www.africa-press.net\/congo-brazzaville\/sports\/football-le-week-end-des-diables-rouges-et-des-congolais-de-la-diaspora-en-france-4","url":"https:\/\/www.africa-press.net\/congo-brazzaville\/sports\/football-le-week-end-des-diables-rouges-et-des-congolais-de-la-diaspora-en-france-4","name":"Football: le week-end des Diables rouges et des Congolais de la diaspora en France - Congo Brazzaville","isPartOf":{"@id":"https:\/\/www.africa-press.net\/congo-brazzaville\/#website"},"primaryImageOfPage":{"@id":"https:\/\/www.africa-press.net\/congo-brazzaville\/sports\/football-le-week-end-des-diables-rouges-et-des-congolais-de-la-diaspora-en-france-4#primaryimage"},"image":{"@id":"https:\/\/www.africa-press.net\/congo-brazzaville\/sports\/football-le-week-end-des-diables-rouges-et-des-congolais-de-la-diaspora-en-france-4#primaryimage"},"thumbnailUrl":"https:\/\/static.africa-press.net\/congo-brazzaville\/sites\/51\/2023\/01\/postQueueImg_1674495323.03.jpg","datePublished":"2023-01-23T21:03:28+00:00","dateModified":"2023-01-23T23:04:48+00:00","author":{"@id":"https:\/\/www.africa-press.net\/congo-brazzaville\/#\/schema\/person\/2b1cf3cd81a31e3cd26889ca66d677f1"},"description":"Sans Fernand Mayembo, a\u0300 l\u2019infirmerie, mais avec Bevic Moussiti Oko titulaire en pointe, Ajaccio est e\u0301limine\u0301 a\u0300 Toulou ...","breadcrumb":{"@id":"https:\/\/www.africa-press.net\/congo-brazzaville\/sports\/football-le-week-end-des-diables-rouges-et-des-congolais-de-la-diaspora-en-france-4#breadcrumb"},"inLanguage":"fr-FR","potentialAction":[{"@type":"ReadAction","target":["https:\/\/www.africa-press.net\/congo-brazzaville\/sports\/football-le-week-end-des-diables-rouges-et-des-congolais-de-la-diaspora-en-france-4"]}]},{"@type":"ImageObject","inLanguage":"fr-FR","@id":"https:\/\/www.africa-press.net\/congo-brazzaville\/sports\/football-le-week-end-des-diables-rouges-et-des-congolais-de-la-diaspora-en-france-4#primaryimage","url":"https:\/\/static.africa-press.net\/congo-brazzaville\/sites\/51\/2023\/01\/postQueueImg_1674495323.03.jpg","contentUrl":"https:\/\/static.africa-press.net\/congo-brazzaville\/sites\/51\/2023\/01\/postQueueImg_1674495323.03.jpg","width":1280,"height":720,"caption":"Football: le week-end des Diables rouges et des Congolais de la diaspora en France"},{"@type":"BreadcrumbList","@id":"https:\/\/www.africa-press.net\/congo-brazzaville\/sports\/football-le-week-end-des-diables-rouges-et-des-congolais-de-la-diaspora-en-france-4#breadcrumb","itemListElement":[{"@type":"ListItem","position":1,"name":"Accueil","item":"https:\/\/www.africa-press.net\/congo-brazzaville\/"},{"@type":"ListItem","position":2,"name":"Football: le week-end des Diables rouges et des Congolais de la diaspora en France"}]},{"@type":"WebSite","@id":"https:\/\/www.africa-press.net\/congo-brazzaville\/#website","url":"https:\/\/www.africa-press.net\/congo-brazzaville\/","name":"Congo Brazzaville","description":"Just another Africa News Agency Sites site","potentialAction":[{"@type":"SearchAction","target":{"@type":"EntryPoint","urlTemplate":"https:\/\/www.africa-press.net\/congo-brazzaville\/?s={search_term_string}"},"query-input":{"@type":"PropertyValueSpecification","valueRequired":true,"valueName":"search_term_string"}}],"inLanguage":"fr-FR"},{"@type":"Person","@id":"https:\/\/www.africa-press.net\/congo-brazzaville\/#\/schema\/person\/2b1cf3cd81a31e3cd26889ca66d677f1","name":"cfeditorfr"}]}},"_links":{"self":[{"href":"https:\/\/www.africa-press.net\/congo-brazzaville\/wp-json\/wp\/v2\/posts\/13642","targetHints":{"allow":["GET"]}}],"collection":[{"href":"https:\/\/www.africa-press.net\/congo-brazzaville\/wp-json\/wp\/v2\/posts"}],"about":[{"href":"https:\/\/www.africa-press.net\/congo-brazzaville\/wp-json\/wp\/v2\/types\/post"}],"author":[{"embeddable":true,"href":"https:\/\/www.africa-press.net\/congo-brazzaville\/wp-json\/wp\/v2\/users\/82"}],"replies":[{"embeddable":true,"href":"https:\/\/www.africa-press.net\/congo-brazzaville\/wp-json\/wp\/v2\/comments?post=13642"}],"version-history":[{"count":0,"href":"https:\/\/www.africa-press.net\/congo-brazzaville\/wp-json\/wp\/v2\/posts\/13642\/revisions"}],"wp:featuredmedia":[{"embeddable":true,"href":"https:\/\/www.africa-press.net\/congo-brazzaville\/wp-json\/wp\/v2\/media\/13641"}],"wp:attachment":[{"href":"https:\/\/www.africa-press.net\/congo-brazzaville\/wp-json\/wp\/v2\/media?parent=13642"}],"wp:term":[{"taxonomy":"category","embeddable":true,"href":"https:\/\/www.africa-press.net\/congo-brazzaville\/wp-json\/wp\/v2\/categories?post=13642"},{"taxonomy":"post_tag","embeddable":true,"href":"https:\/\/www.africa-press.net\/congo-brazzaville\/wp-json\/wp\/v2\/tags?post=13642"}],"curies":[{"name":"wp","href":"https:\/\/api.w.org\/{rel}","templated":true}]}}