{"id":13648,"date":"2023-01-23T21:05:43","date_gmt":"2023-01-23T21:05:43","guid":{"rendered":"https:\/\/www.africa-press.net\/congo-brazzaville\/politique\/le-prix-premier-des-meilleurs-eleves-les-ecoles-dexcellence-ont-battu-le-record"},"modified":"2023-01-23T23:19:20","modified_gmt":"2023-01-23T23:19:20","slug":"le-prix-premier-des-meilleurs-eleves-les-ecoles-dexcellence-ont-battu-le-record","status":"publish","type":"post","link":"https:\/\/www.africa-press.net\/congo-brazzaville\/toutes-les-actualites\/le-prix-premier-des-meilleurs-eleves-les-ecoles-dexcellence-ont-battu-le-record","title":{"rendered":"Le prix \u00ab\u00a0Premier des meilleurs \u00e9l\u00e8ves\u00a0\u00bb: les \u00e9coles d\u2019excellence ont battu le record"},"content":{"rendered":"<p><span style=\"color: #ff6600\"><strong>Africa-Press &#8211; Congo Brazzaville. <\/strong><\/span><b>La fondation Jeunesse, e\u0301ducation et de\u0301veloppement (JED) a congratule\u0301, le week-end dernier a\u0300 Brazzaville, les meilleurs e\u0301le\u0300ves congolais relevant des enseignements ge\u0301ne\u0301ral et technique au titre de l\u2019anne\u0301e scolaire 2021-2022. Sur les trente laure\u0301ats re\u0301compense\u0301s, ceux des e\u0301coles d\u2019excellence ont eu les plus importantes moyennes allant au-dela\u0300 de 18.<\/b><\/p>\n<p>De manie\u0300re globale, selon la fondation JED, les trente e\u0301le\u0300ves se\u0301lectionne\u0301s ont abattu un travail remarquable au cours de l\u2019anne\u0301e scolaire 2021-2022, obtenant de moyennes allant de 13,30 a\u0300 18,60, selon les niveaux d\u2019e\u0301tudes.<\/p>\n<p>En ce qui concerne le cycle lyce\u0301e, les e\u0301le\u0300ves issus des e\u0301coles spe\u0301ciales ont battu le record pour avoir obtenu les plus fortes moyennes. Dans le lot, Gayan Milca Endonngo, e\u0301le\u0300ve en classe de 4e au lyce\u0301e d\u2019excellence de Mbounda de Dolisie, dans le Niari, est conside\u0301re\u0301 comme le meilleur e\u0301colier en termes de performances, ayant obtenu 18,60 de moyenne.<\/p>\n<p>Il est suivi de Ge\u0301de\u0301on Mavy Maloungui Kinga, en 4e e\u0301galement, et Princesse Ce\u0301lina Zihou Ndombi qui passe en classe de seconde, tous e\u0301le\u0300ves au lyce\u0301e d\u2019excellence d\u2019Oyo, dans le de\u0301partement de la Cuvette. Ils ont eu respectivement 18,26 et 18,16 de moyenne.<\/p>\n<p>Dans le lot, l\u2019Ecole pre\u0301paratoire Ge\u0301ne\u0301ral Leclerc, le lyce\u0301e scientifique de Massengo, l\u2019Institut national des aveugles du Congo, l\u2019Institut des jeunes sourds, l\u2019Ecole des beaux-arts et les e\u0301coles conventionne\u0301es catholiques se sont aussi distingue\u0301s par le travail. Les e\u0301le\u0300ves issus de leurs rangs ont obtenu des moyennes allant de 12,99 a\u0300 16,72.<\/p>\n<p>Un e\u0301le\u0300ve en 5e au colle\u0300ge de Loute\u0301te\u0301, dans le de\u0301partement de la Bouenza, et un autre relevant du CEG de Kinkala, dans le Pool, ont obtenu chacun 17,35 de moyenne. Dans l\u2019ensemble, a indique\u0301 la pre\u0301sidente de la fondation JED, Esther Ahissou Gayama, le travail a e\u0301te\u0301 remarquable. Elle a ainsi invite\u0301 quiconque e\u0301pris de c\u0153ur de soutenir l\u2019initiative afin d\u2019encourager l\u2019excellence.<\/p>\n<p><strong>Pour plus d&rsquo;informations et d&rsquo;analyses sur la <a href=\"https:\/\/www.africa-press.net\/congo-brazzaville\">Congo Brazzaville<\/a>, suivez <a href=\"https:\/\/www.africa-press.net\/\">Africa-Press<\/a><\/strong><\/p>\n","protected":false},"excerpt":{"rendered":"<p>Africa-Press &#8211; Congo Brazzaville. La fondation Jeunesse, e\u0301ducation et de\u0301veloppement (JED) a congratule\u0301, le week-end dernier a\u0300 Brazzaville, les meilleurs e\u0301le\u0300ves congolais relevant des enseignements ge\u0301ne\u0301ral et technique au titre de l\u2019anne\u0301e scolaire 2021-2022. Sur les trente laure\u0301ats re\u0301compense\u0301s, ceux des e\u0301coles d\u2019excellence ont eu les plus importantes moyennes allant au-dela\u0300 de 18. De manie\u0300re [&hellip;]<\/p>\n","protected":false},"author":82,"featured_media":13647,"comment_status":"open","ping_status":"closed","sticky":false,"template":"","format":"standard","meta":{"footnotes":""},"categories":[21,10],"tags":[36,47,46],"class_list":["post-13648","post","type-post","status-publish","format-standard","has-post-thumbnail","hentry","category-communaute","category-toutes-les-actualites","tag-africa-press","tag-africa-press-congo-brazzaville","tag-congo-brazzaville"],"yoast_head":"<!-- This site is optimized with the Yoast SEO Premium plugin v26.1 (Yoast SEO v27.0) - https:\/\/yoast.com\/product\/yoast-seo-premium-wordpress\/ -->\n<title>Le prix &quot;Premier des meilleurs \u00e9l\u00e8ves&quot;: les \u00e9coles d\u2019excellence ont battu le record - Congo Brazzaville<\/title>\n<meta name=\"description\" content=\"La fondation Jeunesse, e\u0301ducation et de\u0301veloppement (JED) a congratule\u0301, le week-end dernier a\u0300 Brazzaville, les meil ...\" \/>\n<meta name=\"robots\" content=\"index, follow, max-snippet:-1, max-image-preview:large, max-video-preview:-1\" \/>\n<link rel=\"canonical\" href=\"https:\/\/www.africa-press.net\/congo-brazzaville\/toutes-les-actualites\/le-prix-premier-des-meilleurs-eleves-les-ecoles-dexcellence-ont-battu-le-record\" \/>\n<meta property=\"og:locale\" content=\"fr_FR\" \/>\n<meta property=\"og:type\" content=\"article\" \/>\n<meta property=\"og:title\" content=\"Le prix &quot;Premier des meilleurs \u00e9l\u00e8ves&quot;: les \u00e9coles d\u2019excellence ont battu le record\" \/>\n<meta property=\"og:description\" content=\"La fondation Jeunesse, e\u0301ducation et de\u0301veloppement (JED) a congratule\u0301, le week-end dernier a\u0300 Brazzaville, les meil ...\" \/>\n<meta property=\"og:url\" content=\"https:\/\/www.africa-press.net\/congo-brazzaville\/toutes-les-actualites\/le-prix-premier-des-meilleurs-eleves-les-ecoles-dexcellence-ont-battu-le-record\" \/>\n<meta property=\"og:site_name\" content=\"Congo Brazzaville\" \/>\n<meta property=\"article:published_time\" content=\"2023-01-23T21:05:43+00:00\" \/>\n<meta property=\"article:modified_time\" content=\"2023-01-23T23:19:20+00:00\" \/>\n<meta property=\"og:image\" content=\"https:\/\/static.africa-press.net\/congo-brazzaville\/sites\/51\/2023\/01\/postQueueImg_1674495346.31.jpg\" \/>\n\t<meta property=\"og:image:width\" content=\"1668\" \/>\n\t<meta property=\"og:image:height\" content=\"768\" \/>\n\t<meta property=\"og:image:type\" content=\"image\/jpeg\" \/>\n<meta name=\"author\" content=\"cfeditorfr\" \/>\n<meta name=\"twitter:card\" content=\"summary_large_image\" \/>\n<meta name=\"twitter:label1\" content=\"\u00c9crit par\" \/>\n\t<meta name=\"twitter:data1\" content=\"cfeditorfr\" \/>\n\t<meta name=\"twitter:label2\" content=\"Dur\u00e9e de lecture estim\u00e9e\" \/>\n\t<meta name=\"twitter:data2\" content=\"2 minutes\" \/>\n<script type=\"application\/ld+json\" class=\"yoast-schema-graph\">{\"@context\":\"https:\/\/schema.org\",\"@graph\":[{\"@type\":\"Article\",\"@id\":\"https:\/\/www.africa-press.net\/congo-brazzaville\/toutes-les-actualites\/le-prix-premier-des-meilleurs-eleves-les-ecoles-dexcellence-ont-battu-le-record#article\",\"isPartOf\":{\"@id\":\"https:\/\/www.africa-press.net\/congo-brazzaville\/toutes-les-actualites\/le-prix-premier-des-meilleurs-eleves-les-ecoles-dexcellence-ont-battu-le-record\"},\"author\":{\"name\":\"cfeditorfr\",\"@id\":\"https:\/\/www.africa-press.net\/congo-brazzaville\/#\/schema\/person\/2b1cf3cd81a31e3cd26889ca66d677f1\"},\"headline\":\"Le prix \u00ab\u00a0Premier des meilleurs \u00e9l\u00e8ves\u00a0\u00bb: les \u00e9coles d\u2019excellence ont battu le record\",\"datePublished\":\"2023-01-23T21:05:43+00:00\",\"dateModified\":\"2023-01-23T23:19:20+00:00\",\"mainEntityOfPage\":{\"@id\":\"https:\/\/www.africa-press.net\/congo-brazzaville\/toutes-les-actualites\/le-prix-premier-des-meilleurs-eleves-les-ecoles-dexcellence-ont-battu-le-record\"},\"wordCount\":393,\"commentCount\":0,\"image\":{\"@id\":\"https:\/\/www.africa-press.net\/congo-brazzaville\/toutes-les-actualites\/le-prix-premier-des-meilleurs-eleves-les-ecoles-dexcellence-ont-battu-le-record#primaryimage\"},\"thumbnailUrl\":\"https:\/\/static.africa-press.net\/congo-brazzaville\/sites\/51\/2023\/01\/postQueueImg_1674495346.31.jpg\",\"keywords\":[\"Africa Press\",\"Africa Press-Congo Brazzaville\",\"Congo Brazzaville\"],\"articleSection\":[\"Communaut\u00e9\",\"Toutes les actualit\u00e9s\"],\"inLanguage\":\"fr-FR\",\"potentialAction\":[{\"@type\":\"CommentAction\",\"name\":\"Comment\",\"target\":[\"https:\/\/www.africa-press.net\/congo-brazzaville\/toutes-les-actualites\/le-prix-premier-des-meilleurs-eleves-les-ecoles-dexcellence-ont-battu-le-record#respond\"]}]},{\"@type\":\"WebPage\",\"@id\":\"https:\/\/www.africa-press.net\/congo-brazzaville\/toutes-les-actualites\/le-prix-premier-des-meilleurs-eleves-les-ecoles-dexcellence-ont-battu-le-record\",\"url\":\"https:\/\/www.africa-press.net\/congo-brazzaville\/toutes-les-actualites\/le-prix-premier-des-meilleurs-eleves-les-ecoles-dexcellence-ont-battu-le-record\",\"name\":\"Le prix \\\"Premier des meilleurs \u00e9l\u00e8ves\\\": les \u00e9coles d\u2019excellence ont battu le record - Congo Brazzaville\",\"isPartOf\":{\"@id\":\"https:\/\/www.africa-press.net\/congo-brazzaville\/#website\"},\"primaryImageOfPage\":{\"@id\":\"https:\/\/www.africa-press.net\/congo-brazzaville\/toutes-les-actualites\/le-prix-premier-des-meilleurs-eleves-les-ecoles-dexcellence-ont-battu-le-record#primaryimage\"},\"image\":{\"@id\":\"https:\/\/www.africa-press.net\/congo-brazzaville\/toutes-les-actualites\/le-prix-premier-des-meilleurs-eleves-les-ecoles-dexcellence-ont-battu-le-record#primaryimage\"},\"thumbnailUrl\":\"https:\/\/static.africa-press.net\/congo-brazzaville\/sites\/51\/2023\/01\/postQueueImg_1674495346.31.jpg\",\"datePublished\":\"2023-01-23T21:05:43+00:00\",\"dateModified\":\"2023-01-23T23:19:20+00:00\",\"author\":{\"@id\":\"https:\/\/www.africa-press.net\/congo-brazzaville\/#\/schema\/person\/2b1cf3cd81a31e3cd26889ca66d677f1\"},\"description\":\"La fondation Jeunesse, e\u0301ducation et de\u0301veloppement (JED) a congratule\u0301, le week-end dernier a\u0300 Brazzaville, les meil ...\",\"breadcrumb\":{\"@id\":\"https:\/\/www.africa-press.net\/congo-brazzaville\/toutes-les-actualites\/le-prix-premier-des-meilleurs-eleves-les-ecoles-dexcellence-ont-battu-le-record#breadcrumb\"},\"inLanguage\":\"fr-FR\",\"potentialAction\":[{\"@type\":\"ReadAction\",\"target\":[\"https:\/\/www.africa-press.net\/congo-brazzaville\/toutes-les-actualites\/le-prix-premier-des-meilleurs-eleves-les-ecoles-dexcellence-ont-battu-le-record\"]}]},{\"@type\":\"ImageObject\",\"inLanguage\":\"fr-FR\",\"@id\":\"https:\/\/www.africa-press.net\/congo-brazzaville\/toutes-les-actualites\/le-prix-premier-des-meilleurs-eleves-les-ecoles-dexcellence-ont-battu-le-record#primaryimage\",\"url\":\"https:\/\/static.africa-press.net\/congo-brazzaville\/sites\/51\/2023\/01\/postQueueImg_1674495346.31.jpg\",\"contentUrl\":\"https:\/\/static.africa-press.net\/congo-brazzaville\/sites\/51\/2023\/01\/postQueueImg_1674495346.31.jpg\",\"width\":1668,\"height\":768,\"caption\":\"Le prix \\\"Premier des meilleurs \u00e9l\u00e8ves\\\": les \u00e9coles d\u2019excellence ont battu le record\"},{\"@type\":\"BreadcrumbList\",\"@id\":\"https:\/\/www.africa-press.net\/congo-brazzaville\/toutes-les-actualites\/le-prix-premier-des-meilleurs-eleves-les-ecoles-dexcellence-ont-battu-le-record#breadcrumb\",\"itemListElement\":[{\"@type\":\"ListItem\",\"position\":1,\"name\":\"Accueil\",\"item\":\"https:\/\/www.africa-press.net\/congo-brazzaville\/\"},{\"@type\":\"ListItem\",\"position\":2,\"name\":\"Le prix \u00ab\u00a0Premier des meilleurs \u00e9l\u00e8ves\u00a0\u00bb: les \u00e9coles d\u2019excellence ont battu le record\"}]},{\"@type\":\"WebSite\",\"@id\":\"https:\/\/www.africa-press.net\/congo-brazzaville\/#website\",\"url\":\"https:\/\/www.africa-press.net\/congo-brazzaville\/\",\"name\":\"Congo Brazzaville\",\"description\":\"Just another Africa News Agency Sites site\",\"potentialAction\":[{\"@type\":\"SearchAction\",\"target\":{\"@type\":\"EntryPoint\",\"urlTemplate\":\"https:\/\/www.africa-press.net\/congo-brazzaville\/?s={search_term_string}\"},\"query-input\":{\"@type\":\"PropertyValueSpecification\",\"valueRequired\":true,\"valueName\":\"search_term_string\"}}],\"inLanguage\":\"fr-FR\"},{\"@type\":\"Person\",\"@id\":\"https:\/\/www.africa-press.net\/congo-brazzaville\/#\/schema\/person\/2b1cf3cd81a31e3cd26889ca66d677f1\",\"name\":\"cfeditorfr\"}]}<\/script>\n<!-- \/ Yoast SEO Premium plugin. -->","yoast_head_json":{"title":"Le prix \"Premier des meilleurs \u00e9l\u00e8ves\": les \u00e9coles d\u2019excellence ont battu le record - Congo Brazzaville","description":"La fondation Jeunesse, e\u0301ducation et de\u0301veloppement (JED) a congratule\u0301, le week-end dernier a\u0300 Brazzaville, les meil ...","robots":{"index":"index","follow":"follow","max-snippet":"max-snippet:-1","max-image-preview":"max-image-preview:large","max-video-preview":"max-video-preview:-1"},"canonical":"https:\/\/www.africa-press.net\/congo-brazzaville\/toutes-les-actualites\/le-prix-premier-des-meilleurs-eleves-les-ecoles-dexcellence-ont-battu-le-record","og_locale":"fr_FR","og_type":"article","og_title":"Le prix \"Premier des meilleurs \u00e9l\u00e8ves\": les \u00e9coles d\u2019excellence ont battu le record","og_description":"La fondation Jeunesse, e\u0301ducation et de\u0301veloppement (JED) a congratule\u0301, le week-end dernier a\u0300 Brazzaville, les meil ...","og_url":"https:\/\/www.africa-press.net\/congo-brazzaville\/toutes-les-actualites\/le-prix-premier-des-meilleurs-eleves-les-ecoles-dexcellence-ont-battu-le-record","og_site_name":"Congo Brazzaville","article_published_time":"2023-01-23T21:05:43+00:00","article_modified_time":"2023-01-23T23:19:20+00:00","og_image":[{"width":1668,"height":768,"url":"https:\/\/static.africa-press.net\/congo-brazzaville\/sites\/51\/2023\/01\/postQueueImg_1674495346.31.jpg","type":"image\/jpeg"}],"author":"cfeditorfr","twitter_card":"summary_large_image","twitter_misc":{"\u00c9crit par":"cfeditorfr","Dur\u00e9e de lecture estim\u00e9e":"2 minutes"},"schema":{"@context":"https:\/\/schema.org","@graph":[{"@type":"Article","@id":"https:\/\/www.africa-press.net\/congo-brazzaville\/toutes-les-actualites\/le-prix-premier-des-meilleurs-eleves-les-ecoles-dexcellence-ont-battu-le-record#article","isPartOf":{"@id":"https:\/\/www.africa-press.net\/congo-brazzaville\/toutes-les-actualites\/le-prix-premier-des-meilleurs-eleves-les-ecoles-dexcellence-ont-battu-le-record"},"author":{"name":"cfeditorfr","@id":"https:\/\/www.africa-press.net\/congo-brazzaville\/#\/schema\/person\/2b1cf3cd81a31e3cd26889ca66d677f1"},"headline":"Le prix \u00ab\u00a0Premier des meilleurs \u00e9l\u00e8ves\u00a0\u00bb: les \u00e9coles d\u2019excellence ont battu le record","datePublished":"2023-01-23T21:05:43+00:00","dateModified":"2023-01-23T23:19:20+00:00","mainEntityOfPage":{"@id":"https:\/\/www.africa-press.net\/congo-brazzaville\/toutes-les-actualites\/le-prix-premier-des-meilleurs-eleves-les-ecoles-dexcellence-ont-battu-le-record"},"wordCount":393,"commentCount":0,"image":{"@id":"https:\/\/www.africa-press.net\/congo-brazzaville\/toutes-les-actualites\/le-prix-premier-des-meilleurs-eleves-les-ecoles-dexcellence-ont-battu-le-record#primaryimage"},"thumbnailUrl":"https:\/\/static.africa-press.net\/congo-brazzaville\/sites\/51\/2023\/01\/postQueueImg_1674495346.31.jpg","keywords":["Africa Press","Africa Press-Congo Brazzaville","Congo Brazzaville"],"articleSection":["Communaut\u00e9","Toutes les actualit\u00e9s"],"inLanguage":"fr-FR","potentialAction":[{"@type":"CommentAction","name":"Comment","target":["https:\/\/www.africa-press.net\/congo-brazzaville\/toutes-les-actualites\/le-prix-premier-des-meilleurs-eleves-les-ecoles-dexcellence-ont-battu-le-record#respond"]}]},{"@type":"WebPage","@id":"https:\/\/www.africa-press.net\/congo-brazzaville\/toutes-les-actualites\/le-prix-premier-des-meilleurs-eleves-les-ecoles-dexcellence-ont-battu-le-record","url":"https:\/\/www.africa-press.net\/congo-brazzaville\/toutes-les-actualites\/le-prix-premier-des-meilleurs-eleves-les-ecoles-dexcellence-ont-battu-le-record","name":"Le prix \"Premier des meilleurs \u00e9l\u00e8ves\": les \u00e9coles d\u2019excellence ont battu le record - Congo Brazzaville","isPartOf":{"@id":"https:\/\/www.africa-press.net\/congo-brazzaville\/#website"},"primaryImageOfPage":{"@id":"https:\/\/www.africa-press.net\/congo-brazzaville\/toutes-les-actualites\/le-prix-premier-des-meilleurs-eleves-les-ecoles-dexcellence-ont-battu-le-record#primaryimage"},"image":{"@id":"https:\/\/www.africa-press.net\/congo-brazzaville\/toutes-les-actualites\/le-prix-premier-des-meilleurs-eleves-les-ecoles-dexcellence-ont-battu-le-record#primaryimage"},"thumbnailUrl":"https:\/\/static.africa-press.net\/congo-brazzaville\/sites\/51\/2023\/01\/postQueueImg_1674495346.31.jpg","datePublished":"2023-01-23T21:05:43+00:00","dateModified":"2023-01-23T23:19:20+00:00","author":{"@id":"https:\/\/www.africa-press.net\/congo-brazzaville\/#\/schema\/person\/2b1cf3cd81a31e3cd26889ca66d677f1"},"description":"La fondation Jeunesse, e\u0301ducation et de\u0301veloppement (JED) a congratule\u0301, le week-end dernier a\u0300 Brazzaville, les meil ...","breadcrumb":{"@id":"https:\/\/www.africa-press.net\/congo-brazzaville\/toutes-les-actualites\/le-prix-premier-des-meilleurs-eleves-les-ecoles-dexcellence-ont-battu-le-record#breadcrumb"},"inLanguage":"fr-FR","potentialAction":[{"@type":"ReadAction","target":["https:\/\/www.africa-press.net\/congo-brazzaville\/toutes-les-actualites\/le-prix-premier-des-meilleurs-eleves-les-ecoles-dexcellence-ont-battu-le-record"]}]},{"@type":"ImageObject","inLanguage":"fr-FR","@id":"https:\/\/www.africa-press.net\/congo-brazzaville\/toutes-les-actualites\/le-prix-premier-des-meilleurs-eleves-les-ecoles-dexcellence-ont-battu-le-record#primaryimage","url":"https:\/\/static.africa-press.net\/congo-brazzaville\/sites\/51\/2023\/01\/postQueueImg_1674495346.31.jpg","contentUrl":"https:\/\/static.africa-press.net\/congo-brazzaville\/sites\/51\/2023\/01\/postQueueImg_1674495346.31.jpg","width":1668,"height":768,"caption":"Le prix \"Premier des meilleurs \u00e9l\u00e8ves\": les \u00e9coles d\u2019excellence ont battu le record"},{"@type":"BreadcrumbList","@id":"https:\/\/www.africa-press.net\/congo-brazzaville\/toutes-les-actualites\/le-prix-premier-des-meilleurs-eleves-les-ecoles-dexcellence-ont-battu-le-record#breadcrumb","itemListElement":[{"@type":"ListItem","position":1,"name":"Accueil","item":"https:\/\/www.africa-press.net\/congo-brazzaville\/"},{"@type":"ListItem","position":2,"name":"Le prix \u00ab\u00a0Premier des meilleurs \u00e9l\u00e8ves\u00a0\u00bb: les \u00e9coles d\u2019excellence ont battu le record"}]},{"@type":"WebSite","@id":"https:\/\/www.africa-press.net\/congo-brazzaville\/#website","url":"https:\/\/www.africa-press.net\/congo-brazzaville\/","name":"Congo Brazzaville","description":"Just another Africa News Agency Sites site","potentialAction":[{"@type":"SearchAction","target":{"@type":"EntryPoint","urlTemplate":"https:\/\/www.africa-press.net\/congo-brazzaville\/?s={search_term_string}"},"query-input":{"@type":"PropertyValueSpecification","valueRequired":true,"valueName":"search_term_string"}}],"inLanguage":"fr-FR"},{"@type":"Person","@id":"https:\/\/www.africa-press.net\/congo-brazzaville\/#\/schema\/person\/2b1cf3cd81a31e3cd26889ca66d677f1","name":"cfeditorfr"}]}},"_links":{"self":[{"href":"https:\/\/www.africa-press.net\/congo-brazzaville\/wp-json\/wp\/v2\/posts\/13648","targetHints":{"allow":["GET"]}}],"collection":[{"href":"https:\/\/www.africa-press.net\/congo-brazzaville\/wp-json\/wp\/v2\/posts"}],"about":[{"href":"https:\/\/www.africa-press.net\/congo-brazzaville\/wp-json\/wp\/v2\/types\/post"}],"author":[{"embeddable":true,"href":"https:\/\/www.africa-press.net\/congo-brazzaville\/wp-json\/wp\/v2\/users\/82"}],"replies":[{"embeddable":true,"href":"https:\/\/www.africa-press.net\/congo-brazzaville\/wp-json\/wp\/v2\/comments?post=13648"}],"version-history":[{"count":0,"href":"https:\/\/www.africa-press.net\/congo-brazzaville\/wp-json\/wp\/v2\/posts\/13648\/revisions"}],"wp:featuredmedia":[{"embeddable":true,"href":"https:\/\/www.africa-press.net\/congo-brazzaville\/wp-json\/wp\/v2\/media\/13647"}],"wp:attachment":[{"href":"https:\/\/www.africa-press.net\/congo-brazzaville\/wp-json\/wp\/v2\/media?parent=13648"}],"wp:term":[{"taxonomy":"category","embeddable":true,"href":"https:\/\/www.africa-press.net\/congo-brazzaville\/wp-json\/wp\/v2\/categories?post=13648"},{"taxonomy":"post_tag","embeddable":true,"href":"https:\/\/www.africa-press.net\/congo-brazzaville\/wp-json\/wp\/v2\/tags?post=13648"}],"curies":[{"name":"wp","href":"https:\/\/api.w.org\/{rel}","templated":true}]}}