{"id":13651,"date":"2023-01-23T21:12:00","date_gmt":"2023-01-23T21:12:00","guid":{"rendered":"https:\/\/www.africa-press.net\/congo-brazzaville\/politique\/congo-union-europeenne-denis-sassou-nguesso-invite-par-charles-michel"},"modified":"2023-01-23T23:20:53","modified_gmt":"2023-01-23T23:20:53","slug":"congo-union-europeenne-denis-sassou-nguesso-invite-par-charles-michel","status":"publish","type":"post","link":"https:\/\/www.africa-press.net\/congo-brazzaville\/politique\/congo-union-europeenne-denis-sassou-nguesso-invite-par-charles-michel","title":{"rendered":"Congo-Union europ\u00e9enne: Denis Sassou N&rsquo;Guesso invit\u00e9 par Charles Michel"},"content":{"rendered":"<p><span style=\"color: #ff6600\"><strong>Africa-Press &#8211; Congo Brazzaville. <\/strong><\/span><b>Brazzaville et Bruxelles entendent renforcer leurs liens de coope\u0301ration a\u0300 travers des e\u0301changes de haut niveau. <\/b><\/p>\n<p>Le chef de l\u2019Etat congolais effectuera une visite officielle a\u0300 Bruxelles, en Belgique, a\u0300 l\u2019invitation du pre\u0301sident du Conseil europe\u0301en, Charles Michel. L\u2019information a e\u0301te\u0301 communique\u0301e au pre\u0301sident Denis Sassou N\u2019Guesso durant son entretien le 23 janvier a\u0300 la re\u0301sidence du Plateau avec le repre\u0301sentant de l\u2019Union europe\u0301enne au Congo :<\/p>\n<p>\u00ab Cette visite aura lieu cette anne\u0301e pour discuter de notre partenariat, de sujets concernant la se\u0301curite\u0301, les relations internationales, la biodiversite\u0301 et bien d\u2019autres inte\u0301ressant les relations entre l\u2019Union europe\u0301enne et le Congo \u00bb, a de\u0301clare\u0301 Giacomo Durazzo a\u0300 la presse au sortir de l\u2019audience.<\/p>\n<p>Le Congo et l\u2019Union europe\u0301enne ont conclu un programme indicatif multi annuel (2021-2027) a\u0300 travers lequel Bruxelles apporte son appui au Programme national de de\u0301veloppement. Giacomo Durazzo a notamment e\u0301voque\u0301 les points sur la digitalisation et la diversification de l\u2019e\u0301conomie, le renforcement des capacite\u0301s de la police congolaise, la pre\u0301servation de l\u2019environnement.<\/p>\n<p>La prochaine visite du pre\u0301sident de la Re\u0301publique dans la capitale de l\u2019Union europe\u0301enne sera l\u2019occasion de consolider le partenariat entre les deux parties.<\/p>\n<p><strong>Pour plus d&rsquo;informations et d&rsquo;analyses sur la <a href=\"https:\/\/www.africa-press.net\/congo-brazzaville\">Congo Brazzaville<\/a>, suivez <a href=\"https:\/\/www.africa-press.net\/\">Africa-Press<\/a><\/strong><\/p>\n","protected":false},"excerpt":{"rendered":"<p>Africa-Press &#8211; Congo Brazzaville. Brazzaville et Bruxelles entendent renforcer leurs liens de coope\u0301ration a\u0300 travers des e\u0301changes de haut niveau. Le chef de l\u2019Etat congolais effectuera une visite officielle a\u0300 Bruxelles, en Belgique, a\u0300 l\u2019invitation du pre\u0301sident du Conseil europe\u0301en, Charles Michel. L\u2019information a e\u0301te\u0301 communique\u0301e au pre\u0301sident Denis Sassou N\u2019Guesso durant son entretien le [&hellip;]<\/p>\n","protected":false},"author":82,"featured_media":13650,"comment_status":"open","ping_status":"closed","sticky":false,"template":"","format":"standard","meta":{"footnotes":""},"categories":[2,10],"tags":[36,47,46],"class_list":["post-13651","post","type-post","status-publish","format-standard","has-post-thumbnail","hentry","category-politique","category-toutes-les-actualites","tag-africa-press","tag-africa-press-congo-brazzaville","tag-congo-brazzaville"],"yoast_head":"<!-- This site is optimized with the Yoast SEO Premium plugin v26.1 (Yoast SEO v27.0) - https:\/\/yoast.com\/product\/yoast-seo-premium-wordpress\/ -->\n<title>Congo-Union europ\u00e9enne: Denis Sassou N&#039;Guesso invit\u00e9 par Charles Michel - Congo Brazzaville<\/title>\n<meta name=\"description\" content=\"Brazzaville et Bruxelles entendent renforcer leurs liens de coope\u0301ration a\u0300 travers des e\u0301changes de haut niveau. &lt;\/b ...\" \/>\n<meta name=\"robots\" content=\"index, follow, max-snippet:-1, max-image-preview:large, max-video-preview:-1\" \/>\n<link rel=\"canonical\" href=\"https:\/\/www.africa-press.net\/congo-brazzaville\/politique\/congo-union-europeenne-denis-sassou-nguesso-invite-par-charles-michel\" \/>\n<meta property=\"og:locale\" content=\"fr_FR\" \/>\n<meta property=\"og:type\" content=\"article\" \/>\n<meta property=\"og:title\" content=\"Congo-Union europ\u00e9enne: Denis Sassou N&#039;Guesso invit\u00e9 par Charles Michel\" \/>\n<meta property=\"og:description\" content=\"Brazzaville et Bruxelles entendent renforcer leurs liens de coope\u0301ration a\u0300 travers des e\u0301changes de haut niveau. &lt;\/b ...\" \/>\n<meta property=\"og:url\" content=\"https:\/\/www.africa-press.net\/congo-brazzaville\/politique\/congo-union-europeenne-denis-sassou-nguesso-invite-par-charles-michel\" \/>\n<meta property=\"og:site_name\" content=\"Congo Brazzaville\" \/>\n<meta property=\"article:published_time\" content=\"2023-01-23T21:12:00+00:00\" \/>\n<meta property=\"article:modified_time\" content=\"2023-01-23T23:20:53+00:00\" \/>\n<meta property=\"og:image\" content=\"https:\/\/static.africa-press.net\/congo-brazzaville\/sites\/51\/2023\/01\/postQueueImg_1674495367.37.jpg\" \/>\n\t<meta property=\"og:image:width\" content=\"1065\" \/>\n\t<meta property=\"og:image:height\" content=\"768\" \/>\n\t<meta property=\"og:image:type\" content=\"image\/jpeg\" \/>\n<meta name=\"author\" content=\"cfeditorfr\" \/>\n<meta name=\"twitter:card\" content=\"summary_large_image\" \/>\n<meta name=\"twitter:label1\" content=\"\u00c9crit par\" \/>\n\t<meta name=\"twitter:data1\" content=\"cfeditorfr\" \/>\n\t<meta name=\"twitter:label2\" content=\"Dur\u00e9e de lecture estim\u00e9e\" \/>\n\t<meta name=\"twitter:data2\" content=\"1 minute\" \/>\n<script type=\"application\/ld+json\" class=\"yoast-schema-graph\">{\"@context\":\"https:\/\/schema.org\",\"@graph\":[{\"@type\":\"Article\",\"@id\":\"https:\/\/www.africa-press.net\/congo-brazzaville\/politique\/congo-union-europeenne-denis-sassou-nguesso-invite-par-charles-michel#article\",\"isPartOf\":{\"@id\":\"https:\/\/www.africa-press.net\/congo-brazzaville\/politique\/congo-union-europeenne-denis-sassou-nguesso-invite-par-charles-michel\"},\"author\":{\"name\":\"cfeditorfr\",\"@id\":\"https:\/\/www.africa-press.net\/congo-brazzaville\/#\/schema\/person\/2b1cf3cd81a31e3cd26889ca66d677f1\"},\"headline\":\"Congo-Union europ\u00e9enne: Denis Sassou N&rsquo;Guesso invit\u00e9 par Charles Michel\",\"datePublished\":\"2023-01-23T21:12:00+00:00\",\"dateModified\":\"2023-01-23T23:20:53+00:00\",\"mainEntityOfPage\":{\"@id\":\"https:\/\/www.africa-press.net\/congo-brazzaville\/politique\/congo-union-europeenne-denis-sassou-nguesso-invite-par-charles-michel\"},\"wordCount\":250,\"commentCount\":0,\"image\":{\"@id\":\"https:\/\/www.africa-press.net\/congo-brazzaville\/politique\/congo-union-europeenne-denis-sassou-nguesso-invite-par-charles-michel#primaryimage\"},\"thumbnailUrl\":\"https:\/\/static.africa-press.net\/congo-brazzaville\/sites\/51\/2023\/01\/postQueueImg_1674495367.37.jpg\",\"keywords\":[\"Africa Press\",\"Africa Press-Congo Brazzaville\",\"Congo Brazzaville\"],\"articleSection\":[\"Politique\",\"Toutes les actualit\u00e9s\"],\"inLanguage\":\"fr-FR\",\"potentialAction\":[{\"@type\":\"CommentAction\",\"name\":\"Comment\",\"target\":[\"https:\/\/www.africa-press.net\/congo-brazzaville\/politique\/congo-union-europeenne-denis-sassou-nguesso-invite-par-charles-michel#respond\"]}]},{\"@type\":\"WebPage\",\"@id\":\"https:\/\/www.africa-press.net\/congo-brazzaville\/politique\/congo-union-europeenne-denis-sassou-nguesso-invite-par-charles-michel\",\"url\":\"https:\/\/www.africa-press.net\/congo-brazzaville\/politique\/congo-union-europeenne-denis-sassou-nguesso-invite-par-charles-michel\",\"name\":\"Congo-Union europ\u00e9enne: Denis Sassou N'Guesso invit\u00e9 par Charles Michel - Congo Brazzaville\",\"isPartOf\":{\"@id\":\"https:\/\/www.africa-press.net\/congo-brazzaville\/#website\"},\"primaryImageOfPage\":{\"@id\":\"https:\/\/www.africa-press.net\/congo-brazzaville\/politique\/congo-union-europeenne-denis-sassou-nguesso-invite-par-charles-michel#primaryimage\"},\"image\":{\"@id\":\"https:\/\/www.africa-press.net\/congo-brazzaville\/politique\/congo-union-europeenne-denis-sassou-nguesso-invite-par-charles-michel#primaryimage\"},\"thumbnailUrl\":\"https:\/\/static.africa-press.net\/congo-brazzaville\/sites\/51\/2023\/01\/postQueueImg_1674495367.37.jpg\",\"datePublished\":\"2023-01-23T21:12:00+00:00\",\"dateModified\":\"2023-01-23T23:20:53+00:00\",\"author\":{\"@id\":\"https:\/\/www.africa-press.net\/congo-brazzaville\/#\/schema\/person\/2b1cf3cd81a31e3cd26889ca66d677f1\"},\"description\":\"Brazzaville et Bruxelles entendent renforcer leurs liens de coope\u0301ration a\u0300 travers des e\u0301changes de haut niveau. &lt;\/b ...\",\"breadcrumb\":{\"@id\":\"https:\/\/www.africa-press.net\/congo-brazzaville\/politique\/congo-union-europeenne-denis-sassou-nguesso-invite-par-charles-michel#breadcrumb\"},\"inLanguage\":\"fr-FR\",\"potentialAction\":[{\"@type\":\"ReadAction\",\"target\":[\"https:\/\/www.africa-press.net\/congo-brazzaville\/politique\/congo-union-europeenne-denis-sassou-nguesso-invite-par-charles-michel\"]}]},{\"@type\":\"ImageObject\",\"inLanguage\":\"fr-FR\",\"@id\":\"https:\/\/www.africa-press.net\/congo-brazzaville\/politique\/congo-union-europeenne-denis-sassou-nguesso-invite-par-charles-michel#primaryimage\",\"url\":\"https:\/\/static.africa-press.net\/congo-brazzaville\/sites\/51\/2023\/01\/postQueueImg_1674495367.37.jpg\",\"contentUrl\":\"https:\/\/static.africa-press.net\/congo-brazzaville\/sites\/51\/2023\/01\/postQueueImg_1674495367.37.jpg\",\"width\":1065,\"height\":768,\"caption\":\"Congo-Union europ\u00e9enne: Denis Sassou N'Guesso invit\u00e9 par Charles Michel\"},{\"@type\":\"BreadcrumbList\",\"@id\":\"https:\/\/www.africa-press.net\/congo-brazzaville\/politique\/congo-union-europeenne-denis-sassou-nguesso-invite-par-charles-michel#breadcrumb\",\"itemListElement\":[{\"@type\":\"ListItem\",\"position\":1,\"name\":\"Accueil\",\"item\":\"https:\/\/www.africa-press.net\/congo-brazzaville\/\"},{\"@type\":\"ListItem\",\"position\":2,\"name\":\"Congo-Union europ\u00e9enne: Denis Sassou N&rsquo;Guesso invit\u00e9 par Charles Michel\"}]},{\"@type\":\"WebSite\",\"@id\":\"https:\/\/www.africa-press.net\/congo-brazzaville\/#website\",\"url\":\"https:\/\/www.africa-press.net\/congo-brazzaville\/\",\"name\":\"Congo Brazzaville\",\"description\":\"Just another Africa News Agency Sites site\",\"potentialAction\":[{\"@type\":\"SearchAction\",\"target\":{\"@type\":\"EntryPoint\",\"urlTemplate\":\"https:\/\/www.africa-press.net\/congo-brazzaville\/?s={search_term_string}\"},\"query-input\":{\"@type\":\"PropertyValueSpecification\",\"valueRequired\":true,\"valueName\":\"search_term_string\"}}],\"inLanguage\":\"fr-FR\"},{\"@type\":\"Person\",\"@id\":\"https:\/\/www.africa-press.net\/congo-brazzaville\/#\/schema\/person\/2b1cf3cd81a31e3cd26889ca66d677f1\",\"name\":\"cfeditorfr\"}]}<\/script>\n<!-- \/ Yoast SEO Premium plugin. -->","yoast_head_json":{"title":"Congo-Union europ\u00e9enne: Denis Sassou N'Guesso invit\u00e9 par Charles Michel - Congo Brazzaville","description":"Brazzaville et Bruxelles entendent renforcer leurs liens de coope\u0301ration a\u0300 travers des e\u0301changes de haut niveau. &lt;\/b ...","robots":{"index":"index","follow":"follow","max-snippet":"max-snippet:-1","max-image-preview":"max-image-preview:large","max-video-preview":"max-video-preview:-1"},"canonical":"https:\/\/www.africa-press.net\/congo-brazzaville\/politique\/congo-union-europeenne-denis-sassou-nguesso-invite-par-charles-michel","og_locale":"fr_FR","og_type":"article","og_title":"Congo-Union europ\u00e9enne: Denis Sassou N'Guesso invit\u00e9 par Charles Michel","og_description":"Brazzaville et Bruxelles entendent renforcer leurs liens de coope\u0301ration a\u0300 travers des e\u0301changes de haut niveau. &lt;\/b ...","og_url":"https:\/\/www.africa-press.net\/congo-brazzaville\/politique\/congo-union-europeenne-denis-sassou-nguesso-invite-par-charles-michel","og_site_name":"Congo Brazzaville","article_published_time":"2023-01-23T21:12:00+00:00","article_modified_time":"2023-01-23T23:20:53+00:00","og_image":[{"width":1065,"height":768,"url":"https:\/\/static.africa-press.net\/congo-brazzaville\/sites\/51\/2023\/01\/postQueueImg_1674495367.37.jpg","type":"image\/jpeg"}],"author":"cfeditorfr","twitter_card":"summary_large_image","twitter_misc":{"\u00c9crit par":"cfeditorfr","Dur\u00e9e de lecture estim\u00e9e":"1 minute"},"schema":{"@context":"https:\/\/schema.org","@graph":[{"@type":"Article","@id":"https:\/\/www.africa-press.net\/congo-brazzaville\/politique\/congo-union-europeenne-denis-sassou-nguesso-invite-par-charles-michel#article","isPartOf":{"@id":"https:\/\/www.africa-press.net\/congo-brazzaville\/politique\/congo-union-europeenne-denis-sassou-nguesso-invite-par-charles-michel"},"author":{"name":"cfeditorfr","@id":"https:\/\/www.africa-press.net\/congo-brazzaville\/#\/schema\/person\/2b1cf3cd81a31e3cd26889ca66d677f1"},"headline":"Congo-Union europ\u00e9enne: Denis Sassou N&rsquo;Guesso invit\u00e9 par Charles Michel","datePublished":"2023-01-23T21:12:00+00:00","dateModified":"2023-01-23T23:20:53+00:00","mainEntityOfPage":{"@id":"https:\/\/www.africa-press.net\/congo-brazzaville\/politique\/congo-union-europeenne-denis-sassou-nguesso-invite-par-charles-michel"},"wordCount":250,"commentCount":0,"image":{"@id":"https:\/\/www.africa-press.net\/congo-brazzaville\/politique\/congo-union-europeenne-denis-sassou-nguesso-invite-par-charles-michel#primaryimage"},"thumbnailUrl":"https:\/\/static.africa-press.net\/congo-brazzaville\/sites\/51\/2023\/01\/postQueueImg_1674495367.37.jpg","keywords":["Africa Press","Africa Press-Congo Brazzaville","Congo Brazzaville"],"articleSection":["Politique","Toutes les actualit\u00e9s"],"inLanguage":"fr-FR","potentialAction":[{"@type":"CommentAction","name":"Comment","target":["https:\/\/www.africa-press.net\/congo-brazzaville\/politique\/congo-union-europeenne-denis-sassou-nguesso-invite-par-charles-michel#respond"]}]},{"@type":"WebPage","@id":"https:\/\/www.africa-press.net\/congo-brazzaville\/politique\/congo-union-europeenne-denis-sassou-nguesso-invite-par-charles-michel","url":"https:\/\/www.africa-press.net\/congo-brazzaville\/politique\/congo-union-europeenne-denis-sassou-nguesso-invite-par-charles-michel","name":"Congo-Union europ\u00e9enne: Denis Sassou N'Guesso invit\u00e9 par Charles Michel - Congo Brazzaville","isPartOf":{"@id":"https:\/\/www.africa-press.net\/congo-brazzaville\/#website"},"primaryImageOfPage":{"@id":"https:\/\/www.africa-press.net\/congo-brazzaville\/politique\/congo-union-europeenne-denis-sassou-nguesso-invite-par-charles-michel#primaryimage"},"image":{"@id":"https:\/\/www.africa-press.net\/congo-brazzaville\/politique\/congo-union-europeenne-denis-sassou-nguesso-invite-par-charles-michel#primaryimage"},"thumbnailUrl":"https:\/\/static.africa-press.net\/congo-brazzaville\/sites\/51\/2023\/01\/postQueueImg_1674495367.37.jpg","datePublished":"2023-01-23T21:12:00+00:00","dateModified":"2023-01-23T23:20:53+00:00","author":{"@id":"https:\/\/www.africa-press.net\/congo-brazzaville\/#\/schema\/person\/2b1cf3cd81a31e3cd26889ca66d677f1"},"description":"Brazzaville et Bruxelles entendent renforcer leurs liens de coope\u0301ration a\u0300 travers des e\u0301changes de haut niveau. &lt;\/b ...","breadcrumb":{"@id":"https:\/\/www.africa-press.net\/congo-brazzaville\/politique\/congo-union-europeenne-denis-sassou-nguesso-invite-par-charles-michel#breadcrumb"},"inLanguage":"fr-FR","potentialAction":[{"@type":"ReadAction","target":["https:\/\/www.africa-press.net\/congo-brazzaville\/politique\/congo-union-europeenne-denis-sassou-nguesso-invite-par-charles-michel"]}]},{"@type":"ImageObject","inLanguage":"fr-FR","@id":"https:\/\/www.africa-press.net\/congo-brazzaville\/politique\/congo-union-europeenne-denis-sassou-nguesso-invite-par-charles-michel#primaryimage","url":"https:\/\/static.africa-press.net\/congo-brazzaville\/sites\/51\/2023\/01\/postQueueImg_1674495367.37.jpg","contentUrl":"https:\/\/static.africa-press.net\/congo-brazzaville\/sites\/51\/2023\/01\/postQueueImg_1674495367.37.jpg","width":1065,"height":768,"caption":"Congo-Union europ\u00e9enne: Denis Sassou N'Guesso invit\u00e9 par Charles Michel"},{"@type":"BreadcrumbList","@id":"https:\/\/www.africa-press.net\/congo-brazzaville\/politique\/congo-union-europeenne-denis-sassou-nguesso-invite-par-charles-michel#breadcrumb","itemListElement":[{"@type":"ListItem","position":1,"name":"Accueil","item":"https:\/\/www.africa-press.net\/congo-brazzaville\/"},{"@type":"ListItem","position":2,"name":"Congo-Union europ\u00e9enne: Denis Sassou N&rsquo;Guesso invit\u00e9 par Charles Michel"}]},{"@type":"WebSite","@id":"https:\/\/www.africa-press.net\/congo-brazzaville\/#website","url":"https:\/\/www.africa-press.net\/congo-brazzaville\/","name":"Congo Brazzaville","description":"Just another Africa News Agency Sites site","potentialAction":[{"@type":"SearchAction","target":{"@type":"EntryPoint","urlTemplate":"https:\/\/www.africa-press.net\/congo-brazzaville\/?s={search_term_string}"},"query-input":{"@type":"PropertyValueSpecification","valueRequired":true,"valueName":"search_term_string"}}],"inLanguage":"fr-FR"},{"@type":"Person","@id":"https:\/\/www.africa-press.net\/congo-brazzaville\/#\/schema\/person\/2b1cf3cd81a31e3cd26889ca66d677f1","name":"cfeditorfr"}]}},"_links":{"self":[{"href":"https:\/\/www.africa-press.net\/congo-brazzaville\/wp-json\/wp\/v2\/posts\/13651","targetHints":{"allow":["GET"]}}],"collection":[{"href":"https:\/\/www.africa-press.net\/congo-brazzaville\/wp-json\/wp\/v2\/posts"}],"about":[{"href":"https:\/\/www.africa-press.net\/congo-brazzaville\/wp-json\/wp\/v2\/types\/post"}],"author":[{"embeddable":true,"href":"https:\/\/www.africa-press.net\/congo-brazzaville\/wp-json\/wp\/v2\/users\/82"}],"replies":[{"embeddable":true,"href":"https:\/\/www.africa-press.net\/congo-brazzaville\/wp-json\/wp\/v2\/comments?post=13651"}],"version-history":[{"count":0,"href":"https:\/\/www.africa-press.net\/congo-brazzaville\/wp-json\/wp\/v2\/posts\/13651\/revisions"}],"wp:featuredmedia":[{"embeddable":true,"href":"https:\/\/www.africa-press.net\/congo-brazzaville\/wp-json\/wp\/v2\/media\/13650"}],"wp:attachment":[{"href":"https:\/\/www.africa-press.net\/congo-brazzaville\/wp-json\/wp\/v2\/media?parent=13651"}],"wp:term":[{"taxonomy":"category","embeddable":true,"href":"https:\/\/www.africa-press.net\/congo-brazzaville\/wp-json\/wp\/v2\/categories?post=13651"},{"taxonomy":"post_tag","embeddable":true,"href":"https:\/\/www.africa-press.net\/congo-brazzaville\/wp-json\/wp\/v2\/tags?post=13651"}],"curies":[{"name":"wp","href":"https:\/\/api.w.org\/{rel}","templated":true}]}}