{"id":13655,"date":"2023-01-23T21:06:17","date_gmt":"2023-01-23T21:06:17","guid":{"rendered":"https:\/\/www.africa-press.net\/congo-brazzaville\/politique\/vient-de-paraitre-un-livre-parle-de-nzongo-soul"},"modified":"2023-01-23T23:22:34","modified_gmt":"2023-01-23T23:22:34","slug":"vient-de-paraitre-un-livre-parle-de-nzongo-soul","status":"publish","type":"post","link":"https:\/\/www.africa-press.net\/congo-brazzaville\/culture-et-art\/vient-de-paraitre-un-livre-parle-de-nzongo-soul","title":{"rendered":"Vient de para\u00eetre : un livre parle de Nzongo Soul"},"content":{"rendered":"<p><span style=\"color: #ff6600\"><strong>Africa-Press &#8211; Congo Brazzaville. <\/strong><\/span><b>La pre\u0301sentation de l&rsquo;ouvrage <\/b>\u00ab Le livre de l\u2019Apprenti Sage \u00bb<b> posthume en hommage a\u0300 Nzongo Soul Wa Semo par son fils he\u0301ritier Nelson Nzongo a eu lieu la soire\u0301e du 21 janvier a\u0300 l\u2019Institut franc\u0327ais du Congo (IFC). <\/b><\/p>\n<p>De\u0301ce\u0301de\u0301 le 10 janvier 2018 a\u0300 l\u2019a\u0302ge de 62 ans a\u0300 Paris (France), cinq ans apre\u0300s, sa famille a re\u0301alise\u0301 ce qu\u2019il n\u2019a pas pu faire avant de quitter cette terre, la publication de son ouvrage. La ce\u0301re\u0301monie a de\u0301bute\u0301 par la pre\u0301sentation du livre de Nzongo Soul Wa Semo, intitule\u0301 \u00ab Le livre de l\u2019Apprenti Sage \u00bb par son fils Nelson Nzongo, suivie de la gene\u0300se de ce livre et sa carrie\u0300re musicale, par Ounine\u0301 Fred Jonas Matokot, de la diffusion de ces derniers enregistrements, des lectures de quelques textes de ce livre et enfin du projet autour de Nzongo\u2019 Soul Wa Semo explique\u0301 par Nelson Nzongo et Didier (l\u2019ami de Nzongo Soul). \u00ab Mon pe\u0300re e\u0301tait connu comme une star congolaise qui a re\u0301nove\u0301 la musique Kongo et le Walla. En dehors de son talent de musicien, il fut surtout un artiste qui avait des textes recherche\u0301s \u00bb, a de\u0301clare\u0301 Nelson Nzongo.<\/p>\n<p>Ce livre de 202 pages publie\u0301 aux e\u0301ditions Axis Mundi retrace l\u2019aventure d\u2019un enfant du Congo qui, apre\u0300s son passage a\u0300 la Sorbonne et a\u0300 l\u2019Olympia, re\u0302vait de cre\u0301er un pont entre les cultures et faire que toutes les diffe\u0301rences culturelles deviennent un socle commun a\u0300 travers une vision anthropologique universelle. C\u2019est l\u2019histoire d\u2019un artiste ce\u0301leste qui, avec sa guitare, proposa une vision moderne du monde a\u0300 travers \u00ab la musicosophie \u00bb.<\/p>\n<p>En effet, Wa Semo, plus connu sous le nom de Nzongo Soul, a eu le destin qu\u2019il souhaitait en e\u0301tant auteur, compositeur, interpre\u0300te. De\u0301butant a\u0300 17 ans sa carrie\u0300re musicale, il forme en 1977 a\u0300 Brazzaville les Walla Players et les fait gagner le Prix du Groupe d\u2019Afro Soul d\u2019Afrique centrale. Il cre\u0301e son propre style musical, novateur et urbain : le Walla ne\u0301 de la fusion des rythmes du peuple kongo, de la rumba congolaise, de la soul, du rock, du rythm and blues et du funk. En langue kongo, Walla signifie l\u2019e\u0301coute de la voix.<\/p>\n<p><b>Walla, la marque de la perfection absolue<\/b><\/p>\n<p>Pre\u0301sentant la carrie\u0300re musicale de Nzongo Soul Wa Semo, Ounine\u0301 Fred Jonas Matokot a commence\u0301 par expliquer e\u0301tymologiquement, en Kongo, ce que signifie Walla. Le verbe \u201cWa\u201d, a-t-il dit, indique l\u2019acte d\u2019e\u0301coute attentive. L\u2019exclamation \u201cLaa\u201d, quant a\u0300 elle, exprime l\u2019appre\u0301ciation collective de ce qui est conforme a\u0300 la norme. Cette expression est la marque de la perfection absolue qui ne peut e\u0302tre que divine. Le Walla se propose de mettre en relief la tradition orale africaine par une manie\u0300re d\u2019e\u0301couter, de penser, d\u2019agir fonde\u0301e sur la sagesse africaine. Cette sagesse qui milite pour la paix, l\u2019unite\u0301 et la re\u0301conciliation impose ne\u0301cessairement la purification, the\u0300me favori de la musique Walla.<\/p>\n<p>Ounine\u0301 Fred Jonas Matokot a en me\u0302me temps de\u0301cortique\u0301 la carrie\u0300re artistique de Nzongo Soul.\u00ab La musique de tous ceux qui nous ont quitte\u0301s, quel que soit le genre musical, continue d\u2019animer les jeunes ge\u0301ne\u0301rations. Aussi tous les amateurs de la bonne musique, les me\u0301ce\u0300nes, les sponsors et les responsables politiques doivent-ils comprendre et encourager les jeunes a\u0300 suivre les traces des aine\u0301s \u00bb, a-t-il souligne\u0301.<\/p>\n<p>Ami de Nzongo Soul depuis 1986, Didier a parle\u0301 de la gene\u0300se du livre. Pour lui, tout a de\u0301bute\u0301 lorsque Nzongo Soul a commence\u0301 a\u0300 fre\u0301quenter le Salon du livre de Paris, notamment par le biais du stand du Bassin du Congo, ou\u0300 il rencontrait les e\u0301crivains d\u2019Afrique centrale qui venaient pre\u0301senter leurs ouvrages. Et au fil du temps, Nzongo Soul a eu ce de\u0301sir de faire partie de ces e\u0301crivains et de se pre\u0301senter au public par rapport a\u0300 la musique. \u00ab Malheureusement, il nous a quitte\u0301s en 2018 en nous laissant un manuscrit. Et nous avons travaille\u0301 avec Nelson pour le mettre dans la forme actuelle, en de\u0301cidant de faire une coe\u0301dition \u00bb, a-t-il explique\u0301.<\/p>\n<p><img loading=\"lazy\" decoding=\"async\" width=\"558\" height=\"899\" class=\"alignnone wp-image-13653 size-full\" src=\"https:\/\/static.africa-press.net\/congo-brazzaville\/sites\/51\/2023\/01\/postMediaimg_63_2-63cf166ab4a44.jpg\" srcset=\"https:\/\/static.africa-press.net\/congo-brazzaville\/sites\/51\/2023\/01\/postMediaimg_63_2-63cf166ab4a44.jpg 558w, https:\/\/static.africa-press.net\/congo-brazzaville\/sites\/51\/2023\/01\/postMediaimg_63_2-63cf166ab4a44-186x300.jpg 186w\" sizes=\"auto, (max-width: 558px) 100vw, 558px\" \/><\/p>\n<p><strong>Pour plus d&rsquo;informations et d&rsquo;analyses sur la <a href=\"https:\/\/www.africa-press.net\/congo-brazzaville\">Congo Brazzaville<\/a>, suivez <a href=\"https:\/\/www.africa-press.net\/\">Africa-Press<\/a><\/strong><\/p>\n","protected":false},"excerpt":{"rendered":"<p>Africa-Press &#8211; Congo Brazzaville. La pre\u0301sentation de l&rsquo;ouvrage \u00ab Le livre de l\u2019Apprenti Sage \u00bb posthume en hommage a\u0300 Nzongo Soul Wa Semo par son fils he\u0301ritier Nelson Nzongo a eu lieu la soire\u0301e du 21 janvier a\u0300 l\u2019Institut franc\u0327ais du Congo (IFC). De\u0301ce\u0301de\u0301 le 10 janvier 2018 a\u0300 l\u2019a\u0302ge de 62 ans a\u0300 Paris [&hellip;]<\/p>\n","protected":false},"author":82,"featured_media":13654,"comment_status":"open","ping_status":"closed","sticky":false,"template":"","format":"standard","meta":{"footnotes":""},"categories":[5,10],"tags":[36,47,46],"class_list":["post-13655","post","type-post","status-publish","format-standard","has-post-thumbnail","hentry","category-culture-et-art","category-toutes-les-actualites","tag-africa-press","tag-africa-press-congo-brazzaville","tag-congo-brazzaville"],"yoast_head":"<!-- This site is optimized with the Yoast SEO Premium plugin v26.1 (Yoast SEO v27.0) - https:\/\/yoast.com\/product\/yoast-seo-premium-wordpress\/ -->\n<title>Vient de para\u00eetre : un livre parle de Nzongo Soul - Congo Brazzaville<\/title>\n<meta name=\"description\" content=\"La pre\u0301sentation de l&#039;ouvrage \u00ab Le livre de l\u2019Apprenti Sage \u00bb posthume en hommage a\u0300 Nzongo Soul Wa Semo par s ...\" \/>\n<meta name=\"robots\" content=\"index, follow, max-snippet:-1, max-image-preview:large, max-video-preview:-1\" \/>\n<link rel=\"canonical\" href=\"https:\/\/www.africa-press.net\/congo-brazzaville\/culture-et-art\/vient-de-paraitre-un-livre-parle-de-nzongo-soul\" \/>\n<meta property=\"og:locale\" content=\"fr_FR\" \/>\n<meta property=\"og:type\" content=\"article\" \/>\n<meta property=\"og:title\" content=\"Vient de para\u00eetre : un livre parle de Nzongo Soul\" \/>\n<meta property=\"og:description\" content=\"La pre\u0301sentation de l&#039;ouvrage \u00ab Le livre de l\u2019Apprenti Sage \u00bb posthume en hommage a\u0300 Nzongo Soul Wa Semo par s ...\" \/>\n<meta property=\"og:url\" content=\"https:\/\/www.africa-press.net\/congo-brazzaville\/culture-et-art\/vient-de-paraitre-un-livre-parle-de-nzongo-soul\" \/>\n<meta property=\"og:site_name\" content=\"Congo Brazzaville\" \/>\n<meta property=\"article:published_time\" content=\"2023-01-23T21:06:17+00:00\" \/>\n<meta property=\"article:modified_time\" content=\"2023-01-23T23:22:34+00:00\" \/>\n<meta property=\"og:image\" content=\"https:\/\/static.africa-press.net\/congo-brazzaville\/sites\/51\/2023\/01\/postQueueImg_1674495388.57.jpg\" \/>\n\t<meta property=\"og:image:width\" content=\"1280\" \/>\n\t<meta property=\"og:image:height\" content=\"720\" \/>\n\t<meta property=\"og:image:type\" content=\"image\/jpeg\" \/>\n<meta name=\"author\" content=\"cfeditorfr\" \/>\n<meta name=\"twitter:card\" content=\"summary_large_image\" \/>\n<meta name=\"twitter:label1\" content=\"\u00c9crit par\" \/>\n\t<meta name=\"twitter:data1\" content=\"cfeditorfr\" \/>\n\t<meta name=\"twitter:label2\" content=\"Dur\u00e9e de lecture estim\u00e9e\" \/>\n\t<meta name=\"twitter:data2\" content=\"4 minutes\" \/>\n<script type=\"application\/ld+json\" class=\"yoast-schema-graph\">{\"@context\":\"https:\/\/schema.org\",\"@graph\":[{\"@type\":\"Article\",\"@id\":\"https:\/\/www.africa-press.net\/congo-brazzaville\/culture-et-art\/vient-de-paraitre-un-livre-parle-de-nzongo-soul#article\",\"isPartOf\":{\"@id\":\"https:\/\/www.africa-press.net\/congo-brazzaville\/culture-et-art\/vient-de-paraitre-un-livre-parle-de-nzongo-soul\"},\"author\":{\"name\":\"cfeditorfr\",\"@id\":\"https:\/\/www.africa-press.net\/congo-brazzaville\/#\/schema\/person\/2b1cf3cd81a31e3cd26889ca66d677f1\"},\"headline\":\"Vient de para\u00eetre : un livre parle de Nzongo Soul\",\"datePublished\":\"2023-01-23T21:06:17+00:00\",\"dateModified\":\"2023-01-23T23:22:34+00:00\",\"mainEntityOfPage\":{\"@id\":\"https:\/\/www.africa-press.net\/congo-brazzaville\/culture-et-art\/vient-de-paraitre-un-livre-parle-de-nzongo-soul\"},\"wordCount\":758,\"commentCount\":0,\"image\":{\"@id\":\"https:\/\/www.africa-press.net\/congo-brazzaville\/culture-et-art\/vient-de-paraitre-un-livre-parle-de-nzongo-soul#primaryimage\"},\"thumbnailUrl\":\"https:\/\/static.africa-press.net\/congo-brazzaville\/sites\/51\/2023\/01\/postQueueImg_1674495388.57.jpg\",\"keywords\":[\"Africa Press\",\"Africa Press-Congo Brazzaville\",\"Congo Brazzaville\"],\"articleSection\":[\"Culture et Art\",\"Toutes les actualit\u00e9s\"],\"inLanguage\":\"fr-FR\",\"potentialAction\":[{\"@type\":\"CommentAction\",\"name\":\"Comment\",\"target\":[\"https:\/\/www.africa-press.net\/congo-brazzaville\/culture-et-art\/vient-de-paraitre-un-livre-parle-de-nzongo-soul#respond\"]}]},{\"@type\":\"WebPage\",\"@id\":\"https:\/\/www.africa-press.net\/congo-brazzaville\/culture-et-art\/vient-de-paraitre-un-livre-parle-de-nzongo-soul\",\"url\":\"https:\/\/www.africa-press.net\/congo-brazzaville\/culture-et-art\/vient-de-paraitre-un-livre-parle-de-nzongo-soul\",\"name\":\"Vient de para\u00eetre : un livre parle de Nzongo Soul - Congo Brazzaville\",\"isPartOf\":{\"@id\":\"https:\/\/www.africa-press.net\/congo-brazzaville\/#website\"},\"primaryImageOfPage\":{\"@id\":\"https:\/\/www.africa-press.net\/congo-brazzaville\/culture-et-art\/vient-de-paraitre-un-livre-parle-de-nzongo-soul#primaryimage\"},\"image\":{\"@id\":\"https:\/\/www.africa-press.net\/congo-brazzaville\/culture-et-art\/vient-de-paraitre-un-livre-parle-de-nzongo-soul#primaryimage\"},\"thumbnailUrl\":\"https:\/\/static.africa-press.net\/congo-brazzaville\/sites\/51\/2023\/01\/postQueueImg_1674495388.57.jpg\",\"datePublished\":\"2023-01-23T21:06:17+00:00\",\"dateModified\":\"2023-01-23T23:22:34+00:00\",\"author\":{\"@id\":\"https:\/\/www.africa-press.net\/congo-brazzaville\/#\/schema\/person\/2b1cf3cd81a31e3cd26889ca66d677f1\"},\"description\":\"La pre\u0301sentation de l'ouvrage \u00ab Le livre de l\u2019Apprenti Sage \u00bb posthume en hommage a\u0300 Nzongo Soul Wa Semo par s ...\",\"breadcrumb\":{\"@id\":\"https:\/\/www.africa-press.net\/congo-brazzaville\/culture-et-art\/vient-de-paraitre-un-livre-parle-de-nzongo-soul#breadcrumb\"},\"inLanguage\":\"fr-FR\",\"potentialAction\":[{\"@type\":\"ReadAction\",\"target\":[\"https:\/\/www.africa-press.net\/congo-brazzaville\/culture-et-art\/vient-de-paraitre-un-livre-parle-de-nzongo-soul\"]}]},{\"@type\":\"ImageObject\",\"inLanguage\":\"fr-FR\",\"@id\":\"https:\/\/www.africa-press.net\/congo-brazzaville\/culture-et-art\/vient-de-paraitre-un-livre-parle-de-nzongo-soul#primaryimage\",\"url\":\"https:\/\/static.africa-press.net\/congo-brazzaville\/sites\/51\/2023\/01\/postQueueImg_1674495388.57.jpg\",\"contentUrl\":\"https:\/\/static.africa-press.net\/congo-brazzaville\/sites\/51\/2023\/01\/postQueueImg_1674495388.57.jpg\",\"width\":1280,\"height\":720,\"caption\":\"Vient de para\u00eetre : un livre parle de Nzongo Soul\"},{\"@type\":\"BreadcrumbList\",\"@id\":\"https:\/\/www.africa-press.net\/congo-brazzaville\/culture-et-art\/vient-de-paraitre-un-livre-parle-de-nzongo-soul#breadcrumb\",\"itemListElement\":[{\"@type\":\"ListItem\",\"position\":1,\"name\":\"Accueil\",\"item\":\"https:\/\/www.africa-press.net\/congo-brazzaville\/\"},{\"@type\":\"ListItem\",\"position\":2,\"name\":\"Vient de para\u00eetre : un livre parle de Nzongo Soul\"}]},{\"@type\":\"WebSite\",\"@id\":\"https:\/\/www.africa-press.net\/congo-brazzaville\/#website\",\"url\":\"https:\/\/www.africa-press.net\/congo-brazzaville\/\",\"name\":\"Congo Brazzaville\",\"description\":\"Just another Africa News Agency Sites site\",\"potentialAction\":[{\"@type\":\"SearchAction\",\"target\":{\"@type\":\"EntryPoint\",\"urlTemplate\":\"https:\/\/www.africa-press.net\/congo-brazzaville\/?s={search_term_string}\"},\"query-input\":{\"@type\":\"PropertyValueSpecification\",\"valueRequired\":true,\"valueName\":\"search_term_string\"}}],\"inLanguage\":\"fr-FR\"},{\"@type\":\"Person\",\"@id\":\"https:\/\/www.africa-press.net\/congo-brazzaville\/#\/schema\/person\/2b1cf3cd81a31e3cd26889ca66d677f1\",\"name\":\"cfeditorfr\"}]}<\/script>\n<!-- \/ Yoast SEO Premium plugin. -->","yoast_head_json":{"title":"Vient de para\u00eetre : un livre parle de Nzongo Soul - Congo Brazzaville","description":"La pre\u0301sentation de l'ouvrage \u00ab Le livre de l\u2019Apprenti Sage \u00bb posthume en hommage a\u0300 Nzongo Soul Wa Semo par s ...","robots":{"index":"index","follow":"follow","max-snippet":"max-snippet:-1","max-image-preview":"max-image-preview:large","max-video-preview":"max-video-preview:-1"},"canonical":"https:\/\/www.africa-press.net\/congo-brazzaville\/culture-et-art\/vient-de-paraitre-un-livre-parle-de-nzongo-soul","og_locale":"fr_FR","og_type":"article","og_title":"Vient de para\u00eetre : un livre parle de Nzongo Soul","og_description":"La pre\u0301sentation de l'ouvrage \u00ab Le livre de l\u2019Apprenti Sage \u00bb posthume en hommage a\u0300 Nzongo Soul Wa Semo par s ...","og_url":"https:\/\/www.africa-press.net\/congo-brazzaville\/culture-et-art\/vient-de-paraitre-un-livre-parle-de-nzongo-soul","og_site_name":"Congo Brazzaville","article_published_time":"2023-01-23T21:06:17+00:00","article_modified_time":"2023-01-23T23:22:34+00:00","og_image":[{"width":1280,"height":720,"url":"https:\/\/static.africa-press.net\/congo-brazzaville\/sites\/51\/2023\/01\/postQueueImg_1674495388.57.jpg","type":"image\/jpeg"}],"author":"cfeditorfr","twitter_card":"summary_large_image","twitter_misc":{"\u00c9crit par":"cfeditorfr","Dur\u00e9e de lecture estim\u00e9e":"4 minutes"},"schema":{"@context":"https:\/\/schema.org","@graph":[{"@type":"Article","@id":"https:\/\/www.africa-press.net\/congo-brazzaville\/culture-et-art\/vient-de-paraitre-un-livre-parle-de-nzongo-soul#article","isPartOf":{"@id":"https:\/\/www.africa-press.net\/congo-brazzaville\/culture-et-art\/vient-de-paraitre-un-livre-parle-de-nzongo-soul"},"author":{"name":"cfeditorfr","@id":"https:\/\/www.africa-press.net\/congo-brazzaville\/#\/schema\/person\/2b1cf3cd81a31e3cd26889ca66d677f1"},"headline":"Vient de para\u00eetre : un livre parle de Nzongo Soul","datePublished":"2023-01-23T21:06:17+00:00","dateModified":"2023-01-23T23:22:34+00:00","mainEntityOfPage":{"@id":"https:\/\/www.africa-press.net\/congo-brazzaville\/culture-et-art\/vient-de-paraitre-un-livre-parle-de-nzongo-soul"},"wordCount":758,"commentCount":0,"image":{"@id":"https:\/\/www.africa-press.net\/congo-brazzaville\/culture-et-art\/vient-de-paraitre-un-livre-parle-de-nzongo-soul#primaryimage"},"thumbnailUrl":"https:\/\/static.africa-press.net\/congo-brazzaville\/sites\/51\/2023\/01\/postQueueImg_1674495388.57.jpg","keywords":["Africa Press","Africa Press-Congo Brazzaville","Congo Brazzaville"],"articleSection":["Culture et Art","Toutes les actualit\u00e9s"],"inLanguage":"fr-FR","potentialAction":[{"@type":"CommentAction","name":"Comment","target":["https:\/\/www.africa-press.net\/congo-brazzaville\/culture-et-art\/vient-de-paraitre-un-livre-parle-de-nzongo-soul#respond"]}]},{"@type":"WebPage","@id":"https:\/\/www.africa-press.net\/congo-brazzaville\/culture-et-art\/vient-de-paraitre-un-livre-parle-de-nzongo-soul","url":"https:\/\/www.africa-press.net\/congo-brazzaville\/culture-et-art\/vient-de-paraitre-un-livre-parle-de-nzongo-soul","name":"Vient de para\u00eetre : un livre parle de Nzongo Soul - Congo Brazzaville","isPartOf":{"@id":"https:\/\/www.africa-press.net\/congo-brazzaville\/#website"},"primaryImageOfPage":{"@id":"https:\/\/www.africa-press.net\/congo-brazzaville\/culture-et-art\/vient-de-paraitre-un-livre-parle-de-nzongo-soul#primaryimage"},"image":{"@id":"https:\/\/www.africa-press.net\/congo-brazzaville\/culture-et-art\/vient-de-paraitre-un-livre-parle-de-nzongo-soul#primaryimage"},"thumbnailUrl":"https:\/\/static.africa-press.net\/congo-brazzaville\/sites\/51\/2023\/01\/postQueueImg_1674495388.57.jpg","datePublished":"2023-01-23T21:06:17+00:00","dateModified":"2023-01-23T23:22:34+00:00","author":{"@id":"https:\/\/www.africa-press.net\/congo-brazzaville\/#\/schema\/person\/2b1cf3cd81a31e3cd26889ca66d677f1"},"description":"La pre\u0301sentation de l'ouvrage \u00ab Le livre de l\u2019Apprenti Sage \u00bb posthume en hommage a\u0300 Nzongo Soul Wa Semo par s ...","breadcrumb":{"@id":"https:\/\/www.africa-press.net\/congo-brazzaville\/culture-et-art\/vient-de-paraitre-un-livre-parle-de-nzongo-soul#breadcrumb"},"inLanguage":"fr-FR","potentialAction":[{"@type":"ReadAction","target":["https:\/\/www.africa-press.net\/congo-brazzaville\/culture-et-art\/vient-de-paraitre-un-livre-parle-de-nzongo-soul"]}]},{"@type":"ImageObject","inLanguage":"fr-FR","@id":"https:\/\/www.africa-press.net\/congo-brazzaville\/culture-et-art\/vient-de-paraitre-un-livre-parle-de-nzongo-soul#primaryimage","url":"https:\/\/static.africa-press.net\/congo-brazzaville\/sites\/51\/2023\/01\/postQueueImg_1674495388.57.jpg","contentUrl":"https:\/\/static.africa-press.net\/congo-brazzaville\/sites\/51\/2023\/01\/postQueueImg_1674495388.57.jpg","width":1280,"height":720,"caption":"Vient de para\u00eetre : un livre parle de Nzongo Soul"},{"@type":"BreadcrumbList","@id":"https:\/\/www.africa-press.net\/congo-brazzaville\/culture-et-art\/vient-de-paraitre-un-livre-parle-de-nzongo-soul#breadcrumb","itemListElement":[{"@type":"ListItem","position":1,"name":"Accueil","item":"https:\/\/www.africa-press.net\/congo-brazzaville\/"},{"@type":"ListItem","position":2,"name":"Vient de para\u00eetre : un livre parle de Nzongo Soul"}]},{"@type":"WebSite","@id":"https:\/\/www.africa-press.net\/congo-brazzaville\/#website","url":"https:\/\/www.africa-press.net\/congo-brazzaville\/","name":"Congo Brazzaville","description":"Just another Africa News Agency Sites site","potentialAction":[{"@type":"SearchAction","target":{"@type":"EntryPoint","urlTemplate":"https:\/\/www.africa-press.net\/congo-brazzaville\/?s={search_term_string}"},"query-input":{"@type":"PropertyValueSpecification","valueRequired":true,"valueName":"search_term_string"}}],"inLanguage":"fr-FR"},{"@type":"Person","@id":"https:\/\/www.africa-press.net\/congo-brazzaville\/#\/schema\/person\/2b1cf3cd81a31e3cd26889ca66d677f1","name":"cfeditorfr"}]}},"_links":{"self":[{"href":"https:\/\/www.africa-press.net\/congo-brazzaville\/wp-json\/wp\/v2\/posts\/13655","targetHints":{"allow":["GET"]}}],"collection":[{"href":"https:\/\/www.africa-press.net\/congo-brazzaville\/wp-json\/wp\/v2\/posts"}],"about":[{"href":"https:\/\/www.africa-press.net\/congo-brazzaville\/wp-json\/wp\/v2\/types\/post"}],"author":[{"embeddable":true,"href":"https:\/\/www.africa-press.net\/congo-brazzaville\/wp-json\/wp\/v2\/users\/82"}],"replies":[{"embeddable":true,"href":"https:\/\/www.africa-press.net\/congo-brazzaville\/wp-json\/wp\/v2\/comments?post=13655"}],"version-history":[{"count":0,"href":"https:\/\/www.africa-press.net\/congo-brazzaville\/wp-json\/wp\/v2\/posts\/13655\/revisions"}],"wp:featuredmedia":[{"embeddable":true,"href":"https:\/\/www.africa-press.net\/congo-brazzaville\/wp-json\/wp\/v2\/media\/13654"}],"wp:attachment":[{"href":"https:\/\/www.africa-press.net\/congo-brazzaville\/wp-json\/wp\/v2\/media?parent=13655"}],"wp:term":[{"taxonomy":"category","embeddable":true,"href":"https:\/\/www.africa-press.net\/congo-brazzaville\/wp-json\/wp\/v2\/categories?post=13655"},{"taxonomy":"post_tag","embeddable":true,"href":"https:\/\/www.africa-press.net\/congo-brazzaville\/wp-json\/wp\/v2\/tags?post=13655"}],"curies":[{"name":"wp","href":"https:\/\/api.w.org\/{rel}","templated":true}]}}