{"id":13658,"date":"2023-01-23T21:06:31","date_gmt":"2023-01-23T21:06:31","guid":{"rendered":"https:\/\/www.africa-press.net\/congo-brazzaville\/politique\/infrastructures-lavenue-des-caravanes-en-etat-de-degradation"},"modified":"2023-01-23T23:24:39","modified_gmt":"2023-01-23T23:24:39","slug":"infrastructures-lavenue-des-caravanes-en-etat-de-degradation","status":"publish","type":"post","link":"https:\/\/www.africa-press.net\/congo-brazzaville\/toutes-les-actualites\/infrastructures-lavenue-des-caravanes-en-etat-de-degradation","title":{"rendered":"Infrastructures : l\u2019avenue des caravanes en \u00e9tat de d\u00e9gradation"},"content":{"rendered":"<p><span style=\"color: #ff6600\"><strong>Africa-Press &#8211; Congo Brazzaville. <\/strong><\/span><b>Situe\u0301e dans le sixie\u0300me arrondissement de Pointe-Noire, Ngoyo, l\u2019avenue des caravanes est en mauvais e\u0301tat et le transport en commun sur cette avenue devient de plus en plus difficile.<\/b><\/p>\n<p>L\u2019avenue des caravanes traverse trois grands quartiers, Tchimani, Tchimbambouka et Ngoyo Pe\u0301age. Elle connai\u0302t, depuis de nombreuses anne\u0301es, des e\u0301coulements des eaux pluviales importants dans sa plus grande partie.<\/p>\n<p>En 2013, la commune a de\u0301cide\u0301 de re\u0301inventer cette voie en investissant dans la re\u0301alisation des canalisations afin de guider les eaux de ruissellement vers des espaces moins vulne\u0301rables. Malheureusement, ces travaux ont e\u0301te\u0301 plusieurs fois interrompus avant d\u2019e\u0302tre de\u0301finitivement stoppe\u0301s.<\/p>\n<p>En 2020, la nouvelle e\u0301quipe municipale dirige\u0301e par Jean Franc\u0327ois Kando de\u0301cide de finaliser ces travaux initie\u0301s par la mandature pre\u0301ce\u0301dente mais ils ont e\u0301te\u0301 une fois de plus stoppe\u0301s.<\/p>\n<p>Aujourd\u2019hui, l\u2019administration communale a une nouvelle repre\u0301sentation et la population a de\u0301cide\u0301 de se plaindre aupre\u0300s d\u2019elle pour la reprise urgente des travaux d&rsquo;asphaltage de ce tronc\u0327on qui se sont arre\u0302te\u0301s au niveau du terrassement.<\/p>\n<p>Les transporteurs affirment que l\u2019e\u0301tat de cette route est a\u0300 la base de plusieurs pannes de leurs ve\u0301hicules. Par endroit, cette route ressemble a\u0300 une rivie\u0300re, l\u2019eau et la boue sont partout, empe\u0302chant la libre-circulation des personnes et des biens dans cette zone.<\/p>\n<p>La population riveraine, quant a\u0300 elle, s\u2019inquie\u0300te de son sort, particulie\u0300rement en cette saison pluvieuse. Elle se plaint de la pre\u0301sence de la boue qui gagne progressivement les habitations et empe\u0302che de circuler normalement. \u00ab Cette route se de\u0301grade du jour au jour. Nous vivons dans un quartier enclave\u0301. Nous sommes abandonne\u0301s par tous. On n&rsquo;y peut plus. Si les autorite\u0301s sont soucieuses de nous, qu&rsquo;elles cherchent a\u0300 ame\u0301liorer cette voie \u00bb, ont dit les habitants.<\/p>\n<p>L\u2019avenue des caravanes constitue un itine\u0301raire culturel historique fort significatif non seulement pour la Re\u0301publique du Congo mais e\u0301galement pour les pays environnants et pour la diaspora historique des Afro-descendants. Cette route est un te\u0301moignage vivant et inte\u0300gre de la traite ne\u0301grie\u0300re transatlantique dont les effets relativement tragiques demeurent grave\u0301s dans la me\u0301moire collective africaine et, par-dela\u0300 le continent, de l\u2019humanite\u0301. Jadis, les caravanes d\u2019esclaves empruntaient cette route pour atteindre la co\u0302te ou\u0300 ils e\u0301taient embarque\u0301s sur des navires ne\u0301griers. D\u2019ou\u0300 l\u2019importance de la re\u0301habiliter afin de conserver le livre de cette histoire dont le Congo demeure la bibliothe\u0300que.<\/p>\n<p><strong>Pour plus d&rsquo;informations et d&rsquo;analyses sur la <a href=\"https:\/\/www.africa-press.net\/congo-brazzaville\">Congo Brazzaville<\/a>, suivez <a href=\"https:\/\/www.africa-press.net\/\">Africa-Press<\/a><\/strong><\/p>\n","protected":false},"excerpt":{"rendered":"<p>Africa-Press &#8211; Congo Brazzaville. Situe\u0301e dans le sixie\u0300me arrondissement de Pointe-Noire, Ngoyo, l\u2019avenue des caravanes est en mauvais e\u0301tat et le transport en commun sur cette avenue devient de plus en plus difficile. L\u2019avenue des caravanes traverse trois grands quartiers, Tchimani, Tchimbambouka et Ngoyo Pe\u0301age. Elle connai\u0302t, depuis de nombreuses anne\u0301es, des e\u0301coulements des eaux [&hellip;]<\/p>\n","protected":false},"author":82,"featured_media":13657,"comment_status":"open","ping_status":"closed","sticky":false,"template":"","format":"standard","meta":{"footnotes":""},"categories":[21,10],"tags":[36,47,46],"class_list":["post-13658","post","type-post","status-publish","format-standard","has-post-thumbnail","hentry","category-communaute","category-toutes-les-actualites","tag-africa-press","tag-africa-press-congo-brazzaville","tag-congo-brazzaville"],"yoast_head":"<!-- This site is optimized with the Yoast SEO Premium plugin v26.1 (Yoast SEO v27.0) - https:\/\/yoast.com\/product\/yoast-seo-premium-wordpress\/ -->\n<title>Infrastructures : l\u2019avenue des caravanes en \u00e9tat de d\u00e9gradation - Congo Brazzaville<\/title>\n<meta name=\"description\" content=\"Situe\u0301e dans le sixie\u0300me arrondissement de Pointe-Noire, Ngoyo, l\u2019avenue des caravanes est en mauvais e\u0301tat et le tra ...\" \/>\n<meta name=\"robots\" content=\"index, follow, max-snippet:-1, max-image-preview:large, max-video-preview:-1\" \/>\n<link rel=\"canonical\" href=\"https:\/\/www.africa-press.net\/congo-brazzaville\/toutes-les-actualites\/infrastructures-lavenue-des-caravanes-en-etat-de-degradation\" \/>\n<meta property=\"og:locale\" content=\"fr_FR\" \/>\n<meta property=\"og:type\" content=\"article\" \/>\n<meta property=\"og:title\" content=\"Infrastructures : l\u2019avenue des caravanes en \u00e9tat de d\u00e9gradation\" \/>\n<meta property=\"og:description\" content=\"Situe\u0301e dans le sixie\u0300me arrondissement de Pointe-Noire, Ngoyo, l\u2019avenue des caravanes est en mauvais e\u0301tat et le tra ...\" \/>\n<meta property=\"og:url\" content=\"https:\/\/www.africa-press.net\/congo-brazzaville\/toutes-les-actualites\/infrastructures-lavenue-des-caravanes-en-etat-de-degradation\" \/>\n<meta property=\"og:site_name\" content=\"Congo Brazzaville\" \/>\n<meta property=\"article:published_time\" content=\"2023-01-23T21:06:31+00:00\" \/>\n<meta property=\"article:modified_time\" content=\"2023-01-23T23:24:39+00:00\" \/>\n<meta property=\"og:image\" content=\"https:\/\/static.africa-press.net\/congo-brazzaville\/sites\/51\/2023\/01\/postQueueImg_1674495396.45.jpg\" \/>\n\t<meta property=\"og:image:width\" content=\"1600\" \/>\n\t<meta property=\"og:image:height\" content=\"1200\" \/>\n\t<meta property=\"og:image:type\" content=\"image\/jpeg\" \/>\n<meta name=\"author\" content=\"cfeditorfr\" \/>\n<meta name=\"twitter:card\" content=\"summary_large_image\" \/>\n<meta name=\"twitter:label1\" content=\"\u00c9crit par\" \/>\n\t<meta name=\"twitter:data1\" content=\"cfeditorfr\" \/>\n\t<meta name=\"twitter:label2\" content=\"Dur\u00e9e de lecture estim\u00e9e\" \/>\n\t<meta name=\"twitter:data2\" content=\"2 minutes\" \/>\n<script type=\"application\/ld+json\" class=\"yoast-schema-graph\">{\"@context\":\"https:\/\/schema.org\",\"@graph\":[{\"@type\":\"Article\",\"@id\":\"https:\/\/www.africa-press.net\/congo-brazzaville\/toutes-les-actualites\/infrastructures-lavenue-des-caravanes-en-etat-de-degradation#article\",\"isPartOf\":{\"@id\":\"https:\/\/www.africa-press.net\/congo-brazzaville\/toutes-les-actualites\/infrastructures-lavenue-des-caravanes-en-etat-de-degradation\"},\"author\":{\"name\":\"cfeditorfr\",\"@id\":\"https:\/\/www.africa-press.net\/congo-brazzaville\/#\/schema\/person\/2b1cf3cd81a31e3cd26889ca66d677f1\"},\"headline\":\"Infrastructures : l\u2019avenue des caravanes en \u00e9tat de d\u00e9gradation\",\"datePublished\":\"2023-01-23T21:06:31+00:00\",\"dateModified\":\"2023-01-23T23:24:39+00:00\",\"mainEntityOfPage\":{\"@id\":\"https:\/\/www.africa-press.net\/congo-brazzaville\/toutes-les-actualites\/infrastructures-lavenue-des-caravanes-en-etat-de-degradation\"},\"wordCount\":479,\"commentCount\":0,\"image\":{\"@id\":\"https:\/\/www.africa-press.net\/congo-brazzaville\/toutes-les-actualites\/infrastructures-lavenue-des-caravanes-en-etat-de-degradation#primaryimage\"},\"thumbnailUrl\":\"https:\/\/static.africa-press.net\/congo-brazzaville\/sites\/51\/2023\/01\/postQueueImg_1674495396.45.jpg\",\"keywords\":[\"Africa Press\",\"Africa Press-Congo Brazzaville\",\"Congo Brazzaville\"],\"articleSection\":[\"Communaut\u00e9\",\"Toutes les actualit\u00e9s\"],\"inLanguage\":\"fr-FR\",\"potentialAction\":[{\"@type\":\"CommentAction\",\"name\":\"Comment\",\"target\":[\"https:\/\/www.africa-press.net\/congo-brazzaville\/toutes-les-actualites\/infrastructures-lavenue-des-caravanes-en-etat-de-degradation#respond\"]}]},{\"@type\":\"WebPage\",\"@id\":\"https:\/\/www.africa-press.net\/congo-brazzaville\/toutes-les-actualites\/infrastructures-lavenue-des-caravanes-en-etat-de-degradation\",\"url\":\"https:\/\/www.africa-press.net\/congo-brazzaville\/toutes-les-actualites\/infrastructures-lavenue-des-caravanes-en-etat-de-degradation\",\"name\":\"Infrastructures : l\u2019avenue des caravanes en \u00e9tat de d\u00e9gradation - Congo Brazzaville\",\"isPartOf\":{\"@id\":\"https:\/\/www.africa-press.net\/congo-brazzaville\/#website\"},\"primaryImageOfPage\":{\"@id\":\"https:\/\/www.africa-press.net\/congo-brazzaville\/toutes-les-actualites\/infrastructures-lavenue-des-caravanes-en-etat-de-degradation#primaryimage\"},\"image\":{\"@id\":\"https:\/\/www.africa-press.net\/congo-brazzaville\/toutes-les-actualites\/infrastructures-lavenue-des-caravanes-en-etat-de-degradation#primaryimage\"},\"thumbnailUrl\":\"https:\/\/static.africa-press.net\/congo-brazzaville\/sites\/51\/2023\/01\/postQueueImg_1674495396.45.jpg\",\"datePublished\":\"2023-01-23T21:06:31+00:00\",\"dateModified\":\"2023-01-23T23:24:39+00:00\",\"author\":{\"@id\":\"https:\/\/www.africa-press.net\/congo-brazzaville\/#\/schema\/person\/2b1cf3cd81a31e3cd26889ca66d677f1\"},\"description\":\"Situe\u0301e dans le sixie\u0300me arrondissement de Pointe-Noire, Ngoyo, l\u2019avenue des caravanes est en mauvais e\u0301tat et le tra ...\",\"breadcrumb\":{\"@id\":\"https:\/\/www.africa-press.net\/congo-brazzaville\/toutes-les-actualites\/infrastructures-lavenue-des-caravanes-en-etat-de-degradation#breadcrumb\"},\"inLanguage\":\"fr-FR\",\"potentialAction\":[{\"@type\":\"ReadAction\",\"target\":[\"https:\/\/www.africa-press.net\/congo-brazzaville\/toutes-les-actualites\/infrastructures-lavenue-des-caravanes-en-etat-de-degradation\"]}]},{\"@type\":\"ImageObject\",\"inLanguage\":\"fr-FR\",\"@id\":\"https:\/\/www.africa-press.net\/congo-brazzaville\/toutes-les-actualites\/infrastructures-lavenue-des-caravanes-en-etat-de-degradation#primaryimage\",\"url\":\"https:\/\/static.africa-press.net\/congo-brazzaville\/sites\/51\/2023\/01\/postQueueImg_1674495396.45.jpg\",\"contentUrl\":\"https:\/\/static.africa-press.net\/congo-brazzaville\/sites\/51\/2023\/01\/postQueueImg_1674495396.45.jpg\",\"width\":1600,\"height\":1200,\"caption\":\"Infrastructures : l\u2019avenue des caravanes en \u00e9tat de d\u00e9gradation\"},{\"@type\":\"BreadcrumbList\",\"@id\":\"https:\/\/www.africa-press.net\/congo-brazzaville\/toutes-les-actualites\/infrastructures-lavenue-des-caravanes-en-etat-de-degradation#breadcrumb\",\"itemListElement\":[{\"@type\":\"ListItem\",\"position\":1,\"name\":\"Accueil\",\"item\":\"https:\/\/www.africa-press.net\/congo-brazzaville\/\"},{\"@type\":\"ListItem\",\"position\":2,\"name\":\"Infrastructures : l\u2019avenue des caravanes en \u00e9tat de d\u00e9gradation\"}]},{\"@type\":\"WebSite\",\"@id\":\"https:\/\/www.africa-press.net\/congo-brazzaville\/#website\",\"url\":\"https:\/\/www.africa-press.net\/congo-brazzaville\/\",\"name\":\"Congo Brazzaville\",\"description\":\"Just another Africa News Agency Sites site\",\"potentialAction\":[{\"@type\":\"SearchAction\",\"target\":{\"@type\":\"EntryPoint\",\"urlTemplate\":\"https:\/\/www.africa-press.net\/congo-brazzaville\/?s={search_term_string}\"},\"query-input\":{\"@type\":\"PropertyValueSpecification\",\"valueRequired\":true,\"valueName\":\"search_term_string\"}}],\"inLanguage\":\"fr-FR\"},{\"@type\":\"Person\",\"@id\":\"https:\/\/www.africa-press.net\/congo-brazzaville\/#\/schema\/person\/2b1cf3cd81a31e3cd26889ca66d677f1\",\"name\":\"cfeditorfr\"}]}<\/script>\n<!-- \/ Yoast SEO Premium plugin. -->","yoast_head_json":{"title":"Infrastructures : l\u2019avenue des caravanes en \u00e9tat de d\u00e9gradation - Congo Brazzaville","description":"Situe\u0301e dans le sixie\u0300me arrondissement de Pointe-Noire, Ngoyo, l\u2019avenue des caravanes est en mauvais e\u0301tat et le tra ...","robots":{"index":"index","follow":"follow","max-snippet":"max-snippet:-1","max-image-preview":"max-image-preview:large","max-video-preview":"max-video-preview:-1"},"canonical":"https:\/\/www.africa-press.net\/congo-brazzaville\/toutes-les-actualites\/infrastructures-lavenue-des-caravanes-en-etat-de-degradation","og_locale":"fr_FR","og_type":"article","og_title":"Infrastructures : l\u2019avenue des caravanes en \u00e9tat de d\u00e9gradation","og_description":"Situe\u0301e dans le sixie\u0300me arrondissement de Pointe-Noire, Ngoyo, l\u2019avenue des caravanes est en mauvais e\u0301tat et le tra ...","og_url":"https:\/\/www.africa-press.net\/congo-brazzaville\/toutes-les-actualites\/infrastructures-lavenue-des-caravanes-en-etat-de-degradation","og_site_name":"Congo Brazzaville","article_published_time":"2023-01-23T21:06:31+00:00","article_modified_time":"2023-01-23T23:24:39+00:00","og_image":[{"width":1600,"height":1200,"url":"https:\/\/static.africa-press.net\/congo-brazzaville\/sites\/51\/2023\/01\/postQueueImg_1674495396.45.jpg","type":"image\/jpeg"}],"author":"cfeditorfr","twitter_card":"summary_large_image","twitter_misc":{"\u00c9crit par":"cfeditorfr","Dur\u00e9e de lecture estim\u00e9e":"2 minutes"},"schema":{"@context":"https:\/\/schema.org","@graph":[{"@type":"Article","@id":"https:\/\/www.africa-press.net\/congo-brazzaville\/toutes-les-actualites\/infrastructures-lavenue-des-caravanes-en-etat-de-degradation#article","isPartOf":{"@id":"https:\/\/www.africa-press.net\/congo-brazzaville\/toutes-les-actualites\/infrastructures-lavenue-des-caravanes-en-etat-de-degradation"},"author":{"name":"cfeditorfr","@id":"https:\/\/www.africa-press.net\/congo-brazzaville\/#\/schema\/person\/2b1cf3cd81a31e3cd26889ca66d677f1"},"headline":"Infrastructures : l\u2019avenue des caravanes en \u00e9tat de d\u00e9gradation","datePublished":"2023-01-23T21:06:31+00:00","dateModified":"2023-01-23T23:24:39+00:00","mainEntityOfPage":{"@id":"https:\/\/www.africa-press.net\/congo-brazzaville\/toutes-les-actualites\/infrastructures-lavenue-des-caravanes-en-etat-de-degradation"},"wordCount":479,"commentCount":0,"image":{"@id":"https:\/\/www.africa-press.net\/congo-brazzaville\/toutes-les-actualites\/infrastructures-lavenue-des-caravanes-en-etat-de-degradation#primaryimage"},"thumbnailUrl":"https:\/\/static.africa-press.net\/congo-brazzaville\/sites\/51\/2023\/01\/postQueueImg_1674495396.45.jpg","keywords":["Africa Press","Africa Press-Congo Brazzaville","Congo Brazzaville"],"articleSection":["Communaut\u00e9","Toutes les actualit\u00e9s"],"inLanguage":"fr-FR","potentialAction":[{"@type":"CommentAction","name":"Comment","target":["https:\/\/www.africa-press.net\/congo-brazzaville\/toutes-les-actualites\/infrastructures-lavenue-des-caravanes-en-etat-de-degradation#respond"]}]},{"@type":"WebPage","@id":"https:\/\/www.africa-press.net\/congo-brazzaville\/toutes-les-actualites\/infrastructures-lavenue-des-caravanes-en-etat-de-degradation","url":"https:\/\/www.africa-press.net\/congo-brazzaville\/toutes-les-actualites\/infrastructures-lavenue-des-caravanes-en-etat-de-degradation","name":"Infrastructures : l\u2019avenue des caravanes en \u00e9tat de d\u00e9gradation - Congo Brazzaville","isPartOf":{"@id":"https:\/\/www.africa-press.net\/congo-brazzaville\/#website"},"primaryImageOfPage":{"@id":"https:\/\/www.africa-press.net\/congo-brazzaville\/toutes-les-actualites\/infrastructures-lavenue-des-caravanes-en-etat-de-degradation#primaryimage"},"image":{"@id":"https:\/\/www.africa-press.net\/congo-brazzaville\/toutes-les-actualites\/infrastructures-lavenue-des-caravanes-en-etat-de-degradation#primaryimage"},"thumbnailUrl":"https:\/\/static.africa-press.net\/congo-brazzaville\/sites\/51\/2023\/01\/postQueueImg_1674495396.45.jpg","datePublished":"2023-01-23T21:06:31+00:00","dateModified":"2023-01-23T23:24:39+00:00","author":{"@id":"https:\/\/www.africa-press.net\/congo-brazzaville\/#\/schema\/person\/2b1cf3cd81a31e3cd26889ca66d677f1"},"description":"Situe\u0301e dans le sixie\u0300me arrondissement de Pointe-Noire, Ngoyo, l\u2019avenue des caravanes est en mauvais e\u0301tat et le tra ...","breadcrumb":{"@id":"https:\/\/www.africa-press.net\/congo-brazzaville\/toutes-les-actualites\/infrastructures-lavenue-des-caravanes-en-etat-de-degradation#breadcrumb"},"inLanguage":"fr-FR","potentialAction":[{"@type":"ReadAction","target":["https:\/\/www.africa-press.net\/congo-brazzaville\/toutes-les-actualites\/infrastructures-lavenue-des-caravanes-en-etat-de-degradation"]}]},{"@type":"ImageObject","inLanguage":"fr-FR","@id":"https:\/\/www.africa-press.net\/congo-brazzaville\/toutes-les-actualites\/infrastructures-lavenue-des-caravanes-en-etat-de-degradation#primaryimage","url":"https:\/\/static.africa-press.net\/congo-brazzaville\/sites\/51\/2023\/01\/postQueueImg_1674495396.45.jpg","contentUrl":"https:\/\/static.africa-press.net\/congo-brazzaville\/sites\/51\/2023\/01\/postQueueImg_1674495396.45.jpg","width":1600,"height":1200,"caption":"Infrastructures : l\u2019avenue des caravanes en \u00e9tat de d\u00e9gradation"},{"@type":"BreadcrumbList","@id":"https:\/\/www.africa-press.net\/congo-brazzaville\/toutes-les-actualites\/infrastructures-lavenue-des-caravanes-en-etat-de-degradation#breadcrumb","itemListElement":[{"@type":"ListItem","position":1,"name":"Accueil","item":"https:\/\/www.africa-press.net\/congo-brazzaville\/"},{"@type":"ListItem","position":2,"name":"Infrastructures : l\u2019avenue des caravanes en \u00e9tat de d\u00e9gradation"}]},{"@type":"WebSite","@id":"https:\/\/www.africa-press.net\/congo-brazzaville\/#website","url":"https:\/\/www.africa-press.net\/congo-brazzaville\/","name":"Congo Brazzaville","description":"Just another Africa News Agency Sites site","potentialAction":[{"@type":"SearchAction","target":{"@type":"EntryPoint","urlTemplate":"https:\/\/www.africa-press.net\/congo-brazzaville\/?s={search_term_string}"},"query-input":{"@type":"PropertyValueSpecification","valueRequired":true,"valueName":"search_term_string"}}],"inLanguage":"fr-FR"},{"@type":"Person","@id":"https:\/\/www.africa-press.net\/congo-brazzaville\/#\/schema\/person\/2b1cf3cd81a31e3cd26889ca66d677f1","name":"cfeditorfr"}]}},"_links":{"self":[{"href":"https:\/\/www.africa-press.net\/congo-brazzaville\/wp-json\/wp\/v2\/posts\/13658","targetHints":{"allow":["GET"]}}],"collection":[{"href":"https:\/\/www.africa-press.net\/congo-brazzaville\/wp-json\/wp\/v2\/posts"}],"about":[{"href":"https:\/\/www.africa-press.net\/congo-brazzaville\/wp-json\/wp\/v2\/types\/post"}],"author":[{"embeddable":true,"href":"https:\/\/www.africa-press.net\/congo-brazzaville\/wp-json\/wp\/v2\/users\/82"}],"replies":[{"embeddable":true,"href":"https:\/\/www.africa-press.net\/congo-brazzaville\/wp-json\/wp\/v2\/comments?post=13658"}],"version-history":[{"count":0,"href":"https:\/\/www.africa-press.net\/congo-brazzaville\/wp-json\/wp\/v2\/posts\/13658\/revisions"}],"wp:featuredmedia":[{"embeddable":true,"href":"https:\/\/www.africa-press.net\/congo-brazzaville\/wp-json\/wp\/v2\/media\/13657"}],"wp:attachment":[{"href":"https:\/\/www.africa-press.net\/congo-brazzaville\/wp-json\/wp\/v2\/media?parent=13658"}],"wp:term":[{"taxonomy":"category","embeddable":true,"href":"https:\/\/www.africa-press.net\/congo-brazzaville\/wp-json\/wp\/v2\/categories?post=13658"},{"taxonomy":"post_tag","embeddable":true,"href":"https:\/\/www.africa-press.net\/congo-brazzaville\/wp-json\/wp\/v2\/tags?post=13658"}],"curies":[{"name":"wp","href":"https:\/\/api.w.org\/{rel}","templated":true}]}}