{"id":13661,"date":"2023-01-23T21:06:38","date_gmt":"2023-01-23T21:06:38","guid":{"rendered":"https:\/\/www.africa-press.net\/congo-brazzaville\/politique\/arts-plastiques-la-quatrieme-edition-du-salon-de-peinture-du-congo-a-baisse-ses-rideaux"},"modified":"2023-01-23T23:25:54","modified_gmt":"2023-01-23T23:25:54","slug":"arts-plastiques-la-quatrieme-edition-du-salon-de-peinture-du-congo-a-baisse-ses-rideaux","status":"publish","type":"post","link":"https:\/\/www.africa-press.net\/congo-brazzaville\/culture-et-art\/arts-plastiques-la-quatrieme-edition-du-salon-de-peinture-du-congo-a-baisse-ses-rideaux","title":{"rendered":"Arts plastiques : la quatri\u00e8me \u00e9dition du salon de peinture du Congo a baiss\u00e9 ses rideaux"},"content":{"rendered":"<p><span style=\"color: #ff6600\"><strong>Africa-Press &#8211; Congo Brazzaville. <\/strong><\/span><b>Ouverte le 20 de\u0301cembre dernier, la quatrie\u0300me e\u0301dition du salon de peinture du Congo qui a eu pour the\u0300me \u00ab Peinture et histoire \u00bb s\u2019est acheve\u0301e le 20 janvier au Muse\u0301e cercle africain a\u0300 Pointe-Noire, en pre\u0301sence de Jean-Louis Banthoud, directeur de cabinet du pre\u0301fet.<\/b><\/p>\n<p>En quatre ans d\u2019existence, le salon de peinture du Congo est devenu un e\u0301ve\u0301nement majeur dans le domaine de l\u2019art pictural. Pendant un mois, il permet aux peintres d\u2019exprimer leurs talents a\u0300 travers les diffe\u0301rentes toiles expose\u0301es, fruit de leur labeur et de leur ge\u0301nie cre\u0301ateur.<\/p>\n<p>Pre\u0301sident du comite\u0301 culturel du Muse\u0301e cercle africain, Alphonse Chardin Kala a dit qu\u2019un mois durant, les artistes peintres venus de Paris, Kinshasa, Kigali et Brazzaville ont fait de la ville oce\u0301ane la capitale de l\u2019art pictural au Congo. De par leurs diverses compositions, a-t-il poursuivi, ces artistes peintres ont fait admirer diffe\u0301rents types de peinture touchant nos sens et nos e\u0301motions. \u00ab Ce dont je suis certain, c\u2019est que nous aurons ve\u0301cu cette quatrie\u0300me e\u0301dition comme une ve\u0301ritable expe\u0301rience au cours de laquelle nous avons appris a\u0300 encourager la cre\u0301ativite\u0301 tant chez les artistes que chez les spectateurs. Nous avons laisse\u0301 vagabonder notre imagination, chacun a ve\u0301cu sa propre expe\u0301rience tant intangible qu\u2019e\u0301motionnelle. L\u2019art est indispensable a\u0300 la socie\u0301te\u0301, les cre\u0301ateurs et les artistes ont pour vocation d\u2019attirer l\u2019attention du public, de se poser des questions sur son environnement et de re\u0301fle\u0301chir sur celui-ci. Gra\u0302ce a\u0300 l\u2019art, la socie\u0301te\u0301 va comprendre et avoir un regard plus pousse\u0301 sur son quotidien \u00bb, a-t-il ajoute\u0301.<\/p>\n<p>En remerciant les organisateurs et tous les partenaires qui ont \u0153uvre\u0301 pour la re\u0301ussite de l\u2019activite\u0301, Eliezer Dinga, artiste peintre, a plaide\u0301 pour la pe\u0301rennisation du salon, ve\u0301ritable vitrine de l\u2019art pictural congolais.<\/p>\n<p>Repre\u0301sentant la pre\u0301sidente du Conseil de\u0301partemental et municipal de Pointe-Noire et pre\u0301sidente de la fondation Muse\u0301e cercle africain, Evelyne Tchichelle, Godeffroy Dibakala a indique\u0301 que le salon de peinture du Congo devient un rendez-vous d\u2019un certain prestige qui renforce l\u2019attractivite\u0301 de la ville e\u0301conomique. \u00abLa pre\u0301sence de plusieurs artistes a\u0300 ce salon venus de divers pays est la preuve la plus e\u0301loquente de l\u2019internationalisation de cet e\u0301ve\u0301nement. Tout en nous re\u0301jouissant du the\u0300me de la pre\u0301sente e\u0301dition qui e\u0301pouse la trame de l\u2019histoire de Pointe-Noire, ce the\u0300me explique l\u2019histoire des ethnies de l\u2019origine jusqu\u2019au Congo Brazzaville, le muse\u0301e Cercle africain permet d\u2019ouvrir une porte a\u0300 la compre\u0301hension de la culture et des traditions africaines tre\u0300s riches \u00bb, a-t-il rencheri.<\/p>\n<p>Vingt-neuf artistes ont participe\u0301 a\u0300 ce salon dont un Rwandais, une Franc\u0327aise, sept Congolais de Kinshasa et vingt du Congo Brazzaville. 166 toiles ont e\u0301te\u0301 expose\u0301es, soit six toiles en moyenne par artiste, trente-trois toiles ont e\u0301te\u0301 vendues dont une de la France, une du Rwanda, quatre du Congo Kinshasa et 27 du Congo Brazzaville. Aucune des e\u0301ditions pre\u0301ce\u0301dentes n\u2019a re\u0301alise\u0301 un tel re\u0301sultat.<\/p>\n<p><strong>Pour plus d&rsquo;informations et d&rsquo;analyses sur la <a href=\"https:\/\/www.africa-press.net\/congo-brazzaville\">Congo Brazzaville<\/a>, suivez <a href=\"https:\/\/www.africa-press.net\/\">Africa-Press<\/a><\/strong><\/p>\n","protected":false},"excerpt":{"rendered":"<p>Africa-Press &#8211; Congo Brazzaville. Ouverte le 20 de\u0301cembre dernier, la quatrie\u0300me e\u0301dition du salon de peinture du Congo qui a eu pour the\u0300me \u00ab Peinture et histoire \u00bb s\u2019est acheve\u0301e le 20 janvier au Muse\u0301e cercle africain a\u0300 Pointe-Noire, en pre\u0301sence de Jean-Louis Banthoud, directeur de cabinet du pre\u0301fet. En quatre ans d\u2019existence, le salon [&hellip;]<\/p>\n","protected":false},"author":82,"featured_media":13660,"comment_status":"open","ping_status":"closed","sticky":false,"template":"","format":"standard","meta":{"footnotes":""},"categories":[5,10],"tags":[36,47,46],"class_list":["post-13661","post","type-post","status-publish","format-standard","has-post-thumbnail","hentry","category-culture-et-art","category-toutes-les-actualites","tag-africa-press","tag-africa-press-congo-brazzaville","tag-congo-brazzaville"],"yoast_head":"<!-- This site is optimized with the Yoast SEO Premium plugin v26.1 (Yoast SEO v27.0) - https:\/\/yoast.com\/product\/yoast-seo-premium-wordpress\/ -->\n<title>Arts plastiques : la quatri\u00e8me \u00e9dition du salon de peinture du Congo a baiss\u00e9 ses rideaux - Congo Brazzaville<\/title>\n<meta name=\"description\" content=\"Ouverte le 20 de\u0301cembre dernier, la quatrie\u0300me e\u0301dition du salon de peinture du Congo qui a eu pour the\u0300me \u00ab Peinture ...\" \/>\n<meta name=\"robots\" content=\"index, follow, max-snippet:-1, max-image-preview:large, max-video-preview:-1\" \/>\n<link rel=\"canonical\" href=\"https:\/\/www.africa-press.net\/congo-brazzaville\/culture-et-art\/arts-plastiques-la-quatrieme-edition-du-salon-de-peinture-du-congo-a-baisse-ses-rideaux\" \/>\n<meta property=\"og:locale\" content=\"fr_FR\" \/>\n<meta property=\"og:type\" content=\"article\" \/>\n<meta property=\"og:title\" content=\"Arts plastiques : la quatri\u00e8me \u00e9dition du salon de peinture du Congo a baiss\u00e9 ses rideaux\" \/>\n<meta property=\"og:description\" content=\"Ouverte le 20 de\u0301cembre dernier, la quatrie\u0300me e\u0301dition du salon de peinture du Congo qui a eu pour the\u0300me \u00ab Peinture ...\" \/>\n<meta property=\"og:url\" content=\"https:\/\/www.africa-press.net\/congo-brazzaville\/culture-et-art\/arts-plastiques-la-quatrieme-edition-du-salon-de-peinture-du-congo-a-baisse-ses-rideaux\" \/>\n<meta property=\"og:site_name\" content=\"Congo Brazzaville\" \/>\n<meta property=\"article:published_time\" content=\"2023-01-23T21:06:38+00:00\" \/>\n<meta property=\"article:modified_time\" content=\"2023-01-23T23:25:54+00:00\" \/>\n<meta property=\"og:image\" content=\"https:\/\/static.africa-press.net\/congo-brazzaville\/sites\/51\/2023\/01\/postQueueImg_1674495401.29.jpg\" \/>\n\t<meta property=\"og:image:width\" content=\"1024\" \/>\n\t<meta property=\"og:image:height\" content=\"768\" \/>\n\t<meta property=\"og:image:type\" content=\"image\/jpeg\" \/>\n<meta name=\"author\" content=\"cfeditorfr\" \/>\n<meta name=\"twitter:card\" content=\"summary_large_image\" \/>\n<meta name=\"twitter:label1\" content=\"\u00c9crit par\" \/>\n\t<meta name=\"twitter:data1\" content=\"cfeditorfr\" \/>\n\t<meta name=\"twitter:label2\" content=\"Dur\u00e9e de lecture estim\u00e9e\" \/>\n\t<meta name=\"twitter:data2\" content=\"3 minutes\" \/>\n<script type=\"application\/ld+json\" class=\"yoast-schema-graph\">{\"@context\":\"https:\/\/schema.org\",\"@graph\":[{\"@type\":\"Article\",\"@id\":\"https:\/\/www.africa-press.net\/congo-brazzaville\/culture-et-art\/arts-plastiques-la-quatrieme-edition-du-salon-de-peinture-du-congo-a-baisse-ses-rideaux#article\",\"isPartOf\":{\"@id\":\"https:\/\/www.africa-press.net\/congo-brazzaville\/culture-et-art\/arts-plastiques-la-quatrieme-edition-du-salon-de-peinture-du-congo-a-baisse-ses-rideaux\"},\"author\":{\"name\":\"cfeditorfr\",\"@id\":\"https:\/\/www.africa-press.net\/congo-brazzaville\/#\/schema\/person\/2b1cf3cd81a31e3cd26889ca66d677f1\"},\"headline\":\"Arts plastiques : la quatri\u00e8me \u00e9dition du salon de peinture du Congo a baiss\u00e9 ses rideaux\",\"datePublished\":\"2023-01-23T21:06:38+00:00\",\"dateModified\":\"2023-01-23T23:25:54+00:00\",\"mainEntityOfPage\":{\"@id\":\"https:\/\/www.africa-press.net\/congo-brazzaville\/culture-et-art\/arts-plastiques-la-quatrieme-edition-du-salon-de-peinture-du-congo-a-baisse-ses-rideaux\"},\"wordCount\":583,\"commentCount\":0,\"image\":{\"@id\":\"https:\/\/www.africa-press.net\/congo-brazzaville\/culture-et-art\/arts-plastiques-la-quatrieme-edition-du-salon-de-peinture-du-congo-a-baisse-ses-rideaux#primaryimage\"},\"thumbnailUrl\":\"https:\/\/static.africa-press.net\/congo-brazzaville\/sites\/51\/2023\/01\/postQueueImg_1674495401.29.jpg\",\"keywords\":[\"Africa Press\",\"Africa Press-Congo Brazzaville\",\"Congo Brazzaville\"],\"articleSection\":[\"Culture et Art\",\"Toutes les actualit\u00e9s\"],\"inLanguage\":\"fr-FR\",\"potentialAction\":[{\"@type\":\"CommentAction\",\"name\":\"Comment\",\"target\":[\"https:\/\/www.africa-press.net\/congo-brazzaville\/culture-et-art\/arts-plastiques-la-quatrieme-edition-du-salon-de-peinture-du-congo-a-baisse-ses-rideaux#respond\"]}]},{\"@type\":\"WebPage\",\"@id\":\"https:\/\/www.africa-press.net\/congo-brazzaville\/culture-et-art\/arts-plastiques-la-quatrieme-edition-du-salon-de-peinture-du-congo-a-baisse-ses-rideaux\",\"url\":\"https:\/\/www.africa-press.net\/congo-brazzaville\/culture-et-art\/arts-plastiques-la-quatrieme-edition-du-salon-de-peinture-du-congo-a-baisse-ses-rideaux\",\"name\":\"Arts plastiques : la quatri\u00e8me \u00e9dition du salon de peinture du Congo a baiss\u00e9 ses rideaux - Congo Brazzaville\",\"isPartOf\":{\"@id\":\"https:\/\/www.africa-press.net\/congo-brazzaville\/#website\"},\"primaryImageOfPage\":{\"@id\":\"https:\/\/www.africa-press.net\/congo-brazzaville\/culture-et-art\/arts-plastiques-la-quatrieme-edition-du-salon-de-peinture-du-congo-a-baisse-ses-rideaux#primaryimage\"},\"image\":{\"@id\":\"https:\/\/www.africa-press.net\/congo-brazzaville\/culture-et-art\/arts-plastiques-la-quatrieme-edition-du-salon-de-peinture-du-congo-a-baisse-ses-rideaux#primaryimage\"},\"thumbnailUrl\":\"https:\/\/static.africa-press.net\/congo-brazzaville\/sites\/51\/2023\/01\/postQueueImg_1674495401.29.jpg\",\"datePublished\":\"2023-01-23T21:06:38+00:00\",\"dateModified\":\"2023-01-23T23:25:54+00:00\",\"author\":{\"@id\":\"https:\/\/www.africa-press.net\/congo-brazzaville\/#\/schema\/person\/2b1cf3cd81a31e3cd26889ca66d677f1\"},\"description\":\"Ouverte le 20 de\u0301cembre dernier, la quatrie\u0300me e\u0301dition du salon de peinture du Congo qui a eu pour the\u0300me \u00ab Peinture ...\",\"breadcrumb\":{\"@id\":\"https:\/\/www.africa-press.net\/congo-brazzaville\/culture-et-art\/arts-plastiques-la-quatrieme-edition-du-salon-de-peinture-du-congo-a-baisse-ses-rideaux#breadcrumb\"},\"inLanguage\":\"fr-FR\",\"potentialAction\":[{\"@type\":\"ReadAction\",\"target\":[\"https:\/\/www.africa-press.net\/congo-brazzaville\/culture-et-art\/arts-plastiques-la-quatrieme-edition-du-salon-de-peinture-du-congo-a-baisse-ses-rideaux\"]}]},{\"@type\":\"ImageObject\",\"inLanguage\":\"fr-FR\",\"@id\":\"https:\/\/www.africa-press.net\/congo-brazzaville\/culture-et-art\/arts-plastiques-la-quatrieme-edition-du-salon-de-peinture-du-congo-a-baisse-ses-rideaux#primaryimage\",\"url\":\"https:\/\/static.africa-press.net\/congo-brazzaville\/sites\/51\/2023\/01\/postQueueImg_1674495401.29.jpg\",\"contentUrl\":\"https:\/\/static.africa-press.net\/congo-brazzaville\/sites\/51\/2023\/01\/postQueueImg_1674495401.29.jpg\",\"width\":1024,\"height\":768,\"caption\":\"Arts plastiques : la quatri\u00e8me \u00e9dition du salon de peinture du Congo a baiss\u00e9 ses rideaux\"},{\"@type\":\"BreadcrumbList\",\"@id\":\"https:\/\/www.africa-press.net\/congo-brazzaville\/culture-et-art\/arts-plastiques-la-quatrieme-edition-du-salon-de-peinture-du-congo-a-baisse-ses-rideaux#breadcrumb\",\"itemListElement\":[{\"@type\":\"ListItem\",\"position\":1,\"name\":\"Accueil\",\"item\":\"https:\/\/www.africa-press.net\/congo-brazzaville\/\"},{\"@type\":\"ListItem\",\"position\":2,\"name\":\"Arts plastiques : la quatri\u00e8me \u00e9dition du salon de peinture du Congo a baiss\u00e9 ses rideaux\"}]},{\"@type\":\"WebSite\",\"@id\":\"https:\/\/www.africa-press.net\/congo-brazzaville\/#website\",\"url\":\"https:\/\/www.africa-press.net\/congo-brazzaville\/\",\"name\":\"Congo Brazzaville\",\"description\":\"Just another Africa News Agency Sites site\",\"potentialAction\":[{\"@type\":\"SearchAction\",\"target\":{\"@type\":\"EntryPoint\",\"urlTemplate\":\"https:\/\/www.africa-press.net\/congo-brazzaville\/?s={search_term_string}\"},\"query-input\":{\"@type\":\"PropertyValueSpecification\",\"valueRequired\":true,\"valueName\":\"search_term_string\"}}],\"inLanguage\":\"fr-FR\"},{\"@type\":\"Person\",\"@id\":\"https:\/\/www.africa-press.net\/congo-brazzaville\/#\/schema\/person\/2b1cf3cd81a31e3cd26889ca66d677f1\",\"name\":\"cfeditorfr\"}]}<\/script>\n<!-- \/ Yoast SEO Premium plugin. -->","yoast_head_json":{"title":"Arts plastiques : la quatri\u00e8me \u00e9dition du salon de peinture du Congo a baiss\u00e9 ses rideaux - Congo Brazzaville","description":"Ouverte le 20 de\u0301cembre dernier, la quatrie\u0300me e\u0301dition du salon de peinture du Congo qui a eu pour the\u0300me \u00ab Peinture ...","robots":{"index":"index","follow":"follow","max-snippet":"max-snippet:-1","max-image-preview":"max-image-preview:large","max-video-preview":"max-video-preview:-1"},"canonical":"https:\/\/www.africa-press.net\/congo-brazzaville\/culture-et-art\/arts-plastiques-la-quatrieme-edition-du-salon-de-peinture-du-congo-a-baisse-ses-rideaux","og_locale":"fr_FR","og_type":"article","og_title":"Arts plastiques : la quatri\u00e8me \u00e9dition du salon de peinture du Congo a baiss\u00e9 ses rideaux","og_description":"Ouverte le 20 de\u0301cembre dernier, la quatrie\u0300me e\u0301dition du salon de peinture du Congo qui a eu pour the\u0300me \u00ab Peinture ...","og_url":"https:\/\/www.africa-press.net\/congo-brazzaville\/culture-et-art\/arts-plastiques-la-quatrieme-edition-du-salon-de-peinture-du-congo-a-baisse-ses-rideaux","og_site_name":"Congo Brazzaville","article_published_time":"2023-01-23T21:06:38+00:00","article_modified_time":"2023-01-23T23:25:54+00:00","og_image":[{"width":1024,"height":768,"url":"https:\/\/static.africa-press.net\/congo-brazzaville\/sites\/51\/2023\/01\/postQueueImg_1674495401.29.jpg","type":"image\/jpeg"}],"author":"cfeditorfr","twitter_card":"summary_large_image","twitter_misc":{"\u00c9crit par":"cfeditorfr","Dur\u00e9e de lecture estim\u00e9e":"3 minutes"},"schema":{"@context":"https:\/\/schema.org","@graph":[{"@type":"Article","@id":"https:\/\/www.africa-press.net\/congo-brazzaville\/culture-et-art\/arts-plastiques-la-quatrieme-edition-du-salon-de-peinture-du-congo-a-baisse-ses-rideaux#article","isPartOf":{"@id":"https:\/\/www.africa-press.net\/congo-brazzaville\/culture-et-art\/arts-plastiques-la-quatrieme-edition-du-salon-de-peinture-du-congo-a-baisse-ses-rideaux"},"author":{"name":"cfeditorfr","@id":"https:\/\/www.africa-press.net\/congo-brazzaville\/#\/schema\/person\/2b1cf3cd81a31e3cd26889ca66d677f1"},"headline":"Arts plastiques : la quatri\u00e8me \u00e9dition du salon de peinture du Congo a baiss\u00e9 ses rideaux","datePublished":"2023-01-23T21:06:38+00:00","dateModified":"2023-01-23T23:25:54+00:00","mainEntityOfPage":{"@id":"https:\/\/www.africa-press.net\/congo-brazzaville\/culture-et-art\/arts-plastiques-la-quatrieme-edition-du-salon-de-peinture-du-congo-a-baisse-ses-rideaux"},"wordCount":583,"commentCount":0,"image":{"@id":"https:\/\/www.africa-press.net\/congo-brazzaville\/culture-et-art\/arts-plastiques-la-quatrieme-edition-du-salon-de-peinture-du-congo-a-baisse-ses-rideaux#primaryimage"},"thumbnailUrl":"https:\/\/static.africa-press.net\/congo-brazzaville\/sites\/51\/2023\/01\/postQueueImg_1674495401.29.jpg","keywords":["Africa Press","Africa Press-Congo Brazzaville","Congo Brazzaville"],"articleSection":["Culture et Art","Toutes les actualit\u00e9s"],"inLanguage":"fr-FR","potentialAction":[{"@type":"CommentAction","name":"Comment","target":["https:\/\/www.africa-press.net\/congo-brazzaville\/culture-et-art\/arts-plastiques-la-quatrieme-edition-du-salon-de-peinture-du-congo-a-baisse-ses-rideaux#respond"]}]},{"@type":"WebPage","@id":"https:\/\/www.africa-press.net\/congo-brazzaville\/culture-et-art\/arts-plastiques-la-quatrieme-edition-du-salon-de-peinture-du-congo-a-baisse-ses-rideaux","url":"https:\/\/www.africa-press.net\/congo-brazzaville\/culture-et-art\/arts-plastiques-la-quatrieme-edition-du-salon-de-peinture-du-congo-a-baisse-ses-rideaux","name":"Arts plastiques : la quatri\u00e8me \u00e9dition du salon de peinture du Congo a baiss\u00e9 ses rideaux - Congo Brazzaville","isPartOf":{"@id":"https:\/\/www.africa-press.net\/congo-brazzaville\/#website"},"primaryImageOfPage":{"@id":"https:\/\/www.africa-press.net\/congo-brazzaville\/culture-et-art\/arts-plastiques-la-quatrieme-edition-du-salon-de-peinture-du-congo-a-baisse-ses-rideaux#primaryimage"},"image":{"@id":"https:\/\/www.africa-press.net\/congo-brazzaville\/culture-et-art\/arts-plastiques-la-quatrieme-edition-du-salon-de-peinture-du-congo-a-baisse-ses-rideaux#primaryimage"},"thumbnailUrl":"https:\/\/static.africa-press.net\/congo-brazzaville\/sites\/51\/2023\/01\/postQueueImg_1674495401.29.jpg","datePublished":"2023-01-23T21:06:38+00:00","dateModified":"2023-01-23T23:25:54+00:00","author":{"@id":"https:\/\/www.africa-press.net\/congo-brazzaville\/#\/schema\/person\/2b1cf3cd81a31e3cd26889ca66d677f1"},"description":"Ouverte le 20 de\u0301cembre dernier, la quatrie\u0300me e\u0301dition du salon de peinture du Congo qui a eu pour the\u0300me \u00ab Peinture ...","breadcrumb":{"@id":"https:\/\/www.africa-press.net\/congo-brazzaville\/culture-et-art\/arts-plastiques-la-quatrieme-edition-du-salon-de-peinture-du-congo-a-baisse-ses-rideaux#breadcrumb"},"inLanguage":"fr-FR","potentialAction":[{"@type":"ReadAction","target":["https:\/\/www.africa-press.net\/congo-brazzaville\/culture-et-art\/arts-plastiques-la-quatrieme-edition-du-salon-de-peinture-du-congo-a-baisse-ses-rideaux"]}]},{"@type":"ImageObject","inLanguage":"fr-FR","@id":"https:\/\/www.africa-press.net\/congo-brazzaville\/culture-et-art\/arts-plastiques-la-quatrieme-edition-du-salon-de-peinture-du-congo-a-baisse-ses-rideaux#primaryimage","url":"https:\/\/static.africa-press.net\/congo-brazzaville\/sites\/51\/2023\/01\/postQueueImg_1674495401.29.jpg","contentUrl":"https:\/\/static.africa-press.net\/congo-brazzaville\/sites\/51\/2023\/01\/postQueueImg_1674495401.29.jpg","width":1024,"height":768,"caption":"Arts plastiques : la quatri\u00e8me \u00e9dition du salon de peinture du Congo a baiss\u00e9 ses rideaux"},{"@type":"BreadcrumbList","@id":"https:\/\/www.africa-press.net\/congo-brazzaville\/culture-et-art\/arts-plastiques-la-quatrieme-edition-du-salon-de-peinture-du-congo-a-baisse-ses-rideaux#breadcrumb","itemListElement":[{"@type":"ListItem","position":1,"name":"Accueil","item":"https:\/\/www.africa-press.net\/congo-brazzaville\/"},{"@type":"ListItem","position":2,"name":"Arts plastiques : la quatri\u00e8me \u00e9dition du salon de peinture du Congo a baiss\u00e9 ses rideaux"}]},{"@type":"WebSite","@id":"https:\/\/www.africa-press.net\/congo-brazzaville\/#website","url":"https:\/\/www.africa-press.net\/congo-brazzaville\/","name":"Congo Brazzaville","description":"Just another Africa News Agency Sites site","potentialAction":[{"@type":"SearchAction","target":{"@type":"EntryPoint","urlTemplate":"https:\/\/www.africa-press.net\/congo-brazzaville\/?s={search_term_string}"},"query-input":{"@type":"PropertyValueSpecification","valueRequired":true,"valueName":"search_term_string"}}],"inLanguage":"fr-FR"},{"@type":"Person","@id":"https:\/\/www.africa-press.net\/congo-brazzaville\/#\/schema\/person\/2b1cf3cd81a31e3cd26889ca66d677f1","name":"cfeditorfr"}]}},"_links":{"self":[{"href":"https:\/\/www.africa-press.net\/congo-brazzaville\/wp-json\/wp\/v2\/posts\/13661","targetHints":{"allow":["GET"]}}],"collection":[{"href":"https:\/\/www.africa-press.net\/congo-brazzaville\/wp-json\/wp\/v2\/posts"}],"about":[{"href":"https:\/\/www.africa-press.net\/congo-brazzaville\/wp-json\/wp\/v2\/types\/post"}],"author":[{"embeddable":true,"href":"https:\/\/www.africa-press.net\/congo-brazzaville\/wp-json\/wp\/v2\/users\/82"}],"replies":[{"embeddable":true,"href":"https:\/\/www.africa-press.net\/congo-brazzaville\/wp-json\/wp\/v2\/comments?post=13661"}],"version-history":[{"count":0,"href":"https:\/\/www.africa-press.net\/congo-brazzaville\/wp-json\/wp\/v2\/posts\/13661\/revisions"}],"wp:featuredmedia":[{"embeddable":true,"href":"https:\/\/www.africa-press.net\/congo-brazzaville\/wp-json\/wp\/v2\/media\/13660"}],"wp:attachment":[{"href":"https:\/\/www.africa-press.net\/congo-brazzaville\/wp-json\/wp\/v2\/media?parent=13661"}],"wp:term":[{"taxonomy":"category","embeddable":true,"href":"https:\/\/www.africa-press.net\/congo-brazzaville\/wp-json\/wp\/v2\/categories?post=13661"},{"taxonomy":"post_tag","embeddable":true,"href":"https:\/\/www.africa-press.net\/congo-brazzaville\/wp-json\/wp\/v2\/tags?post=13661"}],"curies":[{"name":"wp","href":"https:\/\/api.w.org\/{rel}","templated":true}]}}