{"id":13667,"date":"2023-01-23T21:06:54","date_gmt":"2023-01-23T21:06:54","guid":{"rendered":"https:\/\/www.africa-press.net\/congo-brazzaville\/politique\/le-congo-se-dote-dune-loi-sur-les-contrats-du-partenariat-public-prive"},"modified":"2023-01-23T23:28:30","modified_gmt":"2023-01-23T23:28:30","slug":"le-congo-se-dote-dune-loi-sur-les-contrats-du-partenariat-public-prive","status":"publish","type":"post","link":"https:\/\/www.africa-press.net\/congo-brazzaville\/politique\/le-congo-se-dote-dune-loi-sur-les-contrats-du-partenariat-public-prive","title":{"rendered":"le congo se dote d\u2019une loi sur les contrats\u00a0du partenariat public-priv\u00e9"},"content":{"rendered":"<p><span style=\"color: #ff6600\"><strong>Africa-Press &#8211; Congo Brazzaville. <\/strong><\/span><b>Le Chef de l\u2019E\u0301tat Denis Sassou N\u2019Guesso a promulgue\u0301 le 12 janvier a\u0300 Brazzaville, une loi fixant les proce\u0301dures et modalite\u0301s permettant aux acteurs prive\u0301s d\u2019entreprendre avec l\u2019E\u0301tat. Cette loi ne\u0301e d\u2019une re\u0301flexion profonde sur les contrats du partenariat public-prive\u0301, se pre\u0301sente comme un outil important du gouvernement pour financer le de\u0301veloppement du pays avec l\u2019apport des acteurs prive\u0301s.<\/b><\/p>\n<p>La promulgation de cette loi par le Pre\u0301sident de la Re\u0301publique va combler le de\u0301ficit juridique dans ce secteur et permettre aux nombreux partenaires prive\u0301s qui souhaitent investir dans divers secteurs du pays, de disposer d\u2019un cadre juridique qui jusqu\u2019ici faisait de\u0301faut.<\/p>\n<p>La loi ainsi promulgue\u0301e fait e\u0301galement une part belle aux investissements locaux. Les marche\u0301s, jusqu\u2019a\u0300 un seuil qui sera fixe\u0301 par la loi seront directement re\u0301serve\u0301s aux partenaires nationaux pour les encourager a\u0300 participer a\u0300 la construction de l\u2019e\u0301conomie nationale.<\/p>\n<p>Cette loi met aussi un accent particulier sur le type de contrats que les investisseurs peuvent passer avec l\u2019E\u0301tat. C\u2019est le cas spe\u0301cifique du contrat du partenariat public-prive\u0301 a\u0300 paiement par les usagers ou encore celui du contrat du partenariat public-prive\u0301 a\u0300 paiement public ; des contrats paraphe\u0301s entre une personnalite\u0301 publique et l\u2019entreprise.<\/p>\n<p>Gra\u0302ce a\u0300 ce cadre juridique adopte\u0301 au parlement en fin 2022, puis promulgue\u0301 par le Pre\u0301sident de la Re\u0301publique, les investisseurs gagnent en confiance puisque cette loi garantit l\u2019objectivite\u0301, la transparence, la concurrence et l\u2019e\u0301galite\u0301 des chances entre entreprises soumissionnaires a\u0300 un marche\u0301.<\/p>\n<p>A travers cette loi, le gouvernement promeut des mesures fiscales incitatives qui participent au bon fonctionnement du climat des affaires. A titre d\u2019exemple, les titulaires de contrats du partenariat public-prive\u0301 be\u0301ne\u0301ficieront des avantages fiscaux pre\u0301vus dans les lois de\u0301rogatoires au droit commun en vigueur.<\/p>\n<p>Ladite loi pre\u0301voit un comite\u0301 national du partenariat public-prive\u0301 dirige\u0301 par le Premier ministre qui de\u0301cidera, en fonction des priorite\u0301s du Plan national de de\u0301veloppement, des projets qui feront l\u2019objet de contrats avec les ope\u0301rateurs e\u0301conomiques. Un comite\u0301 technique, pre\u0301side\u0301 par le ministre en charge des Partenariats public-prive\u0301 validera les projets qui seront transmis au comite\u0301 national du partenariat public-prive\u0301.<\/p>\n<p>Le Congo a, ces dernie\u0300res anne\u0301es, finance\u0301 par fonds propres ses infrastructures de base pour sa croissance e\u0301conomique. Cela exige des efforts importants, surtout dans un environnement mondial marque\u0301 par la crise financie\u0300re. C\u2019est pourquoi, le pays a adopte\u0301 de nouveaux me\u0301canismes de financements, notamment par les partenaires prive\u0301s pour financer son plan national de de\u0301veloppement.<\/p>\n<p>La loi sur le contrat du partenariat public-prive\u0301 a e\u0301te\u0301 initie\u0301e par le ministre de la Coope\u0301ration internationale et de la promotion du partenariat public-prive\u0301 Denis Christel Sassou Nguesso a\u0300 travers le programme \u00ab Congo, terre d\u2019opportunite\u0301s\u00bb qu\u2019il a mis en place depuis sa nomination a\u0300 ce ministe\u0300re, il fait appel aux partenaires prive\u0301s a\u0300 investir au Congo dans les domaines de l\u2019Agriculture, du Tourisme, des Zones e\u0301conomiques spe\u0301ciales, les Fore\u0302ts et d\u2019autres services.<\/p>\n<p><strong>Pour plus d&rsquo;informations et d&rsquo;analyses sur la <a href=\"https:\/\/www.africa-press.net\/congo-brazzaville\">Congo Brazzaville<\/a>, suivez <a href=\"https:\/\/www.africa-press.net\/\">Africa-Press<\/a><\/strong><\/p>\n","protected":false},"excerpt":{"rendered":"<p>Africa-Press &#8211; Congo Brazzaville. Le Chef de l\u2019E\u0301tat Denis Sassou N\u2019Guesso a promulgue\u0301 le 12 janvier a\u0300 Brazzaville, une loi fixant les proce\u0301dures et modalite\u0301s permettant aux acteurs prive\u0301s d\u2019entreprendre avec l\u2019E\u0301tat. Cette loi ne\u0301e d\u2019une re\u0301flexion profonde sur les contrats du partenariat public-prive\u0301, se pre\u0301sente comme un outil important du gouvernement pour financer le [&hellip;]<\/p>\n","protected":false},"author":82,"featured_media":13666,"comment_status":"open","ping_status":"closed","sticky":false,"template":"","format":"standard","meta":{"footnotes":""},"categories":[2,10],"tags":[36,47,46],"class_list":["post-13667","post","type-post","status-publish","format-standard","has-post-thumbnail","hentry","category-politique","category-toutes-les-actualites","tag-africa-press","tag-africa-press-congo-brazzaville","tag-congo-brazzaville"],"yoast_head":"<!-- This site is optimized with the Yoast SEO Premium plugin v26.1 (Yoast SEO v27.0) - https:\/\/yoast.com\/product\/yoast-seo-premium-wordpress\/ -->\n<title>le congo se dote d\u2019une loi sur les contrats\u00a0du partenariat public-priv\u00e9 - Congo Brazzaville<\/title>\n<meta name=\"description\" content=\"Le Chef de l\u2019E\u0301tat Denis Sassou N\u2019Guesso a promulgue\u0301 le 12 janvier a\u0300 Brazzaville, une loi fixant les proce\u0301dures et ...\" \/>\n<meta name=\"robots\" content=\"index, follow, max-snippet:-1, max-image-preview:large, max-video-preview:-1\" \/>\n<link rel=\"canonical\" href=\"https:\/\/www.africa-press.net\/congo-brazzaville\/politique\/le-congo-se-dote-dune-loi-sur-les-contrats-du-partenariat-public-prive\" \/>\n<meta property=\"og:locale\" content=\"fr_FR\" \/>\n<meta property=\"og:type\" content=\"article\" \/>\n<meta property=\"og:title\" content=\"le congo se dote d\u2019une loi sur les contrats\u00a0du partenariat public-priv\u00e9\" \/>\n<meta property=\"og:description\" content=\"Le Chef de l\u2019E\u0301tat Denis Sassou N\u2019Guesso a promulgue\u0301 le 12 janvier a\u0300 Brazzaville, une loi fixant les proce\u0301dures et ...\" \/>\n<meta property=\"og:url\" content=\"https:\/\/www.africa-press.net\/congo-brazzaville\/politique\/le-congo-se-dote-dune-loi-sur-les-contrats-du-partenariat-public-prive\" \/>\n<meta property=\"og:site_name\" content=\"Congo Brazzaville\" \/>\n<meta property=\"article:published_time\" content=\"2023-01-23T21:06:54+00:00\" \/>\n<meta property=\"article:modified_time\" content=\"2023-01-23T23:28:30+00:00\" \/>\n<meta property=\"og:image\" content=\"https:\/\/static.africa-press.net\/congo-brazzaville\/sites\/51\/2023\/01\/postQueueImg_1674495454.15.jpg\" \/>\n\t<meta property=\"og:image:width\" content=\"933\" \/>\n\t<meta property=\"og:image:height\" content=\"445\" \/>\n\t<meta property=\"og:image:type\" content=\"image\/jpeg\" \/>\n<meta name=\"author\" content=\"cfeditorfr\" \/>\n<meta name=\"twitter:card\" content=\"summary_large_image\" \/>\n<meta name=\"twitter:label1\" content=\"\u00c9crit par\" \/>\n\t<meta name=\"twitter:data1\" content=\"cfeditorfr\" \/>\n\t<meta name=\"twitter:label2\" content=\"Dur\u00e9e de lecture estim\u00e9e\" \/>\n\t<meta name=\"twitter:data2\" content=\"3 minutes\" \/>\n<script type=\"application\/ld+json\" class=\"yoast-schema-graph\">{\"@context\":\"https:\/\/schema.org\",\"@graph\":[{\"@type\":\"Article\",\"@id\":\"https:\/\/www.africa-press.net\/congo-brazzaville\/politique\/le-congo-se-dote-dune-loi-sur-les-contrats-du-partenariat-public-prive#article\",\"isPartOf\":{\"@id\":\"https:\/\/www.africa-press.net\/congo-brazzaville\/politique\/le-congo-se-dote-dune-loi-sur-les-contrats-du-partenariat-public-prive\"},\"author\":{\"name\":\"cfeditorfr\",\"@id\":\"https:\/\/www.africa-press.net\/congo-brazzaville\/#\/schema\/person\/2b1cf3cd81a31e3cd26889ca66d677f1\"},\"headline\":\"le congo se dote d\u2019une loi sur les contrats\u00a0du partenariat public-priv\u00e9\",\"datePublished\":\"2023-01-23T21:06:54+00:00\",\"dateModified\":\"2023-01-23T23:28:30+00:00\",\"mainEntityOfPage\":{\"@id\":\"https:\/\/www.africa-press.net\/congo-brazzaville\/politique\/le-congo-se-dote-dune-loi-sur-les-contrats-du-partenariat-public-prive\"},\"wordCount\":575,\"commentCount\":0,\"image\":{\"@id\":\"https:\/\/www.africa-press.net\/congo-brazzaville\/politique\/le-congo-se-dote-dune-loi-sur-les-contrats-du-partenariat-public-prive#primaryimage\"},\"thumbnailUrl\":\"https:\/\/static.africa-press.net\/congo-brazzaville\/sites\/51\/2023\/01\/postQueueImg_1674495454.15.jpg\",\"keywords\":[\"Africa Press\",\"Africa Press-Congo Brazzaville\",\"Congo Brazzaville\"],\"articleSection\":[\"Politique\",\"Toutes les actualit\u00e9s\"],\"inLanguage\":\"fr-FR\",\"potentialAction\":[{\"@type\":\"CommentAction\",\"name\":\"Comment\",\"target\":[\"https:\/\/www.africa-press.net\/congo-brazzaville\/politique\/le-congo-se-dote-dune-loi-sur-les-contrats-du-partenariat-public-prive#respond\"]}]},{\"@type\":\"WebPage\",\"@id\":\"https:\/\/www.africa-press.net\/congo-brazzaville\/politique\/le-congo-se-dote-dune-loi-sur-les-contrats-du-partenariat-public-prive\",\"url\":\"https:\/\/www.africa-press.net\/congo-brazzaville\/politique\/le-congo-se-dote-dune-loi-sur-les-contrats-du-partenariat-public-prive\",\"name\":\"le congo se dote d\u2019une loi sur les contrats\u00a0du partenariat public-priv\u00e9 - Congo Brazzaville\",\"isPartOf\":{\"@id\":\"https:\/\/www.africa-press.net\/congo-brazzaville\/#website\"},\"primaryImageOfPage\":{\"@id\":\"https:\/\/www.africa-press.net\/congo-brazzaville\/politique\/le-congo-se-dote-dune-loi-sur-les-contrats-du-partenariat-public-prive#primaryimage\"},\"image\":{\"@id\":\"https:\/\/www.africa-press.net\/congo-brazzaville\/politique\/le-congo-se-dote-dune-loi-sur-les-contrats-du-partenariat-public-prive#primaryimage\"},\"thumbnailUrl\":\"https:\/\/static.africa-press.net\/congo-brazzaville\/sites\/51\/2023\/01\/postQueueImg_1674495454.15.jpg\",\"datePublished\":\"2023-01-23T21:06:54+00:00\",\"dateModified\":\"2023-01-23T23:28:30+00:00\",\"author\":{\"@id\":\"https:\/\/www.africa-press.net\/congo-brazzaville\/#\/schema\/person\/2b1cf3cd81a31e3cd26889ca66d677f1\"},\"description\":\"Le Chef de l\u2019E\u0301tat Denis Sassou N\u2019Guesso a promulgue\u0301 le 12 janvier a\u0300 Brazzaville, une loi fixant les proce\u0301dures et ...\",\"breadcrumb\":{\"@id\":\"https:\/\/www.africa-press.net\/congo-brazzaville\/politique\/le-congo-se-dote-dune-loi-sur-les-contrats-du-partenariat-public-prive#breadcrumb\"},\"inLanguage\":\"fr-FR\",\"potentialAction\":[{\"@type\":\"ReadAction\",\"target\":[\"https:\/\/www.africa-press.net\/congo-brazzaville\/politique\/le-congo-se-dote-dune-loi-sur-les-contrats-du-partenariat-public-prive\"]}]},{\"@type\":\"ImageObject\",\"inLanguage\":\"fr-FR\",\"@id\":\"https:\/\/www.africa-press.net\/congo-brazzaville\/politique\/le-congo-se-dote-dune-loi-sur-les-contrats-du-partenariat-public-prive#primaryimage\",\"url\":\"https:\/\/static.africa-press.net\/congo-brazzaville\/sites\/51\/2023\/01\/postQueueImg_1674495454.15.jpg\",\"contentUrl\":\"https:\/\/static.africa-press.net\/congo-brazzaville\/sites\/51\/2023\/01\/postQueueImg_1674495454.15.jpg\",\"width\":933,\"height\":445,\"caption\":\"le congo se dote d\u2019une loi sur les contrats\u00a0du partenariat public-priv\u00e9\"},{\"@type\":\"BreadcrumbList\",\"@id\":\"https:\/\/www.africa-press.net\/congo-brazzaville\/politique\/le-congo-se-dote-dune-loi-sur-les-contrats-du-partenariat-public-prive#breadcrumb\",\"itemListElement\":[{\"@type\":\"ListItem\",\"position\":1,\"name\":\"Accueil\",\"item\":\"https:\/\/www.africa-press.net\/congo-brazzaville\/\"},{\"@type\":\"ListItem\",\"position\":2,\"name\":\"le congo se dote d\u2019une loi sur les contrats\u00a0du partenariat public-priv\u00e9\"}]},{\"@type\":\"WebSite\",\"@id\":\"https:\/\/www.africa-press.net\/congo-brazzaville\/#website\",\"url\":\"https:\/\/www.africa-press.net\/congo-brazzaville\/\",\"name\":\"Congo Brazzaville\",\"description\":\"Just another Africa News Agency Sites site\",\"potentialAction\":[{\"@type\":\"SearchAction\",\"target\":{\"@type\":\"EntryPoint\",\"urlTemplate\":\"https:\/\/www.africa-press.net\/congo-brazzaville\/?s={search_term_string}\"},\"query-input\":{\"@type\":\"PropertyValueSpecification\",\"valueRequired\":true,\"valueName\":\"search_term_string\"}}],\"inLanguage\":\"fr-FR\"},{\"@type\":\"Person\",\"@id\":\"https:\/\/www.africa-press.net\/congo-brazzaville\/#\/schema\/person\/2b1cf3cd81a31e3cd26889ca66d677f1\",\"name\":\"cfeditorfr\"}]}<\/script>\n<!-- \/ Yoast SEO Premium plugin. -->","yoast_head_json":{"title":"le congo se dote d\u2019une loi sur les contrats\u00a0du partenariat public-priv\u00e9 - Congo Brazzaville","description":"Le Chef de l\u2019E\u0301tat Denis Sassou N\u2019Guesso a promulgue\u0301 le 12 janvier a\u0300 Brazzaville, une loi fixant les proce\u0301dures et ...","robots":{"index":"index","follow":"follow","max-snippet":"max-snippet:-1","max-image-preview":"max-image-preview:large","max-video-preview":"max-video-preview:-1"},"canonical":"https:\/\/www.africa-press.net\/congo-brazzaville\/politique\/le-congo-se-dote-dune-loi-sur-les-contrats-du-partenariat-public-prive","og_locale":"fr_FR","og_type":"article","og_title":"le congo se dote d\u2019une loi sur les contrats\u00a0du partenariat public-priv\u00e9","og_description":"Le Chef de l\u2019E\u0301tat Denis Sassou N\u2019Guesso a promulgue\u0301 le 12 janvier a\u0300 Brazzaville, une loi fixant les proce\u0301dures et ...","og_url":"https:\/\/www.africa-press.net\/congo-brazzaville\/politique\/le-congo-se-dote-dune-loi-sur-les-contrats-du-partenariat-public-prive","og_site_name":"Congo Brazzaville","article_published_time":"2023-01-23T21:06:54+00:00","article_modified_time":"2023-01-23T23:28:30+00:00","og_image":[{"width":933,"height":445,"url":"https:\/\/static.africa-press.net\/congo-brazzaville\/sites\/51\/2023\/01\/postQueueImg_1674495454.15.jpg","type":"image\/jpeg"}],"author":"cfeditorfr","twitter_card":"summary_large_image","twitter_misc":{"\u00c9crit par":"cfeditorfr","Dur\u00e9e de lecture estim\u00e9e":"3 minutes"},"schema":{"@context":"https:\/\/schema.org","@graph":[{"@type":"Article","@id":"https:\/\/www.africa-press.net\/congo-brazzaville\/politique\/le-congo-se-dote-dune-loi-sur-les-contrats-du-partenariat-public-prive#article","isPartOf":{"@id":"https:\/\/www.africa-press.net\/congo-brazzaville\/politique\/le-congo-se-dote-dune-loi-sur-les-contrats-du-partenariat-public-prive"},"author":{"name":"cfeditorfr","@id":"https:\/\/www.africa-press.net\/congo-brazzaville\/#\/schema\/person\/2b1cf3cd81a31e3cd26889ca66d677f1"},"headline":"le congo se dote d\u2019une loi sur les contrats\u00a0du partenariat public-priv\u00e9","datePublished":"2023-01-23T21:06:54+00:00","dateModified":"2023-01-23T23:28:30+00:00","mainEntityOfPage":{"@id":"https:\/\/www.africa-press.net\/congo-brazzaville\/politique\/le-congo-se-dote-dune-loi-sur-les-contrats-du-partenariat-public-prive"},"wordCount":575,"commentCount":0,"image":{"@id":"https:\/\/www.africa-press.net\/congo-brazzaville\/politique\/le-congo-se-dote-dune-loi-sur-les-contrats-du-partenariat-public-prive#primaryimage"},"thumbnailUrl":"https:\/\/static.africa-press.net\/congo-brazzaville\/sites\/51\/2023\/01\/postQueueImg_1674495454.15.jpg","keywords":["Africa Press","Africa Press-Congo Brazzaville","Congo Brazzaville"],"articleSection":["Politique","Toutes les actualit\u00e9s"],"inLanguage":"fr-FR","potentialAction":[{"@type":"CommentAction","name":"Comment","target":["https:\/\/www.africa-press.net\/congo-brazzaville\/politique\/le-congo-se-dote-dune-loi-sur-les-contrats-du-partenariat-public-prive#respond"]}]},{"@type":"WebPage","@id":"https:\/\/www.africa-press.net\/congo-brazzaville\/politique\/le-congo-se-dote-dune-loi-sur-les-contrats-du-partenariat-public-prive","url":"https:\/\/www.africa-press.net\/congo-brazzaville\/politique\/le-congo-se-dote-dune-loi-sur-les-contrats-du-partenariat-public-prive","name":"le congo se dote d\u2019une loi sur les contrats\u00a0du partenariat public-priv\u00e9 - Congo Brazzaville","isPartOf":{"@id":"https:\/\/www.africa-press.net\/congo-brazzaville\/#website"},"primaryImageOfPage":{"@id":"https:\/\/www.africa-press.net\/congo-brazzaville\/politique\/le-congo-se-dote-dune-loi-sur-les-contrats-du-partenariat-public-prive#primaryimage"},"image":{"@id":"https:\/\/www.africa-press.net\/congo-brazzaville\/politique\/le-congo-se-dote-dune-loi-sur-les-contrats-du-partenariat-public-prive#primaryimage"},"thumbnailUrl":"https:\/\/static.africa-press.net\/congo-brazzaville\/sites\/51\/2023\/01\/postQueueImg_1674495454.15.jpg","datePublished":"2023-01-23T21:06:54+00:00","dateModified":"2023-01-23T23:28:30+00:00","author":{"@id":"https:\/\/www.africa-press.net\/congo-brazzaville\/#\/schema\/person\/2b1cf3cd81a31e3cd26889ca66d677f1"},"description":"Le Chef de l\u2019E\u0301tat Denis Sassou N\u2019Guesso a promulgue\u0301 le 12 janvier a\u0300 Brazzaville, une loi fixant les proce\u0301dures et ...","breadcrumb":{"@id":"https:\/\/www.africa-press.net\/congo-brazzaville\/politique\/le-congo-se-dote-dune-loi-sur-les-contrats-du-partenariat-public-prive#breadcrumb"},"inLanguage":"fr-FR","potentialAction":[{"@type":"ReadAction","target":["https:\/\/www.africa-press.net\/congo-brazzaville\/politique\/le-congo-se-dote-dune-loi-sur-les-contrats-du-partenariat-public-prive"]}]},{"@type":"ImageObject","inLanguage":"fr-FR","@id":"https:\/\/www.africa-press.net\/congo-brazzaville\/politique\/le-congo-se-dote-dune-loi-sur-les-contrats-du-partenariat-public-prive#primaryimage","url":"https:\/\/static.africa-press.net\/congo-brazzaville\/sites\/51\/2023\/01\/postQueueImg_1674495454.15.jpg","contentUrl":"https:\/\/static.africa-press.net\/congo-brazzaville\/sites\/51\/2023\/01\/postQueueImg_1674495454.15.jpg","width":933,"height":445,"caption":"le congo se dote d\u2019une loi sur les contrats\u00a0du partenariat public-priv\u00e9"},{"@type":"BreadcrumbList","@id":"https:\/\/www.africa-press.net\/congo-brazzaville\/politique\/le-congo-se-dote-dune-loi-sur-les-contrats-du-partenariat-public-prive#breadcrumb","itemListElement":[{"@type":"ListItem","position":1,"name":"Accueil","item":"https:\/\/www.africa-press.net\/congo-brazzaville\/"},{"@type":"ListItem","position":2,"name":"le congo se dote d\u2019une loi sur les contrats\u00a0du partenariat public-priv\u00e9"}]},{"@type":"WebSite","@id":"https:\/\/www.africa-press.net\/congo-brazzaville\/#website","url":"https:\/\/www.africa-press.net\/congo-brazzaville\/","name":"Congo Brazzaville","description":"Just another Africa News Agency Sites site","potentialAction":[{"@type":"SearchAction","target":{"@type":"EntryPoint","urlTemplate":"https:\/\/www.africa-press.net\/congo-brazzaville\/?s={search_term_string}"},"query-input":{"@type":"PropertyValueSpecification","valueRequired":true,"valueName":"search_term_string"}}],"inLanguage":"fr-FR"},{"@type":"Person","@id":"https:\/\/www.africa-press.net\/congo-brazzaville\/#\/schema\/person\/2b1cf3cd81a31e3cd26889ca66d677f1","name":"cfeditorfr"}]}},"_links":{"self":[{"href":"https:\/\/www.africa-press.net\/congo-brazzaville\/wp-json\/wp\/v2\/posts\/13667","targetHints":{"allow":["GET"]}}],"collection":[{"href":"https:\/\/www.africa-press.net\/congo-brazzaville\/wp-json\/wp\/v2\/posts"}],"about":[{"href":"https:\/\/www.africa-press.net\/congo-brazzaville\/wp-json\/wp\/v2\/types\/post"}],"author":[{"embeddable":true,"href":"https:\/\/www.africa-press.net\/congo-brazzaville\/wp-json\/wp\/v2\/users\/82"}],"replies":[{"embeddable":true,"href":"https:\/\/www.africa-press.net\/congo-brazzaville\/wp-json\/wp\/v2\/comments?post=13667"}],"version-history":[{"count":0,"href":"https:\/\/www.africa-press.net\/congo-brazzaville\/wp-json\/wp\/v2\/posts\/13667\/revisions"}],"wp:featuredmedia":[{"embeddable":true,"href":"https:\/\/www.africa-press.net\/congo-brazzaville\/wp-json\/wp\/v2\/media\/13666"}],"wp:attachment":[{"href":"https:\/\/www.africa-press.net\/congo-brazzaville\/wp-json\/wp\/v2\/media?parent=13667"}],"wp:term":[{"taxonomy":"category","embeddable":true,"href":"https:\/\/www.africa-press.net\/congo-brazzaville\/wp-json\/wp\/v2\/categories?post=13667"},{"taxonomy":"post_tag","embeddable":true,"href":"https:\/\/www.africa-press.net\/congo-brazzaville\/wp-json\/wp\/v2\/tags?post=13667"}],"curies":[{"name":"wp","href":"https:\/\/api.w.org\/{rel}","templated":true}]}}