{"id":13670,"date":"2023-01-23T21:08:00","date_gmt":"2023-01-23T21:08:00","guid":{"rendered":"https:\/\/www.africa-press.net\/congo-brazzaville\/politique\/le-congo-sarrete-en-phase-de-groupes-du-chan-2022"},"modified":"2023-01-23T23:29:58","modified_gmt":"2023-01-23T23:29:58","slug":"le-congo-sarrete-en-phase-de-groupes-du-chan-2022","status":"publish","type":"post","link":"https:\/\/www.africa-press.net\/congo-brazzaville\/sports\/le-congo-sarrete-en-phase-de-groupes-du-chan-2022","title":{"rendered":"le congo s\u2019arr\u00eate en phase de groupes du chan 2022"},"content":{"rendered":"<p><span style=\"color: #ff6600\"><strong>Africa-Press &#8211; Congo Brazzaville. <\/strong><\/span>Les Diables Rouges A\u2019 ont e\u0301te\u0301 e\u0301limine\u0301s le 20 janvier a\u0300 Oran en Alge\u0301rie, suite a\u0300 leur match nul d\u2019un but partout face aux Menas du Niger. Ce match nul qui intervient apre\u0300s la de\u0301faite du Congo 0-1 lors de la premie\u0300re journe\u0301e face au Cameroun, le prive des quarts de finale du championnat d\u2019Afrique des nations (CHAN), Alge\u0301rie 2022.<\/p>\n<p>En se faisant neutralise\u0301 ze\u0301ro a\u0300 ze\u0301ro face au Niger, le Congo voit son parcours a\u0300 la phase finale du CHAN 2022 s\u2019arre\u0302ter pre\u0301mature\u0301ment.<\/p>\n<p>Malgre\u0301 un match pourtant plus ou moins abouti et domine\u0301 en occasions de but par les poulains de Jean E\u0301lie Ngoya, se\u0301lectionneur national du Congo, l\u2019inefficacite\u0301 offensive les a empe\u0302che\u0301s a\u0300 marquer des buts afin d\u2019espe\u0301rer rester dans la course aux quarts de finale.<\/p>\n<p>Avec un bilan d\u2019une de\u0301faite 0-1 face au Cameroun, un nul 0-0 contre le Niger, un but encaisse\u0301, zero but marque\u0301, le Congo re\u0301alise sa plus pie\u0300tre participation a\u0300 une phase finale du Championnat d\u2019Afrique des nations.<\/p>\n<p>Certes le fait d\u2019e\u0302tre dans un groupe a\u0300 trois a amenuise\u0301 les chances de qualification puisque les trois e\u0301quipes se sont dispute\u0301es une seule place en quarts de finale, cependant les vraies raisons sont l\u2019impre\u0301paration a\u0300 l\u2019instar de l\u2019annulation du stage de deux matchs pre\u0301vus a\u0300 Kinshasa la dernie\u0300re semaine de de\u0301cembre 2022 ou le fait de partir du pays avant la compe\u0301tition qu\u2019a\u0300 quelques jours.<\/p>\n<p>Le manque de primes ou les primes insignifiantes ont plombe\u0301 le moral et la de\u0301termination des Diables Rouges A\u2019.<\/p>\n<p>Il revient aux de\u0301cideurs du football congolais a\u0300 savoir le ministe\u0300re des sports de ressusciter la subvention de l\u2019e\u0301tat pour le financement du championnat national de football d\u2019e\u0301lite qui avait commence\u0301 il y a quelques anne\u0301es.<\/p>\n<p>La question des primes de pre\u0301paration, de match et des compe\u0301titions souvent occulte\u0301es, fractionne\u0301es ou impaye\u0301es devra attirer l\u2019attention des parlementaires et de la Haute-autorite\u0301 de lutte contre la corruption (HALC).<\/p>\n<p>Quant a\u0300 la Fe\u0301de\u0301ration congolaise de football (Fe\u0301cofoot), la ne\u0301cessite\u0301 de rechercher des financements additionnels a\u0300 travers des contrats de sponsoring reste une alternative ine\u0301luctable pour professionnaliser les compe\u0301titions de la ligue nationale de football.<\/p>\n<p>La Fe\u0301cofoot a enfin l\u2019impe\u0301ratif d\u2019impulser la restructuration des clubs de l\u2019e\u0301lite afin qu\u2019ils puissent garantir des contrats professionnels avec des bonnes re\u0301mune\u0301rations au staff technique et surtout aux joueurs, ce qui permettrait de garder les meilleurs joueurs locaux au pays.<\/p>\n<p><strong>Pour plus d&rsquo;informations et d&rsquo;analyses sur la <a href=\"https:\/\/www.africa-press.net\/congo-brazzaville\">Congo Brazzaville<\/a>, suivez <a href=\"https:\/\/www.africa-press.net\/\">Africa-Press<\/a><\/strong><\/p>\n","protected":false},"excerpt":{"rendered":"<p>Africa-Press &#8211; Congo Brazzaville. Les Diables Rouges A\u2019 ont e\u0301te\u0301 e\u0301limine\u0301s le 20 janvier a\u0300 Oran en Alge\u0301rie, suite a\u0300 leur match nul d\u2019un but partout face aux Menas du Niger. Ce match nul qui intervient apre\u0300s la de\u0301faite du Congo 0-1 lors de la premie\u0300re journe\u0301e face au Cameroun, le prive des quarts de [&hellip;]<\/p>\n","protected":false},"author":82,"featured_media":13669,"comment_status":"open","ping_status":"closed","sticky":false,"template":"","format":"standard","meta":{"footnotes":""},"categories":[6,10],"tags":[36,47,46],"class_list":["post-13670","post","type-post","status-publish","format-standard","has-post-thumbnail","hentry","category-sports","category-toutes-les-actualites","tag-africa-press","tag-africa-press-congo-brazzaville","tag-congo-brazzaville"],"yoast_head":"<!-- This site is optimized with the Yoast SEO Premium plugin v26.1 (Yoast SEO v27.0) - https:\/\/yoast.com\/product\/yoast-seo-premium-wordpress\/ -->\n<title>le congo s\u2019arr\u00eate en phase de groupes du chan 2022 - Congo Brazzaville<\/title>\n<meta name=\"description\" content=\"Les Diables Rouges A\u2019 ont e\u0301te\u0301 e\u0301limine\u0301s le 20 janvier a\u0300 Oran en Alge\u0301rie, suite a\u0300 leur match nul d\u2019un but partout f ...\" \/>\n<meta name=\"robots\" content=\"index, follow, max-snippet:-1, max-image-preview:large, max-video-preview:-1\" \/>\n<link rel=\"canonical\" href=\"https:\/\/www.africa-press.net\/congo-brazzaville\/sports\/le-congo-sarrete-en-phase-de-groupes-du-chan-2022\" \/>\n<meta property=\"og:locale\" content=\"fr_FR\" \/>\n<meta property=\"og:type\" content=\"article\" \/>\n<meta property=\"og:title\" content=\"le congo s\u2019arr\u00eate en phase de groupes du chan 2022\" \/>\n<meta property=\"og:description\" content=\"Les Diables Rouges A\u2019 ont e\u0301te\u0301 e\u0301limine\u0301s le 20 janvier a\u0300 Oran en Alge\u0301rie, suite a\u0300 leur match nul d\u2019un but partout f ...\" \/>\n<meta property=\"og:url\" content=\"https:\/\/www.africa-press.net\/congo-brazzaville\/sports\/le-congo-sarrete-en-phase-de-groupes-du-chan-2022\" \/>\n<meta property=\"og:site_name\" content=\"Congo Brazzaville\" \/>\n<meta property=\"article:published_time\" content=\"2023-01-23T21:08:00+00:00\" \/>\n<meta property=\"article:modified_time\" content=\"2023-01-23T23:29:58+00:00\" \/>\n<meta property=\"og:image\" content=\"https:\/\/static.africa-press.net\/congo-brazzaville\/sites\/51\/2023\/01\/postQueueImg_1674495516.01.jpg\" \/>\n\t<meta property=\"og:image:width\" content=\"800\" \/>\n\t<meta property=\"og:image:height\" content=\"439\" \/>\n\t<meta property=\"og:image:type\" content=\"image\/jpeg\" \/>\n<meta name=\"author\" content=\"cfeditorfr\" \/>\n<meta name=\"twitter:card\" content=\"summary_large_image\" \/>\n<meta name=\"twitter:label1\" content=\"\u00c9crit par\" \/>\n\t<meta name=\"twitter:data1\" content=\"cfeditorfr\" \/>\n\t<meta name=\"twitter:label2\" content=\"Dur\u00e9e de lecture estim\u00e9e\" \/>\n\t<meta name=\"twitter:data2\" content=\"2 minutes\" \/>\n<script type=\"application\/ld+json\" class=\"yoast-schema-graph\">{\"@context\":\"https:\/\/schema.org\",\"@graph\":[{\"@type\":\"Article\",\"@id\":\"https:\/\/www.africa-press.net\/congo-brazzaville\/sports\/le-congo-sarrete-en-phase-de-groupes-du-chan-2022#article\",\"isPartOf\":{\"@id\":\"https:\/\/www.africa-press.net\/congo-brazzaville\/sports\/le-congo-sarrete-en-phase-de-groupes-du-chan-2022\"},\"author\":{\"name\":\"cfeditorfr\",\"@id\":\"https:\/\/www.africa-press.net\/congo-brazzaville\/#\/schema\/person\/2b1cf3cd81a31e3cd26889ca66d677f1\"},\"headline\":\"le congo s\u2019arr\u00eate en phase de groupes du chan 2022\",\"datePublished\":\"2023-01-23T21:08:00+00:00\",\"dateModified\":\"2023-01-23T23:29:58+00:00\",\"mainEntityOfPage\":{\"@id\":\"https:\/\/www.africa-press.net\/congo-brazzaville\/sports\/le-congo-sarrete-en-phase-de-groupes-du-chan-2022\"},\"wordCount\":488,\"commentCount\":0,\"image\":{\"@id\":\"https:\/\/www.africa-press.net\/congo-brazzaville\/sports\/le-congo-sarrete-en-phase-de-groupes-du-chan-2022#primaryimage\"},\"thumbnailUrl\":\"https:\/\/static.africa-press.net\/congo-brazzaville\/sites\/51\/2023\/01\/postQueueImg_1674495516.01.jpg\",\"keywords\":[\"Africa Press\",\"Africa Press-Congo Brazzaville\",\"Congo Brazzaville\"],\"articleSection\":[\"Sports\",\"Toutes les actualit\u00e9s\"],\"inLanguage\":\"fr-FR\",\"potentialAction\":[{\"@type\":\"CommentAction\",\"name\":\"Comment\",\"target\":[\"https:\/\/www.africa-press.net\/congo-brazzaville\/sports\/le-congo-sarrete-en-phase-de-groupes-du-chan-2022#respond\"]}]},{\"@type\":\"WebPage\",\"@id\":\"https:\/\/www.africa-press.net\/congo-brazzaville\/sports\/le-congo-sarrete-en-phase-de-groupes-du-chan-2022\",\"url\":\"https:\/\/www.africa-press.net\/congo-brazzaville\/sports\/le-congo-sarrete-en-phase-de-groupes-du-chan-2022\",\"name\":\"le congo s\u2019arr\u00eate en phase de groupes du chan 2022 - Congo Brazzaville\",\"isPartOf\":{\"@id\":\"https:\/\/www.africa-press.net\/congo-brazzaville\/#website\"},\"primaryImageOfPage\":{\"@id\":\"https:\/\/www.africa-press.net\/congo-brazzaville\/sports\/le-congo-sarrete-en-phase-de-groupes-du-chan-2022#primaryimage\"},\"image\":{\"@id\":\"https:\/\/www.africa-press.net\/congo-brazzaville\/sports\/le-congo-sarrete-en-phase-de-groupes-du-chan-2022#primaryimage\"},\"thumbnailUrl\":\"https:\/\/static.africa-press.net\/congo-brazzaville\/sites\/51\/2023\/01\/postQueueImg_1674495516.01.jpg\",\"datePublished\":\"2023-01-23T21:08:00+00:00\",\"dateModified\":\"2023-01-23T23:29:58+00:00\",\"author\":{\"@id\":\"https:\/\/www.africa-press.net\/congo-brazzaville\/#\/schema\/person\/2b1cf3cd81a31e3cd26889ca66d677f1\"},\"description\":\"Les Diables Rouges A\u2019 ont e\u0301te\u0301 e\u0301limine\u0301s le 20 janvier a\u0300 Oran en Alge\u0301rie, suite a\u0300 leur match nul d\u2019un but partout f ...\",\"breadcrumb\":{\"@id\":\"https:\/\/www.africa-press.net\/congo-brazzaville\/sports\/le-congo-sarrete-en-phase-de-groupes-du-chan-2022#breadcrumb\"},\"inLanguage\":\"fr-FR\",\"potentialAction\":[{\"@type\":\"ReadAction\",\"target\":[\"https:\/\/www.africa-press.net\/congo-brazzaville\/sports\/le-congo-sarrete-en-phase-de-groupes-du-chan-2022\"]}]},{\"@type\":\"ImageObject\",\"inLanguage\":\"fr-FR\",\"@id\":\"https:\/\/www.africa-press.net\/congo-brazzaville\/sports\/le-congo-sarrete-en-phase-de-groupes-du-chan-2022#primaryimage\",\"url\":\"https:\/\/static.africa-press.net\/congo-brazzaville\/sites\/51\/2023\/01\/postQueueImg_1674495516.01.jpg\",\"contentUrl\":\"https:\/\/static.africa-press.net\/congo-brazzaville\/sites\/51\/2023\/01\/postQueueImg_1674495516.01.jpg\",\"width\":800,\"height\":439,\"caption\":\"le congo s\u2019arr\u00eate en phase de groupes du chan 2022\"},{\"@type\":\"BreadcrumbList\",\"@id\":\"https:\/\/www.africa-press.net\/congo-brazzaville\/sports\/le-congo-sarrete-en-phase-de-groupes-du-chan-2022#breadcrumb\",\"itemListElement\":[{\"@type\":\"ListItem\",\"position\":1,\"name\":\"Accueil\",\"item\":\"https:\/\/www.africa-press.net\/congo-brazzaville\/\"},{\"@type\":\"ListItem\",\"position\":2,\"name\":\"le congo s\u2019arr\u00eate en phase de groupes du chan 2022\"}]},{\"@type\":\"WebSite\",\"@id\":\"https:\/\/www.africa-press.net\/congo-brazzaville\/#website\",\"url\":\"https:\/\/www.africa-press.net\/congo-brazzaville\/\",\"name\":\"Congo Brazzaville\",\"description\":\"Just another Africa News Agency Sites site\",\"potentialAction\":[{\"@type\":\"SearchAction\",\"target\":{\"@type\":\"EntryPoint\",\"urlTemplate\":\"https:\/\/www.africa-press.net\/congo-brazzaville\/?s={search_term_string}\"},\"query-input\":{\"@type\":\"PropertyValueSpecification\",\"valueRequired\":true,\"valueName\":\"search_term_string\"}}],\"inLanguage\":\"fr-FR\"},{\"@type\":\"Person\",\"@id\":\"https:\/\/www.africa-press.net\/congo-brazzaville\/#\/schema\/person\/2b1cf3cd81a31e3cd26889ca66d677f1\",\"name\":\"cfeditorfr\"}]}<\/script>\n<!-- \/ Yoast SEO Premium plugin. -->","yoast_head_json":{"title":"le congo s\u2019arr\u00eate en phase de groupes du chan 2022 - Congo Brazzaville","description":"Les Diables Rouges A\u2019 ont e\u0301te\u0301 e\u0301limine\u0301s le 20 janvier a\u0300 Oran en Alge\u0301rie, suite a\u0300 leur match nul d\u2019un but partout f ...","robots":{"index":"index","follow":"follow","max-snippet":"max-snippet:-1","max-image-preview":"max-image-preview:large","max-video-preview":"max-video-preview:-1"},"canonical":"https:\/\/www.africa-press.net\/congo-brazzaville\/sports\/le-congo-sarrete-en-phase-de-groupes-du-chan-2022","og_locale":"fr_FR","og_type":"article","og_title":"le congo s\u2019arr\u00eate en phase de groupes du chan 2022","og_description":"Les Diables Rouges A\u2019 ont e\u0301te\u0301 e\u0301limine\u0301s le 20 janvier a\u0300 Oran en Alge\u0301rie, suite a\u0300 leur match nul d\u2019un but partout f ...","og_url":"https:\/\/www.africa-press.net\/congo-brazzaville\/sports\/le-congo-sarrete-en-phase-de-groupes-du-chan-2022","og_site_name":"Congo Brazzaville","article_published_time":"2023-01-23T21:08:00+00:00","article_modified_time":"2023-01-23T23:29:58+00:00","og_image":[{"width":800,"height":439,"url":"https:\/\/static.africa-press.net\/congo-brazzaville\/sites\/51\/2023\/01\/postQueueImg_1674495516.01.jpg","type":"image\/jpeg"}],"author":"cfeditorfr","twitter_card":"summary_large_image","twitter_misc":{"\u00c9crit par":"cfeditorfr","Dur\u00e9e de lecture estim\u00e9e":"2 minutes"},"schema":{"@context":"https:\/\/schema.org","@graph":[{"@type":"Article","@id":"https:\/\/www.africa-press.net\/congo-brazzaville\/sports\/le-congo-sarrete-en-phase-de-groupes-du-chan-2022#article","isPartOf":{"@id":"https:\/\/www.africa-press.net\/congo-brazzaville\/sports\/le-congo-sarrete-en-phase-de-groupes-du-chan-2022"},"author":{"name":"cfeditorfr","@id":"https:\/\/www.africa-press.net\/congo-brazzaville\/#\/schema\/person\/2b1cf3cd81a31e3cd26889ca66d677f1"},"headline":"le congo s\u2019arr\u00eate en phase de groupes du chan 2022","datePublished":"2023-01-23T21:08:00+00:00","dateModified":"2023-01-23T23:29:58+00:00","mainEntityOfPage":{"@id":"https:\/\/www.africa-press.net\/congo-brazzaville\/sports\/le-congo-sarrete-en-phase-de-groupes-du-chan-2022"},"wordCount":488,"commentCount":0,"image":{"@id":"https:\/\/www.africa-press.net\/congo-brazzaville\/sports\/le-congo-sarrete-en-phase-de-groupes-du-chan-2022#primaryimage"},"thumbnailUrl":"https:\/\/static.africa-press.net\/congo-brazzaville\/sites\/51\/2023\/01\/postQueueImg_1674495516.01.jpg","keywords":["Africa Press","Africa Press-Congo Brazzaville","Congo Brazzaville"],"articleSection":["Sports","Toutes les actualit\u00e9s"],"inLanguage":"fr-FR","potentialAction":[{"@type":"CommentAction","name":"Comment","target":["https:\/\/www.africa-press.net\/congo-brazzaville\/sports\/le-congo-sarrete-en-phase-de-groupes-du-chan-2022#respond"]}]},{"@type":"WebPage","@id":"https:\/\/www.africa-press.net\/congo-brazzaville\/sports\/le-congo-sarrete-en-phase-de-groupes-du-chan-2022","url":"https:\/\/www.africa-press.net\/congo-brazzaville\/sports\/le-congo-sarrete-en-phase-de-groupes-du-chan-2022","name":"le congo s\u2019arr\u00eate en phase de groupes du chan 2022 - Congo Brazzaville","isPartOf":{"@id":"https:\/\/www.africa-press.net\/congo-brazzaville\/#website"},"primaryImageOfPage":{"@id":"https:\/\/www.africa-press.net\/congo-brazzaville\/sports\/le-congo-sarrete-en-phase-de-groupes-du-chan-2022#primaryimage"},"image":{"@id":"https:\/\/www.africa-press.net\/congo-brazzaville\/sports\/le-congo-sarrete-en-phase-de-groupes-du-chan-2022#primaryimage"},"thumbnailUrl":"https:\/\/static.africa-press.net\/congo-brazzaville\/sites\/51\/2023\/01\/postQueueImg_1674495516.01.jpg","datePublished":"2023-01-23T21:08:00+00:00","dateModified":"2023-01-23T23:29:58+00:00","author":{"@id":"https:\/\/www.africa-press.net\/congo-brazzaville\/#\/schema\/person\/2b1cf3cd81a31e3cd26889ca66d677f1"},"description":"Les Diables Rouges A\u2019 ont e\u0301te\u0301 e\u0301limine\u0301s le 20 janvier a\u0300 Oran en Alge\u0301rie, suite a\u0300 leur match nul d\u2019un but partout f ...","breadcrumb":{"@id":"https:\/\/www.africa-press.net\/congo-brazzaville\/sports\/le-congo-sarrete-en-phase-de-groupes-du-chan-2022#breadcrumb"},"inLanguage":"fr-FR","potentialAction":[{"@type":"ReadAction","target":["https:\/\/www.africa-press.net\/congo-brazzaville\/sports\/le-congo-sarrete-en-phase-de-groupes-du-chan-2022"]}]},{"@type":"ImageObject","inLanguage":"fr-FR","@id":"https:\/\/www.africa-press.net\/congo-brazzaville\/sports\/le-congo-sarrete-en-phase-de-groupes-du-chan-2022#primaryimage","url":"https:\/\/static.africa-press.net\/congo-brazzaville\/sites\/51\/2023\/01\/postQueueImg_1674495516.01.jpg","contentUrl":"https:\/\/static.africa-press.net\/congo-brazzaville\/sites\/51\/2023\/01\/postQueueImg_1674495516.01.jpg","width":800,"height":439,"caption":"le congo s\u2019arr\u00eate en phase de groupes du chan 2022"},{"@type":"BreadcrumbList","@id":"https:\/\/www.africa-press.net\/congo-brazzaville\/sports\/le-congo-sarrete-en-phase-de-groupes-du-chan-2022#breadcrumb","itemListElement":[{"@type":"ListItem","position":1,"name":"Accueil","item":"https:\/\/www.africa-press.net\/congo-brazzaville\/"},{"@type":"ListItem","position":2,"name":"le congo s\u2019arr\u00eate en phase de groupes du chan 2022"}]},{"@type":"WebSite","@id":"https:\/\/www.africa-press.net\/congo-brazzaville\/#website","url":"https:\/\/www.africa-press.net\/congo-brazzaville\/","name":"Congo Brazzaville","description":"Just another Africa News Agency Sites site","potentialAction":[{"@type":"SearchAction","target":{"@type":"EntryPoint","urlTemplate":"https:\/\/www.africa-press.net\/congo-brazzaville\/?s={search_term_string}"},"query-input":{"@type":"PropertyValueSpecification","valueRequired":true,"valueName":"search_term_string"}}],"inLanguage":"fr-FR"},{"@type":"Person","@id":"https:\/\/www.africa-press.net\/congo-brazzaville\/#\/schema\/person\/2b1cf3cd81a31e3cd26889ca66d677f1","name":"cfeditorfr"}]}},"_links":{"self":[{"href":"https:\/\/www.africa-press.net\/congo-brazzaville\/wp-json\/wp\/v2\/posts\/13670","targetHints":{"allow":["GET"]}}],"collection":[{"href":"https:\/\/www.africa-press.net\/congo-brazzaville\/wp-json\/wp\/v2\/posts"}],"about":[{"href":"https:\/\/www.africa-press.net\/congo-brazzaville\/wp-json\/wp\/v2\/types\/post"}],"author":[{"embeddable":true,"href":"https:\/\/www.africa-press.net\/congo-brazzaville\/wp-json\/wp\/v2\/users\/82"}],"replies":[{"embeddable":true,"href":"https:\/\/www.africa-press.net\/congo-brazzaville\/wp-json\/wp\/v2\/comments?post=13670"}],"version-history":[{"count":0,"href":"https:\/\/www.africa-press.net\/congo-brazzaville\/wp-json\/wp\/v2\/posts\/13670\/revisions"}],"wp:featuredmedia":[{"embeddable":true,"href":"https:\/\/www.africa-press.net\/congo-brazzaville\/wp-json\/wp\/v2\/media\/13669"}],"wp:attachment":[{"href":"https:\/\/www.africa-press.net\/congo-brazzaville\/wp-json\/wp\/v2\/media?parent=13670"}],"wp:term":[{"taxonomy":"category","embeddable":true,"href":"https:\/\/www.africa-press.net\/congo-brazzaville\/wp-json\/wp\/v2\/categories?post=13670"},{"taxonomy":"post_tag","embeddable":true,"href":"https:\/\/www.africa-press.net\/congo-brazzaville\/wp-json\/wp\/v2\/tags?post=13670"}],"curies":[{"name":"wp","href":"https:\/\/api.w.org\/{rel}","templated":true}]}}