{"id":13677,"date":"2023-01-24T12:48:53","date_gmt":"2023-01-24T12:48:53","guid":{"rendered":"https:\/\/www.africa-press.net\/congo-brazzaville\/politique\/rencontre-citoyenne-romi-oyo-voudrait-conscientiser-les-bebes-noirs-en-2023"},"modified":"2023-01-24T12:48:53","modified_gmt":"2023-01-24T12:48:53","slug":"rencontre-citoyenne-romi-oyo-voudrait-conscientiser-les-bebes-noirs-en-2023","status":"publish","type":"post","link":"https:\/\/www.africa-press.net\/congo-brazzaville\/photo\/rencontre-citoyenne-romi-oyo-voudrait-conscientiser-les-bebes-noirs-en-2023","title":{"rendered":"Rencontre citoyenne : Romi Oyo voudrait conscientiser les \u00ab\u00a0b\u00e9b\u00e9s noirs \u00a0\u00bb en 2023"},"content":{"rendered":"<p><span style=\"color: #ff6600\"><strong>Africa-Press &#8211; Congo Brazzaville. <\/strong><\/span><b>Le de\u0301pute\u0301 de Ouenze\u0301 III a e\u0301voque\u0301, le 22 janvier a\u0300 Brazzaville au cours d\u2019une rencontre avec sa base, la ne\u0301cessite\u0301 de s\u2019impliquer pour la conscientisation des \u00ab\u00a0be\u0301be\u0301s noirs\u00a0\u00bb, un mouvement de jeunes oisifs et de\u0301linquants qui e\u0301cume les quartiers de la capitale.<\/b><\/p>\n<p>Le phe\u0301nome\u0300ne des \u00ab be\u0301be\u0301s noirs \u00bb ou \u00ab Koulouna \u00bb, apparu a\u0300 Brazzaville depuis quelques anne\u0301es, est devenu un fle\u0301au manifeste en Re\u0301publique du Congo. Les \u00ab be\u0301be\u0301s noirs \u00bb ou \u00ab Koulouna \u00bb sont ge\u0301ne\u0301ralement des jeunes a\u0302ge\u0301s de 13 a\u0300 25 ans, le plus souvent de\u0301s\u0153uvre\u0301s et de\u0301scolarise\u0301s, munis d\u2019armes blanches, commettant pillages, viols, assassinats et agressions contre la population.<\/p>\n<p>\u00ab Les faiblesses de se\u0301curite\u0301 enregistre\u0301es dans nos quartiers doivent attirer notre attention. Permettez-moi de vous inviter a\u0300 plus de responsabilite\u0301s face au phe\u0301nome\u0300ne \u00ab\u00a0be\u0301be\u0301s noirs\u00a0\u00bb ou \u00ab\u00a0Koulouna\u00a0\u00bb, de jeunes mal encadre\u0301s et souvent abandonne\u0301s qui agissent violement pour faire entendre leurs voix. Nous sommes tous responsables du comportement de ces jeunes qui vivent avec nous dans nos maisons \u00bb, s\u2019est plaint Romi Oyo.<\/p>\n<p>Les autorite\u0301s congolaises sont re\u0301gulie\u0300rement accuse\u0301es par divers observateurs de rester passives face a\u0300 la recrudescence de ce phe\u0301nome\u0300ne. Ainsi donc, le de\u0301pute\u0301 de Ouenze\u0301 III compte travailler avec les chefs de quartier et de zone de sa circonscription e\u0301lectorale pour tenter d\u2019atte\u0301nuer le phe\u0301nome\u0300ne \u00ab be\u0301be\u0301s noirs \u00bbou \u00ab Koulouna \u00bb au niveau de sa base.<\/p>\n<p>\u00ab Avons-nous essaye\u0301 de les ramener a\u0300 la raison ? Prenons-nous le temps de les e\u0301couter suffisamment ? Je vous invite tous a\u0300 sensibiliser ces jeunes. Ils ont ne\u0301cessairement besoin d\u2019e\u0302tre oriente\u0301s et accompage\u0301s pour la construction d\u2019une nouvelle vie exemplaire. Je reste optimiste que ces jeunes sont re\u0301cupe\u0301rables. Pour 2023, je nous donne cette mission, faisons ensemble que nos jeunes citoyens soient exemplaires \u00bb, s\u2019est engage\u0301 le de\u0301pute\u0301 de Ouenze\u0301 III.<\/p>\n<p>Pour l\u2019anne\u0301e 2023, le de\u0301pute\u0301 de Ouenze\u0301 III a assure\u0301 sa base e\u0301lectorale de continuer a\u0300 poursuivre son programme d\u2019assainissement des rues et avenues de sa circonscription afin d\u2019ame\u0301liorer les conditions de vie et d\u2019hygie\u0300ne de sa population de base.<\/p>\n<p>\u00ab Nous nous disons souvent que nous ne supportons pas la salete\u0301 mais nos rues et avenues sont rendues insalubres par nous-me\u0302mes. Nous voulons que Ouenze\u0301 III soit la circonscription la plus propre de Brazzaville et pourquoi pas du Congo \u00bb, a indique\u0301 Romi Oyo, tout en conviant sa base au respect de l\u2019heure en 2023 dans le cadre des prochaines activite\u0301s sociales et politiques.<\/p>\n<p>Signalons qu\u2019en 2022, la re\u0301habilitation du centre de sante\u0301 Jeanne Viale et de l\u2019avenue Boueta-Mbongo, l\u2019assainissement des rues, la prise en charge des personnes vulne\u0301rables, l\u2019octroi des bourses scolaires aux e\u0301le\u0300ves de sa circonscription ont e\u0301te\u0301 inscrits parmi les actions re\u0301alise\u0301es par le de\u0301pute\u0301 de Ouenze\u0301 III.\r\n                <style type=\"text\/css\">\r\n                    \r\n                    #td_uid_1_69edef7a3c252  .td-doubleSlider-2 .td-item1 {\r\n                        background: url(https:\/\/static.africa-press.net\/congo-brazzaville\/sites\/51\/2023\/01\/postMediaimg_23_1-63cfd4deee130-80x60.jpg) 0 0 no-repeat;\r\n                    }\r\n                    #td_uid_1_69edef7a3c252  .td-doubleSlider-2 .td-item2 {\r\n                        background: url(https:\/\/static.africa-press.net\/congo-brazzaville\/sites\/51\/2023\/01\/postMediaimg_23_2-63cfd4ea6d3e9-80x60.jpg) 0 0 no-repeat;\r\n                    }\r\n                <\/style>\r\n\r\n                <div id=\"td_uid_1_69edef7a3c252\" class=\"td-gallery td-slide-on-2-columns\">\r\n                    <div class=\"post_td_gallery\">\r\n                        <div class=\"td-gallery-slide-top\">\r\n                           <div class=\"td-gallery-title\"><\/div>\r\n\r\n                            <div class=\"td-gallery-controls-wrapper\">\r\n                                <div class=\"td-gallery-slide-count\"><span class=\"td-gallery-slide-item-focus\">1<\/span> de 2<\/div>\r\n                                <div class=\"td-gallery-slide-prev-next-but\">\r\n                                    <i class = \"td-icon-left doubleSliderPrevButton\"><\/i>\r\n                                    <i class = \"td-icon-right doubleSliderNextButton\"><\/i>\r\n                                <\/div>\r\n                            <\/div>\r\n                        <\/div>\r\n\r\n                        <div class = \"td-doubleSlider-1 \">\r\n                            <div class = \"td-slider\">\r\n                                \r\n                    <div class = \"td-slide-item td-item1\">\r\n                        <figure class=\"td-slide-galery-figure td-slide-popup-gallery\">\r\n                            <a class=\"slide-gallery-image-link\" href=\"https:\/\/static.africa-press.net\/congo-brazzaville\/sites\/51\/2023\/01\/postMediaimg_23_1-63cfd4deee130.jpg\" title=\"postMediaimg_23_1-63cfd4deee130\"  data-caption=\"\"  data-description=\"\">\r\n                                <img decoding=\"async\" src=\"https:\/\/static.africa-press.net\/congo-brazzaville\/sites\/51\/2023\/01\/postMediaimg_23_1-63cfd4deee130.jpg\" srcset=\"https:\/\/static.africa-press.net\/congo-brazzaville\/sites\/51\/2023\/01\/postMediaimg_23_1-63cfd4deee130.jpg 1024w, https:\/\/static.africa-press.net\/congo-brazzaville\/sites\/51\/2023\/01\/postMediaimg_23_1-63cfd4deee130-300x225.jpg 300w, https:\/\/static.africa-press.net\/congo-brazzaville\/sites\/51\/2023\/01\/postMediaimg_23_1-63cfd4deee130-768x576.jpg 768w, https:\/\/static.africa-press.net\/congo-brazzaville\/sites\/51\/2023\/01\/postMediaimg_23_1-63cfd4deee130-80x60.jpg 80w\" sizes=\"(max-width: 1024px) 100vw, 1024px\" alt=\"\">\r\n                            <\/a>\r\n                            \r\n                        <\/figure>\r\n                    <\/div>\r\n                    <div class = \"td-slide-item td-item2\">\r\n                        <figure class=\"td-slide-galery-figure td-slide-popup-gallery\">\r\n                            <a class=\"slide-gallery-image-link\" href=\"https:\/\/static.africa-press.net\/congo-brazzaville\/sites\/51\/2023\/01\/postMediaimg_23_2-63cfd4ea6d3e9.jpg\" title=\"postMediaimg_23_2-63cfd4ea6d3e9\"  data-caption=\"\"  data-description=\"\">\r\n                                <img decoding=\"async\" src=\"https:\/\/static.africa-press.net\/congo-brazzaville\/sites\/51\/2023\/01\/postMediaimg_23_2-63cfd4ea6d3e9.jpg\" srcset=\"https:\/\/static.africa-press.net\/congo-brazzaville\/sites\/51\/2023\/01\/postMediaimg_23_2-63cfd4ea6d3e9.jpg 1024w, https:\/\/static.africa-press.net\/congo-brazzaville\/sites\/51\/2023\/01\/postMediaimg_23_2-63cfd4ea6d3e9-300x225.jpg 300w, https:\/\/static.africa-press.net\/congo-brazzaville\/sites\/51\/2023\/01\/postMediaimg_23_2-63cfd4ea6d3e9-768x576.jpg 768w, https:\/\/static.africa-press.net\/congo-brazzaville\/sites\/51\/2023\/01\/postMediaimg_23_2-63cfd4ea6d3e9-80x60.jpg 80w\" sizes=\"(max-width: 1024px) 100vw, 1024px\" alt=\"\">\r\n                            <\/a>\r\n                            \r\n                        <\/figure>\r\n                    <\/div>\r\n                            <\/div>\r\n                        <\/div>\r\n\r\n                        <div class = \"td-doubleSlider-2\">\r\n                            <div class = \"td-slider\">\r\n                                \r\n                    <div class = \"td-button td-item1\">\r\n                        <div class = \"td-border\"><\/div>\r\n                    <\/div>\r\n                    <div class = \"td-button td-item2\">\r\n                        <div class = \"td-border\"><\/div>\r\n                    <\/div>\r\n                            <\/div>\r\n                        <\/div>\r\n\r\n                    <\/div>\r\n\r\n                <\/div>\r\n                <\/p>\n<p><strong>Pour plus d&rsquo;informations et d&rsquo;analyses sur la <a href=\"https:\/\/www.africa-press.net\/congo-brazzaville\">Congo Brazzaville<\/a>, suivez <a href=\"https:\/\/www.africa-press.net\/\">Africa-Press<\/a><\/strong><\/p>\n","protected":false},"excerpt":{"rendered":"<p>Africa-Press &#8211; Congo Brazzaville. Le de\u0301pute\u0301 de Ouenze\u0301 III a e\u0301voque\u0301, le 22 janvier a\u0300 Brazzaville au cours d\u2019une rencontre avec sa base, la ne\u0301cessite\u0301 de s\u2019impliquer pour la conscientisation des \u00ab\u00a0be\u0301be\u0301s noirs\u00a0\u00bb, un mouvement de jeunes oisifs et de\u0301linquants qui e\u0301cume les quartiers de la capitale. Le phe\u0301nome\u0300ne des \u00ab be\u0301be\u0301s noirs \u00bb ou [&hellip;]<\/p>\n","protected":false},"author":82,"featured_media":13676,"comment_status":"open","ping_status":"closed","sticky":false,"template":"","format":"standard","meta":{"footnotes":""},"categories":[21,8,10],"tags":[36,47,46],"class_list":["post-13677","post","type-post","status-publish","format-standard","has-post-thumbnail","hentry","category-communaute","category-photo","category-toutes-les-actualites","tag-africa-press","tag-africa-press-congo-brazzaville","tag-congo-brazzaville"],"yoast_head":"<!-- This site is optimized with the Yoast SEO Premium plugin v26.1 (Yoast SEO v27.0) - https:\/\/yoast.com\/product\/yoast-seo-premium-wordpress\/ -->\n<title>Rencontre citoyenne : Romi Oyo voudrait conscientiser les &quot;b\u00e9b\u00e9s noirs &quot; en 2023 - Congo Brazzaville<\/title>\n<meta name=\"robots\" content=\"index, follow, max-snippet:-1, max-image-preview:large, max-video-preview:-1\" \/>\n<link rel=\"canonical\" href=\"https:\/\/www.africa-press.net\/congo-brazzaville\/politique\/rencontre-citoyenne-romi-oyo-voudrait-conscientiser-les-bebes-noirs-en-2023\" \/>\n<meta property=\"og:locale\" content=\"fr_FR\" \/>\n<meta property=\"og:type\" content=\"article\" \/>\n<meta property=\"og:title\" content=\"Rencontre citoyenne : Romi Oyo voudrait conscientiser les &quot;b\u00e9b\u00e9s noirs &quot; en 2023\" \/>\n<meta property=\"og:description\" content=\"Africa-Press &#8211; Congo Brazzaville. Le de\u0301pute\u0301 de Ouenze\u0301 III a e\u0301voque\u0301, le 22 janvier a\u0300 Brazzaville au cours d\u2019une rencontre avec sa base, la ne\u0301cessite\u0301 de s\u2019impliquer pour la conscientisation des \u00ab\u00a0be\u0301be\u0301s noirs\u00a0\u00bb, un mouvement de jeunes oisifs et de\u0301linquants qui e\u0301cume les quartiers de la capitale. Le phe\u0301nome\u0300ne des \u00ab be\u0301be\u0301s noirs \u00bb ou [&hellip;]\" \/>\n<meta property=\"og:url\" content=\"https:\/\/www.africa-press.net\/congo-brazzaville\/politique\/rencontre-citoyenne-romi-oyo-voudrait-conscientiser-les-bebes-noirs-en-2023\" \/>\n<meta property=\"og:site_name\" content=\"Congo Brazzaville\" \/>\n<meta property=\"article:published_time\" content=\"2023-01-24T12:48:53+00:00\" \/>\n<meta property=\"og:image\" content=\"https:\/\/static.africa-press.net\/congo-brazzaville\/sites\/51\/2023\/01\/postMediaimg_23_1-63cfd4deee130.jpg\" \/>\n<meta name=\"author\" content=\"cfeditorfr\" \/>\n<meta name=\"twitter:card\" content=\"summary_large_image\" \/>\n<meta name=\"twitter:label1\" content=\"\u00c9crit par\" \/>\n\t<meta name=\"twitter:data1\" content=\"cfeditorfr\" \/>\n\t<meta name=\"twitter:label2\" content=\"Dur\u00e9e de lecture estim\u00e9e\" \/>\n\t<meta name=\"twitter:data2\" content=\"3 minutes\" \/>\n<script type=\"application\/ld+json\" class=\"yoast-schema-graph\">{\"@context\":\"https:\/\/schema.org\",\"@graph\":[{\"@type\":\"Article\",\"@id\":\"https:\/\/www.africa-press.net\/congo-brazzaville\/politique\/rencontre-citoyenne-romi-oyo-voudrait-conscientiser-les-bebes-noirs-en-2023#article\",\"isPartOf\":{\"@id\":\"https:\/\/www.africa-press.net\/congo-brazzaville\/politique\/rencontre-citoyenne-romi-oyo-voudrait-conscientiser-les-bebes-noirs-en-2023\"},\"author\":{\"name\":\"cfeditorfr\",\"@id\":\"https:\/\/www.africa-press.net\/congo-brazzaville\/#\/schema\/person\/2b1cf3cd81a31e3cd26889ca66d677f1\"},\"headline\":\"Rencontre citoyenne : Romi Oyo voudrait conscientiser les \u00ab\u00a0b\u00e9b\u00e9s noirs \u00a0\u00bb en 2023\",\"datePublished\":\"2023-01-24T12:48:53+00:00\",\"mainEntityOfPage\":{\"@id\":\"https:\/\/www.africa-press.net\/congo-brazzaville\/politique\/rencontre-citoyenne-romi-oyo-voudrait-conscientiser-les-bebes-noirs-en-2023\"},\"wordCount\":551,\"commentCount\":0,\"image\":{\"@id\":\"https:\/\/www.africa-press.net\/congo-brazzaville\/politique\/rencontre-citoyenne-romi-oyo-voudrait-conscientiser-les-bebes-noirs-en-2023#primaryimage\"},\"thumbnailUrl\":\"https:\/\/static.africa-press.net\/congo-brazzaville\/sites\/51\/2023\/01\/postQueueImg_1674551937.81.jpg\",\"keywords\":[\"Africa Press\",\"Africa Press-Congo Brazzaville\",\"Congo Brazzaville\"],\"articleSection\":[\"Communaut\u00e9\",\"Photo\",\"Toutes les actualit\u00e9s\"],\"inLanguage\":\"fr-FR\",\"potentialAction\":[{\"@type\":\"CommentAction\",\"name\":\"Comment\",\"target\":[\"https:\/\/www.africa-press.net\/congo-brazzaville\/politique\/rencontre-citoyenne-romi-oyo-voudrait-conscientiser-les-bebes-noirs-en-2023#respond\"]}]},{\"@type\":\"WebPage\",\"@id\":\"https:\/\/www.africa-press.net\/congo-brazzaville\/politique\/rencontre-citoyenne-romi-oyo-voudrait-conscientiser-les-bebes-noirs-en-2023\",\"url\":\"https:\/\/www.africa-press.net\/congo-brazzaville\/politique\/rencontre-citoyenne-romi-oyo-voudrait-conscientiser-les-bebes-noirs-en-2023\",\"name\":\"Rencontre citoyenne : Romi Oyo voudrait conscientiser les \\\"b\u00e9b\u00e9s noirs \\\" en 2023 - Congo Brazzaville\",\"isPartOf\":{\"@id\":\"https:\/\/www.africa-press.net\/congo-brazzaville\/#website\"},\"primaryImageOfPage\":{\"@id\":\"https:\/\/www.africa-press.net\/congo-brazzaville\/politique\/rencontre-citoyenne-romi-oyo-voudrait-conscientiser-les-bebes-noirs-en-2023#primaryimage\"},\"image\":{\"@id\":\"https:\/\/www.africa-press.net\/congo-brazzaville\/politique\/rencontre-citoyenne-romi-oyo-voudrait-conscientiser-les-bebes-noirs-en-2023#primaryimage\"},\"thumbnailUrl\":\"https:\/\/static.africa-press.net\/congo-brazzaville\/sites\/51\/2023\/01\/postQueueImg_1674551937.81.jpg\",\"datePublished\":\"2023-01-24T12:48:53+00:00\",\"author\":{\"@id\":\"https:\/\/www.africa-press.net\/congo-brazzaville\/#\/schema\/person\/2b1cf3cd81a31e3cd26889ca66d677f1\"},\"breadcrumb\":{\"@id\":\"https:\/\/www.africa-press.net\/congo-brazzaville\/politique\/rencontre-citoyenne-romi-oyo-voudrait-conscientiser-les-bebes-noirs-en-2023#breadcrumb\"},\"inLanguage\":\"fr-FR\",\"potentialAction\":[{\"@type\":\"ReadAction\",\"target\":[\"https:\/\/www.africa-press.net\/congo-brazzaville\/politique\/rencontre-citoyenne-romi-oyo-voudrait-conscientiser-les-bebes-noirs-en-2023\"]}]},{\"@type\":\"ImageObject\",\"inLanguage\":\"fr-FR\",\"@id\":\"https:\/\/www.africa-press.net\/congo-brazzaville\/politique\/rencontre-citoyenne-romi-oyo-voudrait-conscientiser-les-bebes-noirs-en-2023#primaryimage\",\"url\":\"https:\/\/static.africa-press.net\/congo-brazzaville\/sites\/51\/2023\/01\/postQueueImg_1674551937.81.jpg\",\"contentUrl\":\"https:\/\/static.africa-press.net\/congo-brazzaville\/sites\/51\/2023\/01\/postQueueImg_1674551937.81.jpg\",\"width\":1024,\"height\":768,\"caption\":\"Rencontre citoyenne : Romi Oyo voudrait conscientiser les \\\"b\u00e9b\u00e9s noirs \\\" en 2023\"},{\"@type\":\"BreadcrumbList\",\"@id\":\"https:\/\/www.africa-press.net\/congo-brazzaville\/politique\/rencontre-citoyenne-romi-oyo-voudrait-conscientiser-les-bebes-noirs-en-2023#breadcrumb\",\"itemListElement\":[{\"@type\":\"ListItem\",\"position\":1,\"name\":\"Accueil\",\"item\":\"https:\/\/www.africa-press.net\/congo-brazzaville\/\"},{\"@type\":\"ListItem\",\"position\":2,\"name\":\"Rencontre citoyenne : Romi Oyo voudrait conscientiser les \u00ab\u00a0b\u00e9b\u00e9s noirs \u00a0\u00bb en 2023\"}]},{\"@type\":\"WebSite\",\"@id\":\"https:\/\/www.africa-press.net\/congo-brazzaville\/#website\",\"url\":\"https:\/\/www.africa-press.net\/congo-brazzaville\/\",\"name\":\"Congo Brazzaville\",\"description\":\"Just another Africa News Agency Sites site\",\"potentialAction\":[{\"@type\":\"SearchAction\",\"target\":{\"@type\":\"EntryPoint\",\"urlTemplate\":\"https:\/\/www.africa-press.net\/congo-brazzaville\/?s={search_term_string}\"},\"query-input\":{\"@type\":\"PropertyValueSpecification\",\"valueRequired\":true,\"valueName\":\"search_term_string\"}}],\"inLanguage\":\"fr-FR\"},{\"@type\":\"Person\",\"@id\":\"https:\/\/www.africa-press.net\/congo-brazzaville\/#\/schema\/person\/2b1cf3cd81a31e3cd26889ca66d677f1\",\"name\":\"cfeditorfr\"}]}<\/script>\n<!-- \/ Yoast SEO Premium plugin. -->","yoast_head_json":{"title":"Rencontre citoyenne : Romi Oyo voudrait conscientiser les \"b\u00e9b\u00e9s noirs \" en 2023 - Congo Brazzaville","robots":{"index":"index","follow":"follow","max-snippet":"max-snippet:-1","max-image-preview":"max-image-preview:large","max-video-preview":"max-video-preview:-1"},"canonical":"https:\/\/www.africa-press.net\/congo-brazzaville\/politique\/rencontre-citoyenne-romi-oyo-voudrait-conscientiser-les-bebes-noirs-en-2023","og_locale":"fr_FR","og_type":"article","og_title":"Rencontre citoyenne : Romi Oyo voudrait conscientiser les \"b\u00e9b\u00e9s noirs \" en 2023","og_description":"Africa-Press &#8211; Congo Brazzaville. Le de\u0301pute\u0301 de Ouenze\u0301 III a e\u0301voque\u0301, le 22 janvier a\u0300 Brazzaville au cours d\u2019une rencontre avec sa base, la ne\u0301cessite\u0301 de s\u2019impliquer pour la conscientisation des \u00ab\u00a0be\u0301be\u0301s noirs\u00a0\u00bb, un mouvement de jeunes oisifs et de\u0301linquants qui e\u0301cume les quartiers de la capitale. Le phe\u0301nome\u0300ne des \u00ab be\u0301be\u0301s noirs \u00bb ou [&hellip;]","og_url":"https:\/\/www.africa-press.net\/congo-brazzaville\/politique\/rencontre-citoyenne-romi-oyo-voudrait-conscientiser-les-bebes-noirs-en-2023","og_site_name":"Congo Brazzaville","article_published_time":"2023-01-24T12:48:53+00:00","og_image":[{"url":"https:\/\/static.africa-press.net\/congo-brazzaville\/sites\/51\/2023\/01\/postMediaimg_23_1-63cfd4deee130.jpg","type":"","width":"","height":""}],"author":"cfeditorfr","twitter_card":"summary_large_image","twitter_misc":{"\u00c9crit par":"cfeditorfr","Dur\u00e9e de lecture estim\u00e9e":"3 minutes"},"schema":{"@context":"https:\/\/schema.org","@graph":[{"@type":"Article","@id":"https:\/\/www.africa-press.net\/congo-brazzaville\/politique\/rencontre-citoyenne-romi-oyo-voudrait-conscientiser-les-bebes-noirs-en-2023#article","isPartOf":{"@id":"https:\/\/www.africa-press.net\/congo-brazzaville\/politique\/rencontre-citoyenne-romi-oyo-voudrait-conscientiser-les-bebes-noirs-en-2023"},"author":{"name":"cfeditorfr","@id":"https:\/\/www.africa-press.net\/congo-brazzaville\/#\/schema\/person\/2b1cf3cd81a31e3cd26889ca66d677f1"},"headline":"Rencontre citoyenne : Romi Oyo voudrait conscientiser les \u00ab\u00a0b\u00e9b\u00e9s noirs \u00a0\u00bb en 2023","datePublished":"2023-01-24T12:48:53+00:00","mainEntityOfPage":{"@id":"https:\/\/www.africa-press.net\/congo-brazzaville\/politique\/rencontre-citoyenne-romi-oyo-voudrait-conscientiser-les-bebes-noirs-en-2023"},"wordCount":551,"commentCount":0,"image":{"@id":"https:\/\/www.africa-press.net\/congo-brazzaville\/politique\/rencontre-citoyenne-romi-oyo-voudrait-conscientiser-les-bebes-noirs-en-2023#primaryimage"},"thumbnailUrl":"https:\/\/static.africa-press.net\/congo-brazzaville\/sites\/51\/2023\/01\/postQueueImg_1674551937.81.jpg","keywords":["Africa Press","Africa Press-Congo Brazzaville","Congo Brazzaville"],"articleSection":["Communaut\u00e9","Photo","Toutes les actualit\u00e9s"],"inLanguage":"fr-FR","potentialAction":[{"@type":"CommentAction","name":"Comment","target":["https:\/\/www.africa-press.net\/congo-brazzaville\/politique\/rencontre-citoyenne-romi-oyo-voudrait-conscientiser-les-bebes-noirs-en-2023#respond"]}]},{"@type":"WebPage","@id":"https:\/\/www.africa-press.net\/congo-brazzaville\/politique\/rencontre-citoyenne-romi-oyo-voudrait-conscientiser-les-bebes-noirs-en-2023","url":"https:\/\/www.africa-press.net\/congo-brazzaville\/politique\/rencontre-citoyenne-romi-oyo-voudrait-conscientiser-les-bebes-noirs-en-2023","name":"Rencontre citoyenne : Romi Oyo voudrait conscientiser les \"b\u00e9b\u00e9s noirs \" en 2023 - Congo Brazzaville","isPartOf":{"@id":"https:\/\/www.africa-press.net\/congo-brazzaville\/#website"},"primaryImageOfPage":{"@id":"https:\/\/www.africa-press.net\/congo-brazzaville\/politique\/rencontre-citoyenne-romi-oyo-voudrait-conscientiser-les-bebes-noirs-en-2023#primaryimage"},"image":{"@id":"https:\/\/www.africa-press.net\/congo-brazzaville\/politique\/rencontre-citoyenne-romi-oyo-voudrait-conscientiser-les-bebes-noirs-en-2023#primaryimage"},"thumbnailUrl":"https:\/\/static.africa-press.net\/congo-brazzaville\/sites\/51\/2023\/01\/postQueueImg_1674551937.81.jpg","datePublished":"2023-01-24T12:48:53+00:00","author":{"@id":"https:\/\/www.africa-press.net\/congo-brazzaville\/#\/schema\/person\/2b1cf3cd81a31e3cd26889ca66d677f1"},"breadcrumb":{"@id":"https:\/\/www.africa-press.net\/congo-brazzaville\/politique\/rencontre-citoyenne-romi-oyo-voudrait-conscientiser-les-bebes-noirs-en-2023#breadcrumb"},"inLanguage":"fr-FR","potentialAction":[{"@type":"ReadAction","target":["https:\/\/www.africa-press.net\/congo-brazzaville\/politique\/rencontre-citoyenne-romi-oyo-voudrait-conscientiser-les-bebes-noirs-en-2023"]}]},{"@type":"ImageObject","inLanguage":"fr-FR","@id":"https:\/\/www.africa-press.net\/congo-brazzaville\/politique\/rencontre-citoyenne-romi-oyo-voudrait-conscientiser-les-bebes-noirs-en-2023#primaryimage","url":"https:\/\/static.africa-press.net\/congo-brazzaville\/sites\/51\/2023\/01\/postQueueImg_1674551937.81.jpg","contentUrl":"https:\/\/static.africa-press.net\/congo-brazzaville\/sites\/51\/2023\/01\/postQueueImg_1674551937.81.jpg","width":1024,"height":768,"caption":"Rencontre citoyenne : Romi Oyo voudrait conscientiser les \"b\u00e9b\u00e9s noirs \" en 2023"},{"@type":"BreadcrumbList","@id":"https:\/\/www.africa-press.net\/congo-brazzaville\/politique\/rencontre-citoyenne-romi-oyo-voudrait-conscientiser-les-bebes-noirs-en-2023#breadcrumb","itemListElement":[{"@type":"ListItem","position":1,"name":"Accueil","item":"https:\/\/www.africa-press.net\/congo-brazzaville\/"},{"@type":"ListItem","position":2,"name":"Rencontre citoyenne : Romi Oyo voudrait conscientiser les \u00ab\u00a0b\u00e9b\u00e9s noirs \u00a0\u00bb en 2023"}]},{"@type":"WebSite","@id":"https:\/\/www.africa-press.net\/congo-brazzaville\/#website","url":"https:\/\/www.africa-press.net\/congo-brazzaville\/","name":"Congo Brazzaville","description":"Just another Africa News Agency Sites site","potentialAction":[{"@type":"SearchAction","target":{"@type":"EntryPoint","urlTemplate":"https:\/\/www.africa-press.net\/congo-brazzaville\/?s={search_term_string}"},"query-input":{"@type":"PropertyValueSpecification","valueRequired":true,"valueName":"search_term_string"}}],"inLanguage":"fr-FR"},{"@type":"Person","@id":"https:\/\/www.africa-press.net\/congo-brazzaville\/#\/schema\/person\/2b1cf3cd81a31e3cd26889ca66d677f1","name":"cfeditorfr"}]}},"_links":{"self":[{"href":"https:\/\/www.africa-press.net\/congo-brazzaville\/wp-json\/wp\/v2\/posts\/13677","targetHints":{"allow":["GET"]}}],"collection":[{"href":"https:\/\/www.africa-press.net\/congo-brazzaville\/wp-json\/wp\/v2\/posts"}],"about":[{"href":"https:\/\/www.africa-press.net\/congo-brazzaville\/wp-json\/wp\/v2\/types\/post"}],"author":[{"embeddable":true,"href":"https:\/\/www.africa-press.net\/congo-brazzaville\/wp-json\/wp\/v2\/users\/82"}],"replies":[{"embeddable":true,"href":"https:\/\/www.africa-press.net\/congo-brazzaville\/wp-json\/wp\/v2\/comments?post=13677"}],"version-history":[{"count":0,"href":"https:\/\/www.africa-press.net\/congo-brazzaville\/wp-json\/wp\/v2\/posts\/13677\/revisions"}],"wp:featuredmedia":[{"embeddable":true,"href":"https:\/\/www.africa-press.net\/congo-brazzaville\/wp-json\/wp\/v2\/media\/13676"}],"wp:attachment":[{"href":"https:\/\/www.africa-press.net\/congo-brazzaville\/wp-json\/wp\/v2\/media?parent=13677"}],"wp:term":[{"taxonomy":"category","embeddable":true,"href":"https:\/\/www.africa-press.net\/congo-brazzaville\/wp-json\/wp\/v2\/categories?post=13677"},{"taxonomy":"post_tag","embeddable":true,"href":"https:\/\/www.africa-press.net\/congo-brazzaville\/wp-json\/wp\/v2\/tags?post=13677"}],"curies":[{"name":"wp","href":"https:\/\/api.w.org\/{rel}","templated":true}]}}