{"id":13679,"date":"2023-01-24T12:49:35","date_gmt":"2023-01-24T12:49:35","guid":{"rendered":"https:\/\/www.africa-press.net\/congo-brazzaville\/politique\/relance-du-projet-la-baie-de-loango-une-delegation-congolaise-recue-a-la-mairie-de-nantes"},"modified":"2023-01-24T12:49:35","modified_gmt":"2023-01-24T12:49:35","slug":"relance-du-projet-la-baie-de-loango-une-delegation-congolaise-recue-a-la-mairie-de-nantes","status":"publish","type":"post","link":"https:\/\/www.africa-press.net\/congo-brazzaville\/economie\/relance-du-projet-la-baie-de-loango-une-delegation-congolaise-recue-a-la-mairie-de-nantes","title":{"rendered":"Relance du projet la Baie de Loango: une d\u00e9l\u00e9gation congolaise re\u00e7ue \u00e0 la mairie de Nantes"},"content":{"rendered":"<p><span style=\"color: #ff6600\"><strong>Africa-Press &#8211; Congo Brazzaville. <\/strong><\/span><b>Dans le cadre de la poursuite de la mission ministe\u0301rielle conduite par Lydie Pongault sur la relance du projet de la Baie de Loango, une de\u0301le\u0301gation congolaise a e\u0301te\u0301 rec\u0327ue, le 17 janvier dernier, par Olivier Cha\u0302teau, de\u0301le\u0301gue\u0301 au Patrimoine et a\u0300 l\u2019Arche\u0301ologie de la mairie de Nantes.<\/b><\/p>\n<p>La de\u0301le\u0301gation e\u0301tait constitue\u0301e des conseillers et charge\u0301s de missions de la ministre de l\u2019Industrie culturelle, touristique, artistique et des Loisirs ainsi que les membres des associations Maison de l\u2019Afrique et Perspective Congo. La rencontre avec Olivier Cha\u0302teau s\u2019est de\u0301roule\u0301e en fin de journe\u0301e apre\u0300s une visite guide\u0301e du muse\u0301e d\u2019histoire de Nantes, e\u0301tablissement gestionnaire du Me\u0301morial de l\u2019abolition de l\u2019esclavage.<\/p>\n<p>Aupre\u0300s de l\u2019e\u0301lu nantais, la de\u0301le\u0301gation congolaise a pu s\u2019enque\u0301rir du travail d\u2019approche ayant permis l\u2019adhe\u0301sion de la population apre\u0300s quatorze ans de discussions, parfois de crispations, pour concevoir un site me\u0301moriel qui attire de\u0301sormais 225 000 visiteurs par an.<\/p>\n<p>Olivier Cha\u0302teau a confie\u0301 qu\u2019il a fallu une re\u0301elle mobilisation de la socie\u0301te\u0301 civile s\u2019ajoutant a\u0300 celle des acteurs associatifs avant d\u2019oser affronter cette part sombre de l\u2019histoire du premier port ne\u0301grier de France. Il a explique\u0301 que cette e\u0301tape a pris du temps, suscite\u0301 la crainte, mais apre\u0300s le succe\u0300s retentissant, en 1992-1994, d\u2019une exposition intitule\u0301e \u00ab\u00a0Les anneaux de la me\u0301moire\u00a0\u00bb, l\u2019adhe\u0301sion d\u2019une majorite\u0301 a fait preuve d\u2019une de\u0301cision populaire. Aujourd\u2019hui, le me\u0301morial est partie inte\u0301grante de la ville et capte toutes les attentions. En te\u0301moignent les 225 000 visiteurs par an et l\u2019e\u0301motion suscite\u0301e par ce site accessible gratuitement, qui accueille e\u0301galement 8 000 scolaires chaque anne\u0301e.<\/p>\n<p>Le me\u0301morial e\u0301rige\u0301 en bord de Loire sur le quai de la Fosse, ancien point d\u2019accostage des navires du commerce triangulaire, est a\u0300 la fois un lieu de recueillement et de me\u0301ditation. Son passage souterrain a e\u0301te\u0301 conc\u0327u de sorte que le visiteur puisse ressentir en immersion les affres de l\u2019enfermement subis dans une cale de bateau.<\/p>\n<p>Sur l\u2019esplanade de 7 000 m2 menant jusqu\u2019a\u0300 la passerelle Victor-Schoelcher, artisan de l\u2019abolition de\u0301finitive de l\u2019esclavage en France en 1848, des plaques de verres au nombre de 1710 rappellent les expe\u0301ditions ne\u0301grie\u0300res parties de Nantes, soit 43 % des campagnes franc\u0327aises, loin devant Bordeaux ou La Rochelle. \u00ab Suivant cette repre\u0301sentation au sol, certains noms de bateaux figurent plusieurs fois \u00bb, a indique\u0301 Laurence D\u2019Haene, attache\u0301e de conservation du muse\u0301e lors de la visite de la de\u0301le\u0301gation congolaise mene\u0301e sous une pluie battante.<\/p>\n<p>La de\u0301le\u0301gation congolaise a exprime\u0301 sa volonte\u0301 d\u2019e\u0302tre accompagne\u0301e pour le projet de la Baie de Loango. Cet accompagnement aurait pour but, dans un premier temps, de nouer des e\u0301changes entre les universitaires, la socie\u0301te\u0301 civile et les divers partenaires scientifiques d\u2019Afrique et d\u2019ailleurs en vue de l\u2019organisation d\u2019un colloque au cours de cette anne\u0301e a\u0300 Brazzaville.<\/p>\n<p>Au nom de la mairie de Nantes, Olivier Cha\u0302teau s\u2019est montre\u0301 re\u0301ceptif et demeure ouvert en attendant les termes de coope\u0301ration a\u0300 e\u0301tablir entre les partenaires du projet.<\/p>\n<p><strong>Pour plus d&rsquo;informations et d&rsquo;analyses sur la <a href=\"https:\/\/www.africa-press.net\/congo-brazzaville\">Congo Brazzaville<\/a>, suivez <a href=\"https:\/\/www.africa-press.net\/\">Africa-Press<\/a><\/strong><\/p>\n","protected":false},"excerpt":{"rendered":"<p>Africa-Press &#8211; Congo Brazzaville. Dans le cadre de la poursuite de la mission ministe\u0301rielle conduite par Lydie Pongault sur la relance du projet de la Baie de Loango, une de\u0301le\u0301gation congolaise a e\u0301te\u0301 rec\u0327ue, le 17 janvier dernier, par Olivier Cha\u0302teau, de\u0301le\u0301gue\u0301 au Patrimoine et a\u0300 l\u2019Arche\u0301ologie de la mairie de Nantes. La de\u0301le\u0301gation e\u0301tait [&hellip;]<\/p>\n","protected":false},"author":82,"featured_media":13678,"comment_status":"open","ping_status":"closed","sticky":false,"template":"","format":"standard","meta":{"footnotes":""},"categories":[3,10],"tags":[36,47,46],"class_list":["post-13679","post","type-post","status-publish","format-standard","has-post-thumbnail","hentry","category-economie","category-toutes-les-actualites","tag-africa-press","tag-africa-press-congo-brazzaville","tag-congo-brazzaville"],"yoast_head":"<!-- This site is optimized with the Yoast SEO Premium plugin v26.1 (Yoast SEO v27.0) - https:\/\/yoast.com\/product\/yoast-seo-premium-wordpress\/ -->\n<title>Relance du projet la Baie de Loango: une d\u00e9l\u00e9gation congolaise re\u00e7ue \u00e0 la mairie de Nantes - Congo Brazzaville<\/title>\n<meta name=\"robots\" content=\"index, follow, max-snippet:-1, max-image-preview:large, max-video-preview:-1\" \/>\n<link rel=\"canonical\" href=\"https:\/\/www.africa-press.net\/congo-brazzaville\/politique\/relance-du-projet-la-baie-de-loango-une-delegation-congolaise-recue-a-la-mairie-de-nantes\" \/>\n<meta property=\"og:locale\" content=\"fr_FR\" \/>\n<meta property=\"og:type\" content=\"article\" \/>\n<meta property=\"og:title\" content=\"Relance du projet la Baie de Loango: une d\u00e9l\u00e9gation congolaise re\u00e7ue \u00e0 la mairie de Nantes\" \/>\n<meta property=\"og:description\" content=\"Africa-Press &#8211; Congo Brazzaville. Dans le cadre de la poursuite de la mission ministe\u0301rielle conduite par Lydie Pongault sur la relance du projet de la Baie de Loango, une de\u0301le\u0301gation congolaise a e\u0301te\u0301 rec\u0327ue, le 17 janvier dernier, par Olivier Cha\u0302teau, de\u0301le\u0301gue\u0301 au Patrimoine et a\u0300 l\u2019Arche\u0301ologie de la mairie de Nantes. La de\u0301le\u0301gation e\u0301tait [&hellip;]\" \/>\n<meta property=\"og:url\" content=\"https:\/\/www.africa-press.net\/congo-brazzaville\/politique\/relance-du-projet-la-baie-de-loango-une-delegation-congolaise-recue-a-la-mairie-de-nantes\" \/>\n<meta property=\"og:site_name\" content=\"Congo Brazzaville\" \/>\n<meta property=\"article:published_time\" content=\"2023-01-24T12:49:35+00:00\" \/>\n<meta name=\"author\" content=\"cfeditorfr\" \/>\n<meta name=\"twitter:card\" content=\"summary_large_image\" \/>\n<meta name=\"twitter:label1\" content=\"\u00c9crit par\" \/>\n\t<meta name=\"twitter:data1\" content=\"cfeditorfr\" \/>\n\t<meta name=\"twitter:label2\" content=\"Dur\u00e9e de lecture estim\u00e9e\" \/>\n\t<meta name=\"twitter:data2\" content=\"3 minutes\" \/>\n<script type=\"application\/ld+json\" class=\"yoast-schema-graph\">{\"@context\":\"https:\/\/schema.org\",\"@graph\":[{\"@type\":\"Article\",\"@id\":\"https:\/\/www.africa-press.net\/congo-brazzaville\/politique\/relance-du-projet-la-baie-de-loango-une-delegation-congolaise-recue-a-la-mairie-de-nantes#article\",\"isPartOf\":{\"@id\":\"https:\/\/www.africa-press.net\/congo-brazzaville\/politique\/relance-du-projet-la-baie-de-loango-une-delegation-congolaise-recue-a-la-mairie-de-nantes\"},\"author\":{\"name\":\"cfeditorfr\",\"@id\":\"https:\/\/www.africa-press.net\/congo-brazzaville\/#\/schema\/person\/2b1cf3cd81a31e3cd26889ca66d677f1\"},\"headline\":\"Relance du projet la Baie de Loango: une d\u00e9l\u00e9gation congolaise re\u00e7ue \u00e0 la mairie de Nantes\",\"datePublished\":\"2023-01-24T12:49:35+00:00\",\"mainEntityOfPage\":{\"@id\":\"https:\/\/www.africa-press.net\/congo-brazzaville\/politique\/relance-du-projet-la-baie-de-loango-une-delegation-congolaise-recue-a-la-mairie-de-nantes\"},\"wordCount\":615,\"commentCount\":0,\"image\":{\"@id\":\"https:\/\/www.africa-press.net\/congo-brazzaville\/politique\/relance-du-projet-la-baie-de-loango-une-delegation-congolaise-recue-a-la-mairie-de-nantes#primaryimage\"},\"thumbnailUrl\":\"https:\/\/static.africa-press.net\/congo-brazzaville\/sites\/51\/2023\/01\/postQueueImg_1674551980.89.jpg\",\"keywords\":[\"Africa Press\",\"Africa Press-Congo Brazzaville\",\"Congo Brazzaville\"],\"articleSection\":[\"\u00c9conomie\",\"Toutes les actualit\u00e9s\"],\"inLanguage\":\"fr-FR\",\"potentialAction\":[{\"@type\":\"CommentAction\",\"name\":\"Comment\",\"target\":[\"https:\/\/www.africa-press.net\/congo-brazzaville\/politique\/relance-du-projet-la-baie-de-loango-une-delegation-congolaise-recue-a-la-mairie-de-nantes#respond\"]}]},{\"@type\":\"WebPage\",\"@id\":\"https:\/\/www.africa-press.net\/congo-brazzaville\/politique\/relance-du-projet-la-baie-de-loango-une-delegation-congolaise-recue-a-la-mairie-de-nantes\",\"url\":\"https:\/\/www.africa-press.net\/congo-brazzaville\/politique\/relance-du-projet-la-baie-de-loango-une-delegation-congolaise-recue-a-la-mairie-de-nantes\",\"name\":\"Relance du projet la Baie de Loango: une d\u00e9l\u00e9gation congolaise re\u00e7ue \u00e0 la mairie de Nantes - Congo Brazzaville\",\"isPartOf\":{\"@id\":\"https:\/\/www.africa-press.net\/congo-brazzaville\/#website\"},\"primaryImageOfPage\":{\"@id\":\"https:\/\/www.africa-press.net\/congo-brazzaville\/politique\/relance-du-projet-la-baie-de-loango-une-delegation-congolaise-recue-a-la-mairie-de-nantes#primaryimage\"},\"image\":{\"@id\":\"https:\/\/www.africa-press.net\/congo-brazzaville\/politique\/relance-du-projet-la-baie-de-loango-une-delegation-congolaise-recue-a-la-mairie-de-nantes#primaryimage\"},\"thumbnailUrl\":\"https:\/\/static.africa-press.net\/congo-brazzaville\/sites\/51\/2023\/01\/postQueueImg_1674551980.89.jpg\",\"datePublished\":\"2023-01-24T12:49:35+00:00\",\"author\":{\"@id\":\"https:\/\/www.africa-press.net\/congo-brazzaville\/#\/schema\/person\/2b1cf3cd81a31e3cd26889ca66d677f1\"},\"breadcrumb\":{\"@id\":\"https:\/\/www.africa-press.net\/congo-brazzaville\/politique\/relance-du-projet-la-baie-de-loango-une-delegation-congolaise-recue-a-la-mairie-de-nantes#breadcrumb\"},\"inLanguage\":\"fr-FR\",\"potentialAction\":[{\"@type\":\"ReadAction\",\"target\":[\"https:\/\/www.africa-press.net\/congo-brazzaville\/politique\/relance-du-projet-la-baie-de-loango-une-delegation-congolaise-recue-a-la-mairie-de-nantes\"]}]},{\"@type\":\"ImageObject\",\"inLanguage\":\"fr-FR\",\"@id\":\"https:\/\/www.africa-press.net\/congo-brazzaville\/politique\/relance-du-projet-la-baie-de-loango-une-delegation-congolaise-recue-a-la-mairie-de-nantes#primaryimage\",\"url\":\"https:\/\/static.africa-press.net\/congo-brazzaville\/sites\/51\/2023\/01\/postQueueImg_1674551980.89.jpg\",\"contentUrl\":\"https:\/\/static.africa-press.net\/congo-brazzaville\/sites\/51\/2023\/01\/postQueueImg_1674551980.89.jpg\",\"width\":1296,\"height\":776,\"caption\":\"Relance du projet la Baie de Loango: une d\u00e9l\u00e9gation congolaise re\u00e7ue \u00e0 la mairie de Nantes\"},{\"@type\":\"BreadcrumbList\",\"@id\":\"https:\/\/www.africa-press.net\/congo-brazzaville\/politique\/relance-du-projet-la-baie-de-loango-une-delegation-congolaise-recue-a-la-mairie-de-nantes#breadcrumb\",\"itemListElement\":[{\"@type\":\"ListItem\",\"position\":1,\"name\":\"Accueil\",\"item\":\"https:\/\/www.africa-press.net\/congo-brazzaville\/\"},{\"@type\":\"ListItem\",\"position\":2,\"name\":\"Relance du projet la Baie de Loango: une d\u00e9l\u00e9gation congolaise re\u00e7ue \u00e0 la mairie de Nantes\"}]},{\"@type\":\"WebSite\",\"@id\":\"https:\/\/www.africa-press.net\/congo-brazzaville\/#website\",\"url\":\"https:\/\/www.africa-press.net\/congo-brazzaville\/\",\"name\":\"Congo Brazzaville\",\"description\":\"Just another Africa News Agency Sites site\",\"potentialAction\":[{\"@type\":\"SearchAction\",\"target\":{\"@type\":\"EntryPoint\",\"urlTemplate\":\"https:\/\/www.africa-press.net\/congo-brazzaville\/?s={search_term_string}\"},\"query-input\":{\"@type\":\"PropertyValueSpecification\",\"valueRequired\":true,\"valueName\":\"search_term_string\"}}],\"inLanguage\":\"fr-FR\"},{\"@type\":\"Person\",\"@id\":\"https:\/\/www.africa-press.net\/congo-brazzaville\/#\/schema\/person\/2b1cf3cd81a31e3cd26889ca66d677f1\",\"name\":\"cfeditorfr\"}]}<\/script>\n<!-- \/ Yoast SEO Premium plugin. -->","yoast_head_json":{"title":"Relance du projet la Baie de Loango: une d\u00e9l\u00e9gation congolaise re\u00e7ue \u00e0 la mairie de Nantes - Congo Brazzaville","robots":{"index":"index","follow":"follow","max-snippet":"max-snippet:-1","max-image-preview":"max-image-preview:large","max-video-preview":"max-video-preview:-1"},"canonical":"https:\/\/www.africa-press.net\/congo-brazzaville\/politique\/relance-du-projet-la-baie-de-loango-une-delegation-congolaise-recue-a-la-mairie-de-nantes","og_locale":"fr_FR","og_type":"article","og_title":"Relance du projet la Baie de Loango: une d\u00e9l\u00e9gation congolaise re\u00e7ue \u00e0 la mairie de Nantes","og_description":"Africa-Press &#8211; Congo Brazzaville. Dans le cadre de la poursuite de la mission ministe\u0301rielle conduite par Lydie Pongault sur la relance du projet de la Baie de Loango, une de\u0301le\u0301gation congolaise a e\u0301te\u0301 rec\u0327ue, le 17 janvier dernier, par Olivier Cha\u0302teau, de\u0301le\u0301gue\u0301 au Patrimoine et a\u0300 l\u2019Arche\u0301ologie de la mairie de Nantes. La de\u0301le\u0301gation e\u0301tait [&hellip;]","og_url":"https:\/\/www.africa-press.net\/congo-brazzaville\/politique\/relance-du-projet-la-baie-de-loango-une-delegation-congolaise-recue-a-la-mairie-de-nantes","og_site_name":"Congo Brazzaville","article_published_time":"2023-01-24T12:49:35+00:00","author":"cfeditorfr","twitter_card":"summary_large_image","twitter_misc":{"\u00c9crit par":"cfeditorfr","Dur\u00e9e de lecture estim\u00e9e":"3 minutes"},"schema":{"@context":"https:\/\/schema.org","@graph":[{"@type":"Article","@id":"https:\/\/www.africa-press.net\/congo-brazzaville\/politique\/relance-du-projet-la-baie-de-loango-une-delegation-congolaise-recue-a-la-mairie-de-nantes#article","isPartOf":{"@id":"https:\/\/www.africa-press.net\/congo-brazzaville\/politique\/relance-du-projet-la-baie-de-loango-une-delegation-congolaise-recue-a-la-mairie-de-nantes"},"author":{"name":"cfeditorfr","@id":"https:\/\/www.africa-press.net\/congo-brazzaville\/#\/schema\/person\/2b1cf3cd81a31e3cd26889ca66d677f1"},"headline":"Relance du projet la Baie de Loango: une d\u00e9l\u00e9gation congolaise re\u00e7ue \u00e0 la mairie de Nantes","datePublished":"2023-01-24T12:49:35+00:00","mainEntityOfPage":{"@id":"https:\/\/www.africa-press.net\/congo-brazzaville\/politique\/relance-du-projet-la-baie-de-loango-une-delegation-congolaise-recue-a-la-mairie-de-nantes"},"wordCount":615,"commentCount":0,"image":{"@id":"https:\/\/www.africa-press.net\/congo-brazzaville\/politique\/relance-du-projet-la-baie-de-loango-une-delegation-congolaise-recue-a-la-mairie-de-nantes#primaryimage"},"thumbnailUrl":"https:\/\/static.africa-press.net\/congo-brazzaville\/sites\/51\/2023\/01\/postQueueImg_1674551980.89.jpg","keywords":["Africa Press","Africa Press-Congo Brazzaville","Congo Brazzaville"],"articleSection":["\u00c9conomie","Toutes les actualit\u00e9s"],"inLanguage":"fr-FR","potentialAction":[{"@type":"CommentAction","name":"Comment","target":["https:\/\/www.africa-press.net\/congo-brazzaville\/politique\/relance-du-projet-la-baie-de-loango-une-delegation-congolaise-recue-a-la-mairie-de-nantes#respond"]}]},{"@type":"WebPage","@id":"https:\/\/www.africa-press.net\/congo-brazzaville\/politique\/relance-du-projet-la-baie-de-loango-une-delegation-congolaise-recue-a-la-mairie-de-nantes","url":"https:\/\/www.africa-press.net\/congo-brazzaville\/politique\/relance-du-projet-la-baie-de-loango-une-delegation-congolaise-recue-a-la-mairie-de-nantes","name":"Relance du projet la Baie de Loango: une d\u00e9l\u00e9gation congolaise re\u00e7ue \u00e0 la mairie de Nantes - Congo Brazzaville","isPartOf":{"@id":"https:\/\/www.africa-press.net\/congo-brazzaville\/#website"},"primaryImageOfPage":{"@id":"https:\/\/www.africa-press.net\/congo-brazzaville\/politique\/relance-du-projet-la-baie-de-loango-une-delegation-congolaise-recue-a-la-mairie-de-nantes#primaryimage"},"image":{"@id":"https:\/\/www.africa-press.net\/congo-brazzaville\/politique\/relance-du-projet-la-baie-de-loango-une-delegation-congolaise-recue-a-la-mairie-de-nantes#primaryimage"},"thumbnailUrl":"https:\/\/static.africa-press.net\/congo-brazzaville\/sites\/51\/2023\/01\/postQueueImg_1674551980.89.jpg","datePublished":"2023-01-24T12:49:35+00:00","author":{"@id":"https:\/\/www.africa-press.net\/congo-brazzaville\/#\/schema\/person\/2b1cf3cd81a31e3cd26889ca66d677f1"},"breadcrumb":{"@id":"https:\/\/www.africa-press.net\/congo-brazzaville\/politique\/relance-du-projet-la-baie-de-loango-une-delegation-congolaise-recue-a-la-mairie-de-nantes#breadcrumb"},"inLanguage":"fr-FR","potentialAction":[{"@type":"ReadAction","target":["https:\/\/www.africa-press.net\/congo-brazzaville\/politique\/relance-du-projet-la-baie-de-loango-une-delegation-congolaise-recue-a-la-mairie-de-nantes"]}]},{"@type":"ImageObject","inLanguage":"fr-FR","@id":"https:\/\/www.africa-press.net\/congo-brazzaville\/politique\/relance-du-projet-la-baie-de-loango-une-delegation-congolaise-recue-a-la-mairie-de-nantes#primaryimage","url":"https:\/\/static.africa-press.net\/congo-brazzaville\/sites\/51\/2023\/01\/postQueueImg_1674551980.89.jpg","contentUrl":"https:\/\/static.africa-press.net\/congo-brazzaville\/sites\/51\/2023\/01\/postQueueImg_1674551980.89.jpg","width":1296,"height":776,"caption":"Relance du projet la Baie de Loango: une d\u00e9l\u00e9gation congolaise re\u00e7ue \u00e0 la mairie de Nantes"},{"@type":"BreadcrumbList","@id":"https:\/\/www.africa-press.net\/congo-brazzaville\/politique\/relance-du-projet-la-baie-de-loango-une-delegation-congolaise-recue-a-la-mairie-de-nantes#breadcrumb","itemListElement":[{"@type":"ListItem","position":1,"name":"Accueil","item":"https:\/\/www.africa-press.net\/congo-brazzaville\/"},{"@type":"ListItem","position":2,"name":"Relance du projet la Baie de Loango: une d\u00e9l\u00e9gation congolaise re\u00e7ue \u00e0 la mairie de Nantes"}]},{"@type":"WebSite","@id":"https:\/\/www.africa-press.net\/congo-brazzaville\/#website","url":"https:\/\/www.africa-press.net\/congo-brazzaville\/","name":"Congo Brazzaville","description":"Just another Africa News Agency Sites site","potentialAction":[{"@type":"SearchAction","target":{"@type":"EntryPoint","urlTemplate":"https:\/\/www.africa-press.net\/congo-brazzaville\/?s={search_term_string}"},"query-input":{"@type":"PropertyValueSpecification","valueRequired":true,"valueName":"search_term_string"}}],"inLanguage":"fr-FR"},{"@type":"Person","@id":"https:\/\/www.africa-press.net\/congo-brazzaville\/#\/schema\/person\/2b1cf3cd81a31e3cd26889ca66d677f1","name":"cfeditorfr"}]}},"_links":{"self":[{"href":"https:\/\/www.africa-press.net\/congo-brazzaville\/wp-json\/wp\/v2\/posts\/13679","targetHints":{"allow":["GET"]}}],"collection":[{"href":"https:\/\/www.africa-press.net\/congo-brazzaville\/wp-json\/wp\/v2\/posts"}],"about":[{"href":"https:\/\/www.africa-press.net\/congo-brazzaville\/wp-json\/wp\/v2\/types\/post"}],"author":[{"embeddable":true,"href":"https:\/\/www.africa-press.net\/congo-brazzaville\/wp-json\/wp\/v2\/users\/82"}],"replies":[{"embeddable":true,"href":"https:\/\/www.africa-press.net\/congo-brazzaville\/wp-json\/wp\/v2\/comments?post=13679"}],"version-history":[{"count":0,"href":"https:\/\/www.africa-press.net\/congo-brazzaville\/wp-json\/wp\/v2\/posts\/13679\/revisions"}],"wp:featuredmedia":[{"embeddable":true,"href":"https:\/\/www.africa-press.net\/congo-brazzaville\/wp-json\/wp\/v2\/media\/13678"}],"wp:attachment":[{"href":"https:\/\/www.africa-press.net\/congo-brazzaville\/wp-json\/wp\/v2\/media?parent=13679"}],"wp:term":[{"taxonomy":"category","embeddable":true,"href":"https:\/\/www.africa-press.net\/congo-brazzaville\/wp-json\/wp\/v2\/categories?post=13679"},{"taxonomy":"post_tag","embeddable":true,"href":"https:\/\/www.africa-press.net\/congo-brazzaville\/wp-json\/wp\/v2\/tags?post=13679"}],"curies":[{"name":"wp","href":"https:\/\/api.w.org\/{rel}","templated":true}]}}