{"id":13681,"date":"2023-01-24T12:40:00","date_gmt":"2023-01-24T12:40:00","guid":{"rendered":"https:\/\/www.africa-press.net\/congo-brazzaville\/politique\/education-incomprehension-entre-les-etudiants-congolais-au-maroc-et-le-gouvernement"},"modified":"2023-01-24T12:40:00","modified_gmt":"2023-01-24T12:40:00","slug":"education-incomprehension-entre-les-etudiants-congolais-au-maroc-et-le-gouvernement","status":"publish","type":"post","link":"https:\/\/www.africa-press.net\/congo-brazzaville\/politique\/education-incomprehension-entre-les-etudiants-congolais-au-maroc-et-le-gouvernement","title":{"rendered":"Education : incompr\u00e9hension entre les \u00e9tudiants congolais au Maroc et le gouvernement"},"content":{"rendered":"<p><span style=\"color: #ff6600\"><strong>Africa-Press &#8211; Congo Brazzaville. <\/strong><\/span><b>Le gouvernement pre\u0301voit le rapatriement des e\u0301tudiants congolais au Maroc, notamment ceux de l\u2019universite\u0301 prive\u0301e de Marrakech, le 29 janvier. Pourtant, ces derniers refusent de retourner au pays sans diplo\u0302me alors que la remise se fera une fois ceux-ci rentre\u0301s. <\/b><\/p>\n<p>\u00ab Il est demande\u0301 aux e\u0301tudiants concerne\u0301s de s\u2019inscrire en ligne, au plus tard le 25 janvier 2023&#8230; A compter de cette date et en accord avec la direction de l\u2019universite\u0301 prive\u0301e de Marrakech, le gouvernement congolais de\u0301cline toute responsabilite\u0301 quant a\u0300 la prise en charge de tout e\u0301tudiant finaliste re\u0301fractaire au rapatriement \u00bb, indique un communique\u0301 de l\u2019ambassade du Congo au Maroc. En dehors des e\u0301tudiants de l\u2019universite\u0301 prive\u0301e de Marrakech, ceux de l\u2019Office de la formation professionnelle et la promotion du travail sont e\u0301galement concerne\u0301s par la mesure.<\/p>\n<p>Seulement, les e\u0301tudiants s\u2019opposent a\u0300 cette de\u0301marche. \u00ab Nous allons attendre le mois de mars pour rentrer au pays avec nos diplo\u0302mes \u00bb, faisaient-ils savoir au ministre de l\u2019Enseignement technique et professionnel, Ghislain Thierry Maguessa Ebome\u0301, qui e\u0301tait en se\u0301jour de travail au Maroc a\u0300 ce sujet, il y a quelques jours. Bien avant, le ministre avait rec\u0327u les parents de ces e\u0301tudiants pour les rassurer de la prise en main de la situation par le gouvernement.<\/p>\n<p>A dire vrai, les diplo\u0302mes de ces e\u0301tudiants finalistes seront disponibles en mars prochain. En attendant, le gouvernement pre\u0301voit leur rapatriement de sorte que la remise des diplo\u0302mes se fasse au pays le moment venu. C\u2019est cette de\u0301cision que les e\u0301tudiants rejettent en promettant de rester au campus de l\u2019universite\u0301. Or, apre\u0300s la date du 29 janvier courant, pre\u0301vue pour leur rapatriement, le gouvernement de\u0301cline toute responsabilite\u0301 quant a\u0300 la prise en charge de tout e\u0301tudiant finaliste re\u0301fractaire au rapatriement.<\/p>\n<p><strong>Pour plus d&rsquo;informations et d&rsquo;analyses sur la <a href=\"https:\/\/www.africa-press.net\/congo-brazzaville\">Congo Brazzaville<\/a>, suivez <a href=\"https:\/\/www.africa-press.net\/\">Africa-Press<\/a><\/strong><\/p>\n","protected":false},"excerpt":{"rendered":"<p>Africa-Press &#8211; Congo Brazzaville. Le gouvernement pre\u0301voit le rapatriement des e\u0301tudiants congolais au Maroc, notamment ceux de l\u2019universite\u0301 prive\u0301e de Marrakech, le 29 janvier. Pourtant, ces derniers refusent de retourner au pays sans diplo\u0302me alors que la remise se fera une fois ceux-ci rentre\u0301s. \u00ab Il est demande\u0301 aux e\u0301tudiants concerne\u0301s de s\u2019inscrire en ligne, [&hellip;]<\/p>\n","protected":false},"author":82,"featured_media":13680,"comment_status":"open","ping_status":"closed","sticky":false,"template":"","format":"standard","meta":{"footnotes":""},"categories":[2,10],"tags":[36,47,46],"class_list":["post-13681","post","type-post","status-publish","format-standard","has-post-thumbnail","hentry","category-politique","category-toutes-les-actualites","tag-africa-press","tag-africa-press-congo-brazzaville","tag-congo-brazzaville"],"yoast_head":"<!-- This site is optimized with the Yoast SEO Premium plugin v26.1 (Yoast SEO v27.0) - https:\/\/yoast.com\/product\/yoast-seo-premium-wordpress\/ -->\n<title>Education : incompr\u00e9hension entre les \u00e9tudiants congolais au Maroc et le gouvernement - Congo Brazzaville<\/title>\n<meta name=\"robots\" content=\"index, follow, max-snippet:-1, max-image-preview:large, max-video-preview:-1\" \/>\n<link rel=\"canonical\" href=\"https:\/\/www.africa-press.net\/congo-brazzaville\/politique\/education-incomprehension-entre-les-etudiants-congolais-au-maroc-et-le-gouvernement\" \/>\n<meta property=\"og:locale\" content=\"fr_FR\" \/>\n<meta property=\"og:type\" content=\"article\" \/>\n<meta property=\"og:title\" content=\"Education : incompr\u00e9hension entre les \u00e9tudiants congolais au Maroc et le gouvernement\" \/>\n<meta property=\"og:description\" content=\"Africa-Press &#8211; Congo Brazzaville. Le gouvernement pre\u0301voit le rapatriement des e\u0301tudiants congolais au Maroc, notamment ceux de l\u2019universite\u0301 prive\u0301e de Marrakech, le 29 janvier. Pourtant, ces derniers refusent de retourner au pays sans diplo\u0302me alors que la remise se fera une fois ceux-ci rentre\u0301s. \u00ab Il est demande\u0301 aux e\u0301tudiants concerne\u0301s de s\u2019inscrire en ligne, [&hellip;]\" \/>\n<meta property=\"og:url\" content=\"https:\/\/www.africa-press.net\/congo-brazzaville\/politique\/education-incomprehension-entre-les-etudiants-congolais-au-maroc-et-le-gouvernement\" \/>\n<meta property=\"og:site_name\" content=\"Congo Brazzaville\" \/>\n<meta property=\"article:published_time\" content=\"2023-01-24T12:40:00+00:00\" \/>\n<meta name=\"author\" content=\"cfeditorfr\" \/>\n<meta name=\"twitter:card\" content=\"summary_large_image\" \/>\n<meta name=\"twitter:label1\" content=\"\u00c9crit par\" \/>\n\t<meta name=\"twitter:data1\" content=\"cfeditorfr\" \/>\n\t<meta name=\"twitter:label2\" content=\"Dur\u00e9e de lecture estim\u00e9e\" \/>\n\t<meta name=\"twitter:data2\" content=\"2 minutes\" \/>\n<script type=\"application\/ld+json\" class=\"yoast-schema-graph\">{\"@context\":\"https:\/\/schema.org\",\"@graph\":[{\"@type\":\"Article\",\"@id\":\"https:\/\/www.africa-press.net\/congo-brazzaville\/politique\/education-incomprehension-entre-les-etudiants-congolais-au-maroc-et-le-gouvernement#article\",\"isPartOf\":{\"@id\":\"https:\/\/www.africa-press.net\/congo-brazzaville\/politique\/education-incomprehension-entre-les-etudiants-congolais-au-maroc-et-le-gouvernement\"},\"author\":{\"name\":\"cfeditorfr\",\"@id\":\"https:\/\/www.africa-press.net\/congo-brazzaville\/#\/schema\/person\/2b1cf3cd81a31e3cd26889ca66d677f1\"},\"headline\":\"Education : incompr\u00e9hension entre les \u00e9tudiants congolais au Maroc et le gouvernement\",\"datePublished\":\"2023-01-24T12:40:00+00:00\",\"mainEntityOfPage\":{\"@id\":\"https:\/\/www.africa-press.net\/congo-brazzaville\/politique\/education-incomprehension-entre-les-etudiants-congolais-au-maroc-et-le-gouvernement\"},\"wordCount\":351,\"commentCount\":0,\"image\":{\"@id\":\"https:\/\/www.africa-press.net\/congo-brazzaville\/politique\/education-incomprehension-entre-les-etudiants-congolais-au-maroc-et-le-gouvernement#primaryimage\"},\"thumbnailUrl\":\"https:\/\/static.africa-press.net\/congo-brazzaville\/sites\/51\/2023\/01\/postQueueImg_1674551994.37.jpg\",\"keywords\":[\"Africa Press\",\"Africa Press-Congo Brazzaville\",\"Congo Brazzaville\"],\"articleSection\":[\"Politique\",\"Toutes les actualit\u00e9s\"],\"inLanguage\":\"fr-FR\",\"potentialAction\":[{\"@type\":\"CommentAction\",\"name\":\"Comment\",\"target\":[\"https:\/\/www.africa-press.net\/congo-brazzaville\/politique\/education-incomprehension-entre-les-etudiants-congolais-au-maroc-et-le-gouvernement#respond\"]}]},{\"@type\":\"WebPage\",\"@id\":\"https:\/\/www.africa-press.net\/congo-brazzaville\/politique\/education-incomprehension-entre-les-etudiants-congolais-au-maroc-et-le-gouvernement\",\"url\":\"https:\/\/www.africa-press.net\/congo-brazzaville\/politique\/education-incomprehension-entre-les-etudiants-congolais-au-maroc-et-le-gouvernement\",\"name\":\"Education : incompr\u00e9hension entre les \u00e9tudiants congolais au Maroc et le gouvernement - Congo Brazzaville\",\"isPartOf\":{\"@id\":\"https:\/\/www.africa-press.net\/congo-brazzaville\/#website\"},\"primaryImageOfPage\":{\"@id\":\"https:\/\/www.africa-press.net\/congo-brazzaville\/politique\/education-incomprehension-entre-les-etudiants-congolais-au-maroc-et-le-gouvernement#primaryimage\"},\"image\":{\"@id\":\"https:\/\/www.africa-press.net\/congo-brazzaville\/politique\/education-incomprehension-entre-les-etudiants-congolais-au-maroc-et-le-gouvernement#primaryimage\"},\"thumbnailUrl\":\"https:\/\/static.africa-press.net\/congo-brazzaville\/sites\/51\/2023\/01\/postQueueImg_1674551994.37.jpg\",\"datePublished\":\"2023-01-24T12:40:00+00:00\",\"author\":{\"@id\":\"https:\/\/www.africa-press.net\/congo-brazzaville\/#\/schema\/person\/2b1cf3cd81a31e3cd26889ca66d677f1\"},\"breadcrumb\":{\"@id\":\"https:\/\/www.africa-press.net\/congo-brazzaville\/politique\/education-incomprehension-entre-les-etudiants-congolais-au-maroc-et-le-gouvernement#breadcrumb\"},\"inLanguage\":\"fr-FR\",\"potentialAction\":[{\"@type\":\"ReadAction\",\"target\":[\"https:\/\/www.africa-press.net\/congo-brazzaville\/politique\/education-incomprehension-entre-les-etudiants-congolais-au-maroc-et-le-gouvernement\"]}]},{\"@type\":\"ImageObject\",\"inLanguage\":\"fr-FR\",\"@id\":\"https:\/\/www.africa-press.net\/congo-brazzaville\/politique\/education-incomprehension-entre-les-etudiants-congolais-au-maroc-et-le-gouvernement#primaryimage\",\"url\":\"https:\/\/static.africa-press.net\/congo-brazzaville\/sites\/51\/2023\/01\/postQueueImg_1674551994.37.jpg\",\"contentUrl\":\"https:\/\/static.africa-press.net\/congo-brazzaville\/sites\/51\/2023\/01\/postQueueImg_1674551994.37.jpg\",\"width\":720,\"height\":377,\"caption\":\"Education : incompr\u00e9hension entre les \u00e9tudiants congolais au Maroc et le gouvernement\"},{\"@type\":\"BreadcrumbList\",\"@id\":\"https:\/\/www.africa-press.net\/congo-brazzaville\/politique\/education-incomprehension-entre-les-etudiants-congolais-au-maroc-et-le-gouvernement#breadcrumb\",\"itemListElement\":[{\"@type\":\"ListItem\",\"position\":1,\"name\":\"Accueil\",\"item\":\"https:\/\/www.africa-press.net\/congo-brazzaville\/\"},{\"@type\":\"ListItem\",\"position\":2,\"name\":\"Education : incompr\u00e9hension entre les \u00e9tudiants congolais au Maroc et le gouvernement\"}]},{\"@type\":\"WebSite\",\"@id\":\"https:\/\/www.africa-press.net\/congo-brazzaville\/#website\",\"url\":\"https:\/\/www.africa-press.net\/congo-brazzaville\/\",\"name\":\"Congo Brazzaville\",\"description\":\"Just another Africa News Agency Sites site\",\"potentialAction\":[{\"@type\":\"SearchAction\",\"target\":{\"@type\":\"EntryPoint\",\"urlTemplate\":\"https:\/\/www.africa-press.net\/congo-brazzaville\/?s={search_term_string}\"},\"query-input\":{\"@type\":\"PropertyValueSpecification\",\"valueRequired\":true,\"valueName\":\"search_term_string\"}}],\"inLanguage\":\"fr-FR\"},{\"@type\":\"Person\",\"@id\":\"https:\/\/www.africa-press.net\/congo-brazzaville\/#\/schema\/person\/2b1cf3cd81a31e3cd26889ca66d677f1\",\"name\":\"cfeditorfr\"}]}<\/script>\n<!-- \/ Yoast SEO Premium plugin. -->","yoast_head_json":{"title":"Education : incompr\u00e9hension entre les \u00e9tudiants congolais au Maroc et le gouvernement - Congo Brazzaville","robots":{"index":"index","follow":"follow","max-snippet":"max-snippet:-1","max-image-preview":"max-image-preview:large","max-video-preview":"max-video-preview:-1"},"canonical":"https:\/\/www.africa-press.net\/congo-brazzaville\/politique\/education-incomprehension-entre-les-etudiants-congolais-au-maroc-et-le-gouvernement","og_locale":"fr_FR","og_type":"article","og_title":"Education : incompr\u00e9hension entre les \u00e9tudiants congolais au Maroc et le gouvernement","og_description":"Africa-Press &#8211; Congo Brazzaville. Le gouvernement pre\u0301voit le rapatriement des e\u0301tudiants congolais au Maroc, notamment ceux de l\u2019universite\u0301 prive\u0301e de Marrakech, le 29 janvier. Pourtant, ces derniers refusent de retourner au pays sans diplo\u0302me alors que la remise se fera une fois ceux-ci rentre\u0301s. \u00ab Il est demande\u0301 aux e\u0301tudiants concerne\u0301s de s\u2019inscrire en ligne, [&hellip;]","og_url":"https:\/\/www.africa-press.net\/congo-brazzaville\/politique\/education-incomprehension-entre-les-etudiants-congolais-au-maroc-et-le-gouvernement","og_site_name":"Congo Brazzaville","article_published_time":"2023-01-24T12:40:00+00:00","author":"cfeditorfr","twitter_card":"summary_large_image","twitter_misc":{"\u00c9crit par":"cfeditorfr","Dur\u00e9e de lecture estim\u00e9e":"2 minutes"},"schema":{"@context":"https:\/\/schema.org","@graph":[{"@type":"Article","@id":"https:\/\/www.africa-press.net\/congo-brazzaville\/politique\/education-incomprehension-entre-les-etudiants-congolais-au-maroc-et-le-gouvernement#article","isPartOf":{"@id":"https:\/\/www.africa-press.net\/congo-brazzaville\/politique\/education-incomprehension-entre-les-etudiants-congolais-au-maroc-et-le-gouvernement"},"author":{"name":"cfeditorfr","@id":"https:\/\/www.africa-press.net\/congo-brazzaville\/#\/schema\/person\/2b1cf3cd81a31e3cd26889ca66d677f1"},"headline":"Education : incompr\u00e9hension entre les \u00e9tudiants congolais au Maroc et le gouvernement","datePublished":"2023-01-24T12:40:00+00:00","mainEntityOfPage":{"@id":"https:\/\/www.africa-press.net\/congo-brazzaville\/politique\/education-incomprehension-entre-les-etudiants-congolais-au-maroc-et-le-gouvernement"},"wordCount":351,"commentCount":0,"image":{"@id":"https:\/\/www.africa-press.net\/congo-brazzaville\/politique\/education-incomprehension-entre-les-etudiants-congolais-au-maroc-et-le-gouvernement#primaryimage"},"thumbnailUrl":"https:\/\/static.africa-press.net\/congo-brazzaville\/sites\/51\/2023\/01\/postQueueImg_1674551994.37.jpg","keywords":["Africa Press","Africa Press-Congo Brazzaville","Congo Brazzaville"],"articleSection":["Politique","Toutes les actualit\u00e9s"],"inLanguage":"fr-FR","potentialAction":[{"@type":"CommentAction","name":"Comment","target":["https:\/\/www.africa-press.net\/congo-brazzaville\/politique\/education-incomprehension-entre-les-etudiants-congolais-au-maroc-et-le-gouvernement#respond"]}]},{"@type":"WebPage","@id":"https:\/\/www.africa-press.net\/congo-brazzaville\/politique\/education-incomprehension-entre-les-etudiants-congolais-au-maroc-et-le-gouvernement","url":"https:\/\/www.africa-press.net\/congo-brazzaville\/politique\/education-incomprehension-entre-les-etudiants-congolais-au-maroc-et-le-gouvernement","name":"Education : incompr\u00e9hension entre les \u00e9tudiants congolais au Maroc et le gouvernement - Congo Brazzaville","isPartOf":{"@id":"https:\/\/www.africa-press.net\/congo-brazzaville\/#website"},"primaryImageOfPage":{"@id":"https:\/\/www.africa-press.net\/congo-brazzaville\/politique\/education-incomprehension-entre-les-etudiants-congolais-au-maroc-et-le-gouvernement#primaryimage"},"image":{"@id":"https:\/\/www.africa-press.net\/congo-brazzaville\/politique\/education-incomprehension-entre-les-etudiants-congolais-au-maroc-et-le-gouvernement#primaryimage"},"thumbnailUrl":"https:\/\/static.africa-press.net\/congo-brazzaville\/sites\/51\/2023\/01\/postQueueImg_1674551994.37.jpg","datePublished":"2023-01-24T12:40:00+00:00","author":{"@id":"https:\/\/www.africa-press.net\/congo-brazzaville\/#\/schema\/person\/2b1cf3cd81a31e3cd26889ca66d677f1"},"breadcrumb":{"@id":"https:\/\/www.africa-press.net\/congo-brazzaville\/politique\/education-incomprehension-entre-les-etudiants-congolais-au-maroc-et-le-gouvernement#breadcrumb"},"inLanguage":"fr-FR","potentialAction":[{"@type":"ReadAction","target":["https:\/\/www.africa-press.net\/congo-brazzaville\/politique\/education-incomprehension-entre-les-etudiants-congolais-au-maroc-et-le-gouvernement"]}]},{"@type":"ImageObject","inLanguage":"fr-FR","@id":"https:\/\/www.africa-press.net\/congo-brazzaville\/politique\/education-incomprehension-entre-les-etudiants-congolais-au-maroc-et-le-gouvernement#primaryimage","url":"https:\/\/static.africa-press.net\/congo-brazzaville\/sites\/51\/2023\/01\/postQueueImg_1674551994.37.jpg","contentUrl":"https:\/\/static.africa-press.net\/congo-brazzaville\/sites\/51\/2023\/01\/postQueueImg_1674551994.37.jpg","width":720,"height":377,"caption":"Education : incompr\u00e9hension entre les \u00e9tudiants congolais au Maroc et le gouvernement"},{"@type":"BreadcrumbList","@id":"https:\/\/www.africa-press.net\/congo-brazzaville\/politique\/education-incomprehension-entre-les-etudiants-congolais-au-maroc-et-le-gouvernement#breadcrumb","itemListElement":[{"@type":"ListItem","position":1,"name":"Accueil","item":"https:\/\/www.africa-press.net\/congo-brazzaville\/"},{"@type":"ListItem","position":2,"name":"Education : incompr\u00e9hension entre les \u00e9tudiants congolais au Maroc et le gouvernement"}]},{"@type":"WebSite","@id":"https:\/\/www.africa-press.net\/congo-brazzaville\/#website","url":"https:\/\/www.africa-press.net\/congo-brazzaville\/","name":"Congo Brazzaville","description":"Just another Africa News Agency Sites site","potentialAction":[{"@type":"SearchAction","target":{"@type":"EntryPoint","urlTemplate":"https:\/\/www.africa-press.net\/congo-brazzaville\/?s={search_term_string}"},"query-input":{"@type":"PropertyValueSpecification","valueRequired":true,"valueName":"search_term_string"}}],"inLanguage":"fr-FR"},{"@type":"Person","@id":"https:\/\/www.africa-press.net\/congo-brazzaville\/#\/schema\/person\/2b1cf3cd81a31e3cd26889ca66d677f1","name":"cfeditorfr"}]}},"_links":{"self":[{"href":"https:\/\/www.africa-press.net\/congo-brazzaville\/wp-json\/wp\/v2\/posts\/13681","targetHints":{"allow":["GET"]}}],"collection":[{"href":"https:\/\/www.africa-press.net\/congo-brazzaville\/wp-json\/wp\/v2\/posts"}],"about":[{"href":"https:\/\/www.africa-press.net\/congo-brazzaville\/wp-json\/wp\/v2\/types\/post"}],"author":[{"embeddable":true,"href":"https:\/\/www.africa-press.net\/congo-brazzaville\/wp-json\/wp\/v2\/users\/82"}],"replies":[{"embeddable":true,"href":"https:\/\/www.africa-press.net\/congo-brazzaville\/wp-json\/wp\/v2\/comments?post=13681"}],"version-history":[{"count":0,"href":"https:\/\/www.africa-press.net\/congo-brazzaville\/wp-json\/wp\/v2\/posts\/13681\/revisions"}],"wp:featuredmedia":[{"embeddable":true,"href":"https:\/\/www.africa-press.net\/congo-brazzaville\/wp-json\/wp\/v2\/media\/13680"}],"wp:attachment":[{"href":"https:\/\/www.africa-press.net\/congo-brazzaville\/wp-json\/wp\/v2\/media?parent=13681"}],"wp:term":[{"taxonomy":"category","embeddable":true,"href":"https:\/\/www.africa-press.net\/congo-brazzaville\/wp-json\/wp\/v2\/categories?post=13681"},{"taxonomy":"post_tag","embeddable":true,"href":"https:\/\/www.africa-press.net\/congo-brazzaville\/wp-json\/wp\/v2\/tags?post=13681"}],"curies":[{"name":"wp","href":"https:\/\/api.w.org\/{rel}","templated":true}]}}