{"id":13688,"date":"2023-01-24T17:22:49","date_gmt":"2023-01-24T17:22:49","guid":{"rendered":"https:\/\/www.africa-press.net\/congo-brazzaville\/politique\/transport-routier-le-congo-candidat-pour-adherer-a-ladr-onu"},"modified":"2023-01-24T19:11:29","modified_gmt":"2023-01-24T19:11:29","slug":"transport-routier-le-congo-candidat-pour-adherer-a-ladr-onu","status":"publish","type":"post","link":"https:\/\/www.africa-press.net\/congo-brazzaville\/economie\/transport-routier-le-congo-candidat-pour-adherer-a-ladr-onu","title":{"rendered":"Transport routier : le Congo candidat pour adh\u00e9rer \u00e0 l&rsquo;ADR-ONU"},"content":{"rendered":"<p><span style=\"color: #ff6600\"><strong>Africa-Press &#8211; Congo Brazzaville. <\/strong><\/span><b>La Re\u0301publique du Congo poursuit les re\u0301formes de son secteur de transport terrestre, dans la perspective d\u2019une adhe\u0301sion a\u0300 l\u2019Accord des Nations unies relatif au transport international de marchandises dangereuses par la route (ADR-ONU). Un cap a e\u0301te\u0301 franchi le 24 janvier a\u0300 Brazzaville, avec le de\u0301but des travaux d\u2019e\u0301laboration de la nouvelle re\u0300glementation du Transport des matie\u0300res dangereuses (TDM) arrime\u0301e aux exigences onusiennes. <\/b><\/p>\n<p>La rencontre inaugurale consacre\u0301e aux travaux d\u2019e\u0301laboration du projet de la re\u0301glementation TDM a e\u0301te\u0301 pre\u0301side\u0301e par le<b> <\/b>directeur ge\u0301ne\u0301ral des Transports terrestres, Sadate Girest Bokenga Manzekele. Celle-ci a re\u0301uni les principales parties prenantes, notamment les repre\u0301sentants des ministe\u0300res des Mines, de la Coope\u0301ration internationale et de la Promotion du partenariat public-prive\u0301, de l\u2019Enseignement technique, de la Formation qualifiante, de la De\u0301fense nationale, ainsi que les entite\u0301s comme le Conseil congolais des chargeurs, la se\u0301curite\u0301 civile ainsi que des socie\u0301te\u0301s pe\u0301trolie\u0300res et gazie\u0300res.<\/p>\n<p>Le projet de la re\u0300glementation TDM et la re\u0301forme de toute la chai\u0302ne logistique, a\u0300 en croire Sadate Girest Bokenga Manzekele, vise a\u0300 pre\u0301venir les risques lie\u0301s aux transports des matie\u0300res dangereuses sur le territoire national. L\u2019exigence de la mise en place de la nouvelle re\u0300gle permettra, en effet, aux entreprises TDM a\u0300 s\u2019ordonner par rapport aux normes ONU afin de pre\u0301venir les catastrophes (e\u0301cologique, environnementale et humaine).<\/p>\n<p>\u00ab Il y a ne\u0301cessite\u0301 de concre\u0301tiser ce projet pour faire du Congo le septie\u0300me pays pe\u0301trolier dans le monde et le premier en Afrique centrale a\u0300 adhe\u0301rer a\u0300 ADR-ONU. Ceci pour re\u0301pondre au besoin de se\u0301curite\u0301 des entreprises et des utilisateurs sur le territoire, et permettre que le Congo soit dote\u0301 des outils de formation et de compe\u0301tence. Nous prendrons toutes les dispositions pour mettre la tutelle au courant des e\u0301volutions de ce projet \u00bb, a insiste\u0301 le<b> <\/b>directeur ge\u0301ne\u0301ral des Transports terrestres.<\/p>\n<p>L\u2019un des avantages de cette initiative est que l\u2019adoption de la re\u0300glementation TDM va pousser les entreprises locales et les multinationales exerc\u0327ant dans le pays a\u0300 se soumettre aux exigences internationales, afin d\u2019e\u0301viter les sanctions internationales.<\/p>\n<p><strong>Pour plus d&rsquo;informations et d&rsquo;analyses sur la <a href=\"https:\/\/www.africa-press.net\/congo-brazzaville\">Congo Brazzaville<\/a>, suivez <a href=\"https:\/\/www.africa-press.net\/\">Africa-Press<\/a><\/strong><\/p>\n","protected":false},"excerpt":{"rendered":"<p>Africa-Press &#8211; Congo Brazzaville. La Re\u0301publique du Congo poursuit les re\u0301formes de son secteur de transport terrestre, dans la perspective d\u2019une adhe\u0301sion a\u0300 l\u2019Accord des Nations unies relatif au transport international de marchandises dangereuses par la route (ADR-ONU). Un cap a e\u0301te\u0301 franchi le 24 janvier a\u0300 Brazzaville, avec le de\u0301but des travaux d\u2019e\u0301laboration de [&hellip;]<\/p>\n","protected":false},"author":82,"featured_media":13687,"comment_status":"open","ping_status":"closed","sticky":false,"template":"","format":"standard","meta":{"footnotes":""},"categories":[3,10],"tags":[36,47,46],"class_list":["post-13688","post","type-post","status-publish","format-standard","has-post-thumbnail","hentry","category-economie","category-toutes-les-actualites","tag-africa-press","tag-africa-press-congo-brazzaville","tag-congo-brazzaville"],"yoast_head":"<!-- This site is optimized with the Yoast SEO Premium plugin v26.1 (Yoast SEO v27.0) - https:\/\/yoast.com\/product\/yoast-seo-premium-wordpress\/ -->\n<title>Transport routier : le Congo candidat pour adh\u00e9rer \u00e0 l&#039;ADR-ONU - Congo Brazzaville<\/title>\n<meta name=\"description\" content=\"La Re\u0301publique du Congo poursuit les re\u0301formes de son secteur de transport terrestre, dans la perspective d\u2019une adhe\u0301 ...\" \/>\n<meta name=\"robots\" content=\"index, follow, max-snippet:-1, max-image-preview:large, max-video-preview:-1\" \/>\n<link rel=\"canonical\" href=\"https:\/\/www.africa-press.net\/congo-brazzaville\/economie\/transport-routier-le-congo-candidat-pour-adherer-a-ladr-onu\" \/>\n<meta property=\"og:locale\" content=\"fr_FR\" \/>\n<meta property=\"og:type\" content=\"article\" \/>\n<meta property=\"og:title\" content=\"Transport routier : le Congo candidat pour adh\u00e9rer \u00e0 l&#039;ADR-ONU\" \/>\n<meta property=\"og:description\" content=\"La Re\u0301publique du Congo poursuit les re\u0301formes de son secteur de transport terrestre, dans la perspective d\u2019une adhe\u0301 ...\" \/>\n<meta property=\"og:url\" content=\"https:\/\/www.africa-press.net\/congo-brazzaville\/economie\/transport-routier-le-congo-candidat-pour-adherer-a-ladr-onu\" \/>\n<meta property=\"og:site_name\" content=\"Congo Brazzaville\" \/>\n<meta property=\"article:published_time\" content=\"2023-01-24T17:22:49+00:00\" \/>\n<meta property=\"article:modified_time\" content=\"2023-01-24T19:11:29+00:00\" \/>\n<meta property=\"og:image\" content=\"https:\/\/static.africa-press.net\/congo-brazzaville\/sites\/51\/2023\/01\/postQueueImg_1674568373.47.jpg\" \/>\n\t<meta property=\"og:image:width\" content=\"1024\" \/>\n\t<meta property=\"og:image:height\" content=\"768\" \/>\n\t<meta property=\"og:image:type\" content=\"image\/jpeg\" \/>\n<meta name=\"author\" content=\"cfeditorfr\" \/>\n<meta name=\"twitter:card\" content=\"summary_large_image\" \/>\n<meta name=\"twitter:label1\" content=\"\u00c9crit par\" \/>\n\t<meta name=\"twitter:data1\" content=\"cfeditorfr\" \/>\n\t<meta name=\"twitter:label2\" content=\"Dur\u00e9e de lecture estim\u00e9e\" \/>\n\t<meta name=\"twitter:data2\" content=\"2 minutes\" \/>\n<script type=\"application\/ld+json\" class=\"yoast-schema-graph\">{\"@context\":\"https:\/\/schema.org\",\"@graph\":[{\"@type\":\"Article\",\"@id\":\"https:\/\/www.africa-press.net\/congo-brazzaville\/economie\/transport-routier-le-congo-candidat-pour-adherer-a-ladr-onu#article\",\"isPartOf\":{\"@id\":\"https:\/\/www.africa-press.net\/congo-brazzaville\/economie\/transport-routier-le-congo-candidat-pour-adherer-a-ladr-onu\"},\"author\":{\"name\":\"cfeditorfr\",\"@id\":\"https:\/\/www.africa-press.net\/congo-brazzaville\/#\/schema\/person\/2b1cf3cd81a31e3cd26889ca66d677f1\"},\"headline\":\"Transport routier : le Congo candidat pour adh\u00e9rer \u00e0 l&rsquo;ADR-ONU\",\"datePublished\":\"2023-01-24T17:22:49+00:00\",\"dateModified\":\"2023-01-24T19:11:29+00:00\",\"mainEntityOfPage\":{\"@id\":\"https:\/\/www.africa-press.net\/congo-brazzaville\/economie\/transport-routier-le-congo-candidat-pour-adherer-a-ladr-onu\"},\"wordCount\":421,\"commentCount\":0,\"image\":{\"@id\":\"https:\/\/www.africa-press.net\/congo-brazzaville\/economie\/transport-routier-le-congo-candidat-pour-adherer-a-ladr-onu#primaryimage\"},\"thumbnailUrl\":\"https:\/\/static.africa-press.net\/congo-brazzaville\/sites\/51\/2023\/01\/postQueueImg_1674568373.47.jpg\",\"keywords\":[\"Africa Press\",\"Africa Press-Congo Brazzaville\",\"Congo Brazzaville\"],\"articleSection\":[\"\u00c9conomie\",\"Toutes les actualit\u00e9s\"],\"inLanguage\":\"fr-FR\",\"potentialAction\":[{\"@type\":\"CommentAction\",\"name\":\"Comment\",\"target\":[\"https:\/\/www.africa-press.net\/congo-brazzaville\/economie\/transport-routier-le-congo-candidat-pour-adherer-a-ladr-onu#respond\"]}]},{\"@type\":\"WebPage\",\"@id\":\"https:\/\/www.africa-press.net\/congo-brazzaville\/economie\/transport-routier-le-congo-candidat-pour-adherer-a-ladr-onu\",\"url\":\"https:\/\/www.africa-press.net\/congo-brazzaville\/economie\/transport-routier-le-congo-candidat-pour-adherer-a-ladr-onu\",\"name\":\"Transport routier : le Congo candidat pour adh\u00e9rer \u00e0 l'ADR-ONU - Congo Brazzaville\",\"isPartOf\":{\"@id\":\"https:\/\/www.africa-press.net\/congo-brazzaville\/#website\"},\"primaryImageOfPage\":{\"@id\":\"https:\/\/www.africa-press.net\/congo-brazzaville\/economie\/transport-routier-le-congo-candidat-pour-adherer-a-ladr-onu#primaryimage\"},\"image\":{\"@id\":\"https:\/\/www.africa-press.net\/congo-brazzaville\/economie\/transport-routier-le-congo-candidat-pour-adherer-a-ladr-onu#primaryimage\"},\"thumbnailUrl\":\"https:\/\/static.africa-press.net\/congo-brazzaville\/sites\/51\/2023\/01\/postQueueImg_1674568373.47.jpg\",\"datePublished\":\"2023-01-24T17:22:49+00:00\",\"dateModified\":\"2023-01-24T19:11:29+00:00\",\"author\":{\"@id\":\"https:\/\/www.africa-press.net\/congo-brazzaville\/#\/schema\/person\/2b1cf3cd81a31e3cd26889ca66d677f1\"},\"description\":\"La Re\u0301publique du Congo poursuit les re\u0301formes de son secteur de transport terrestre, dans la perspective d\u2019une adhe\u0301 ...\",\"breadcrumb\":{\"@id\":\"https:\/\/www.africa-press.net\/congo-brazzaville\/economie\/transport-routier-le-congo-candidat-pour-adherer-a-ladr-onu#breadcrumb\"},\"inLanguage\":\"fr-FR\",\"potentialAction\":[{\"@type\":\"ReadAction\",\"target\":[\"https:\/\/www.africa-press.net\/congo-brazzaville\/economie\/transport-routier-le-congo-candidat-pour-adherer-a-ladr-onu\"]}]},{\"@type\":\"ImageObject\",\"inLanguage\":\"fr-FR\",\"@id\":\"https:\/\/www.africa-press.net\/congo-brazzaville\/economie\/transport-routier-le-congo-candidat-pour-adherer-a-ladr-onu#primaryimage\",\"url\":\"https:\/\/static.africa-press.net\/congo-brazzaville\/sites\/51\/2023\/01\/postQueueImg_1674568373.47.jpg\",\"contentUrl\":\"https:\/\/static.africa-press.net\/congo-brazzaville\/sites\/51\/2023\/01\/postQueueImg_1674568373.47.jpg\",\"width\":1024,\"height\":768,\"caption\":\"Transport routier : le Congo candidat pour adh\u00e9rer \u00e0 l'ADR-ONU\"},{\"@type\":\"BreadcrumbList\",\"@id\":\"https:\/\/www.africa-press.net\/congo-brazzaville\/economie\/transport-routier-le-congo-candidat-pour-adherer-a-ladr-onu#breadcrumb\",\"itemListElement\":[{\"@type\":\"ListItem\",\"position\":1,\"name\":\"Accueil\",\"item\":\"https:\/\/www.africa-press.net\/congo-brazzaville\/\"},{\"@type\":\"ListItem\",\"position\":2,\"name\":\"Transport routier : le Congo candidat pour adh\u00e9rer \u00e0 l&rsquo;ADR-ONU\"}]},{\"@type\":\"WebSite\",\"@id\":\"https:\/\/www.africa-press.net\/congo-brazzaville\/#website\",\"url\":\"https:\/\/www.africa-press.net\/congo-brazzaville\/\",\"name\":\"Congo Brazzaville\",\"description\":\"Just another Africa News Agency Sites site\",\"potentialAction\":[{\"@type\":\"SearchAction\",\"target\":{\"@type\":\"EntryPoint\",\"urlTemplate\":\"https:\/\/www.africa-press.net\/congo-brazzaville\/?s={search_term_string}\"},\"query-input\":{\"@type\":\"PropertyValueSpecification\",\"valueRequired\":true,\"valueName\":\"search_term_string\"}}],\"inLanguage\":\"fr-FR\"},{\"@type\":\"Person\",\"@id\":\"https:\/\/www.africa-press.net\/congo-brazzaville\/#\/schema\/person\/2b1cf3cd81a31e3cd26889ca66d677f1\",\"name\":\"cfeditorfr\"}]}<\/script>\n<!-- \/ Yoast SEO Premium plugin. -->","yoast_head_json":{"title":"Transport routier : le Congo candidat pour adh\u00e9rer \u00e0 l'ADR-ONU - Congo Brazzaville","description":"La Re\u0301publique du Congo poursuit les re\u0301formes de son secteur de transport terrestre, dans la perspective d\u2019une adhe\u0301 ...","robots":{"index":"index","follow":"follow","max-snippet":"max-snippet:-1","max-image-preview":"max-image-preview:large","max-video-preview":"max-video-preview:-1"},"canonical":"https:\/\/www.africa-press.net\/congo-brazzaville\/economie\/transport-routier-le-congo-candidat-pour-adherer-a-ladr-onu","og_locale":"fr_FR","og_type":"article","og_title":"Transport routier : le Congo candidat pour adh\u00e9rer \u00e0 l'ADR-ONU","og_description":"La Re\u0301publique du Congo poursuit les re\u0301formes de son secteur de transport terrestre, dans la perspective d\u2019une adhe\u0301 ...","og_url":"https:\/\/www.africa-press.net\/congo-brazzaville\/economie\/transport-routier-le-congo-candidat-pour-adherer-a-ladr-onu","og_site_name":"Congo Brazzaville","article_published_time":"2023-01-24T17:22:49+00:00","article_modified_time":"2023-01-24T19:11:29+00:00","og_image":[{"width":1024,"height":768,"url":"https:\/\/static.africa-press.net\/congo-brazzaville\/sites\/51\/2023\/01\/postQueueImg_1674568373.47.jpg","type":"image\/jpeg"}],"author":"cfeditorfr","twitter_card":"summary_large_image","twitter_misc":{"\u00c9crit par":"cfeditorfr","Dur\u00e9e de lecture estim\u00e9e":"2 minutes"},"schema":{"@context":"https:\/\/schema.org","@graph":[{"@type":"Article","@id":"https:\/\/www.africa-press.net\/congo-brazzaville\/economie\/transport-routier-le-congo-candidat-pour-adherer-a-ladr-onu#article","isPartOf":{"@id":"https:\/\/www.africa-press.net\/congo-brazzaville\/economie\/transport-routier-le-congo-candidat-pour-adherer-a-ladr-onu"},"author":{"name":"cfeditorfr","@id":"https:\/\/www.africa-press.net\/congo-brazzaville\/#\/schema\/person\/2b1cf3cd81a31e3cd26889ca66d677f1"},"headline":"Transport routier : le Congo candidat pour adh\u00e9rer \u00e0 l&rsquo;ADR-ONU","datePublished":"2023-01-24T17:22:49+00:00","dateModified":"2023-01-24T19:11:29+00:00","mainEntityOfPage":{"@id":"https:\/\/www.africa-press.net\/congo-brazzaville\/economie\/transport-routier-le-congo-candidat-pour-adherer-a-ladr-onu"},"wordCount":421,"commentCount":0,"image":{"@id":"https:\/\/www.africa-press.net\/congo-brazzaville\/economie\/transport-routier-le-congo-candidat-pour-adherer-a-ladr-onu#primaryimage"},"thumbnailUrl":"https:\/\/static.africa-press.net\/congo-brazzaville\/sites\/51\/2023\/01\/postQueueImg_1674568373.47.jpg","keywords":["Africa Press","Africa Press-Congo Brazzaville","Congo Brazzaville"],"articleSection":["\u00c9conomie","Toutes les actualit\u00e9s"],"inLanguage":"fr-FR","potentialAction":[{"@type":"CommentAction","name":"Comment","target":["https:\/\/www.africa-press.net\/congo-brazzaville\/economie\/transport-routier-le-congo-candidat-pour-adherer-a-ladr-onu#respond"]}]},{"@type":"WebPage","@id":"https:\/\/www.africa-press.net\/congo-brazzaville\/economie\/transport-routier-le-congo-candidat-pour-adherer-a-ladr-onu","url":"https:\/\/www.africa-press.net\/congo-brazzaville\/economie\/transport-routier-le-congo-candidat-pour-adherer-a-ladr-onu","name":"Transport routier : le Congo candidat pour adh\u00e9rer \u00e0 l'ADR-ONU - Congo Brazzaville","isPartOf":{"@id":"https:\/\/www.africa-press.net\/congo-brazzaville\/#website"},"primaryImageOfPage":{"@id":"https:\/\/www.africa-press.net\/congo-brazzaville\/economie\/transport-routier-le-congo-candidat-pour-adherer-a-ladr-onu#primaryimage"},"image":{"@id":"https:\/\/www.africa-press.net\/congo-brazzaville\/economie\/transport-routier-le-congo-candidat-pour-adherer-a-ladr-onu#primaryimage"},"thumbnailUrl":"https:\/\/static.africa-press.net\/congo-brazzaville\/sites\/51\/2023\/01\/postQueueImg_1674568373.47.jpg","datePublished":"2023-01-24T17:22:49+00:00","dateModified":"2023-01-24T19:11:29+00:00","author":{"@id":"https:\/\/www.africa-press.net\/congo-brazzaville\/#\/schema\/person\/2b1cf3cd81a31e3cd26889ca66d677f1"},"description":"La Re\u0301publique du Congo poursuit les re\u0301formes de son secteur de transport terrestre, dans la perspective d\u2019une adhe\u0301 ...","breadcrumb":{"@id":"https:\/\/www.africa-press.net\/congo-brazzaville\/economie\/transport-routier-le-congo-candidat-pour-adherer-a-ladr-onu#breadcrumb"},"inLanguage":"fr-FR","potentialAction":[{"@type":"ReadAction","target":["https:\/\/www.africa-press.net\/congo-brazzaville\/economie\/transport-routier-le-congo-candidat-pour-adherer-a-ladr-onu"]}]},{"@type":"ImageObject","inLanguage":"fr-FR","@id":"https:\/\/www.africa-press.net\/congo-brazzaville\/economie\/transport-routier-le-congo-candidat-pour-adherer-a-ladr-onu#primaryimage","url":"https:\/\/static.africa-press.net\/congo-brazzaville\/sites\/51\/2023\/01\/postQueueImg_1674568373.47.jpg","contentUrl":"https:\/\/static.africa-press.net\/congo-brazzaville\/sites\/51\/2023\/01\/postQueueImg_1674568373.47.jpg","width":1024,"height":768,"caption":"Transport routier : le Congo candidat pour adh\u00e9rer \u00e0 l'ADR-ONU"},{"@type":"BreadcrumbList","@id":"https:\/\/www.africa-press.net\/congo-brazzaville\/economie\/transport-routier-le-congo-candidat-pour-adherer-a-ladr-onu#breadcrumb","itemListElement":[{"@type":"ListItem","position":1,"name":"Accueil","item":"https:\/\/www.africa-press.net\/congo-brazzaville\/"},{"@type":"ListItem","position":2,"name":"Transport routier : le Congo candidat pour adh\u00e9rer \u00e0 l&rsquo;ADR-ONU"}]},{"@type":"WebSite","@id":"https:\/\/www.africa-press.net\/congo-brazzaville\/#website","url":"https:\/\/www.africa-press.net\/congo-brazzaville\/","name":"Congo Brazzaville","description":"Just another Africa News Agency Sites site","potentialAction":[{"@type":"SearchAction","target":{"@type":"EntryPoint","urlTemplate":"https:\/\/www.africa-press.net\/congo-brazzaville\/?s={search_term_string}"},"query-input":{"@type":"PropertyValueSpecification","valueRequired":true,"valueName":"search_term_string"}}],"inLanguage":"fr-FR"},{"@type":"Person","@id":"https:\/\/www.africa-press.net\/congo-brazzaville\/#\/schema\/person\/2b1cf3cd81a31e3cd26889ca66d677f1","name":"cfeditorfr"}]}},"_links":{"self":[{"href":"https:\/\/www.africa-press.net\/congo-brazzaville\/wp-json\/wp\/v2\/posts\/13688","targetHints":{"allow":["GET"]}}],"collection":[{"href":"https:\/\/www.africa-press.net\/congo-brazzaville\/wp-json\/wp\/v2\/posts"}],"about":[{"href":"https:\/\/www.africa-press.net\/congo-brazzaville\/wp-json\/wp\/v2\/types\/post"}],"author":[{"embeddable":true,"href":"https:\/\/www.africa-press.net\/congo-brazzaville\/wp-json\/wp\/v2\/users\/82"}],"replies":[{"embeddable":true,"href":"https:\/\/www.africa-press.net\/congo-brazzaville\/wp-json\/wp\/v2\/comments?post=13688"}],"version-history":[{"count":0,"href":"https:\/\/www.africa-press.net\/congo-brazzaville\/wp-json\/wp\/v2\/posts\/13688\/revisions"}],"wp:featuredmedia":[{"embeddable":true,"href":"https:\/\/www.africa-press.net\/congo-brazzaville\/wp-json\/wp\/v2\/media\/13687"}],"wp:attachment":[{"href":"https:\/\/www.africa-press.net\/congo-brazzaville\/wp-json\/wp\/v2\/media?parent=13688"}],"wp:term":[{"taxonomy":"category","embeddable":true,"href":"https:\/\/www.africa-press.net\/congo-brazzaville\/wp-json\/wp\/v2\/categories?post=13688"},{"taxonomy":"post_tag","embeddable":true,"href":"https:\/\/www.africa-press.net\/congo-brazzaville\/wp-json\/wp\/v2\/tags?post=13688"}],"curies":[{"name":"wp","href":"https:\/\/api.w.org\/{rel}","templated":true}]}}