{"id":13709,"date":"2023-01-25T12:04:43","date_gmt":"2023-01-25T12:04:43","guid":{"rendered":"https:\/\/www.africa-press.net\/congo-brazzaville\/politique\/litterature-le-peuple-dabord-durbain-ockh-rubesch"},"modified":"2023-01-25T12:04:43","modified_gmt":"2023-01-25T12:04:43","slug":"litterature-le-peuple-dabord-durbain-ockh-rubesch","status":"publish","type":"post","link":"https:\/\/www.africa-press.net\/congo-brazzaville\/culture-et-art\/litterature-le-peuple-dabord-durbain-ockh-rubesch","title":{"rendered":"Litt\u00e9rature : \u00ab\u00a0Le peuple d\u2019abord !\u00a0\u00bb d\u2019Urbain Ockh Rubesch"},"content":{"rendered":"<p><span style=\"color: #ff6600\"><strong>Africa-Press &#8211; Congo Brazzaville. <\/strong><\/span><b>Auteur de <\/b>\u00ab\u00a0<b>Denis Sassou N&rsquo;Guesso, la cour des grands et 2016 : demain quel destin ? <\/b>\u00ab\u00a0<b> paru en avril 2015, Urbain Ockh Rubesch e\u0301crit a\u0300 nouveau sur un des personnages clefs de l\u2019histoire politique des deux Congo : <\/b>\u00ab\u00a0<b>Le peuple d&rsquo;abord !<\/b> \u00ab\u00a0<b>, nouvelle \u0153uvre aux E\u0301ditions Perse\u0301e, mise en lumie\u0300re d\u2019E\u0301tienne Tshisekedi de\u0301ce\u0301de\u0301 le 1er fe\u0301vrier 2017 a\u0300 Bruxelles. <\/b><\/p>\n<p>Pour l&rsquo;ouvrage structure\u0301 et composite qui s\u2019inte\u0301resse aux questions fondamentales de de\u0301veloppement, d\u2019e\u0301quite\u0301 et de progre\u0300s, l\u2019auteur part d\u2019un constat unanime a\u0300 propos de la situation de l\u2019Afrique d\u2019hier et d\u2019aujourd\u2019hui.<\/p>\n<p>Il en ressort, entre autres, que c\u2019est un continent avec d\u2019immenses richesses, reconnues, parfois spolie\u0301es, souvent confisque\u0301es. Un continent avec la pluralite\u0301 de ses paysages et de sa biodiversite\u0301. Pourtant, face a\u0300 cette foison de ressources naturelles, il estime que la ve\u0301ritable richesse, c\u2019est pluto\u0302t celle constitue\u0301e par les ressources humaines.<\/p>\n<p>Faisant co\u0302toyer des e\u0301mancipateurs ayant marque\u0301 le XXe sie\u0300cle, Urbain Ockh Rubesch, dans son nouvel ouvrage \u00ab\u00a0Le peuple d\u2019abord!\u00a0\u00bb, donne a\u0300 de\u0301couvrir la vision d\u2019un humanisme e\u0301claire\u0301 pour l\u2019avenir d\u2019une Afrique juste et e\u0301quitable, un ve\u0301ritable message d\u2019espoir, a\u0300 travers le personnage d\u2019E\u0301tienne Tshisekedi, ancien homme d&rsquo;E\u0301tat de la Re\u0301publique de\u0301mocratique du Congo ayant donne\u0301 sa vie pour sa patrie a\u0300 l\u2019instar de Moi\u0308se sortant son peuple d\u2019E\u0301gypte, de Gandhi ayant obtenu l\u2019inde\u0301pendance de l\u2019Inde et de Martin Luther King gagnant l\u2019abolition de la se\u0301gre\u0301gation aux E\u0301tats-Unis.<\/p>\n<p>Journaliste et e\u0301crivain, se de\u0301finissant avant tout comme humaniste, Rubesch Urbain Ockh est l&rsquo;auteur de romans tel que \u00ab\u00a0Des racines e\u0301nigmatiques de la France au Congo\u00a0\u00bb.<\/p>\n<p>EAN13 : 9782823131512<\/p>\n<p>ISBN : 978-2-8231-3151-2<\/p>\n<p>Nombre de pages : 218<\/p>\n<p>Prix : <b>19,90 \u20ac<\/b><\/p>\n<p><strong>Pour plus d&rsquo;informations et d&rsquo;analyses sur la <a href=\"https:\/\/www.africa-press.net\/congo-brazzaville\">Congo Brazzaville<\/a>, suivez <a href=\"https:\/\/www.africa-press.net\/\">Africa-Press<\/a><\/strong><\/p>\n","protected":false},"excerpt":{"rendered":"<p>Africa-Press &#8211; Congo Brazzaville. Auteur de \u00ab\u00a0Denis Sassou N&rsquo;Guesso, la cour des grands et 2016 : demain quel destin ? \u00ab\u00a0 paru en avril 2015, Urbain Ockh Rubesch e\u0301crit a\u0300 nouveau sur un des personnages clefs de l\u2019histoire politique des deux Congo : \u00ab\u00a0Le peuple d&rsquo;abord ! \u00ab\u00a0, nouvelle \u0153uvre aux E\u0301ditions Perse\u0301e, mise en [&hellip;]<\/p>\n","protected":false},"author":82,"featured_media":13708,"comment_status":"open","ping_status":"closed","sticky":false,"template":"","format":"standard","meta":{"footnotes":""},"categories":[5,10],"tags":[36,47,46],"class_list":["post-13709","post","type-post","status-publish","format-standard","has-post-thumbnail","hentry","category-culture-et-art","category-toutes-les-actualites","tag-africa-press","tag-africa-press-congo-brazzaville","tag-congo-brazzaville"],"yoast_head":"<!-- This site is optimized with the Yoast SEO Premium plugin v26.1 (Yoast SEO v27.0) - https:\/\/yoast.com\/product\/yoast-seo-premium-wordpress\/ -->\n<title>Litt\u00e9rature : &quot;Le peuple d\u2019abord !&quot; d\u2019Urbain Ockh Rubesch - Congo Brazzaville<\/title>\n<meta name=\"robots\" content=\"index, follow, max-snippet:-1, max-image-preview:large, max-video-preview:-1\" \/>\n<link rel=\"canonical\" href=\"https:\/\/www.africa-press.net\/congo-brazzaville\/politique\/litterature-le-peuple-dabord-durbain-ockh-rubesch\" \/>\n<meta property=\"og:locale\" content=\"fr_FR\" \/>\n<meta property=\"og:type\" content=\"article\" \/>\n<meta property=\"og:title\" content=\"Litt\u00e9rature : &quot;Le peuple d\u2019abord !&quot; d\u2019Urbain Ockh Rubesch\" \/>\n<meta property=\"og:description\" content=\"Africa-Press &#8211; Congo Brazzaville. Auteur de \u00ab\u00a0Denis Sassou N&rsquo;Guesso, la cour des grands et 2016 : demain quel destin ? \u00ab\u00a0 paru en avril 2015, Urbain Ockh Rubesch e\u0301crit a\u0300 nouveau sur un des personnages clefs de l\u2019histoire politique des deux Congo : \u00ab\u00a0Le peuple d&rsquo;abord ! \u00ab\u00a0, nouvelle \u0153uvre aux E\u0301ditions Perse\u0301e, mise en [&hellip;]\" \/>\n<meta property=\"og:url\" content=\"https:\/\/www.africa-press.net\/congo-brazzaville\/politique\/litterature-le-peuple-dabord-durbain-ockh-rubesch\" \/>\n<meta property=\"og:site_name\" content=\"Congo Brazzaville\" \/>\n<meta property=\"article:published_time\" content=\"2023-01-25T12:04:43+00:00\" \/>\n<meta name=\"author\" content=\"cfeditorfr\" \/>\n<meta name=\"twitter:card\" content=\"summary_large_image\" \/>\n<meta name=\"twitter:label1\" content=\"\u00c9crit par\" \/>\n\t<meta name=\"twitter:data1\" content=\"cfeditorfr\" \/>\n\t<meta name=\"twitter:label2\" content=\"Dur\u00e9e de lecture estim\u00e9e\" \/>\n\t<meta name=\"twitter:data2\" content=\"2 minutes\" \/>\n<script type=\"application\/ld+json\" class=\"yoast-schema-graph\">{\"@context\":\"https:\/\/schema.org\",\"@graph\":[{\"@type\":\"Article\",\"@id\":\"https:\/\/www.africa-press.net\/congo-brazzaville\/politique\/litterature-le-peuple-dabord-durbain-ockh-rubesch#article\",\"isPartOf\":{\"@id\":\"https:\/\/www.africa-press.net\/congo-brazzaville\/politique\/litterature-le-peuple-dabord-durbain-ockh-rubesch\"},\"author\":{\"name\":\"cfeditorfr\",\"@id\":\"https:\/\/www.africa-press.net\/congo-brazzaville\/#\/schema\/person\/2b1cf3cd81a31e3cd26889ca66d677f1\"},\"headline\":\"Litt\u00e9rature : \u00ab\u00a0Le peuple d\u2019abord !\u00a0\u00bb d\u2019Urbain Ockh Rubesch\",\"datePublished\":\"2023-01-25T12:04:43+00:00\",\"mainEntityOfPage\":{\"@id\":\"https:\/\/www.africa-press.net\/congo-brazzaville\/politique\/litterature-le-peuple-dabord-durbain-ockh-rubesch\"},\"wordCount\":350,\"commentCount\":0,\"image\":{\"@id\":\"https:\/\/www.africa-press.net\/congo-brazzaville\/politique\/litterature-le-peuple-dabord-durbain-ockh-rubesch#primaryimage\"},\"thumbnailUrl\":\"https:\/\/static.africa-press.net\/congo-brazzaville\/sites\/51\/2023\/01\/postQueueImg_1674635698.90.jpg\",\"keywords\":[\"Africa Press\",\"Africa Press-Congo Brazzaville\",\"Congo Brazzaville\"],\"articleSection\":[\"Culture et Art\",\"Toutes les actualit\u00e9s\"],\"inLanguage\":\"fr-FR\",\"potentialAction\":[{\"@type\":\"CommentAction\",\"name\":\"Comment\",\"target\":[\"https:\/\/www.africa-press.net\/congo-brazzaville\/politique\/litterature-le-peuple-dabord-durbain-ockh-rubesch#respond\"]}]},{\"@type\":\"WebPage\",\"@id\":\"https:\/\/www.africa-press.net\/congo-brazzaville\/politique\/litterature-le-peuple-dabord-durbain-ockh-rubesch\",\"url\":\"https:\/\/www.africa-press.net\/congo-brazzaville\/politique\/litterature-le-peuple-dabord-durbain-ockh-rubesch\",\"name\":\"Litt\u00e9rature : \\\"Le peuple d\u2019abord !\\\" d\u2019Urbain Ockh Rubesch - Congo Brazzaville\",\"isPartOf\":{\"@id\":\"https:\/\/www.africa-press.net\/congo-brazzaville\/#website\"},\"primaryImageOfPage\":{\"@id\":\"https:\/\/www.africa-press.net\/congo-brazzaville\/politique\/litterature-le-peuple-dabord-durbain-ockh-rubesch#primaryimage\"},\"image\":{\"@id\":\"https:\/\/www.africa-press.net\/congo-brazzaville\/politique\/litterature-le-peuple-dabord-durbain-ockh-rubesch#primaryimage\"},\"thumbnailUrl\":\"https:\/\/static.africa-press.net\/congo-brazzaville\/sites\/51\/2023\/01\/postQueueImg_1674635698.90.jpg\",\"datePublished\":\"2023-01-25T12:04:43+00:00\",\"author\":{\"@id\":\"https:\/\/www.africa-press.net\/congo-brazzaville\/#\/schema\/person\/2b1cf3cd81a31e3cd26889ca66d677f1\"},\"breadcrumb\":{\"@id\":\"https:\/\/www.africa-press.net\/congo-brazzaville\/politique\/litterature-le-peuple-dabord-durbain-ockh-rubesch#breadcrumb\"},\"inLanguage\":\"fr-FR\",\"potentialAction\":[{\"@type\":\"ReadAction\",\"target\":[\"https:\/\/www.africa-press.net\/congo-brazzaville\/politique\/litterature-le-peuple-dabord-durbain-ockh-rubesch\"]}]},{\"@type\":\"ImageObject\",\"inLanguage\":\"fr-FR\",\"@id\":\"https:\/\/www.africa-press.net\/congo-brazzaville\/politique\/litterature-le-peuple-dabord-durbain-ockh-rubesch#primaryimage\",\"url\":\"https:\/\/static.africa-press.net\/congo-brazzaville\/sites\/51\/2023\/01\/postQueueImg_1674635698.90.jpg\",\"contentUrl\":\"https:\/\/static.africa-press.net\/congo-brazzaville\/sites\/51\/2023\/01\/postQueueImg_1674635698.90.jpg\",\"width\":1280,\"height\":720,\"caption\":\"Litt\u00e9rature : \\\"Le peuple d\u2019abord !\\\" d\u2019Urbain Ockh Rubesch\"},{\"@type\":\"BreadcrumbList\",\"@id\":\"https:\/\/www.africa-press.net\/congo-brazzaville\/politique\/litterature-le-peuple-dabord-durbain-ockh-rubesch#breadcrumb\",\"itemListElement\":[{\"@type\":\"ListItem\",\"position\":1,\"name\":\"Accueil\",\"item\":\"https:\/\/www.africa-press.net\/congo-brazzaville\/\"},{\"@type\":\"ListItem\",\"position\":2,\"name\":\"Litt\u00e9rature : \u00ab\u00a0Le peuple d\u2019abord !\u00a0\u00bb d\u2019Urbain Ockh Rubesch\"}]},{\"@type\":\"WebSite\",\"@id\":\"https:\/\/www.africa-press.net\/congo-brazzaville\/#website\",\"url\":\"https:\/\/www.africa-press.net\/congo-brazzaville\/\",\"name\":\"Congo Brazzaville\",\"description\":\"Just another Africa News Agency Sites site\",\"potentialAction\":[{\"@type\":\"SearchAction\",\"target\":{\"@type\":\"EntryPoint\",\"urlTemplate\":\"https:\/\/www.africa-press.net\/congo-brazzaville\/?s={search_term_string}\"},\"query-input\":{\"@type\":\"PropertyValueSpecification\",\"valueRequired\":true,\"valueName\":\"search_term_string\"}}],\"inLanguage\":\"fr-FR\"},{\"@type\":\"Person\",\"@id\":\"https:\/\/www.africa-press.net\/congo-brazzaville\/#\/schema\/person\/2b1cf3cd81a31e3cd26889ca66d677f1\",\"name\":\"cfeditorfr\"}]}<\/script>\n<!-- \/ Yoast SEO Premium plugin. -->","yoast_head_json":{"title":"Litt\u00e9rature : \"Le peuple d\u2019abord !\" d\u2019Urbain Ockh Rubesch - Congo Brazzaville","robots":{"index":"index","follow":"follow","max-snippet":"max-snippet:-1","max-image-preview":"max-image-preview:large","max-video-preview":"max-video-preview:-1"},"canonical":"https:\/\/www.africa-press.net\/congo-brazzaville\/politique\/litterature-le-peuple-dabord-durbain-ockh-rubesch","og_locale":"fr_FR","og_type":"article","og_title":"Litt\u00e9rature : \"Le peuple d\u2019abord !\" d\u2019Urbain Ockh Rubesch","og_description":"Africa-Press &#8211; Congo Brazzaville. Auteur de \u00ab\u00a0Denis Sassou N&rsquo;Guesso, la cour des grands et 2016 : demain quel destin ? \u00ab\u00a0 paru en avril 2015, Urbain Ockh Rubesch e\u0301crit a\u0300 nouveau sur un des personnages clefs de l\u2019histoire politique des deux Congo : \u00ab\u00a0Le peuple d&rsquo;abord ! \u00ab\u00a0, nouvelle \u0153uvre aux E\u0301ditions Perse\u0301e, mise en [&hellip;]","og_url":"https:\/\/www.africa-press.net\/congo-brazzaville\/politique\/litterature-le-peuple-dabord-durbain-ockh-rubesch","og_site_name":"Congo Brazzaville","article_published_time":"2023-01-25T12:04:43+00:00","author":"cfeditorfr","twitter_card":"summary_large_image","twitter_misc":{"\u00c9crit par":"cfeditorfr","Dur\u00e9e de lecture estim\u00e9e":"2 minutes"},"schema":{"@context":"https:\/\/schema.org","@graph":[{"@type":"Article","@id":"https:\/\/www.africa-press.net\/congo-brazzaville\/politique\/litterature-le-peuple-dabord-durbain-ockh-rubesch#article","isPartOf":{"@id":"https:\/\/www.africa-press.net\/congo-brazzaville\/politique\/litterature-le-peuple-dabord-durbain-ockh-rubesch"},"author":{"name":"cfeditorfr","@id":"https:\/\/www.africa-press.net\/congo-brazzaville\/#\/schema\/person\/2b1cf3cd81a31e3cd26889ca66d677f1"},"headline":"Litt\u00e9rature : \u00ab\u00a0Le peuple d\u2019abord !\u00a0\u00bb d\u2019Urbain Ockh Rubesch","datePublished":"2023-01-25T12:04:43+00:00","mainEntityOfPage":{"@id":"https:\/\/www.africa-press.net\/congo-brazzaville\/politique\/litterature-le-peuple-dabord-durbain-ockh-rubesch"},"wordCount":350,"commentCount":0,"image":{"@id":"https:\/\/www.africa-press.net\/congo-brazzaville\/politique\/litterature-le-peuple-dabord-durbain-ockh-rubesch#primaryimage"},"thumbnailUrl":"https:\/\/static.africa-press.net\/congo-brazzaville\/sites\/51\/2023\/01\/postQueueImg_1674635698.90.jpg","keywords":["Africa Press","Africa Press-Congo Brazzaville","Congo Brazzaville"],"articleSection":["Culture et Art","Toutes les actualit\u00e9s"],"inLanguage":"fr-FR","potentialAction":[{"@type":"CommentAction","name":"Comment","target":["https:\/\/www.africa-press.net\/congo-brazzaville\/politique\/litterature-le-peuple-dabord-durbain-ockh-rubesch#respond"]}]},{"@type":"WebPage","@id":"https:\/\/www.africa-press.net\/congo-brazzaville\/politique\/litterature-le-peuple-dabord-durbain-ockh-rubesch","url":"https:\/\/www.africa-press.net\/congo-brazzaville\/politique\/litterature-le-peuple-dabord-durbain-ockh-rubesch","name":"Litt\u00e9rature : \"Le peuple d\u2019abord !\" d\u2019Urbain Ockh Rubesch - Congo Brazzaville","isPartOf":{"@id":"https:\/\/www.africa-press.net\/congo-brazzaville\/#website"},"primaryImageOfPage":{"@id":"https:\/\/www.africa-press.net\/congo-brazzaville\/politique\/litterature-le-peuple-dabord-durbain-ockh-rubesch#primaryimage"},"image":{"@id":"https:\/\/www.africa-press.net\/congo-brazzaville\/politique\/litterature-le-peuple-dabord-durbain-ockh-rubesch#primaryimage"},"thumbnailUrl":"https:\/\/static.africa-press.net\/congo-brazzaville\/sites\/51\/2023\/01\/postQueueImg_1674635698.90.jpg","datePublished":"2023-01-25T12:04:43+00:00","author":{"@id":"https:\/\/www.africa-press.net\/congo-brazzaville\/#\/schema\/person\/2b1cf3cd81a31e3cd26889ca66d677f1"},"breadcrumb":{"@id":"https:\/\/www.africa-press.net\/congo-brazzaville\/politique\/litterature-le-peuple-dabord-durbain-ockh-rubesch#breadcrumb"},"inLanguage":"fr-FR","potentialAction":[{"@type":"ReadAction","target":["https:\/\/www.africa-press.net\/congo-brazzaville\/politique\/litterature-le-peuple-dabord-durbain-ockh-rubesch"]}]},{"@type":"ImageObject","inLanguage":"fr-FR","@id":"https:\/\/www.africa-press.net\/congo-brazzaville\/politique\/litterature-le-peuple-dabord-durbain-ockh-rubesch#primaryimage","url":"https:\/\/static.africa-press.net\/congo-brazzaville\/sites\/51\/2023\/01\/postQueueImg_1674635698.90.jpg","contentUrl":"https:\/\/static.africa-press.net\/congo-brazzaville\/sites\/51\/2023\/01\/postQueueImg_1674635698.90.jpg","width":1280,"height":720,"caption":"Litt\u00e9rature : \"Le peuple d\u2019abord !\" d\u2019Urbain Ockh Rubesch"},{"@type":"BreadcrumbList","@id":"https:\/\/www.africa-press.net\/congo-brazzaville\/politique\/litterature-le-peuple-dabord-durbain-ockh-rubesch#breadcrumb","itemListElement":[{"@type":"ListItem","position":1,"name":"Accueil","item":"https:\/\/www.africa-press.net\/congo-brazzaville\/"},{"@type":"ListItem","position":2,"name":"Litt\u00e9rature : \u00ab\u00a0Le peuple d\u2019abord !\u00a0\u00bb d\u2019Urbain Ockh Rubesch"}]},{"@type":"WebSite","@id":"https:\/\/www.africa-press.net\/congo-brazzaville\/#website","url":"https:\/\/www.africa-press.net\/congo-brazzaville\/","name":"Congo Brazzaville","description":"Just another Africa News Agency Sites site","potentialAction":[{"@type":"SearchAction","target":{"@type":"EntryPoint","urlTemplate":"https:\/\/www.africa-press.net\/congo-brazzaville\/?s={search_term_string}"},"query-input":{"@type":"PropertyValueSpecification","valueRequired":true,"valueName":"search_term_string"}}],"inLanguage":"fr-FR"},{"@type":"Person","@id":"https:\/\/www.africa-press.net\/congo-brazzaville\/#\/schema\/person\/2b1cf3cd81a31e3cd26889ca66d677f1","name":"cfeditorfr"}]}},"_links":{"self":[{"href":"https:\/\/www.africa-press.net\/congo-brazzaville\/wp-json\/wp\/v2\/posts\/13709","targetHints":{"allow":["GET"]}}],"collection":[{"href":"https:\/\/www.africa-press.net\/congo-brazzaville\/wp-json\/wp\/v2\/posts"}],"about":[{"href":"https:\/\/www.africa-press.net\/congo-brazzaville\/wp-json\/wp\/v2\/types\/post"}],"author":[{"embeddable":true,"href":"https:\/\/www.africa-press.net\/congo-brazzaville\/wp-json\/wp\/v2\/users\/82"}],"replies":[{"embeddable":true,"href":"https:\/\/www.africa-press.net\/congo-brazzaville\/wp-json\/wp\/v2\/comments?post=13709"}],"version-history":[{"count":0,"href":"https:\/\/www.africa-press.net\/congo-brazzaville\/wp-json\/wp\/v2\/posts\/13709\/revisions"}],"wp:featuredmedia":[{"embeddable":true,"href":"https:\/\/www.africa-press.net\/congo-brazzaville\/wp-json\/wp\/v2\/media\/13708"}],"wp:attachment":[{"href":"https:\/\/www.africa-press.net\/congo-brazzaville\/wp-json\/wp\/v2\/media?parent=13709"}],"wp:term":[{"taxonomy":"category","embeddable":true,"href":"https:\/\/www.africa-press.net\/congo-brazzaville\/wp-json\/wp\/v2\/categories?post=13709"},{"taxonomy":"post_tag","embeddable":true,"href":"https:\/\/www.africa-press.net\/congo-brazzaville\/wp-json\/wp\/v2\/tags?post=13709"}],"curies":[{"name":"wp","href":"https:\/\/api.w.org\/{rel}","templated":true}]}}