{"id":1371,"date":"2021-08-27T22:16:54","date_gmt":"2021-08-27T22:16:54","guid":{"rendered":"https:\/\/www.africa-press.net\/congo-brazzaville\/?p=1371"},"modified":"2021-08-27T22:32:59","modified_gmt":"2021-08-27T22:32:59","slug":"affaires-le-gouvernement-congolais-en-operation-seduction-a-paris","status":"publish","type":"post","link":"https:\/\/www.africa-press.net\/congo-brazzaville\/politique\/affaires-le-gouvernement-congolais-en-operation-seduction-a-paris","title":{"rendered":"Affaires\u00a0: le gouvernement congolais en op\u00e9ration s\u00e9duction \u00e0 Paris"},"content":{"rendered":"<p><span style=\"color: #ff6600\"><strong><a href=\"https:\/\/www.africa-press.net\/\">Africa-Press<\/a> &#8211; <a href=\"https:\/\/www.africa-press.net\/congo-brazzaville\">Congo Brazzaville<\/a>. <\/strong><\/span><b>En marge de la Rencontre des entrepreneurs francophones (REF), le <\/b>Premier ministre de la R\u00e9publique du Congo, Anatole Collinet Makosso, a pr\u00e9sent\u00e9 une op\u00e9ration \u00ab s\u00e9duction \u00bb aupr\u00e8s des chefs d\u2019entreprise, en pr\u00e9sence de Jean-Baptiste Lemoyne, secr\u00e9taire d\u2019\u00c9tat charg\u00e9 du Tourisme, des Fran\u00e7ais de l&rsquo;\u00e9tranger et de la Francophonie.<\/p>\n<p>Coorganis\u00e9e par la CCI Paris \u00cele-de-France, repr\u00e9sent\u00e9e par son pr\u00e9sident, Didier Kling, et la CIAN, repr\u00e9sent\u00e9e par son pr\u00e9sident d\u00e9l\u00e9gu\u00e9 \u00c9tienne Giros, la pr\u00e9sentation des opportunit\u00e9s s\u2019est d\u00e9roul\u00e9e dans la salle de conf\u00e9rence de la Chambre de commerce rue de la Bo\u00e9tie \u00e0 Paris huiti\u00e8me, sous la mod\u00e9ration conjointe de Didier Mavouenzela, pr\u00e9sident de la CCIAM Pointe-Noire, et Gilles Dabezies, directeur g\u00e9n\u00e9ral adjoint CCI Internationale, Paris \u00cele-de-France.<\/p>\n<p>\u00c0 une salle de conf\u00e9rence comble a d\u00fb \u00eatre ajout\u00e9e une autre salle attenante pour contenir les chefs d\u2019entreprise venus en nombre visualiser le catalogue \u00ab Congo \u00bb, le 26 ao\u00fbt matin. Pour l\u2019attractivit\u00e9 quant \u00e0 la participation une fin de mois d\u2019ao\u00fbt \u00e0 Paris, c\u2019est d\u00e9j\u00e0 gagn\u00e9.<\/p>\n<p>En l\u2019espace d\u2019une matin\u00e9e, le Premier ministre, devant un parterre de plus d&rsquo;une centaine de chefs d&rsquo;entreprise, a vant\u00e9 l\u2019attractivit\u00e9 de la destination \u00ab Congo \u00bb dans le cadre des investissements. L\u2019assistance a d\u00e9couvert le Congo, pays aux multiples potentialit\u00e9s : port en eau profonde, terre arable, un sous-sol naturellement riche, pour ne citer que celles-ci.<\/p>\n<p>Cet attrait de ce pays \u00e0 cheval sur l\u2019\u00c9quateur ouvre d\u00e9sormais aux investisseurs des possibilit\u00e9s d\u2019affaires consid\u00e9rables et des facilit\u00e9s d\u2019investissements dans les zones \u00e9conomiques sp\u00e9ciales et sur la zone industrielle de Maloukou, autant d\u2019indicateurs en option pour participer \u00e0 la diversification de l&rsquo;\u00e9conomie congolaise et trouver la mani\u00e8re dont les entreprises fran\u00e7aises peuvent l&rsquo;accompagner et y trouver des opportunit\u00e9s.<\/p>\n<p>Anatole Collinet Makosso \u00e9tait accompagn\u00e9 par le ministre des Zones \u00e9conomiques sp\u00e9ciales et de la Diversification \u00e9conomique ; le ministre des Transports, de l\u2019Aviation civile et de la Marine marchande ; le ministre de la Coop\u00e9ration internationale et de la Promotion du partenariat public\/priv\u00e9 ; le ministre du D\u00e9veloppement industriel et de la Promotion du secteur priv\u00e9 ; la ministre des PME, de l&rsquo;Artisanat et du Secteur informel ; l\u2019ambassadeur du Congo en France<\/p>\n<p>Pour illustrer les propos du chef du gouvernement congolais, Thomas Pitrat, directeur commercial de l\u2019entreprise fran\u00e7aise Geocarta, est venu t\u00e9moigner de leur exp\u00e9rience au Congo. Des \u00e9tudiants m\u00e8nent leurs travaux de recherches \u00e0 l\u2019universit\u00e9 en s\u2019appuyant sur des sujets concrets de l\u2019entreprise.<\/p>\n<p>\u00c0 l\u2019issue de la pr\u00e9sentation, les membres du gouvernement ont proc\u00e9d\u00e9 aux s\u00e9ances de t\u00eate-\u00e0-t\u00eate.<\/p>\n<p>Repr\u00e9sentant pr\u00e8s de 840 000 entreprises, soit 29 % du PIB national, la Chambre de commerce et d\u2019industrie de r\u00e9gion Paris \u00cele-de-France est activement engag\u00e9e aux c\u00f4t\u00e9s des acteurs qui font l\u2019\u00e9conomie r\u00e9gionale \u2013 qu\u2019ils soient chefs d\u2019entreprise, d\u00e9cideurs, \u00e9l\u00e8ves, apprentis, \u00e9tudiants ou encore salari\u00e9s en formation continue. Sur l\u2019ensemble d\u2019un territoire qui comprend Paris, la Seine-et-Marne, Versailles-Yvelines, l\u2019Essonne, les Hauts-de-Seine, la Seine-Saint-Denis, le Val-de-Marne et le Val d\u2019Oise, la Chambre de r\u00e9gion a pour missions de repr\u00e9senter les entreprises pour favoriser leur croissance, de former les hommes et les femmes aux d\u00e9fis de demain, de faire grandir les projets d&rsquo;entreprise et de promouvoir la r\u00e9gion capitale pour accro\u00eetre son rayonnement.<\/p>\n\r\n                <style type=\"text\/css\">\r\n                    \r\n                    #td_uid_1_69f4473fb6f23  .td-doubleSlider-2 .td-item1 {\r\n                        background: url(https:\/\/static.africa-press.net\/centrafricaine\/sites\/51\/2021\/08\/img-61296008ded60-80x60.jpg) 0 0 no-repeat;\r\n                    }\r\n                <\/style>\r\n\r\n                <div id=\"td_uid_1_69f4473fb6f23\" class=\"td-gallery td-slide-on-2-columns\">\r\n                    <div class=\"post_td_gallery\">\r\n                        <div class=\"td-gallery-slide-top\">\r\n                           <div class=\"td-gallery-title\"><\/div>\r\n\r\n                            <div class=\"td-gallery-controls-wrapper\">\r\n                                <div class=\"td-gallery-slide-count\"><span class=\"td-gallery-slide-item-focus\">1<\/span> de 2<\/div>\r\n                                <div class=\"td-gallery-slide-prev-next-but\">\r\n                                    <i class = \"td-icon-left doubleSliderPrevButton\"><\/i>\r\n                                    <i class = \"td-icon-right doubleSliderNextButton\"><\/i>\r\n                                <\/div>\r\n                            <\/div>\r\n                        <\/div>\r\n\r\n                        <div class = \"td-doubleSlider-1 \">\r\n                            <div class = \"td-slider\">\r\n                                \r\n                    <div class = \"td-slide-item td-item1\">\r\n                        <figure class=\"td-slide-galery-figure td-slide-popup-gallery\">\r\n                            <a class=\"slide-gallery-image-link\" href=\"https:\/\/static.africa-press.net\/centrafricaine\/sites\/51\/2021\/08\/img-61296008ded60.jpg\" title=\"img-61296008ded60\"  data-caption=\"\"  data-description=\"\">\r\n                                <img decoding=\"async\" src=\"https:\/\/static.africa-press.net\/centrafricaine\/sites\/51\/2021\/08\/img-61296008ded60.jpg\" srcset=\"https:\/\/static.africa-press.net\/congo-brazzaville\/sites\/51\/2021\/08\/img-61296008ded60.jpg 1080w, https:\/\/static.africa-press.net\/congo-brazzaville\/sites\/51\/2021\/08\/img-61296008ded60-300x214.jpg 300w, https:\/\/static.africa-press.net\/congo-brazzaville\/sites\/51\/2021\/08\/img-61296008ded60-1024x730.jpg 1024w, https:\/\/static.africa-press.net\/congo-brazzaville\/sites\/51\/2021\/08\/img-61296008ded60-768x548.jpg 768w, https:\/\/static.africa-press.net\/congo-brazzaville\/sites\/51\/2021\/08\/img-61296008ded60-100x70.jpg 100w\" sizes=\"(max-width: 1080px) 100vw, 1080px\" alt=\"\">\r\n                            <\/a>\r\n                            \r\n                        <\/figure>\r\n                    <\/div>\r\n                            <\/div>\r\n                        <\/div>\r\n\r\n                        <div class = \"td-doubleSlider-2\">\r\n                            <div class = \"td-slider\">\r\n                                \r\n                    <div class = \"td-button td-item1\">\r\n                        <div class = \"td-border\"><\/div>\r\n                    <\/div>\r\n                            <\/div>\r\n                        <\/div>\r\n\r\n                    <\/div>\r\n\r\n                <\/div>\r\n                \n","protected":false},"excerpt":{"rendered":"<p>Africa-Press &#8211; Congo Brazzaville. En marge de la Rencontre des entrepreneurs francophones (REF), le Premier ministre de la R\u00e9publique du Congo, Anatole Collinet Makosso, a pr\u00e9sent\u00e9 une op\u00e9ration \u00ab s\u00e9duction \u00bb aupr\u00e8s des chefs d\u2019entreprise, en pr\u00e9sence de Jean-Baptiste Lemoyne, secr\u00e9taire d\u2019\u00c9tat charg\u00e9 du Tourisme, des Fran\u00e7ais de l&rsquo;\u00e9tranger et de la Francophonie. Coorganis\u00e9e par [&hellip;]<\/p>\n","protected":false},"author":82,"featured_media":1370,"comment_status":"open","ping_status":"closed","sticky":false,"template":"","format":"standard","meta":{"footnotes":""},"categories":[11,8,2,20,10],"tags":[36,47,46],"class_list":["post-1371","post","type-post","status-publish","format-standard","has-post-thumbnail","hentry","category-homepage-french","category-photo","category-politique","category-top-nouvelles","category-toutes-les-actualites","tag-africa-press","tag-africa-press-congo-brazzaville","tag-congo-brazzaville"],"yoast_head":"<!-- This site is optimized with the Yoast SEO Premium plugin v26.1 (Yoast SEO v27.0) - https:\/\/yoast.com\/product\/yoast-seo-premium-wordpress\/ -->\n<title>Affaires\u00a0: le gouvernement congolais en op\u00e9ration s\u00e9duction \u00e0 Paris - Congo Brazzaville<\/title>\n<meta name=\"description\" content=\"En marge de la Rencontre des entrepreneurs francophones (REF), le Premier ministre de la R\u00e9publique du Congo, An ...\" \/>\n<meta name=\"robots\" content=\"index, follow, max-snippet:-1, max-image-preview:large, max-video-preview:-1\" \/>\n<link rel=\"canonical\" href=\"https:\/\/www.africa-press.net\/congo-brazzaville\/politique\/affaires-le-gouvernement-congolais-en-operation-seduction-a-paris\" \/>\n<meta property=\"og:locale\" content=\"fr_FR\" \/>\n<meta property=\"og:type\" content=\"article\" \/>\n<meta property=\"og:title\" content=\"Affaires\u00a0: le gouvernement congolais en op\u00e9ration s\u00e9duction \u00e0 Paris\" \/>\n<meta property=\"og:description\" content=\"En marge de la Rencontre des entrepreneurs francophones (REF), le Premier ministre de la R\u00e9publique du Congo, An ...\" \/>\n<meta property=\"og:url\" content=\"https:\/\/www.africa-press.net\/congo-brazzaville\/politique\/affaires-le-gouvernement-congolais-en-operation-seduction-a-paris\" \/>\n<meta property=\"og:site_name\" content=\"Congo Brazzaville\" \/>\n<meta property=\"article:published_time\" content=\"2021-08-27T22:16:54+00:00\" \/>\n<meta property=\"article:modified_time\" content=\"2021-08-27T22:32:59+00:00\" \/>\n<meta property=\"og:image\" content=\"https:\/\/static.africa-press.net\/centrafricaine\/sites\/51\/2021\/08\/img-612960126b677.jpg\" \/>\n\t<meta property=\"og:image:width\" content=\"1080\" \/>\n\t<meta property=\"og:image:height\" content=\"770\" \/>\n\t<meta property=\"og:image:type\" content=\"image\/jpeg\" \/>\n<meta name=\"author\" content=\"cfeditorfr\" \/>\n<meta name=\"twitter:card\" content=\"summary_large_image\" \/>\n<meta name=\"twitter:label1\" content=\"\u00c9crit par\" \/>\n\t<meta name=\"twitter:data1\" content=\"cfeditorfr\" \/>\n\t<meta name=\"twitter:label2\" content=\"Dur\u00e9e de lecture estim\u00e9e\" \/>\n\t<meta name=\"twitter:data2\" content=\"3 minutes\" \/>\n<script type=\"application\/ld+json\" class=\"yoast-schema-graph\">{\"@context\":\"https:\/\/schema.org\",\"@graph\":[{\"@type\":\"Article\",\"@id\":\"https:\/\/www.africa-press.net\/congo-brazzaville\/politique\/affaires-le-gouvernement-congolais-en-operation-seduction-a-paris#article\",\"isPartOf\":{\"@id\":\"https:\/\/www.africa-press.net\/congo-brazzaville\/politique\/affaires-le-gouvernement-congolais-en-operation-seduction-a-paris\"},\"author\":{\"name\":\"cfeditorfr\",\"@id\":\"https:\/\/www.africa-press.net\/congo-brazzaville\/#\/schema\/person\/2b1cf3cd81a31e3cd26889ca66d677f1\"},\"headline\":\"Affaires\u00a0: le gouvernement congolais en op\u00e9ration s\u00e9duction \u00e0 Paris\",\"datePublished\":\"2021-08-27T22:16:54+00:00\",\"dateModified\":\"2021-08-27T22:32:59+00:00\",\"mainEntityOfPage\":{\"@id\":\"https:\/\/www.africa-press.net\/congo-brazzaville\/politique\/affaires-le-gouvernement-congolais-en-operation-seduction-a-paris\"},\"wordCount\":630,\"commentCount\":0,\"image\":{\"@id\":\"https:\/\/www.africa-press.net\/congo-brazzaville\/politique\/affaires-le-gouvernement-congolais-en-operation-seduction-a-paris#primaryimage\"},\"thumbnailUrl\":\"https:\/\/static.africa-press.net\/centrafricaine\/sites\/51\/2021\/08\/img-612960126b677.jpg\",\"keywords\":[\"Africa Press\",\"Africa Press-Congo Brazzaville\",\"Congo Brazzaville\"],\"articleSection\":[\"homepage-french\",\"Photo\",\"Politique\",\"Top Nouvelles\",\"Toutes les actualit\u00e9s\"],\"inLanguage\":\"fr-FR\",\"potentialAction\":[{\"@type\":\"CommentAction\",\"name\":\"Comment\",\"target\":[\"https:\/\/www.africa-press.net\/congo-brazzaville\/politique\/affaires-le-gouvernement-congolais-en-operation-seduction-a-paris#respond\"]}]},{\"@type\":\"WebPage\",\"@id\":\"https:\/\/www.africa-press.net\/congo-brazzaville\/politique\/affaires-le-gouvernement-congolais-en-operation-seduction-a-paris\",\"url\":\"https:\/\/www.africa-press.net\/congo-brazzaville\/politique\/affaires-le-gouvernement-congolais-en-operation-seduction-a-paris\",\"name\":\"Affaires\u00a0: le gouvernement congolais en op\u00e9ration s\u00e9duction \u00e0 Paris - Congo Brazzaville\",\"isPartOf\":{\"@id\":\"https:\/\/www.africa-press.net\/congo-brazzaville\/#website\"},\"primaryImageOfPage\":{\"@id\":\"https:\/\/www.africa-press.net\/congo-brazzaville\/politique\/affaires-le-gouvernement-congolais-en-operation-seduction-a-paris#primaryimage\"},\"image\":{\"@id\":\"https:\/\/www.africa-press.net\/congo-brazzaville\/politique\/affaires-le-gouvernement-congolais-en-operation-seduction-a-paris#primaryimage\"},\"thumbnailUrl\":\"https:\/\/static.africa-press.net\/centrafricaine\/sites\/51\/2021\/08\/img-612960126b677.jpg\",\"datePublished\":\"2021-08-27T22:16:54+00:00\",\"dateModified\":\"2021-08-27T22:32:59+00:00\",\"author\":{\"@id\":\"https:\/\/www.africa-press.net\/congo-brazzaville\/#\/schema\/person\/2b1cf3cd81a31e3cd26889ca66d677f1\"},\"description\":\"En marge de la Rencontre des entrepreneurs francophones (REF), le Premier ministre de la R\u00e9publique du Congo, An ...\",\"breadcrumb\":{\"@id\":\"https:\/\/www.africa-press.net\/congo-brazzaville\/politique\/affaires-le-gouvernement-congolais-en-operation-seduction-a-paris#breadcrumb\"},\"inLanguage\":\"fr-FR\",\"potentialAction\":[{\"@type\":\"ReadAction\",\"target\":[\"https:\/\/www.africa-press.net\/congo-brazzaville\/politique\/affaires-le-gouvernement-congolais-en-operation-seduction-a-paris\"]}]},{\"@type\":\"ImageObject\",\"inLanguage\":\"fr-FR\",\"@id\":\"https:\/\/www.africa-press.net\/congo-brazzaville\/politique\/affaires-le-gouvernement-congolais-en-operation-seduction-a-paris#primaryimage\",\"url\":\"https:\/\/static.africa-press.net\/centrafricaine\/sites\/51\/2021\/08\/img-612960126b677.jpg\",\"contentUrl\":\"https:\/\/static.africa-press.net\/centrafricaine\/sites\/51\/2021\/08\/img-612960126b677.jpg\",\"width\":1080,\"height\":770,\"caption\":\"Affaires\u00a0: le gouvernement congolais en op\u00e9ration s\u00e9duction \u00e0 Paris\"},{\"@type\":\"BreadcrumbList\",\"@id\":\"https:\/\/www.africa-press.net\/congo-brazzaville\/politique\/affaires-le-gouvernement-congolais-en-operation-seduction-a-paris#breadcrumb\",\"itemListElement\":[{\"@type\":\"ListItem\",\"position\":1,\"name\":\"Accueil\",\"item\":\"https:\/\/www.africa-press.net\/congo-brazzaville\/\"},{\"@type\":\"ListItem\",\"position\":2,\"name\":\"Affaires\u00a0: le gouvernement congolais en op\u00e9ration s\u00e9duction \u00e0 Paris\"}]},{\"@type\":\"WebSite\",\"@id\":\"https:\/\/www.africa-press.net\/congo-brazzaville\/#website\",\"url\":\"https:\/\/www.africa-press.net\/congo-brazzaville\/\",\"name\":\"Congo Brazzaville\",\"description\":\"Just another Africa News Agency Sites site\",\"potentialAction\":[{\"@type\":\"SearchAction\",\"target\":{\"@type\":\"EntryPoint\",\"urlTemplate\":\"https:\/\/www.africa-press.net\/congo-brazzaville\/?s={search_term_string}\"},\"query-input\":{\"@type\":\"PropertyValueSpecification\",\"valueRequired\":true,\"valueName\":\"search_term_string\"}}],\"inLanguage\":\"fr-FR\"},{\"@type\":\"Person\",\"@id\":\"https:\/\/www.africa-press.net\/congo-brazzaville\/#\/schema\/person\/2b1cf3cd81a31e3cd26889ca66d677f1\",\"name\":\"cfeditorfr\"}]}<\/script>\n<!-- \/ Yoast SEO Premium plugin. -->","yoast_head_json":{"title":"Affaires\u00a0: le gouvernement congolais en op\u00e9ration s\u00e9duction \u00e0 Paris - Congo Brazzaville","description":"En marge de la Rencontre des entrepreneurs francophones (REF), le Premier ministre de la R\u00e9publique du Congo, An ...","robots":{"index":"index","follow":"follow","max-snippet":"max-snippet:-1","max-image-preview":"max-image-preview:large","max-video-preview":"max-video-preview:-1"},"canonical":"https:\/\/www.africa-press.net\/congo-brazzaville\/politique\/affaires-le-gouvernement-congolais-en-operation-seduction-a-paris","og_locale":"fr_FR","og_type":"article","og_title":"Affaires\u00a0: le gouvernement congolais en op\u00e9ration s\u00e9duction \u00e0 Paris","og_description":"En marge de la Rencontre des entrepreneurs francophones (REF), le Premier ministre de la R\u00e9publique du Congo, An ...","og_url":"https:\/\/www.africa-press.net\/congo-brazzaville\/politique\/affaires-le-gouvernement-congolais-en-operation-seduction-a-paris","og_site_name":"Congo Brazzaville","article_published_time":"2021-08-27T22:16:54+00:00","article_modified_time":"2021-08-27T22:32:59+00:00","og_image":[{"width":1080,"height":770,"url":"https:\/\/static.africa-press.net\/centrafricaine\/sites\/51\/2021\/08\/img-612960126b677.jpg","type":"image\/jpeg"}],"author":"cfeditorfr","twitter_card":"summary_large_image","twitter_misc":{"\u00c9crit par":"cfeditorfr","Dur\u00e9e de lecture estim\u00e9e":"3 minutes"},"schema":{"@context":"https:\/\/schema.org","@graph":[{"@type":"Article","@id":"https:\/\/www.africa-press.net\/congo-brazzaville\/politique\/affaires-le-gouvernement-congolais-en-operation-seduction-a-paris#article","isPartOf":{"@id":"https:\/\/www.africa-press.net\/congo-brazzaville\/politique\/affaires-le-gouvernement-congolais-en-operation-seduction-a-paris"},"author":{"name":"cfeditorfr","@id":"https:\/\/www.africa-press.net\/congo-brazzaville\/#\/schema\/person\/2b1cf3cd81a31e3cd26889ca66d677f1"},"headline":"Affaires\u00a0: le gouvernement congolais en op\u00e9ration s\u00e9duction \u00e0 Paris","datePublished":"2021-08-27T22:16:54+00:00","dateModified":"2021-08-27T22:32:59+00:00","mainEntityOfPage":{"@id":"https:\/\/www.africa-press.net\/congo-brazzaville\/politique\/affaires-le-gouvernement-congolais-en-operation-seduction-a-paris"},"wordCount":630,"commentCount":0,"image":{"@id":"https:\/\/www.africa-press.net\/congo-brazzaville\/politique\/affaires-le-gouvernement-congolais-en-operation-seduction-a-paris#primaryimage"},"thumbnailUrl":"https:\/\/static.africa-press.net\/centrafricaine\/sites\/51\/2021\/08\/img-612960126b677.jpg","keywords":["Africa Press","Africa Press-Congo Brazzaville","Congo Brazzaville"],"articleSection":["homepage-french","Photo","Politique","Top Nouvelles","Toutes les actualit\u00e9s"],"inLanguage":"fr-FR","potentialAction":[{"@type":"CommentAction","name":"Comment","target":["https:\/\/www.africa-press.net\/congo-brazzaville\/politique\/affaires-le-gouvernement-congolais-en-operation-seduction-a-paris#respond"]}]},{"@type":"WebPage","@id":"https:\/\/www.africa-press.net\/congo-brazzaville\/politique\/affaires-le-gouvernement-congolais-en-operation-seduction-a-paris","url":"https:\/\/www.africa-press.net\/congo-brazzaville\/politique\/affaires-le-gouvernement-congolais-en-operation-seduction-a-paris","name":"Affaires\u00a0: le gouvernement congolais en op\u00e9ration s\u00e9duction \u00e0 Paris - Congo Brazzaville","isPartOf":{"@id":"https:\/\/www.africa-press.net\/congo-brazzaville\/#website"},"primaryImageOfPage":{"@id":"https:\/\/www.africa-press.net\/congo-brazzaville\/politique\/affaires-le-gouvernement-congolais-en-operation-seduction-a-paris#primaryimage"},"image":{"@id":"https:\/\/www.africa-press.net\/congo-brazzaville\/politique\/affaires-le-gouvernement-congolais-en-operation-seduction-a-paris#primaryimage"},"thumbnailUrl":"https:\/\/static.africa-press.net\/centrafricaine\/sites\/51\/2021\/08\/img-612960126b677.jpg","datePublished":"2021-08-27T22:16:54+00:00","dateModified":"2021-08-27T22:32:59+00:00","author":{"@id":"https:\/\/www.africa-press.net\/congo-brazzaville\/#\/schema\/person\/2b1cf3cd81a31e3cd26889ca66d677f1"},"description":"En marge de la Rencontre des entrepreneurs francophones (REF), le Premier ministre de la R\u00e9publique du Congo, An ...","breadcrumb":{"@id":"https:\/\/www.africa-press.net\/congo-brazzaville\/politique\/affaires-le-gouvernement-congolais-en-operation-seduction-a-paris#breadcrumb"},"inLanguage":"fr-FR","potentialAction":[{"@type":"ReadAction","target":["https:\/\/www.africa-press.net\/congo-brazzaville\/politique\/affaires-le-gouvernement-congolais-en-operation-seduction-a-paris"]}]},{"@type":"ImageObject","inLanguage":"fr-FR","@id":"https:\/\/www.africa-press.net\/congo-brazzaville\/politique\/affaires-le-gouvernement-congolais-en-operation-seduction-a-paris#primaryimage","url":"https:\/\/static.africa-press.net\/centrafricaine\/sites\/51\/2021\/08\/img-612960126b677.jpg","contentUrl":"https:\/\/static.africa-press.net\/centrafricaine\/sites\/51\/2021\/08\/img-612960126b677.jpg","width":1080,"height":770,"caption":"Affaires\u00a0: le gouvernement congolais en op\u00e9ration s\u00e9duction \u00e0 Paris"},{"@type":"BreadcrumbList","@id":"https:\/\/www.africa-press.net\/congo-brazzaville\/politique\/affaires-le-gouvernement-congolais-en-operation-seduction-a-paris#breadcrumb","itemListElement":[{"@type":"ListItem","position":1,"name":"Accueil","item":"https:\/\/www.africa-press.net\/congo-brazzaville\/"},{"@type":"ListItem","position":2,"name":"Affaires\u00a0: le gouvernement congolais en op\u00e9ration s\u00e9duction \u00e0 Paris"}]},{"@type":"WebSite","@id":"https:\/\/www.africa-press.net\/congo-brazzaville\/#website","url":"https:\/\/www.africa-press.net\/congo-brazzaville\/","name":"Congo Brazzaville","description":"Just another Africa News Agency Sites site","potentialAction":[{"@type":"SearchAction","target":{"@type":"EntryPoint","urlTemplate":"https:\/\/www.africa-press.net\/congo-brazzaville\/?s={search_term_string}"},"query-input":{"@type":"PropertyValueSpecification","valueRequired":true,"valueName":"search_term_string"}}],"inLanguage":"fr-FR"},{"@type":"Person","@id":"https:\/\/www.africa-press.net\/congo-brazzaville\/#\/schema\/person\/2b1cf3cd81a31e3cd26889ca66d677f1","name":"cfeditorfr"}]}},"_links":{"self":[{"href":"https:\/\/www.africa-press.net\/congo-brazzaville\/wp-json\/wp\/v2\/posts\/1371","targetHints":{"allow":["GET"]}}],"collection":[{"href":"https:\/\/www.africa-press.net\/congo-brazzaville\/wp-json\/wp\/v2\/posts"}],"about":[{"href":"https:\/\/www.africa-press.net\/congo-brazzaville\/wp-json\/wp\/v2\/types\/post"}],"author":[{"embeddable":true,"href":"https:\/\/www.africa-press.net\/congo-brazzaville\/wp-json\/wp\/v2\/users\/82"}],"replies":[{"embeddable":true,"href":"https:\/\/www.africa-press.net\/congo-brazzaville\/wp-json\/wp\/v2\/comments?post=1371"}],"version-history":[{"count":0,"href":"https:\/\/www.africa-press.net\/congo-brazzaville\/wp-json\/wp\/v2\/posts\/1371\/revisions"}],"wp:featuredmedia":[{"embeddable":true,"href":"https:\/\/www.africa-press.net\/congo-brazzaville\/wp-json\/wp\/v2\/media\/1370"}],"wp:attachment":[{"href":"https:\/\/www.africa-press.net\/congo-brazzaville\/wp-json\/wp\/v2\/media?parent=1371"}],"wp:term":[{"taxonomy":"category","embeddable":true,"href":"https:\/\/www.africa-press.net\/congo-brazzaville\/wp-json\/wp\/v2\/categories?post=1371"},{"taxonomy":"post_tag","embeddable":true,"href":"https:\/\/www.africa-press.net\/congo-brazzaville\/wp-json\/wp\/v2\/tags?post=1371"}],"curies":[{"name":"wp","href":"https:\/\/api.w.org\/{rel}","templated":true}]}}