{"id":13721,"date":"2023-01-25T18:27:53","date_gmt":"2023-01-25T18:27:53","guid":{"rendered":"https:\/\/www.africa-press.net\/congo-brazzaville\/politique\/forces-de-securite-le-nouveau-commandant-de-la-garde-republicaine-installe-dans-ses-fonctions"},"modified":"2023-01-25T20:09:16","modified_gmt":"2023-01-25T20:09:16","slug":"forces-de-securite-le-nouveau-commandant-de-la-garde-republicaine-installe-dans-ses-fonctions","status":"publish","type":"post","link":"https:\/\/www.africa-press.net\/congo-brazzaville\/politique\/forces-de-securite-le-nouveau-commandant-de-la-garde-republicaine-installe-dans-ses-fonctions","title":{"rendered":"Forces de s\u00e9curit\u00e9 : le nouveau commandant de la Garde r\u00e9publicaine install\u00e9 dans ses fonctions"},"content":{"rendered":"<p><span style=\"color: #ff6600\"><strong>Africa-Press &#8211; Congo Brazzaville. <\/strong><\/span><b>Apre\u0300s sa nomination le 3 janvier dernier, le colonel Basile Boka a officiellement pris le commandement de la Garde re\u0301publicaine ce 25 janvier a\u0300 Brazzaville. <\/b><\/p>\n<p>\u00ab Vous lui obe\u0301irez en tout ce qu\u2019il vous commandera pour l\u2019inte\u0301re\u0302t du service, l\u2019exe\u0301cution des re\u0300glements militaires, l\u2019observation des lois et re\u0300glements de la Re\u0301publique, conforme\u0301ment a\u0300 la Constitution \u00bb, a de\u0301clare\u0301 le ministre de l\u2019Inte\u0301rieur, de la De\u0301centralisation et du De\u0301veloppement local, Raymond Ze\u0301phirin Mboulou, s\u2019adressant aux troupes de la Garde re\u0301publicaine, lors de la prise de commandement du colonel Basile Boka. Celui-ci succe\u0300de au ge\u0301ne\u0301ral de brigade Gervais Akouangue, de\u0301sormais commandant de la Gendarmerie nationale.<\/p>\n<p>Le nouveau commandant de la Garde re\u0301publicaine e\u0301tait jusqu\u2019a\u0300 sa nouvelle promotion commandant de la zone militaire de de\u0301fense n\u00b08, Kinkala, de\u0301partement du Pool. Ancien chef d\u2019e\u0301tat-major de la direction ge\u0301ne\u0301rale de la se\u0301curite\u0301 pre\u0301sidentielle ou\u0300 il a e\u0301volue\u0301 entre 1998 et 2007, le colonel Basile Boka a exerce\u0301 les fonctions de commandement au 402e bataillon d\u2019infanterie entre 2009 et 2011.<\/p>\n<p>Il a dirige\u0301 le premier re\u0301giment blinde\u0301 et le sous-groupement ope\u0301rationnel de Mindouli, au Pool, dans le cadre de l\u2019ope\u0301ration \u00ab Kimia \u00bb destine\u0301e a\u0300 ramener la quie\u0301tude dans cette partie du pays a\u0300 la suite des troubles sociopolitiques. Basile Boka e\u0301tait en fonction a\u0300 Kinkala depuis 2016.<\/p>\n<p><strong>Pour plus d&rsquo;informations et d&rsquo;analyses sur la <a href=\"https:\/\/www.africa-press.net\/congo-brazzaville\">Congo Brazzaville<\/a>, suivez <a href=\"https:\/\/www.africa-press.net\/\">Africa-Press<\/a><\/strong><\/p>\n","protected":false},"excerpt":{"rendered":"<p>Africa-Press &#8211; Congo Brazzaville. Apre\u0300s sa nomination le 3 janvier dernier, le colonel Basile Boka a officiellement pris le commandement de la Garde re\u0301publicaine ce 25 janvier a\u0300 Brazzaville. \u00ab Vous lui obe\u0301irez en tout ce qu\u2019il vous commandera pour l\u2019inte\u0301re\u0302t du service, l\u2019exe\u0301cution des re\u0300glements militaires, l\u2019observation des lois et re\u0300glements de la Re\u0301publique, [&hellip;]<\/p>\n","protected":false},"author":82,"featured_media":13720,"comment_status":"open","ping_status":"closed","sticky":false,"template":"","format":"standard","meta":{"footnotes":""},"categories":[2,10],"tags":[36,47,46],"class_list":["post-13721","post","type-post","status-publish","format-standard","has-post-thumbnail","hentry","category-politique","category-toutes-les-actualites","tag-africa-press","tag-africa-press-congo-brazzaville","tag-congo-brazzaville"],"yoast_head":"<!-- This site is optimized with the Yoast SEO Premium plugin v26.1 (Yoast SEO v27.0) - https:\/\/yoast.com\/product\/yoast-seo-premium-wordpress\/ -->\n<title>Forces de s\u00e9curit\u00e9 : le nouveau commandant de la Garde r\u00e9publicaine install\u00e9 dans ses fonctions - Congo Brazzaville<\/title>\n<meta name=\"description\" content=\"Apre\u0300s sa nomination le 3 janvier dernier, le colonel Basile Boka a officiellement pris le commandement de la Garde r ...\" \/>\n<meta name=\"robots\" content=\"index, follow, max-snippet:-1, max-image-preview:large, max-video-preview:-1\" \/>\n<link rel=\"canonical\" href=\"https:\/\/www.africa-press.net\/congo-brazzaville\/politique\/forces-de-securite-le-nouveau-commandant-de-la-garde-republicaine-installe-dans-ses-fonctions\" \/>\n<meta property=\"og:locale\" content=\"fr_FR\" \/>\n<meta property=\"og:type\" content=\"article\" \/>\n<meta property=\"og:title\" content=\"Forces de s\u00e9curit\u00e9 : le nouveau commandant de la Garde r\u00e9publicaine install\u00e9 dans ses fonctions\" \/>\n<meta property=\"og:description\" content=\"Apre\u0300s sa nomination le 3 janvier dernier, le colonel Basile Boka a officiellement pris le commandement de la Garde r ...\" \/>\n<meta property=\"og:url\" content=\"https:\/\/www.africa-press.net\/congo-brazzaville\/politique\/forces-de-securite-le-nouveau-commandant-de-la-garde-republicaine-installe-dans-ses-fonctions\" \/>\n<meta property=\"og:site_name\" content=\"Congo Brazzaville\" \/>\n<meta property=\"article:published_time\" content=\"2023-01-25T18:27:53+00:00\" \/>\n<meta property=\"article:modified_time\" content=\"2023-01-25T20:09:16+00:00\" \/>\n<meta property=\"og:image\" content=\"https:\/\/static.africa-press.net\/congo-brazzaville\/sites\/51\/2023\/01\/postQueueImg_1674658691.42.jpg\" \/>\n\t<meta property=\"og:image:width\" content=\"1280\" \/>\n\t<meta property=\"og:image:height\" content=\"720\" \/>\n\t<meta property=\"og:image:type\" content=\"image\/jpeg\" \/>\n<meta name=\"author\" content=\"cfeditorfr\" \/>\n<meta name=\"twitter:card\" content=\"summary_large_image\" \/>\n<meta name=\"twitter:label1\" content=\"\u00c9crit par\" \/>\n\t<meta name=\"twitter:data1\" content=\"cfeditorfr\" \/>\n\t<meta name=\"twitter:label2\" content=\"Dur\u00e9e de lecture estim\u00e9e\" \/>\n\t<meta name=\"twitter:data2\" content=\"1 minute\" \/>\n<script type=\"application\/ld+json\" class=\"yoast-schema-graph\">{\"@context\":\"https:\/\/schema.org\",\"@graph\":[{\"@type\":\"Article\",\"@id\":\"https:\/\/www.africa-press.net\/congo-brazzaville\/politique\/forces-de-securite-le-nouveau-commandant-de-la-garde-republicaine-installe-dans-ses-fonctions#article\",\"isPartOf\":{\"@id\":\"https:\/\/www.africa-press.net\/congo-brazzaville\/politique\/forces-de-securite-le-nouveau-commandant-de-la-garde-republicaine-installe-dans-ses-fonctions\"},\"author\":{\"name\":\"cfeditorfr\",\"@id\":\"https:\/\/www.africa-press.net\/congo-brazzaville\/#\/schema\/person\/2b1cf3cd81a31e3cd26889ca66d677f1\"},\"headline\":\"Forces de s\u00e9curit\u00e9 : le nouveau commandant de la Garde r\u00e9publicaine install\u00e9 dans ses fonctions\",\"datePublished\":\"2023-01-25T18:27:53+00:00\",\"dateModified\":\"2023-01-25T20:09:16+00:00\",\"mainEntityOfPage\":{\"@id\":\"https:\/\/www.africa-press.net\/congo-brazzaville\/politique\/forces-de-securite-le-nouveau-commandant-de-la-garde-republicaine-installe-dans-ses-fonctions\"},\"wordCount\":280,\"commentCount\":1,\"image\":{\"@id\":\"https:\/\/www.africa-press.net\/congo-brazzaville\/politique\/forces-de-securite-le-nouveau-commandant-de-la-garde-republicaine-installe-dans-ses-fonctions#primaryimage\"},\"thumbnailUrl\":\"https:\/\/static.africa-press.net\/congo-brazzaville\/sites\/51\/2023\/01\/postQueueImg_1674658691.42.jpg\",\"keywords\":[\"Africa Press\",\"Africa Press-Congo Brazzaville\",\"Congo Brazzaville\"],\"articleSection\":[\"Politique\",\"Toutes les actualit\u00e9s\"],\"inLanguage\":\"fr-FR\",\"potentialAction\":[{\"@type\":\"CommentAction\",\"name\":\"Comment\",\"target\":[\"https:\/\/www.africa-press.net\/congo-brazzaville\/politique\/forces-de-securite-le-nouveau-commandant-de-la-garde-republicaine-installe-dans-ses-fonctions#respond\"]}]},{\"@type\":\"WebPage\",\"@id\":\"https:\/\/www.africa-press.net\/congo-brazzaville\/politique\/forces-de-securite-le-nouveau-commandant-de-la-garde-republicaine-installe-dans-ses-fonctions\",\"url\":\"https:\/\/www.africa-press.net\/congo-brazzaville\/politique\/forces-de-securite-le-nouveau-commandant-de-la-garde-republicaine-installe-dans-ses-fonctions\",\"name\":\"Forces de s\u00e9curit\u00e9 : le nouveau commandant de la Garde r\u00e9publicaine install\u00e9 dans ses fonctions - Congo Brazzaville\",\"isPartOf\":{\"@id\":\"https:\/\/www.africa-press.net\/congo-brazzaville\/#website\"},\"primaryImageOfPage\":{\"@id\":\"https:\/\/www.africa-press.net\/congo-brazzaville\/politique\/forces-de-securite-le-nouveau-commandant-de-la-garde-republicaine-installe-dans-ses-fonctions#primaryimage\"},\"image\":{\"@id\":\"https:\/\/www.africa-press.net\/congo-brazzaville\/politique\/forces-de-securite-le-nouveau-commandant-de-la-garde-republicaine-installe-dans-ses-fonctions#primaryimage\"},\"thumbnailUrl\":\"https:\/\/static.africa-press.net\/congo-brazzaville\/sites\/51\/2023\/01\/postQueueImg_1674658691.42.jpg\",\"datePublished\":\"2023-01-25T18:27:53+00:00\",\"dateModified\":\"2023-01-25T20:09:16+00:00\",\"author\":{\"@id\":\"https:\/\/www.africa-press.net\/congo-brazzaville\/#\/schema\/person\/2b1cf3cd81a31e3cd26889ca66d677f1\"},\"description\":\"Apre\u0300s sa nomination le 3 janvier dernier, le colonel Basile Boka a officiellement pris le commandement de la Garde r ...\",\"breadcrumb\":{\"@id\":\"https:\/\/www.africa-press.net\/congo-brazzaville\/politique\/forces-de-securite-le-nouveau-commandant-de-la-garde-republicaine-installe-dans-ses-fonctions#breadcrumb\"},\"inLanguage\":\"fr-FR\",\"potentialAction\":[{\"@type\":\"ReadAction\",\"target\":[\"https:\/\/www.africa-press.net\/congo-brazzaville\/politique\/forces-de-securite-le-nouveau-commandant-de-la-garde-republicaine-installe-dans-ses-fonctions\"]}]},{\"@type\":\"ImageObject\",\"inLanguage\":\"fr-FR\",\"@id\":\"https:\/\/www.africa-press.net\/congo-brazzaville\/politique\/forces-de-securite-le-nouveau-commandant-de-la-garde-republicaine-installe-dans-ses-fonctions#primaryimage\",\"url\":\"https:\/\/static.africa-press.net\/congo-brazzaville\/sites\/51\/2023\/01\/postQueueImg_1674658691.42.jpg\",\"contentUrl\":\"https:\/\/static.africa-press.net\/congo-brazzaville\/sites\/51\/2023\/01\/postQueueImg_1674658691.42.jpg\",\"width\":1280,\"height\":720,\"caption\":\"Forces de s\u00e9curit\u00e9 : le nouveau commandant de la Garde r\u00e9publicaine install\u00e9 dans ses fonctions\"},{\"@type\":\"BreadcrumbList\",\"@id\":\"https:\/\/www.africa-press.net\/congo-brazzaville\/politique\/forces-de-securite-le-nouveau-commandant-de-la-garde-republicaine-installe-dans-ses-fonctions#breadcrumb\",\"itemListElement\":[{\"@type\":\"ListItem\",\"position\":1,\"name\":\"Accueil\",\"item\":\"https:\/\/www.africa-press.net\/congo-brazzaville\/\"},{\"@type\":\"ListItem\",\"position\":2,\"name\":\"Forces de s\u00e9curit\u00e9 : le nouveau commandant de la Garde r\u00e9publicaine install\u00e9 dans ses fonctions\"}]},{\"@type\":\"WebSite\",\"@id\":\"https:\/\/www.africa-press.net\/congo-brazzaville\/#website\",\"url\":\"https:\/\/www.africa-press.net\/congo-brazzaville\/\",\"name\":\"Congo Brazzaville\",\"description\":\"Just another Africa News Agency Sites site\",\"potentialAction\":[{\"@type\":\"SearchAction\",\"target\":{\"@type\":\"EntryPoint\",\"urlTemplate\":\"https:\/\/www.africa-press.net\/congo-brazzaville\/?s={search_term_string}\"},\"query-input\":{\"@type\":\"PropertyValueSpecification\",\"valueRequired\":true,\"valueName\":\"search_term_string\"}}],\"inLanguage\":\"fr-FR\"},{\"@type\":\"Person\",\"@id\":\"https:\/\/www.africa-press.net\/congo-brazzaville\/#\/schema\/person\/2b1cf3cd81a31e3cd26889ca66d677f1\",\"name\":\"cfeditorfr\"}]}<\/script>\n<!-- \/ Yoast SEO Premium plugin. -->","yoast_head_json":{"title":"Forces de s\u00e9curit\u00e9 : le nouveau commandant de la Garde r\u00e9publicaine install\u00e9 dans ses fonctions - Congo Brazzaville","description":"Apre\u0300s sa nomination le 3 janvier dernier, le colonel Basile Boka a officiellement pris le commandement de la Garde r ...","robots":{"index":"index","follow":"follow","max-snippet":"max-snippet:-1","max-image-preview":"max-image-preview:large","max-video-preview":"max-video-preview:-1"},"canonical":"https:\/\/www.africa-press.net\/congo-brazzaville\/politique\/forces-de-securite-le-nouveau-commandant-de-la-garde-republicaine-installe-dans-ses-fonctions","og_locale":"fr_FR","og_type":"article","og_title":"Forces de s\u00e9curit\u00e9 : le nouveau commandant de la Garde r\u00e9publicaine install\u00e9 dans ses fonctions","og_description":"Apre\u0300s sa nomination le 3 janvier dernier, le colonel Basile Boka a officiellement pris le commandement de la Garde r ...","og_url":"https:\/\/www.africa-press.net\/congo-brazzaville\/politique\/forces-de-securite-le-nouveau-commandant-de-la-garde-republicaine-installe-dans-ses-fonctions","og_site_name":"Congo Brazzaville","article_published_time":"2023-01-25T18:27:53+00:00","article_modified_time":"2023-01-25T20:09:16+00:00","og_image":[{"width":1280,"height":720,"url":"https:\/\/static.africa-press.net\/congo-brazzaville\/sites\/51\/2023\/01\/postQueueImg_1674658691.42.jpg","type":"image\/jpeg"}],"author":"cfeditorfr","twitter_card":"summary_large_image","twitter_misc":{"\u00c9crit par":"cfeditorfr","Dur\u00e9e de lecture estim\u00e9e":"1 minute"},"schema":{"@context":"https:\/\/schema.org","@graph":[{"@type":"Article","@id":"https:\/\/www.africa-press.net\/congo-brazzaville\/politique\/forces-de-securite-le-nouveau-commandant-de-la-garde-republicaine-installe-dans-ses-fonctions#article","isPartOf":{"@id":"https:\/\/www.africa-press.net\/congo-brazzaville\/politique\/forces-de-securite-le-nouveau-commandant-de-la-garde-republicaine-installe-dans-ses-fonctions"},"author":{"name":"cfeditorfr","@id":"https:\/\/www.africa-press.net\/congo-brazzaville\/#\/schema\/person\/2b1cf3cd81a31e3cd26889ca66d677f1"},"headline":"Forces de s\u00e9curit\u00e9 : le nouveau commandant de la Garde r\u00e9publicaine install\u00e9 dans ses fonctions","datePublished":"2023-01-25T18:27:53+00:00","dateModified":"2023-01-25T20:09:16+00:00","mainEntityOfPage":{"@id":"https:\/\/www.africa-press.net\/congo-brazzaville\/politique\/forces-de-securite-le-nouveau-commandant-de-la-garde-republicaine-installe-dans-ses-fonctions"},"wordCount":280,"commentCount":1,"image":{"@id":"https:\/\/www.africa-press.net\/congo-brazzaville\/politique\/forces-de-securite-le-nouveau-commandant-de-la-garde-republicaine-installe-dans-ses-fonctions#primaryimage"},"thumbnailUrl":"https:\/\/static.africa-press.net\/congo-brazzaville\/sites\/51\/2023\/01\/postQueueImg_1674658691.42.jpg","keywords":["Africa Press","Africa Press-Congo Brazzaville","Congo Brazzaville"],"articleSection":["Politique","Toutes les actualit\u00e9s"],"inLanguage":"fr-FR","potentialAction":[{"@type":"CommentAction","name":"Comment","target":["https:\/\/www.africa-press.net\/congo-brazzaville\/politique\/forces-de-securite-le-nouveau-commandant-de-la-garde-republicaine-installe-dans-ses-fonctions#respond"]}]},{"@type":"WebPage","@id":"https:\/\/www.africa-press.net\/congo-brazzaville\/politique\/forces-de-securite-le-nouveau-commandant-de-la-garde-republicaine-installe-dans-ses-fonctions","url":"https:\/\/www.africa-press.net\/congo-brazzaville\/politique\/forces-de-securite-le-nouveau-commandant-de-la-garde-republicaine-installe-dans-ses-fonctions","name":"Forces de s\u00e9curit\u00e9 : le nouveau commandant de la Garde r\u00e9publicaine install\u00e9 dans ses fonctions - Congo Brazzaville","isPartOf":{"@id":"https:\/\/www.africa-press.net\/congo-brazzaville\/#website"},"primaryImageOfPage":{"@id":"https:\/\/www.africa-press.net\/congo-brazzaville\/politique\/forces-de-securite-le-nouveau-commandant-de-la-garde-republicaine-installe-dans-ses-fonctions#primaryimage"},"image":{"@id":"https:\/\/www.africa-press.net\/congo-brazzaville\/politique\/forces-de-securite-le-nouveau-commandant-de-la-garde-republicaine-installe-dans-ses-fonctions#primaryimage"},"thumbnailUrl":"https:\/\/static.africa-press.net\/congo-brazzaville\/sites\/51\/2023\/01\/postQueueImg_1674658691.42.jpg","datePublished":"2023-01-25T18:27:53+00:00","dateModified":"2023-01-25T20:09:16+00:00","author":{"@id":"https:\/\/www.africa-press.net\/congo-brazzaville\/#\/schema\/person\/2b1cf3cd81a31e3cd26889ca66d677f1"},"description":"Apre\u0300s sa nomination le 3 janvier dernier, le colonel Basile Boka a officiellement pris le commandement de la Garde r ...","breadcrumb":{"@id":"https:\/\/www.africa-press.net\/congo-brazzaville\/politique\/forces-de-securite-le-nouveau-commandant-de-la-garde-republicaine-installe-dans-ses-fonctions#breadcrumb"},"inLanguage":"fr-FR","potentialAction":[{"@type":"ReadAction","target":["https:\/\/www.africa-press.net\/congo-brazzaville\/politique\/forces-de-securite-le-nouveau-commandant-de-la-garde-republicaine-installe-dans-ses-fonctions"]}]},{"@type":"ImageObject","inLanguage":"fr-FR","@id":"https:\/\/www.africa-press.net\/congo-brazzaville\/politique\/forces-de-securite-le-nouveau-commandant-de-la-garde-republicaine-installe-dans-ses-fonctions#primaryimage","url":"https:\/\/static.africa-press.net\/congo-brazzaville\/sites\/51\/2023\/01\/postQueueImg_1674658691.42.jpg","contentUrl":"https:\/\/static.africa-press.net\/congo-brazzaville\/sites\/51\/2023\/01\/postQueueImg_1674658691.42.jpg","width":1280,"height":720,"caption":"Forces de s\u00e9curit\u00e9 : le nouveau commandant de la Garde r\u00e9publicaine install\u00e9 dans ses fonctions"},{"@type":"BreadcrumbList","@id":"https:\/\/www.africa-press.net\/congo-brazzaville\/politique\/forces-de-securite-le-nouveau-commandant-de-la-garde-republicaine-installe-dans-ses-fonctions#breadcrumb","itemListElement":[{"@type":"ListItem","position":1,"name":"Accueil","item":"https:\/\/www.africa-press.net\/congo-brazzaville\/"},{"@type":"ListItem","position":2,"name":"Forces de s\u00e9curit\u00e9 : le nouveau commandant de la Garde r\u00e9publicaine install\u00e9 dans ses fonctions"}]},{"@type":"WebSite","@id":"https:\/\/www.africa-press.net\/congo-brazzaville\/#website","url":"https:\/\/www.africa-press.net\/congo-brazzaville\/","name":"Congo Brazzaville","description":"Just another Africa News Agency Sites site","potentialAction":[{"@type":"SearchAction","target":{"@type":"EntryPoint","urlTemplate":"https:\/\/www.africa-press.net\/congo-brazzaville\/?s={search_term_string}"},"query-input":{"@type":"PropertyValueSpecification","valueRequired":true,"valueName":"search_term_string"}}],"inLanguage":"fr-FR"},{"@type":"Person","@id":"https:\/\/www.africa-press.net\/congo-brazzaville\/#\/schema\/person\/2b1cf3cd81a31e3cd26889ca66d677f1","name":"cfeditorfr"}]}},"_links":{"self":[{"href":"https:\/\/www.africa-press.net\/congo-brazzaville\/wp-json\/wp\/v2\/posts\/13721","targetHints":{"allow":["GET"]}}],"collection":[{"href":"https:\/\/www.africa-press.net\/congo-brazzaville\/wp-json\/wp\/v2\/posts"}],"about":[{"href":"https:\/\/www.africa-press.net\/congo-brazzaville\/wp-json\/wp\/v2\/types\/post"}],"author":[{"embeddable":true,"href":"https:\/\/www.africa-press.net\/congo-brazzaville\/wp-json\/wp\/v2\/users\/82"}],"replies":[{"embeddable":true,"href":"https:\/\/www.africa-press.net\/congo-brazzaville\/wp-json\/wp\/v2\/comments?post=13721"}],"version-history":[{"count":0,"href":"https:\/\/www.africa-press.net\/congo-brazzaville\/wp-json\/wp\/v2\/posts\/13721\/revisions"}],"wp:featuredmedia":[{"embeddable":true,"href":"https:\/\/www.africa-press.net\/congo-brazzaville\/wp-json\/wp\/v2\/media\/13720"}],"wp:attachment":[{"href":"https:\/\/www.africa-press.net\/congo-brazzaville\/wp-json\/wp\/v2\/media?parent=13721"}],"wp:term":[{"taxonomy":"category","embeddable":true,"href":"https:\/\/www.africa-press.net\/congo-brazzaville\/wp-json\/wp\/v2\/categories?post=13721"},{"taxonomy":"post_tag","embeddable":true,"href":"https:\/\/www.africa-press.net\/congo-brazzaville\/wp-json\/wp\/v2\/tags?post=13721"}],"curies":[{"name":"wp","href":"https:\/\/api.w.org\/{rel}","templated":true}]}}