{"id":13724,"date":"2023-01-25T18:28:13","date_gmt":"2023-01-25T18:28:13","guid":{"rendered":"https:\/\/www.africa-press.net\/congo-brazzaville\/politique\/gendarmerie-nationale-le-colonel-patrick-serge-clotaire-immath-mouyoki-installe-comme-commandant-en-second"},"modified":"2023-01-25T20:11:11","modified_gmt":"2023-01-25T20:11:11","slug":"gendarmerie-nationale-le-colonel-patrick-serge-clotaire-immath-mouyoki-installe-comme-commandant-en-second","status":"publish","type":"post","link":"https:\/\/www.africa-press.net\/congo-brazzaville\/toutes-les-actualites\/gendarmerie-nationale-le-colonel-patrick-serge-clotaire-immath-mouyoki-installe-comme-commandant-en-second","title":{"rendered":"Gendarmerie nationale : le colonel Patrick Serge Clotaire Immath Mouyoki install\u00e9 comme commandant en second"},"content":{"rendered":"<p><span style=\"color: #ff6600\"><strong>Africa-Press &#8211; Congo Brazzaville. <\/strong><\/span><b>Le nouveau commandant en second, chef d\u2019e\u0301tat-major de la gendarmerie nationale, a officiellement pris ses fonctions le 24 janvier a\u0300 Brazzaville en pre\u0301sence de l\u2019inspecteur ge\u0301ne\u0301ral de la police nationale, le ge\u0301ne\u0301ral Jacques Antoine Bouiti. Il remplace le colonel Bellarmin Ndongui.<\/b><\/p>\n<p>Le nouveau commandant en second de la gendarmerie nationale s\u2019est dit toujours pre\u0302t a\u0300 accomplir les missions qui sont les siens et connai\u0302t la gendarmerie congolaise puisqu\u2019il y a travaille\u0301 durant plusieurs anne\u0301es. Au terme de sa formation d\u2019officier interarmes a\u0300 l\u2019Ecole spe\u0301ciale militaire de Saint-Cyr de 1989 a\u0300 1992 puis d\u2019officier de gendarmerie de 1992 a\u0300 1993 a\u0300 l\u2019Ecole des officiers de la gendarmerie de Melun en France, il entame sa carrie\u0300re au sein de la gendarmerie congolaise ou\u0300 il occupe de\u0300s juillet 1993 des fonctions d\u2019encadreur et de formateur a\u0300 l\u2019Ecole de la gendarmerie nationale.<\/p>\n<p>Plus tard, son parcours au sein de l\u2019institution l\u2019ame\u0300nera a\u0300 occuper successivement les fonctions de commandant du 2e escadron de gendarmerie mobile de Brazzaville de 1998 a\u0300 2001 ; commandant de la compagnie de gendarmerie territoriale de Brazzaville de 2001 a\u0300 2005 ; directeur de cabinet du commandant de la gendarmerie nationale de 2005 a\u0300 2006 ; commandant de l\u2019Ecole de la gendarmerie nationale de 2006 a\u0300 2010 et de commandant de la re\u0301gion de gendarmerie de la Cuvette-ouest de 2011 a\u0300 2016. En de\u0301cembre 2016, il est nomme\u0301 directeur ge\u0301ne\u0301ral de l\u2019Ecole de ge\u0301nie travaux, e\u0301tablissement public de formation professionnelle place\u0301 sous la tutelle du ministe\u0300re de la De\u0301fense nationale qu\u2019il dirige pendant six ans jusqu\u2019a\u0300 sa nomination, le 3 janvier dernier.<\/p>\n<p>L\u2019actuel deuxie\u0300me personnalite\u0301 de la gendarmerie congolaise est titulaire du diplo\u0302me du cours d\u2019e\u0301tat-major gendarmerie du Centre d\u2019enseignement supe\u0301rieur de gendarmerie de Maisons Alfort et diplo\u0302me\u0301 de l\u2019Ecole de guerre de Paris. Il est e\u0301galement titulaire d\u2019une certification d\u2019expertise de la de\u0301fense en management, commandement et strate\u0301gie obtenue en France. Il est commandeur dans l\u2019ordre du Me\u0301rite congolais.<\/p>\n<p>Notons que la gendarmerie nationale est implante\u0301e et a compe\u0301tence prioritaire dans les limites administratives des sous-pre\u0301fectures, des ports fluviaux, des gares ferroviaires et des voies de communication. Elle exe\u0301cute la constation des accidents ae\u0301riens et ferroviaires, la se\u0301curite\u0301 et la su\u0302rete\u0301 des zones re\u0301serve\u0301es et e\u0301tablies par des textes nationaux et internationaux, le service des tribunaux et bien d\u2019autres.<\/p>\n<p><strong>Pour plus d&rsquo;informations et d&rsquo;analyses sur la <a href=\"https:\/\/www.africa-press.net\/congo-brazzaville\">Congo Brazzaville<\/a>, suivez <a href=\"https:\/\/www.africa-press.net\/\">Africa-Press<\/a><\/strong><\/p>\n","protected":false},"excerpt":{"rendered":"<p>Africa-Press &#8211; Congo Brazzaville. Le nouveau commandant en second, chef d\u2019e\u0301tat-major de la gendarmerie nationale, a officiellement pris ses fonctions le 24 janvier a\u0300 Brazzaville en pre\u0301sence de l\u2019inspecteur ge\u0301ne\u0301ral de la police nationale, le ge\u0301ne\u0301ral Jacques Antoine Bouiti. Il remplace le colonel Bellarmin Ndongui. Le nouveau commandant en second de la gendarmerie nationale s\u2019est [&hellip;]<\/p>\n","protected":false},"author":82,"featured_media":13723,"comment_status":"open","ping_status":"closed","sticky":false,"template":"","format":"standard","meta":{"footnotes":""},"categories":[21,10],"tags":[36,47,46],"class_list":["post-13724","post","type-post","status-publish","format-standard","has-post-thumbnail","hentry","category-communaute","category-toutes-les-actualites","tag-africa-press","tag-africa-press-congo-brazzaville","tag-congo-brazzaville"],"yoast_head":"<!-- This site is optimized with the Yoast SEO Premium plugin v26.1 (Yoast SEO v27.0) - https:\/\/yoast.com\/product\/yoast-seo-premium-wordpress\/ -->\n<title>Gendarmerie nationale : le colonel Patrick Serge Clotaire Immath Mouyoki install\u00e9 comme commandant en second - Congo Brazzaville<\/title>\n<meta name=\"description\" content=\"Le nouveau commandant en second, chef d\u2019e\u0301tat-major de la gendarmerie nationale, a officiellement pris ses fonctions ...\" \/>\n<meta name=\"robots\" content=\"index, follow, max-snippet:-1, max-image-preview:large, max-video-preview:-1\" \/>\n<link rel=\"canonical\" href=\"https:\/\/www.africa-press.net\/congo-brazzaville\/toutes-les-actualites\/gendarmerie-nationale-le-colonel-patrick-serge-clotaire-immath-mouyoki-installe-comme-commandant-en-second\" \/>\n<meta property=\"og:locale\" content=\"fr_FR\" \/>\n<meta property=\"og:type\" content=\"article\" \/>\n<meta property=\"og:title\" content=\"Gendarmerie nationale : le colonel Patrick Serge Clotaire Immath Mouyoki install\u00e9 comme commandant en second\" \/>\n<meta property=\"og:description\" content=\"Le nouveau commandant en second, chef d\u2019e\u0301tat-major de la gendarmerie nationale, a officiellement pris ses fonctions ...\" \/>\n<meta property=\"og:url\" content=\"https:\/\/www.africa-press.net\/congo-brazzaville\/toutes-les-actualites\/gendarmerie-nationale-le-colonel-patrick-serge-clotaire-immath-mouyoki-installe-comme-commandant-en-second\" \/>\n<meta property=\"og:site_name\" content=\"Congo Brazzaville\" \/>\n<meta property=\"article:published_time\" content=\"2023-01-25T18:28:13+00:00\" \/>\n<meta property=\"article:modified_time\" content=\"2023-01-25T20:11:11+00:00\" \/>\n<meta property=\"og:image\" content=\"https:\/\/static.africa-press.net\/congo-brazzaville\/sites\/51\/2023\/01\/postQueueImg_1674658698.95.jpg\" \/>\n\t<meta property=\"og:image:width\" content=\"1155\" \/>\n\t<meta property=\"og:image:height\" content=\"768\" \/>\n\t<meta property=\"og:image:type\" content=\"image\/jpeg\" \/>\n<meta name=\"author\" content=\"cfeditorfr\" \/>\n<meta name=\"twitter:card\" content=\"summary_large_image\" \/>\n<meta name=\"twitter:label1\" content=\"\u00c9crit par\" \/>\n\t<meta name=\"twitter:data1\" content=\"cfeditorfr\" \/>\n\t<meta name=\"twitter:label2\" content=\"Dur\u00e9e de lecture estim\u00e9e\" \/>\n\t<meta name=\"twitter:data2\" content=\"2 minutes\" \/>\n<script type=\"application\/ld+json\" class=\"yoast-schema-graph\">{\"@context\":\"https:\/\/schema.org\",\"@graph\":[{\"@type\":\"Article\",\"@id\":\"https:\/\/www.africa-press.net\/congo-brazzaville\/toutes-les-actualites\/gendarmerie-nationale-le-colonel-patrick-serge-clotaire-immath-mouyoki-installe-comme-commandant-en-second#article\",\"isPartOf\":{\"@id\":\"https:\/\/www.africa-press.net\/congo-brazzaville\/toutes-les-actualites\/gendarmerie-nationale-le-colonel-patrick-serge-clotaire-immath-mouyoki-installe-comme-commandant-en-second\"},\"author\":{\"name\":\"cfeditorfr\",\"@id\":\"https:\/\/www.africa-press.net\/congo-brazzaville\/#\/schema\/person\/2b1cf3cd81a31e3cd26889ca66d677f1\"},\"headline\":\"Gendarmerie nationale : le colonel Patrick Serge Clotaire Immath Mouyoki install\u00e9 comme commandant en second\",\"datePublished\":\"2023-01-25T18:28:13+00:00\",\"dateModified\":\"2023-01-25T20:11:11+00:00\",\"mainEntityOfPage\":{\"@id\":\"https:\/\/www.africa-press.net\/congo-brazzaville\/toutes-les-actualites\/gendarmerie-nationale-le-colonel-patrick-serge-clotaire-immath-mouyoki-installe-comme-commandant-en-second\"},\"wordCount\":453,\"commentCount\":0,\"image\":{\"@id\":\"https:\/\/www.africa-press.net\/congo-brazzaville\/toutes-les-actualites\/gendarmerie-nationale-le-colonel-patrick-serge-clotaire-immath-mouyoki-installe-comme-commandant-en-second#primaryimage\"},\"thumbnailUrl\":\"https:\/\/static.africa-press.net\/congo-brazzaville\/sites\/51\/2023\/01\/postQueueImg_1674658698.95.jpg\",\"keywords\":[\"Africa Press\",\"Africa Press-Congo Brazzaville\",\"Congo Brazzaville\"],\"articleSection\":[\"Communaut\u00e9\",\"Toutes les actualit\u00e9s\"],\"inLanguage\":\"fr-FR\",\"potentialAction\":[{\"@type\":\"CommentAction\",\"name\":\"Comment\",\"target\":[\"https:\/\/www.africa-press.net\/congo-brazzaville\/toutes-les-actualites\/gendarmerie-nationale-le-colonel-patrick-serge-clotaire-immath-mouyoki-installe-comme-commandant-en-second#respond\"]}]},{\"@type\":\"WebPage\",\"@id\":\"https:\/\/www.africa-press.net\/congo-brazzaville\/toutes-les-actualites\/gendarmerie-nationale-le-colonel-patrick-serge-clotaire-immath-mouyoki-installe-comme-commandant-en-second\",\"url\":\"https:\/\/www.africa-press.net\/congo-brazzaville\/toutes-les-actualites\/gendarmerie-nationale-le-colonel-patrick-serge-clotaire-immath-mouyoki-installe-comme-commandant-en-second\",\"name\":\"Gendarmerie nationale : le colonel Patrick Serge Clotaire Immath Mouyoki install\u00e9 comme commandant en second - Congo Brazzaville\",\"isPartOf\":{\"@id\":\"https:\/\/www.africa-press.net\/congo-brazzaville\/#website\"},\"primaryImageOfPage\":{\"@id\":\"https:\/\/www.africa-press.net\/congo-brazzaville\/toutes-les-actualites\/gendarmerie-nationale-le-colonel-patrick-serge-clotaire-immath-mouyoki-installe-comme-commandant-en-second#primaryimage\"},\"image\":{\"@id\":\"https:\/\/www.africa-press.net\/congo-brazzaville\/toutes-les-actualites\/gendarmerie-nationale-le-colonel-patrick-serge-clotaire-immath-mouyoki-installe-comme-commandant-en-second#primaryimage\"},\"thumbnailUrl\":\"https:\/\/static.africa-press.net\/congo-brazzaville\/sites\/51\/2023\/01\/postQueueImg_1674658698.95.jpg\",\"datePublished\":\"2023-01-25T18:28:13+00:00\",\"dateModified\":\"2023-01-25T20:11:11+00:00\",\"author\":{\"@id\":\"https:\/\/www.africa-press.net\/congo-brazzaville\/#\/schema\/person\/2b1cf3cd81a31e3cd26889ca66d677f1\"},\"description\":\"Le nouveau commandant en second, chef d\u2019e\u0301tat-major de la gendarmerie nationale, a officiellement pris ses fonctions ...\",\"breadcrumb\":{\"@id\":\"https:\/\/www.africa-press.net\/congo-brazzaville\/toutes-les-actualites\/gendarmerie-nationale-le-colonel-patrick-serge-clotaire-immath-mouyoki-installe-comme-commandant-en-second#breadcrumb\"},\"inLanguage\":\"fr-FR\",\"potentialAction\":[{\"@type\":\"ReadAction\",\"target\":[\"https:\/\/www.africa-press.net\/congo-brazzaville\/toutes-les-actualites\/gendarmerie-nationale-le-colonel-patrick-serge-clotaire-immath-mouyoki-installe-comme-commandant-en-second\"]}]},{\"@type\":\"ImageObject\",\"inLanguage\":\"fr-FR\",\"@id\":\"https:\/\/www.africa-press.net\/congo-brazzaville\/toutes-les-actualites\/gendarmerie-nationale-le-colonel-patrick-serge-clotaire-immath-mouyoki-installe-comme-commandant-en-second#primaryimage\",\"url\":\"https:\/\/static.africa-press.net\/congo-brazzaville\/sites\/51\/2023\/01\/postQueueImg_1674658698.95.jpg\",\"contentUrl\":\"https:\/\/static.africa-press.net\/congo-brazzaville\/sites\/51\/2023\/01\/postQueueImg_1674658698.95.jpg\",\"width\":1155,\"height\":768,\"caption\":\"Gendarmerie nationale : le colonel Patrick Serge Clotaire Immath Mouyoki install\u00e9 comme commandant en second\"},{\"@type\":\"BreadcrumbList\",\"@id\":\"https:\/\/www.africa-press.net\/congo-brazzaville\/toutes-les-actualites\/gendarmerie-nationale-le-colonel-patrick-serge-clotaire-immath-mouyoki-installe-comme-commandant-en-second#breadcrumb\",\"itemListElement\":[{\"@type\":\"ListItem\",\"position\":1,\"name\":\"Accueil\",\"item\":\"https:\/\/www.africa-press.net\/congo-brazzaville\/\"},{\"@type\":\"ListItem\",\"position\":2,\"name\":\"Gendarmerie nationale : le colonel Patrick Serge Clotaire Immath Mouyoki install\u00e9 comme commandant en second\"}]},{\"@type\":\"WebSite\",\"@id\":\"https:\/\/www.africa-press.net\/congo-brazzaville\/#website\",\"url\":\"https:\/\/www.africa-press.net\/congo-brazzaville\/\",\"name\":\"Congo Brazzaville\",\"description\":\"Just another Africa News Agency Sites site\",\"potentialAction\":[{\"@type\":\"SearchAction\",\"target\":{\"@type\":\"EntryPoint\",\"urlTemplate\":\"https:\/\/www.africa-press.net\/congo-brazzaville\/?s={search_term_string}\"},\"query-input\":{\"@type\":\"PropertyValueSpecification\",\"valueRequired\":true,\"valueName\":\"search_term_string\"}}],\"inLanguage\":\"fr-FR\"},{\"@type\":\"Person\",\"@id\":\"https:\/\/www.africa-press.net\/congo-brazzaville\/#\/schema\/person\/2b1cf3cd81a31e3cd26889ca66d677f1\",\"name\":\"cfeditorfr\"}]}<\/script>\n<!-- \/ Yoast SEO Premium plugin. -->","yoast_head_json":{"title":"Gendarmerie nationale : le colonel Patrick Serge Clotaire Immath Mouyoki install\u00e9 comme commandant en second - Congo Brazzaville","description":"Le nouveau commandant en second, chef d\u2019e\u0301tat-major de la gendarmerie nationale, a officiellement pris ses fonctions ...","robots":{"index":"index","follow":"follow","max-snippet":"max-snippet:-1","max-image-preview":"max-image-preview:large","max-video-preview":"max-video-preview:-1"},"canonical":"https:\/\/www.africa-press.net\/congo-brazzaville\/toutes-les-actualites\/gendarmerie-nationale-le-colonel-patrick-serge-clotaire-immath-mouyoki-installe-comme-commandant-en-second","og_locale":"fr_FR","og_type":"article","og_title":"Gendarmerie nationale : le colonel Patrick Serge Clotaire Immath Mouyoki install\u00e9 comme commandant en second","og_description":"Le nouveau commandant en second, chef d\u2019e\u0301tat-major de la gendarmerie nationale, a officiellement pris ses fonctions ...","og_url":"https:\/\/www.africa-press.net\/congo-brazzaville\/toutes-les-actualites\/gendarmerie-nationale-le-colonel-patrick-serge-clotaire-immath-mouyoki-installe-comme-commandant-en-second","og_site_name":"Congo Brazzaville","article_published_time":"2023-01-25T18:28:13+00:00","article_modified_time":"2023-01-25T20:11:11+00:00","og_image":[{"width":1155,"height":768,"url":"https:\/\/static.africa-press.net\/congo-brazzaville\/sites\/51\/2023\/01\/postQueueImg_1674658698.95.jpg","type":"image\/jpeg"}],"author":"cfeditorfr","twitter_card":"summary_large_image","twitter_misc":{"\u00c9crit par":"cfeditorfr","Dur\u00e9e de lecture estim\u00e9e":"2 minutes"},"schema":{"@context":"https:\/\/schema.org","@graph":[{"@type":"Article","@id":"https:\/\/www.africa-press.net\/congo-brazzaville\/toutes-les-actualites\/gendarmerie-nationale-le-colonel-patrick-serge-clotaire-immath-mouyoki-installe-comme-commandant-en-second#article","isPartOf":{"@id":"https:\/\/www.africa-press.net\/congo-brazzaville\/toutes-les-actualites\/gendarmerie-nationale-le-colonel-patrick-serge-clotaire-immath-mouyoki-installe-comme-commandant-en-second"},"author":{"name":"cfeditorfr","@id":"https:\/\/www.africa-press.net\/congo-brazzaville\/#\/schema\/person\/2b1cf3cd81a31e3cd26889ca66d677f1"},"headline":"Gendarmerie nationale : le colonel Patrick Serge Clotaire Immath Mouyoki install\u00e9 comme commandant en second","datePublished":"2023-01-25T18:28:13+00:00","dateModified":"2023-01-25T20:11:11+00:00","mainEntityOfPage":{"@id":"https:\/\/www.africa-press.net\/congo-brazzaville\/toutes-les-actualites\/gendarmerie-nationale-le-colonel-patrick-serge-clotaire-immath-mouyoki-installe-comme-commandant-en-second"},"wordCount":453,"commentCount":0,"image":{"@id":"https:\/\/www.africa-press.net\/congo-brazzaville\/toutes-les-actualites\/gendarmerie-nationale-le-colonel-patrick-serge-clotaire-immath-mouyoki-installe-comme-commandant-en-second#primaryimage"},"thumbnailUrl":"https:\/\/static.africa-press.net\/congo-brazzaville\/sites\/51\/2023\/01\/postQueueImg_1674658698.95.jpg","keywords":["Africa Press","Africa Press-Congo Brazzaville","Congo Brazzaville"],"articleSection":["Communaut\u00e9","Toutes les actualit\u00e9s"],"inLanguage":"fr-FR","potentialAction":[{"@type":"CommentAction","name":"Comment","target":["https:\/\/www.africa-press.net\/congo-brazzaville\/toutes-les-actualites\/gendarmerie-nationale-le-colonel-patrick-serge-clotaire-immath-mouyoki-installe-comme-commandant-en-second#respond"]}]},{"@type":"WebPage","@id":"https:\/\/www.africa-press.net\/congo-brazzaville\/toutes-les-actualites\/gendarmerie-nationale-le-colonel-patrick-serge-clotaire-immath-mouyoki-installe-comme-commandant-en-second","url":"https:\/\/www.africa-press.net\/congo-brazzaville\/toutes-les-actualites\/gendarmerie-nationale-le-colonel-patrick-serge-clotaire-immath-mouyoki-installe-comme-commandant-en-second","name":"Gendarmerie nationale : le colonel Patrick Serge Clotaire Immath Mouyoki install\u00e9 comme commandant en second - Congo Brazzaville","isPartOf":{"@id":"https:\/\/www.africa-press.net\/congo-brazzaville\/#website"},"primaryImageOfPage":{"@id":"https:\/\/www.africa-press.net\/congo-brazzaville\/toutes-les-actualites\/gendarmerie-nationale-le-colonel-patrick-serge-clotaire-immath-mouyoki-installe-comme-commandant-en-second#primaryimage"},"image":{"@id":"https:\/\/www.africa-press.net\/congo-brazzaville\/toutes-les-actualites\/gendarmerie-nationale-le-colonel-patrick-serge-clotaire-immath-mouyoki-installe-comme-commandant-en-second#primaryimage"},"thumbnailUrl":"https:\/\/static.africa-press.net\/congo-brazzaville\/sites\/51\/2023\/01\/postQueueImg_1674658698.95.jpg","datePublished":"2023-01-25T18:28:13+00:00","dateModified":"2023-01-25T20:11:11+00:00","author":{"@id":"https:\/\/www.africa-press.net\/congo-brazzaville\/#\/schema\/person\/2b1cf3cd81a31e3cd26889ca66d677f1"},"description":"Le nouveau commandant en second, chef d\u2019e\u0301tat-major de la gendarmerie nationale, a officiellement pris ses fonctions ...","breadcrumb":{"@id":"https:\/\/www.africa-press.net\/congo-brazzaville\/toutes-les-actualites\/gendarmerie-nationale-le-colonel-patrick-serge-clotaire-immath-mouyoki-installe-comme-commandant-en-second#breadcrumb"},"inLanguage":"fr-FR","potentialAction":[{"@type":"ReadAction","target":["https:\/\/www.africa-press.net\/congo-brazzaville\/toutes-les-actualites\/gendarmerie-nationale-le-colonel-patrick-serge-clotaire-immath-mouyoki-installe-comme-commandant-en-second"]}]},{"@type":"ImageObject","inLanguage":"fr-FR","@id":"https:\/\/www.africa-press.net\/congo-brazzaville\/toutes-les-actualites\/gendarmerie-nationale-le-colonel-patrick-serge-clotaire-immath-mouyoki-installe-comme-commandant-en-second#primaryimage","url":"https:\/\/static.africa-press.net\/congo-brazzaville\/sites\/51\/2023\/01\/postQueueImg_1674658698.95.jpg","contentUrl":"https:\/\/static.africa-press.net\/congo-brazzaville\/sites\/51\/2023\/01\/postQueueImg_1674658698.95.jpg","width":1155,"height":768,"caption":"Gendarmerie nationale : le colonel Patrick Serge Clotaire Immath Mouyoki install\u00e9 comme commandant en second"},{"@type":"BreadcrumbList","@id":"https:\/\/www.africa-press.net\/congo-brazzaville\/toutes-les-actualites\/gendarmerie-nationale-le-colonel-patrick-serge-clotaire-immath-mouyoki-installe-comme-commandant-en-second#breadcrumb","itemListElement":[{"@type":"ListItem","position":1,"name":"Accueil","item":"https:\/\/www.africa-press.net\/congo-brazzaville\/"},{"@type":"ListItem","position":2,"name":"Gendarmerie nationale : le colonel Patrick Serge Clotaire Immath Mouyoki install\u00e9 comme commandant en second"}]},{"@type":"WebSite","@id":"https:\/\/www.africa-press.net\/congo-brazzaville\/#website","url":"https:\/\/www.africa-press.net\/congo-brazzaville\/","name":"Congo Brazzaville","description":"Just another Africa News Agency Sites site","potentialAction":[{"@type":"SearchAction","target":{"@type":"EntryPoint","urlTemplate":"https:\/\/www.africa-press.net\/congo-brazzaville\/?s={search_term_string}"},"query-input":{"@type":"PropertyValueSpecification","valueRequired":true,"valueName":"search_term_string"}}],"inLanguage":"fr-FR"},{"@type":"Person","@id":"https:\/\/www.africa-press.net\/congo-brazzaville\/#\/schema\/person\/2b1cf3cd81a31e3cd26889ca66d677f1","name":"cfeditorfr"}]}},"_links":{"self":[{"href":"https:\/\/www.africa-press.net\/congo-brazzaville\/wp-json\/wp\/v2\/posts\/13724","targetHints":{"allow":["GET"]}}],"collection":[{"href":"https:\/\/www.africa-press.net\/congo-brazzaville\/wp-json\/wp\/v2\/posts"}],"about":[{"href":"https:\/\/www.africa-press.net\/congo-brazzaville\/wp-json\/wp\/v2\/types\/post"}],"author":[{"embeddable":true,"href":"https:\/\/www.africa-press.net\/congo-brazzaville\/wp-json\/wp\/v2\/users\/82"}],"replies":[{"embeddable":true,"href":"https:\/\/www.africa-press.net\/congo-brazzaville\/wp-json\/wp\/v2\/comments?post=13724"}],"version-history":[{"count":0,"href":"https:\/\/www.africa-press.net\/congo-brazzaville\/wp-json\/wp\/v2\/posts\/13724\/revisions"}],"wp:featuredmedia":[{"embeddable":true,"href":"https:\/\/www.africa-press.net\/congo-brazzaville\/wp-json\/wp\/v2\/media\/13723"}],"wp:attachment":[{"href":"https:\/\/www.africa-press.net\/congo-brazzaville\/wp-json\/wp\/v2\/media?parent=13724"}],"wp:term":[{"taxonomy":"category","embeddable":true,"href":"https:\/\/www.africa-press.net\/congo-brazzaville\/wp-json\/wp\/v2\/categories?post=13724"},{"taxonomy":"post_tag","embeddable":true,"href":"https:\/\/www.africa-press.net\/congo-brazzaville\/wp-json\/wp\/v2\/tags?post=13724"}],"curies":[{"name":"wp","href":"https:\/\/api.w.org\/{rel}","templated":true}]}}