{"id":13736,"date":"2023-01-25T18:28:43","date_gmt":"2023-01-25T18:28:43","guid":{"rendered":"https:\/\/www.africa-press.net\/congo-brazzaville\/politique\/affaires-maritimes-et-fluviales-le-comite-interministeriel-tiendra-sa-deuxieme-session-en-fevrier"},"modified":"2023-01-25T20:16:59","modified_gmt":"2023-01-25T20:16:59","slug":"affaires-maritimes-et-fluviales-le-comite-interministeriel-tiendra-sa-deuxieme-session-en-fevrier","status":"publish","type":"post","link":"https:\/\/www.africa-press.net\/congo-brazzaville\/politique\/affaires-maritimes-et-fluviales-le-comite-interministeriel-tiendra-sa-deuxieme-session-en-fevrier","title":{"rendered":"Affaires maritimes et fluviales : le comit\u00e9 interminist\u00e9riel tiendra sa deuxi\u00e8me session en f\u00e9vrier"},"content":{"rendered":"<p><span style=\"color: #ff6600\"><strong>Africa-Press &#8211; Congo Brazzaville. <\/strong><\/span><b>Lors de la pre\u0301sentation du nouveau secre\u0301taire permanent du comite\u0301 interministe\u0301riel de l\u2019action de l\u2019Etat en mer et dans les eaux continentales, Eric Olivier Se\u0301bastien Dibas-Franck, le Premier ministre, Anatole Collinet Makosso, a invite\u0301 les seize ministres membres de ce comite\u0301 a\u0300 cre\u0301er les conditions pour que la session pre\u0301vue le mois prochain soit une re\u0301ussite.<\/b><\/p>\n<p>\u00ab Il nous incombe de prendre nos responsabilite\u0301s en tant qu\u2019Etat co\u0302tier, Etat du port et acteur majeur de l\u2019Architecture de Yaounde\u0301 et d\u2019envisager la forme idoine de financement de l\u2019action de l\u2019Etat en mer et dans les eaux continentales \u00bb, a indique\u0301 le Premier ministre, Anatole Collinet Makosso, qui pre\u0301side le comite\u0301 interministe\u0301riel de l\u2019action de l\u2019Etat en mer et dans les eaux continentales (Aemec).<\/p>\n<p>Pour Anatole Collinet Makosso, l\u2019action de l\u2019Etat en mer et dans les eaux continentales ne sera ve\u0301ritablement efficace qu\u2019a\u0300 la condition d\u2019une mutualisation des moyens et un financement de\u0301die\u0301 a\u0300 sa mise en place. Ainsi, il a indique\u0301 que la prochaine session du comite\u0301 interministe\u0301riel traitera d\u2019un projet de de\u0301cret de financement et de contribution de l\u2019Aemec. Ceci, conforme\u0301ment au de\u0301cret n\u00b02019-125 du 3 mai 2019 portant organisation et coordination de l\u2019Aemec, qui, dans son article 3, stipule : \u00ab L\u2019action de l\u2019Etat en mer repose sur une coordination des activite\u0301s et une mutualisation des moyens de l\u2019ensemble des administrations de l\u2019Etat intervenant en mer et dans les eaux continentales \u00bb.<\/p>\n<p>Or, les programmes en cours en matie\u0300re d\u2019inte\u0301re\u0302ts vitaux en mer et dans les eaux continentales be\u0301ne\u0301ficient pour le moment de l\u2019appui technique et financier des Etats amis et d\u2019autres partenaires au de\u0301veloppement. L\u2019exigence d\u2019efficacite\u0301 des missions de l\u2019Aemec avec le de\u0301veloppement d\u2019une e\u0301conomie bleue durable et harmonise\u0301e demeure donc un de\u0301fi, a\u0300 en croire Anatole Collinet Makosso.<\/p>\n<p>Au nombre des seize ministe\u0300res membres du comite\u0301 interministe\u0301riel figurent les ministe\u0300res en charge de la De\u0301fense nationale ; de l\u2019Inte\u0301rieur ; des Finances ; des Mines ; des Hydrocarbures ; des Transports ; de la Marine marchande ; de l\u2019Environnement ; des Pe\u0302ches ; de la Justice ; des Affaires e\u0301trange\u0300res ; de la Recherche scientifique ; de l\u2019Economie forestie\u0300re ; de l\u2019Energie et hydraulique ; des Postes et te\u0301le\u0301communications.<\/p>\n<p>En rappel, la premie\u0300re session inaugurale du comite\u0301 interministe\u0301riel s\u2019e\u0301tait tenue le 10 de\u0301cembre 2021. La deuxie\u0300me qui devrait se tenir en mars 2022 n\u2019a plus eu lieu pour des raisons inde\u0301pendantes du comite\u0301, parmi lesquelles le de\u0301ce\u0300s de l\u2019ancien secre\u0301taire permanent, Martin Parfait Aime\u0301 Coussoud Mavoungou, le 14 mars 2022 en France.<\/p>\n<p><strong>Pour plus d&rsquo;informations et d&rsquo;analyses sur la <a href=\"https:\/\/www.africa-press.net\/congo-brazzaville\">Congo Brazzaville<\/a>, suivez <a href=\"https:\/\/www.africa-press.net\/\">Africa-Press<\/a><\/strong><\/p>\n","protected":false},"excerpt":{"rendered":"<p>Africa-Press &#8211; Congo Brazzaville. Lors de la pre\u0301sentation du nouveau secre\u0301taire permanent du comite\u0301 interministe\u0301riel de l\u2019action de l\u2019Etat en mer et dans les eaux continentales, Eric Olivier Se\u0301bastien Dibas-Franck, le Premier ministre, Anatole Collinet Makosso, a invite\u0301 les seize ministres membres de ce comite\u0301 a\u0300 cre\u0301er les conditions pour que la session pre\u0301vue le [&hellip;]<\/p>\n","protected":false},"author":82,"featured_media":13735,"comment_status":"open","ping_status":"closed","sticky":false,"template":"","format":"standard","meta":{"footnotes":""},"categories":[2,10],"tags":[36,47,46],"class_list":["post-13736","post","type-post","status-publish","format-standard","has-post-thumbnail","hentry","category-politique","category-toutes-les-actualites","tag-africa-press","tag-africa-press-congo-brazzaville","tag-congo-brazzaville"],"yoast_head":"<!-- This site is optimized with the Yoast SEO Premium plugin v26.1 (Yoast SEO v27.0) - https:\/\/yoast.com\/product\/yoast-seo-premium-wordpress\/ -->\n<title>Affaires maritimes et fluviales : le comit\u00e9 interminist\u00e9riel tiendra sa deuxi\u00e8me session en f\u00e9vrier - Congo Brazzaville<\/title>\n<meta name=\"description\" content=\"Lors de la pre\u0301sentation du nouveau secre\u0301taire permanent du comite\u0301 interministe\u0301riel de l\u2019action de l\u2019Etat en mer e ...\" \/>\n<meta name=\"robots\" content=\"index, follow, max-snippet:-1, max-image-preview:large, max-video-preview:-1\" \/>\n<link rel=\"canonical\" href=\"https:\/\/www.africa-press.net\/congo-brazzaville\/politique\/affaires-maritimes-et-fluviales-le-comite-interministeriel-tiendra-sa-deuxieme-session-en-fevrier\" \/>\n<meta property=\"og:locale\" content=\"fr_FR\" \/>\n<meta property=\"og:type\" content=\"article\" \/>\n<meta property=\"og:title\" content=\"Affaires maritimes et fluviales : le comit\u00e9 interminist\u00e9riel tiendra sa deuxi\u00e8me session en f\u00e9vrier\" \/>\n<meta property=\"og:description\" content=\"Lors de la pre\u0301sentation du nouveau secre\u0301taire permanent du comite\u0301 interministe\u0301riel de l\u2019action de l\u2019Etat en mer e ...\" \/>\n<meta property=\"og:url\" content=\"https:\/\/www.africa-press.net\/congo-brazzaville\/politique\/affaires-maritimes-et-fluviales-le-comite-interministeriel-tiendra-sa-deuxieme-session-en-fevrier\" \/>\n<meta property=\"og:site_name\" content=\"Congo Brazzaville\" \/>\n<meta property=\"article:published_time\" content=\"2023-01-25T18:28:43+00:00\" \/>\n<meta property=\"article:modified_time\" content=\"2023-01-25T20:16:59+00:00\" \/>\n<meta property=\"og:image\" content=\"https:\/\/static.africa-press.net\/congo-brazzaville\/sites\/51\/2023\/01\/postQueueImg_1674658730.36.jpg\" \/>\n\t<meta property=\"og:image:width\" content=\"1080\" \/>\n\t<meta property=\"og:image:height\" content=\"720\" \/>\n\t<meta property=\"og:image:type\" content=\"image\/jpeg\" \/>\n<meta name=\"author\" content=\"cfeditorfr\" \/>\n<meta name=\"twitter:card\" content=\"summary_large_image\" \/>\n<meta name=\"twitter:label1\" content=\"\u00c9crit par\" \/>\n\t<meta name=\"twitter:data1\" content=\"cfeditorfr\" \/>\n\t<meta name=\"twitter:label2\" content=\"Dur\u00e9e de lecture estim\u00e9e\" \/>\n\t<meta name=\"twitter:data2\" content=\"2 minutes\" \/>\n<script type=\"application\/ld+json\" class=\"yoast-schema-graph\">{\"@context\":\"https:\/\/schema.org\",\"@graph\":[{\"@type\":\"Article\",\"@id\":\"https:\/\/www.africa-press.net\/congo-brazzaville\/politique\/affaires-maritimes-et-fluviales-le-comite-interministeriel-tiendra-sa-deuxieme-session-en-fevrier#article\",\"isPartOf\":{\"@id\":\"https:\/\/www.africa-press.net\/congo-brazzaville\/politique\/affaires-maritimes-et-fluviales-le-comite-interministeriel-tiendra-sa-deuxieme-session-en-fevrier\"},\"author\":{\"name\":\"cfeditorfr\",\"@id\":\"https:\/\/www.africa-press.net\/congo-brazzaville\/#\/schema\/person\/2b1cf3cd81a31e3cd26889ca66d677f1\"},\"headline\":\"Affaires maritimes et fluviales : le comit\u00e9 interminist\u00e9riel tiendra sa deuxi\u00e8me session en f\u00e9vrier\",\"datePublished\":\"2023-01-25T18:28:43+00:00\",\"dateModified\":\"2023-01-25T20:16:59+00:00\",\"mainEntityOfPage\":{\"@id\":\"https:\/\/www.africa-press.net\/congo-brazzaville\/politique\/affaires-maritimes-et-fluviales-le-comite-interministeriel-tiendra-sa-deuxieme-session-en-fevrier\"},\"wordCount\":504,\"commentCount\":0,\"image\":{\"@id\":\"https:\/\/www.africa-press.net\/congo-brazzaville\/politique\/affaires-maritimes-et-fluviales-le-comite-interministeriel-tiendra-sa-deuxieme-session-en-fevrier#primaryimage\"},\"thumbnailUrl\":\"https:\/\/static.africa-press.net\/congo-brazzaville\/sites\/51\/2023\/01\/postQueueImg_1674658730.36.jpg\",\"keywords\":[\"Africa Press\",\"Africa Press-Congo Brazzaville\",\"Congo Brazzaville\"],\"articleSection\":[\"Politique\",\"Toutes les actualit\u00e9s\"],\"inLanguage\":\"fr-FR\",\"potentialAction\":[{\"@type\":\"CommentAction\",\"name\":\"Comment\",\"target\":[\"https:\/\/www.africa-press.net\/congo-brazzaville\/politique\/affaires-maritimes-et-fluviales-le-comite-interministeriel-tiendra-sa-deuxieme-session-en-fevrier#respond\"]}]},{\"@type\":\"WebPage\",\"@id\":\"https:\/\/www.africa-press.net\/congo-brazzaville\/politique\/affaires-maritimes-et-fluviales-le-comite-interministeriel-tiendra-sa-deuxieme-session-en-fevrier\",\"url\":\"https:\/\/www.africa-press.net\/congo-brazzaville\/politique\/affaires-maritimes-et-fluviales-le-comite-interministeriel-tiendra-sa-deuxieme-session-en-fevrier\",\"name\":\"Affaires maritimes et fluviales : le comit\u00e9 interminist\u00e9riel tiendra sa deuxi\u00e8me session en f\u00e9vrier - Congo Brazzaville\",\"isPartOf\":{\"@id\":\"https:\/\/www.africa-press.net\/congo-brazzaville\/#website\"},\"primaryImageOfPage\":{\"@id\":\"https:\/\/www.africa-press.net\/congo-brazzaville\/politique\/affaires-maritimes-et-fluviales-le-comite-interministeriel-tiendra-sa-deuxieme-session-en-fevrier#primaryimage\"},\"image\":{\"@id\":\"https:\/\/www.africa-press.net\/congo-brazzaville\/politique\/affaires-maritimes-et-fluviales-le-comite-interministeriel-tiendra-sa-deuxieme-session-en-fevrier#primaryimage\"},\"thumbnailUrl\":\"https:\/\/static.africa-press.net\/congo-brazzaville\/sites\/51\/2023\/01\/postQueueImg_1674658730.36.jpg\",\"datePublished\":\"2023-01-25T18:28:43+00:00\",\"dateModified\":\"2023-01-25T20:16:59+00:00\",\"author\":{\"@id\":\"https:\/\/www.africa-press.net\/congo-brazzaville\/#\/schema\/person\/2b1cf3cd81a31e3cd26889ca66d677f1\"},\"description\":\"Lors de la pre\u0301sentation du nouveau secre\u0301taire permanent du comite\u0301 interministe\u0301riel de l\u2019action de l\u2019Etat en mer e ...\",\"breadcrumb\":{\"@id\":\"https:\/\/www.africa-press.net\/congo-brazzaville\/politique\/affaires-maritimes-et-fluviales-le-comite-interministeriel-tiendra-sa-deuxieme-session-en-fevrier#breadcrumb\"},\"inLanguage\":\"fr-FR\",\"potentialAction\":[{\"@type\":\"ReadAction\",\"target\":[\"https:\/\/www.africa-press.net\/congo-brazzaville\/politique\/affaires-maritimes-et-fluviales-le-comite-interministeriel-tiendra-sa-deuxieme-session-en-fevrier\"]}]},{\"@type\":\"ImageObject\",\"inLanguage\":\"fr-FR\",\"@id\":\"https:\/\/www.africa-press.net\/congo-brazzaville\/politique\/affaires-maritimes-et-fluviales-le-comite-interministeriel-tiendra-sa-deuxieme-session-en-fevrier#primaryimage\",\"url\":\"https:\/\/static.africa-press.net\/congo-brazzaville\/sites\/51\/2023\/01\/postQueueImg_1674658730.36.jpg\",\"contentUrl\":\"https:\/\/static.africa-press.net\/congo-brazzaville\/sites\/51\/2023\/01\/postQueueImg_1674658730.36.jpg\",\"width\":1080,\"height\":720,\"caption\":\"Affaires maritimes et fluviales : le comit\u00e9 interminist\u00e9riel tiendra sa deuxi\u00e8me session en f\u00e9vrier\"},{\"@type\":\"BreadcrumbList\",\"@id\":\"https:\/\/www.africa-press.net\/congo-brazzaville\/politique\/affaires-maritimes-et-fluviales-le-comite-interministeriel-tiendra-sa-deuxieme-session-en-fevrier#breadcrumb\",\"itemListElement\":[{\"@type\":\"ListItem\",\"position\":1,\"name\":\"Accueil\",\"item\":\"https:\/\/www.africa-press.net\/congo-brazzaville\/\"},{\"@type\":\"ListItem\",\"position\":2,\"name\":\"Affaires maritimes et fluviales : le comit\u00e9 interminist\u00e9riel tiendra sa deuxi\u00e8me session en f\u00e9vrier\"}]},{\"@type\":\"WebSite\",\"@id\":\"https:\/\/www.africa-press.net\/congo-brazzaville\/#website\",\"url\":\"https:\/\/www.africa-press.net\/congo-brazzaville\/\",\"name\":\"Congo Brazzaville\",\"description\":\"Just another Africa News Agency Sites site\",\"potentialAction\":[{\"@type\":\"SearchAction\",\"target\":{\"@type\":\"EntryPoint\",\"urlTemplate\":\"https:\/\/www.africa-press.net\/congo-brazzaville\/?s={search_term_string}\"},\"query-input\":{\"@type\":\"PropertyValueSpecification\",\"valueRequired\":true,\"valueName\":\"search_term_string\"}}],\"inLanguage\":\"fr-FR\"},{\"@type\":\"Person\",\"@id\":\"https:\/\/www.africa-press.net\/congo-brazzaville\/#\/schema\/person\/2b1cf3cd81a31e3cd26889ca66d677f1\",\"name\":\"cfeditorfr\"}]}<\/script>\n<!-- \/ Yoast SEO Premium plugin. -->","yoast_head_json":{"title":"Affaires maritimes et fluviales : le comit\u00e9 interminist\u00e9riel tiendra sa deuxi\u00e8me session en f\u00e9vrier - Congo Brazzaville","description":"Lors de la pre\u0301sentation du nouveau secre\u0301taire permanent du comite\u0301 interministe\u0301riel de l\u2019action de l\u2019Etat en mer e ...","robots":{"index":"index","follow":"follow","max-snippet":"max-snippet:-1","max-image-preview":"max-image-preview:large","max-video-preview":"max-video-preview:-1"},"canonical":"https:\/\/www.africa-press.net\/congo-brazzaville\/politique\/affaires-maritimes-et-fluviales-le-comite-interministeriel-tiendra-sa-deuxieme-session-en-fevrier","og_locale":"fr_FR","og_type":"article","og_title":"Affaires maritimes et fluviales : le comit\u00e9 interminist\u00e9riel tiendra sa deuxi\u00e8me session en f\u00e9vrier","og_description":"Lors de la pre\u0301sentation du nouveau secre\u0301taire permanent du comite\u0301 interministe\u0301riel de l\u2019action de l\u2019Etat en mer e ...","og_url":"https:\/\/www.africa-press.net\/congo-brazzaville\/politique\/affaires-maritimes-et-fluviales-le-comite-interministeriel-tiendra-sa-deuxieme-session-en-fevrier","og_site_name":"Congo Brazzaville","article_published_time":"2023-01-25T18:28:43+00:00","article_modified_time":"2023-01-25T20:16:59+00:00","og_image":[{"width":1080,"height":720,"url":"https:\/\/static.africa-press.net\/congo-brazzaville\/sites\/51\/2023\/01\/postQueueImg_1674658730.36.jpg","type":"image\/jpeg"}],"author":"cfeditorfr","twitter_card":"summary_large_image","twitter_misc":{"\u00c9crit par":"cfeditorfr","Dur\u00e9e de lecture estim\u00e9e":"2 minutes"},"schema":{"@context":"https:\/\/schema.org","@graph":[{"@type":"Article","@id":"https:\/\/www.africa-press.net\/congo-brazzaville\/politique\/affaires-maritimes-et-fluviales-le-comite-interministeriel-tiendra-sa-deuxieme-session-en-fevrier#article","isPartOf":{"@id":"https:\/\/www.africa-press.net\/congo-brazzaville\/politique\/affaires-maritimes-et-fluviales-le-comite-interministeriel-tiendra-sa-deuxieme-session-en-fevrier"},"author":{"name":"cfeditorfr","@id":"https:\/\/www.africa-press.net\/congo-brazzaville\/#\/schema\/person\/2b1cf3cd81a31e3cd26889ca66d677f1"},"headline":"Affaires maritimes et fluviales : le comit\u00e9 interminist\u00e9riel tiendra sa deuxi\u00e8me session en f\u00e9vrier","datePublished":"2023-01-25T18:28:43+00:00","dateModified":"2023-01-25T20:16:59+00:00","mainEntityOfPage":{"@id":"https:\/\/www.africa-press.net\/congo-brazzaville\/politique\/affaires-maritimes-et-fluviales-le-comite-interministeriel-tiendra-sa-deuxieme-session-en-fevrier"},"wordCount":504,"commentCount":0,"image":{"@id":"https:\/\/www.africa-press.net\/congo-brazzaville\/politique\/affaires-maritimes-et-fluviales-le-comite-interministeriel-tiendra-sa-deuxieme-session-en-fevrier#primaryimage"},"thumbnailUrl":"https:\/\/static.africa-press.net\/congo-brazzaville\/sites\/51\/2023\/01\/postQueueImg_1674658730.36.jpg","keywords":["Africa Press","Africa Press-Congo Brazzaville","Congo Brazzaville"],"articleSection":["Politique","Toutes les actualit\u00e9s"],"inLanguage":"fr-FR","potentialAction":[{"@type":"CommentAction","name":"Comment","target":["https:\/\/www.africa-press.net\/congo-brazzaville\/politique\/affaires-maritimes-et-fluviales-le-comite-interministeriel-tiendra-sa-deuxieme-session-en-fevrier#respond"]}]},{"@type":"WebPage","@id":"https:\/\/www.africa-press.net\/congo-brazzaville\/politique\/affaires-maritimes-et-fluviales-le-comite-interministeriel-tiendra-sa-deuxieme-session-en-fevrier","url":"https:\/\/www.africa-press.net\/congo-brazzaville\/politique\/affaires-maritimes-et-fluviales-le-comite-interministeriel-tiendra-sa-deuxieme-session-en-fevrier","name":"Affaires maritimes et fluviales : le comit\u00e9 interminist\u00e9riel tiendra sa deuxi\u00e8me session en f\u00e9vrier - Congo Brazzaville","isPartOf":{"@id":"https:\/\/www.africa-press.net\/congo-brazzaville\/#website"},"primaryImageOfPage":{"@id":"https:\/\/www.africa-press.net\/congo-brazzaville\/politique\/affaires-maritimes-et-fluviales-le-comite-interministeriel-tiendra-sa-deuxieme-session-en-fevrier#primaryimage"},"image":{"@id":"https:\/\/www.africa-press.net\/congo-brazzaville\/politique\/affaires-maritimes-et-fluviales-le-comite-interministeriel-tiendra-sa-deuxieme-session-en-fevrier#primaryimage"},"thumbnailUrl":"https:\/\/static.africa-press.net\/congo-brazzaville\/sites\/51\/2023\/01\/postQueueImg_1674658730.36.jpg","datePublished":"2023-01-25T18:28:43+00:00","dateModified":"2023-01-25T20:16:59+00:00","author":{"@id":"https:\/\/www.africa-press.net\/congo-brazzaville\/#\/schema\/person\/2b1cf3cd81a31e3cd26889ca66d677f1"},"description":"Lors de la pre\u0301sentation du nouveau secre\u0301taire permanent du comite\u0301 interministe\u0301riel de l\u2019action de l\u2019Etat en mer e ...","breadcrumb":{"@id":"https:\/\/www.africa-press.net\/congo-brazzaville\/politique\/affaires-maritimes-et-fluviales-le-comite-interministeriel-tiendra-sa-deuxieme-session-en-fevrier#breadcrumb"},"inLanguage":"fr-FR","potentialAction":[{"@type":"ReadAction","target":["https:\/\/www.africa-press.net\/congo-brazzaville\/politique\/affaires-maritimes-et-fluviales-le-comite-interministeriel-tiendra-sa-deuxieme-session-en-fevrier"]}]},{"@type":"ImageObject","inLanguage":"fr-FR","@id":"https:\/\/www.africa-press.net\/congo-brazzaville\/politique\/affaires-maritimes-et-fluviales-le-comite-interministeriel-tiendra-sa-deuxieme-session-en-fevrier#primaryimage","url":"https:\/\/static.africa-press.net\/congo-brazzaville\/sites\/51\/2023\/01\/postQueueImg_1674658730.36.jpg","contentUrl":"https:\/\/static.africa-press.net\/congo-brazzaville\/sites\/51\/2023\/01\/postQueueImg_1674658730.36.jpg","width":1080,"height":720,"caption":"Affaires maritimes et fluviales : le comit\u00e9 interminist\u00e9riel tiendra sa deuxi\u00e8me session en f\u00e9vrier"},{"@type":"BreadcrumbList","@id":"https:\/\/www.africa-press.net\/congo-brazzaville\/politique\/affaires-maritimes-et-fluviales-le-comite-interministeriel-tiendra-sa-deuxieme-session-en-fevrier#breadcrumb","itemListElement":[{"@type":"ListItem","position":1,"name":"Accueil","item":"https:\/\/www.africa-press.net\/congo-brazzaville\/"},{"@type":"ListItem","position":2,"name":"Affaires maritimes et fluviales : le comit\u00e9 interminist\u00e9riel tiendra sa deuxi\u00e8me session en f\u00e9vrier"}]},{"@type":"WebSite","@id":"https:\/\/www.africa-press.net\/congo-brazzaville\/#website","url":"https:\/\/www.africa-press.net\/congo-brazzaville\/","name":"Congo Brazzaville","description":"Just another Africa News Agency Sites site","potentialAction":[{"@type":"SearchAction","target":{"@type":"EntryPoint","urlTemplate":"https:\/\/www.africa-press.net\/congo-brazzaville\/?s={search_term_string}"},"query-input":{"@type":"PropertyValueSpecification","valueRequired":true,"valueName":"search_term_string"}}],"inLanguage":"fr-FR"},{"@type":"Person","@id":"https:\/\/www.africa-press.net\/congo-brazzaville\/#\/schema\/person\/2b1cf3cd81a31e3cd26889ca66d677f1","name":"cfeditorfr"}]}},"_links":{"self":[{"href":"https:\/\/www.africa-press.net\/congo-brazzaville\/wp-json\/wp\/v2\/posts\/13736","targetHints":{"allow":["GET"]}}],"collection":[{"href":"https:\/\/www.africa-press.net\/congo-brazzaville\/wp-json\/wp\/v2\/posts"}],"about":[{"href":"https:\/\/www.africa-press.net\/congo-brazzaville\/wp-json\/wp\/v2\/types\/post"}],"author":[{"embeddable":true,"href":"https:\/\/www.africa-press.net\/congo-brazzaville\/wp-json\/wp\/v2\/users\/82"}],"replies":[{"embeddable":true,"href":"https:\/\/www.africa-press.net\/congo-brazzaville\/wp-json\/wp\/v2\/comments?post=13736"}],"version-history":[{"count":0,"href":"https:\/\/www.africa-press.net\/congo-brazzaville\/wp-json\/wp\/v2\/posts\/13736\/revisions"}],"wp:featuredmedia":[{"embeddable":true,"href":"https:\/\/www.africa-press.net\/congo-brazzaville\/wp-json\/wp\/v2\/media\/13735"}],"wp:attachment":[{"href":"https:\/\/www.africa-press.net\/congo-brazzaville\/wp-json\/wp\/v2\/media?parent=13736"}],"wp:term":[{"taxonomy":"category","embeddable":true,"href":"https:\/\/www.africa-press.net\/congo-brazzaville\/wp-json\/wp\/v2\/categories?post=13736"},{"taxonomy":"post_tag","embeddable":true,"href":"https:\/\/www.africa-press.net\/congo-brazzaville\/wp-json\/wp\/v2\/tags?post=13736"}],"curies":[{"name":"wp","href":"https:\/\/api.w.org\/{rel}","templated":true}]}}