{"id":13748,"date":"2023-01-25T18:29:46","date_gmt":"2023-01-25T18:29:46","guid":{"rendered":"https:\/\/www.africa-press.net\/congo-brazzaville\/politique\/vie-des-partis-le-pct-receptionne-ses-archives-historiques"},"modified":"2023-01-25T20:24:45","modified_gmt":"2023-01-25T20:24:45","slug":"vie-des-partis-le-pct-receptionne-ses-archives-historiques","status":"publish","type":"post","link":"https:\/\/www.africa-press.net\/congo-brazzaville\/politique\/vie-des-partis-le-pct-receptionne-ses-archives-historiques","title":{"rendered":"Vie des partis : le PCT r\u00e9ceptionne ses archives historiques"},"content":{"rendered":"<p><span style=\"color: #ff6600\"><strong>Africa-Press &#8211; Congo Brazzaville. <\/strong><\/span><b>Le ministre d\u2019Etat, directeur du cabinet du pre\u0301sident de la Re\u0301publique, Florent Ntsiba, a remis le 25 janvier au secre\u0301taire ge\u0301ne\u0301ral du Parti congolais du travail (PCT), Pierre Moussa, des archives historiques de ce parti afin de consolider son fonds documentaire.<\/b><\/p>\n<p>Compose\u0301es, entre autres, des ouvrages de Le\u0301nine, de Karl Max et autres auteurs d\u2019influence occidentale et capitaliste, ainsi que des documents fondamentaux du PCT, les archives jadis conserve\u0301es a\u0300 l\u2019Ecole supe\u0301rieure du parti avaient e\u0301te\u0301 re\u0301cupe\u0301re\u0301es, au lendemain de la Confe\u0301rence nationale souveraine, a\u0300 la demande de Florent Ntsiba. \u00ab Lorsqu\u2019au lendemain de la Confe\u0301rence nationale, quelques compatriotes se sont mis a\u0300 de\u0301truire l\u2019Ecole supe\u0301rieure du parti transforme\u0301e en centre me\u0301dico-social, saccageant les ouvrages the\u0301matiques et les fonds documentaires accumule\u0301s, j\u2019ai demande\u0301 a\u0300 re\u0301cupe\u0301rer cette richesse a\u0300 l\u2019effet de la mettre a\u0300 l\u2019abri de leur fureur. Les voici, ces documents, dont le sort e\u0301tait purement et simplement voue\u0301 a\u0300 la destruction. Ils peuvent encore meubler notre me\u0301moire, enrichir les travaux de recherche et pre\u0301server l\u2019a\u0302me qui nous a sous-tendu cette e\u0301poque \u00bb, a rappele\u0301 le donateur.<\/p>\n<p>En effet, parmi les documents remis, on peut citer le rapport ge\u0301ne\u0301ral de la commission ad hoc sur le changement en Europe de l\u2019Est (Perestroi\u0308ka) et ses re\u0301percussions, le rapport au congre\u0300s constitutif du PCT du 31 de\u0301cembre 1969, le discours du pre\u0301sident Marien Ngouabi au meeting de la place de la gare ; son plaidoyer pour la convocation d\u2019une confe\u0301rence nationale en 1972 ; le discours d\u2019investiture du pre\u0301sident Denis Sassou N\u2019Guesso en 1979. A cela, s\u2019ajoutent les deux lettres du secre\u0301taire ge\u0301ne\u0301ral du PCT, Edouard Ambroise Noumazalay, a\u0300 son homologue de l\u2019Union panafricaine pour la de\u0301mocratie sociale, constatant la violation et la rupture de l\u2019accord signe\u0301 le 11 aou\u0302t 1992 entre les deux partis pour gouverner ensemble.<\/p>\n<p>Selon Florent Ntsiba, la valeur de ces archives qui retracent certaines se\u0301quences du passe\u0301 du PCT s\u2019e\u0301tend e\u0301galement au-dela\u0300 des hommes et des femmes, dirigeants et militants du parti majoritaire. \u00ab La remise de ces archives participe de ma volonte\u0301 renouvele\u0301e de contribuer a\u0300 la consolidation du fonds documentaire du PCT. J\u2019entends poursuivre cet effort tant que me le permettra le rythme de traitement des documents compile\u0301s. Puisse cet engagement inspirer les cadres du parti pour un regain d\u2019inte\u0301re\u0302t susceptible de favoriser d\u2019autres donations similaires \u00bb, a espe\u0301re\u0301 le directeur de cabinet du chef de l\u2019Etat.<\/p>\n<p>Re\u0301ceptionnant le don, le secre\u0301taire ge\u0301ne\u0301ral du PCT a rappele\u0301 que l\u2019acte pose\u0301 par le ministre d\u2019Etat, Florent Ntsiba, est d\u2019une grande noblesse et d\u2019une porte\u0301e historique, charge\u0301 de symboles. \u00ab Le symbole d\u2019un proche collaborateur du pre\u0301sident de la Re\u0301publique, pre\u0301sident du Comite\u0301 central du PCT qui se pre\u0301occupe fortement de l\u2019avenir de l\u2019instrument de combats politiques de son chef&#8230;Ce pre\u0301cieux don de documents vient enrichir le fonds documentaire du PCT. Notre parti qui totalise aujourd\u2019hui 53 ans d\u2019existence doit avoir une me\u0301moire bien entretenue \u00bb, a indique\u0301 Pierre Moussa, pre\u0301cisant que ce don repre\u0301sente une contribution inestimable a\u0300 la consolidation de cette me\u0301moire.<\/p>\n<p>D\u2019apre\u0300s lui, gra\u0302ce a\u0300 cette documentation provenant d\u2019un acteur et te\u0301moin privile\u0301gie\u0301 de la vie du PCT mais aussi de la vie politique congolaise, les membres, les sympathisants du PCT, les chercheurs et bien d\u2019autres personnes inte\u0301resse\u0301es pourront disposer des mate\u0301riaux fiables pour la connaissance de l\u2019histoire du parti et du Congo. \u00ab Je voudrais vous rassurer que ces documents seront bien conserve\u0301s et ge\u0301re\u0301s selon les technologies adapte\u0301es au monde moderne \u00bb, a-t-il rassure\u0301.<\/p>\n<p>Notons qu\u2019apre\u0300s la remise symbolique du don, la pre\u0301sentation de quelques documents par le donateur, les officiels ont visite\u0301 le centre de documentation du PCT, situe\u0301 dans l\u2019enceinte de son sie\u0300ge national.<\/p>\n<p><strong>Pour plus d&rsquo;informations et d&rsquo;analyses sur la <a href=\"https:\/\/www.africa-press.net\/congo-brazzaville\">Congo Brazzaville<\/a>, suivez <a href=\"https:\/\/www.africa-press.net\/\">Africa-Press<\/a><\/strong><\/p>\n","protected":false},"excerpt":{"rendered":"<p>Africa-Press &#8211; Congo Brazzaville. Le ministre d\u2019Etat, directeur du cabinet du pre\u0301sident de la Re\u0301publique, Florent Ntsiba, a remis le 25 janvier au secre\u0301taire ge\u0301ne\u0301ral du Parti congolais du travail (PCT), Pierre Moussa, des archives historiques de ce parti afin de consolider son fonds documentaire. Compose\u0301es, entre autres, des ouvrages de Le\u0301nine, de Karl Max [&hellip;]<\/p>\n","protected":false},"author":82,"featured_media":13747,"comment_status":"open","ping_status":"closed","sticky":false,"template":"","format":"standard","meta":{"footnotes":""},"categories":[2,10],"tags":[36,47,46],"class_list":["post-13748","post","type-post","status-publish","format-standard","has-post-thumbnail","hentry","category-politique","category-toutes-les-actualites","tag-africa-press","tag-africa-press-congo-brazzaville","tag-congo-brazzaville"],"yoast_head":"<!-- This site is optimized with the Yoast SEO Premium plugin v26.1 (Yoast SEO v27.0) - https:\/\/yoast.com\/product\/yoast-seo-premium-wordpress\/ -->\n<title>Vie des partis : le PCT r\u00e9ceptionne ses archives historiques - Congo Brazzaville<\/title>\n<meta name=\"description\" content=\"Le ministre d\u2019Etat, directeur du cabinet du pre\u0301sident de la Re\u0301publique, Florent Ntsiba, a remis le 25 janvier au se ...\" \/>\n<meta name=\"robots\" content=\"index, follow, max-snippet:-1, max-image-preview:large, max-video-preview:-1\" \/>\n<link rel=\"canonical\" href=\"https:\/\/www.africa-press.net\/congo-brazzaville\/politique\/vie-des-partis-le-pct-receptionne-ses-archives-historiques\" \/>\n<meta property=\"og:locale\" content=\"fr_FR\" \/>\n<meta property=\"og:type\" content=\"article\" \/>\n<meta property=\"og:title\" content=\"Vie des partis : le PCT r\u00e9ceptionne ses archives historiques\" \/>\n<meta property=\"og:description\" content=\"Le ministre d\u2019Etat, directeur du cabinet du pre\u0301sident de la Re\u0301publique, Florent Ntsiba, a remis le 25 janvier au se ...\" \/>\n<meta property=\"og:url\" content=\"https:\/\/www.africa-press.net\/congo-brazzaville\/politique\/vie-des-partis-le-pct-receptionne-ses-archives-historiques\" \/>\n<meta property=\"og:site_name\" content=\"Congo Brazzaville\" \/>\n<meta property=\"article:published_time\" content=\"2023-01-25T18:29:46+00:00\" \/>\n<meta property=\"article:modified_time\" content=\"2023-01-25T20:24:45+00:00\" \/>\n<meta property=\"og:image\" content=\"https:\/\/static.africa-press.net\/congo-brazzaville\/sites\/51\/2023\/01\/postQueueImg_1674658795.47.jpg\" \/>\n\t<meta property=\"og:image:width\" content=\"1280\" \/>\n\t<meta property=\"og:image:height\" content=\"720\" \/>\n\t<meta property=\"og:image:type\" content=\"image\/jpeg\" \/>\n<meta name=\"author\" content=\"cfeditorfr\" \/>\n<meta name=\"twitter:card\" content=\"summary_large_image\" \/>\n<meta name=\"twitter:label1\" content=\"\u00c9crit par\" \/>\n\t<meta name=\"twitter:data1\" content=\"cfeditorfr\" \/>\n\t<meta name=\"twitter:label2\" content=\"Dur\u00e9e de lecture estim\u00e9e\" \/>\n\t<meta name=\"twitter:data2\" content=\"4 minutes\" \/>\n<script type=\"application\/ld+json\" class=\"yoast-schema-graph\">{\"@context\":\"https:\/\/schema.org\",\"@graph\":[{\"@type\":\"Article\",\"@id\":\"https:\/\/www.africa-press.net\/congo-brazzaville\/politique\/vie-des-partis-le-pct-receptionne-ses-archives-historiques#article\",\"isPartOf\":{\"@id\":\"https:\/\/www.africa-press.net\/congo-brazzaville\/politique\/vie-des-partis-le-pct-receptionne-ses-archives-historiques\"},\"author\":{\"name\":\"cfeditorfr\",\"@id\":\"https:\/\/www.africa-press.net\/congo-brazzaville\/#\/schema\/person\/2b1cf3cd81a31e3cd26889ca66d677f1\"},\"headline\":\"Vie des partis : le PCT r\u00e9ceptionne ses archives historiques\",\"datePublished\":\"2023-01-25T18:29:46+00:00\",\"dateModified\":\"2023-01-25T20:24:45+00:00\",\"mainEntityOfPage\":{\"@id\":\"https:\/\/www.africa-press.net\/congo-brazzaville\/politique\/vie-des-partis-le-pct-receptionne-ses-archives-historiques\"},\"wordCount\":728,\"commentCount\":0,\"image\":{\"@id\":\"https:\/\/www.africa-press.net\/congo-brazzaville\/politique\/vie-des-partis-le-pct-receptionne-ses-archives-historiques#primaryimage\"},\"thumbnailUrl\":\"https:\/\/static.africa-press.net\/congo-brazzaville\/sites\/51\/2023\/01\/postQueueImg_1674658795.47.jpg\",\"keywords\":[\"Africa Press\",\"Africa Press-Congo Brazzaville\",\"Congo Brazzaville\"],\"articleSection\":[\"Politique\",\"Toutes les actualit\u00e9s\"],\"inLanguage\":\"fr-FR\",\"potentialAction\":[{\"@type\":\"CommentAction\",\"name\":\"Comment\",\"target\":[\"https:\/\/www.africa-press.net\/congo-brazzaville\/politique\/vie-des-partis-le-pct-receptionne-ses-archives-historiques#respond\"]}]},{\"@type\":\"WebPage\",\"@id\":\"https:\/\/www.africa-press.net\/congo-brazzaville\/politique\/vie-des-partis-le-pct-receptionne-ses-archives-historiques\",\"url\":\"https:\/\/www.africa-press.net\/congo-brazzaville\/politique\/vie-des-partis-le-pct-receptionne-ses-archives-historiques\",\"name\":\"Vie des partis : le PCT r\u00e9ceptionne ses archives historiques - Congo Brazzaville\",\"isPartOf\":{\"@id\":\"https:\/\/www.africa-press.net\/congo-brazzaville\/#website\"},\"primaryImageOfPage\":{\"@id\":\"https:\/\/www.africa-press.net\/congo-brazzaville\/politique\/vie-des-partis-le-pct-receptionne-ses-archives-historiques#primaryimage\"},\"image\":{\"@id\":\"https:\/\/www.africa-press.net\/congo-brazzaville\/politique\/vie-des-partis-le-pct-receptionne-ses-archives-historiques#primaryimage\"},\"thumbnailUrl\":\"https:\/\/static.africa-press.net\/congo-brazzaville\/sites\/51\/2023\/01\/postQueueImg_1674658795.47.jpg\",\"datePublished\":\"2023-01-25T18:29:46+00:00\",\"dateModified\":\"2023-01-25T20:24:45+00:00\",\"author\":{\"@id\":\"https:\/\/www.africa-press.net\/congo-brazzaville\/#\/schema\/person\/2b1cf3cd81a31e3cd26889ca66d677f1\"},\"description\":\"Le ministre d\u2019Etat, directeur du cabinet du pre\u0301sident de la Re\u0301publique, Florent Ntsiba, a remis le 25 janvier au se ...\",\"breadcrumb\":{\"@id\":\"https:\/\/www.africa-press.net\/congo-brazzaville\/politique\/vie-des-partis-le-pct-receptionne-ses-archives-historiques#breadcrumb\"},\"inLanguage\":\"fr-FR\",\"potentialAction\":[{\"@type\":\"ReadAction\",\"target\":[\"https:\/\/www.africa-press.net\/congo-brazzaville\/politique\/vie-des-partis-le-pct-receptionne-ses-archives-historiques\"]}]},{\"@type\":\"ImageObject\",\"inLanguage\":\"fr-FR\",\"@id\":\"https:\/\/www.africa-press.net\/congo-brazzaville\/politique\/vie-des-partis-le-pct-receptionne-ses-archives-historiques#primaryimage\",\"url\":\"https:\/\/static.africa-press.net\/congo-brazzaville\/sites\/51\/2023\/01\/postQueueImg_1674658795.47.jpg\",\"contentUrl\":\"https:\/\/static.africa-press.net\/congo-brazzaville\/sites\/51\/2023\/01\/postQueueImg_1674658795.47.jpg\",\"width\":1280,\"height\":720,\"caption\":\"Vie des partis : le PCT r\u00e9ceptionne ses archives historiques\"},{\"@type\":\"BreadcrumbList\",\"@id\":\"https:\/\/www.africa-press.net\/congo-brazzaville\/politique\/vie-des-partis-le-pct-receptionne-ses-archives-historiques#breadcrumb\",\"itemListElement\":[{\"@type\":\"ListItem\",\"position\":1,\"name\":\"Accueil\",\"item\":\"https:\/\/www.africa-press.net\/congo-brazzaville\/\"},{\"@type\":\"ListItem\",\"position\":2,\"name\":\"Vie des partis : le PCT r\u00e9ceptionne ses archives historiques\"}]},{\"@type\":\"WebSite\",\"@id\":\"https:\/\/www.africa-press.net\/congo-brazzaville\/#website\",\"url\":\"https:\/\/www.africa-press.net\/congo-brazzaville\/\",\"name\":\"Congo Brazzaville\",\"description\":\"Just another Africa News Agency Sites site\",\"potentialAction\":[{\"@type\":\"SearchAction\",\"target\":{\"@type\":\"EntryPoint\",\"urlTemplate\":\"https:\/\/www.africa-press.net\/congo-brazzaville\/?s={search_term_string}\"},\"query-input\":{\"@type\":\"PropertyValueSpecification\",\"valueRequired\":true,\"valueName\":\"search_term_string\"}}],\"inLanguage\":\"fr-FR\"},{\"@type\":\"Person\",\"@id\":\"https:\/\/www.africa-press.net\/congo-brazzaville\/#\/schema\/person\/2b1cf3cd81a31e3cd26889ca66d677f1\",\"name\":\"cfeditorfr\"}]}<\/script>\n<!-- \/ Yoast SEO Premium plugin. -->","yoast_head_json":{"title":"Vie des partis : le PCT r\u00e9ceptionne ses archives historiques - Congo Brazzaville","description":"Le ministre d\u2019Etat, directeur du cabinet du pre\u0301sident de la Re\u0301publique, Florent Ntsiba, a remis le 25 janvier au se ...","robots":{"index":"index","follow":"follow","max-snippet":"max-snippet:-1","max-image-preview":"max-image-preview:large","max-video-preview":"max-video-preview:-1"},"canonical":"https:\/\/www.africa-press.net\/congo-brazzaville\/politique\/vie-des-partis-le-pct-receptionne-ses-archives-historiques","og_locale":"fr_FR","og_type":"article","og_title":"Vie des partis : le PCT r\u00e9ceptionne ses archives historiques","og_description":"Le ministre d\u2019Etat, directeur du cabinet du pre\u0301sident de la Re\u0301publique, Florent Ntsiba, a remis le 25 janvier au se ...","og_url":"https:\/\/www.africa-press.net\/congo-brazzaville\/politique\/vie-des-partis-le-pct-receptionne-ses-archives-historiques","og_site_name":"Congo Brazzaville","article_published_time":"2023-01-25T18:29:46+00:00","article_modified_time":"2023-01-25T20:24:45+00:00","og_image":[{"width":1280,"height":720,"url":"https:\/\/static.africa-press.net\/congo-brazzaville\/sites\/51\/2023\/01\/postQueueImg_1674658795.47.jpg","type":"image\/jpeg"}],"author":"cfeditorfr","twitter_card":"summary_large_image","twitter_misc":{"\u00c9crit par":"cfeditorfr","Dur\u00e9e de lecture estim\u00e9e":"4 minutes"},"schema":{"@context":"https:\/\/schema.org","@graph":[{"@type":"Article","@id":"https:\/\/www.africa-press.net\/congo-brazzaville\/politique\/vie-des-partis-le-pct-receptionne-ses-archives-historiques#article","isPartOf":{"@id":"https:\/\/www.africa-press.net\/congo-brazzaville\/politique\/vie-des-partis-le-pct-receptionne-ses-archives-historiques"},"author":{"name":"cfeditorfr","@id":"https:\/\/www.africa-press.net\/congo-brazzaville\/#\/schema\/person\/2b1cf3cd81a31e3cd26889ca66d677f1"},"headline":"Vie des partis : le PCT r\u00e9ceptionne ses archives historiques","datePublished":"2023-01-25T18:29:46+00:00","dateModified":"2023-01-25T20:24:45+00:00","mainEntityOfPage":{"@id":"https:\/\/www.africa-press.net\/congo-brazzaville\/politique\/vie-des-partis-le-pct-receptionne-ses-archives-historiques"},"wordCount":728,"commentCount":0,"image":{"@id":"https:\/\/www.africa-press.net\/congo-brazzaville\/politique\/vie-des-partis-le-pct-receptionne-ses-archives-historiques#primaryimage"},"thumbnailUrl":"https:\/\/static.africa-press.net\/congo-brazzaville\/sites\/51\/2023\/01\/postQueueImg_1674658795.47.jpg","keywords":["Africa Press","Africa Press-Congo Brazzaville","Congo Brazzaville"],"articleSection":["Politique","Toutes les actualit\u00e9s"],"inLanguage":"fr-FR","potentialAction":[{"@type":"CommentAction","name":"Comment","target":["https:\/\/www.africa-press.net\/congo-brazzaville\/politique\/vie-des-partis-le-pct-receptionne-ses-archives-historiques#respond"]}]},{"@type":"WebPage","@id":"https:\/\/www.africa-press.net\/congo-brazzaville\/politique\/vie-des-partis-le-pct-receptionne-ses-archives-historiques","url":"https:\/\/www.africa-press.net\/congo-brazzaville\/politique\/vie-des-partis-le-pct-receptionne-ses-archives-historiques","name":"Vie des partis : le PCT r\u00e9ceptionne ses archives historiques - Congo Brazzaville","isPartOf":{"@id":"https:\/\/www.africa-press.net\/congo-brazzaville\/#website"},"primaryImageOfPage":{"@id":"https:\/\/www.africa-press.net\/congo-brazzaville\/politique\/vie-des-partis-le-pct-receptionne-ses-archives-historiques#primaryimage"},"image":{"@id":"https:\/\/www.africa-press.net\/congo-brazzaville\/politique\/vie-des-partis-le-pct-receptionne-ses-archives-historiques#primaryimage"},"thumbnailUrl":"https:\/\/static.africa-press.net\/congo-brazzaville\/sites\/51\/2023\/01\/postQueueImg_1674658795.47.jpg","datePublished":"2023-01-25T18:29:46+00:00","dateModified":"2023-01-25T20:24:45+00:00","author":{"@id":"https:\/\/www.africa-press.net\/congo-brazzaville\/#\/schema\/person\/2b1cf3cd81a31e3cd26889ca66d677f1"},"description":"Le ministre d\u2019Etat, directeur du cabinet du pre\u0301sident de la Re\u0301publique, Florent Ntsiba, a remis le 25 janvier au se ...","breadcrumb":{"@id":"https:\/\/www.africa-press.net\/congo-brazzaville\/politique\/vie-des-partis-le-pct-receptionne-ses-archives-historiques#breadcrumb"},"inLanguage":"fr-FR","potentialAction":[{"@type":"ReadAction","target":["https:\/\/www.africa-press.net\/congo-brazzaville\/politique\/vie-des-partis-le-pct-receptionne-ses-archives-historiques"]}]},{"@type":"ImageObject","inLanguage":"fr-FR","@id":"https:\/\/www.africa-press.net\/congo-brazzaville\/politique\/vie-des-partis-le-pct-receptionne-ses-archives-historiques#primaryimage","url":"https:\/\/static.africa-press.net\/congo-brazzaville\/sites\/51\/2023\/01\/postQueueImg_1674658795.47.jpg","contentUrl":"https:\/\/static.africa-press.net\/congo-brazzaville\/sites\/51\/2023\/01\/postQueueImg_1674658795.47.jpg","width":1280,"height":720,"caption":"Vie des partis : le PCT r\u00e9ceptionne ses archives historiques"},{"@type":"BreadcrumbList","@id":"https:\/\/www.africa-press.net\/congo-brazzaville\/politique\/vie-des-partis-le-pct-receptionne-ses-archives-historiques#breadcrumb","itemListElement":[{"@type":"ListItem","position":1,"name":"Accueil","item":"https:\/\/www.africa-press.net\/congo-brazzaville\/"},{"@type":"ListItem","position":2,"name":"Vie des partis : le PCT r\u00e9ceptionne ses archives historiques"}]},{"@type":"WebSite","@id":"https:\/\/www.africa-press.net\/congo-brazzaville\/#website","url":"https:\/\/www.africa-press.net\/congo-brazzaville\/","name":"Congo Brazzaville","description":"Just another Africa News Agency Sites site","potentialAction":[{"@type":"SearchAction","target":{"@type":"EntryPoint","urlTemplate":"https:\/\/www.africa-press.net\/congo-brazzaville\/?s={search_term_string}"},"query-input":{"@type":"PropertyValueSpecification","valueRequired":true,"valueName":"search_term_string"}}],"inLanguage":"fr-FR"},{"@type":"Person","@id":"https:\/\/www.africa-press.net\/congo-brazzaville\/#\/schema\/person\/2b1cf3cd81a31e3cd26889ca66d677f1","name":"cfeditorfr"}]}},"_links":{"self":[{"href":"https:\/\/www.africa-press.net\/congo-brazzaville\/wp-json\/wp\/v2\/posts\/13748","targetHints":{"allow":["GET"]}}],"collection":[{"href":"https:\/\/www.africa-press.net\/congo-brazzaville\/wp-json\/wp\/v2\/posts"}],"about":[{"href":"https:\/\/www.africa-press.net\/congo-brazzaville\/wp-json\/wp\/v2\/types\/post"}],"author":[{"embeddable":true,"href":"https:\/\/www.africa-press.net\/congo-brazzaville\/wp-json\/wp\/v2\/users\/82"}],"replies":[{"embeddable":true,"href":"https:\/\/www.africa-press.net\/congo-brazzaville\/wp-json\/wp\/v2\/comments?post=13748"}],"version-history":[{"count":0,"href":"https:\/\/www.africa-press.net\/congo-brazzaville\/wp-json\/wp\/v2\/posts\/13748\/revisions"}],"wp:featuredmedia":[{"embeddable":true,"href":"https:\/\/www.africa-press.net\/congo-brazzaville\/wp-json\/wp\/v2\/media\/13747"}],"wp:attachment":[{"href":"https:\/\/www.africa-press.net\/congo-brazzaville\/wp-json\/wp\/v2\/media?parent=13748"}],"wp:term":[{"taxonomy":"category","embeddable":true,"href":"https:\/\/www.africa-press.net\/congo-brazzaville\/wp-json\/wp\/v2\/categories?post=13748"},{"taxonomy":"post_tag","embeddable":true,"href":"https:\/\/www.africa-press.net\/congo-brazzaville\/wp-json\/wp\/v2\/tags?post=13748"}],"curies":[{"name":"wp","href":"https:\/\/api.w.org\/{rel}","templated":true}]}}